









{"id":1957,"date":"2015-10-01T06:56:55","date_gmt":"2015-10-01T04:56:55","guid":{"rendered":"http:\/\/www.peoplesphere.be\/fr\/?p=1957"},"modified":"2015-10-01T06:56:55","modified_gmt":"2015-10-01T04:56:55","slug":"les-entreprises-technologiques-peuvent-elles-creer-10-000-emplois-dans-les-5-prochaines-annees","status":"publish","type":"post","link":"https:\/\/peoplesphere.be\/fr\/les-entreprises-technologiques-peuvent-elles-creer-10-000-emplois-dans-les-5-prochaines-annees\/","title":{"rendered":"Les entreprises technologiques peuvent-elles cr\u00e9er 10.000 emplois dans les 5 prochaines ann\u00e9es?"},"content":{"rendered":"<h1>Selon la f\u00e9d\u00e9ration professionnelle Agoria, les entreprises du secteur technologique devraient cr\u00e9er 10.000 emplois d&rsquo;ici 2020. Gr\u00e2ce \u00e0 l&rsquo;augmentation de nos exportations et \u00e0 l&rsquo;impact positif des mesures gouvernementales sur la r\u00e9sorption du handicap salarial de la Belgique vis-\u00e0-vis de ses concurrents.<!--more--><\/h1>\n<p>Apr\u00e8s quelques ann\u00e9es difficiles, les entreprises technologiques belges renouent avec la croissance et la cr\u00e9ation d\u2019emplois. Pour 2015, la f\u00e9d\u00e9ration de l\u2019industrie technologique Agoria table sur une croissance d\u20191,5 %. L\u2019an prochain, elle pourrait passer \u00e0 3 %. \u00ab <em>Notre \u00e9conomie commence \u00e0 cueillir les fruits des mesures prises par le gouvernement afin de r\u00e9sorber le handicap salarial de notre pays. On constate ainsi que les produits belges redeviennent peu \u00e0 peu plus concurrentiels \u00e0 l\u2019\u00e9tranger \u00bb<\/em>, explique Marc Lambotte, CEO d\u2019Agoria. Impact sur l&#8217;emploi ?\u00a0<em>\u00ab Nous comptons sur 1.500 nouveaux emplois en 2016. Si nous parvenons \u00e0 r\u00e9duire encore plus le handicap salarial d\u2019ici 2020, l\u2019industrie technologique sera \u00e0 l\u2019origine de 10.000 nouveaux emplois. \u00bb<\/em><\/p>\n<p>L\u2019ann\u00e9e 2014 s\u2019est cl\u00f4tur\u00e9e sur une l\u00e9g\u00e8re croissance du chiffre d\u2019affaires, mais le quatri\u00e8me trimestre de 2014 s\u2019est termin\u00e9 sur une fausse note : l\u2019effet des gr\u00e8ves contre le nouveau gouvernement, la fermeture de Ford Genk et la d\u00e9t\u00e9rioration de la conjoncture mondiale ont subitement fait plonger les chiffres \u00e9conomiques dans le rouge. Heureusement, l\u2019ann\u00e9e 2015 a d\u00e9but\u00e9 par une croissance plus importante que pr\u00e9vu.<\/p>\n<p><em><strong>La num\u00e9risation, moteur de croissance<\/strong><\/em><\/p>\n<p>Les secteurs des camions, de l\u2019a\u00e9rospatiale et de la d\u00e9fense, ainsi que le secteur TIC ont tout sp\u00e9cialement contribu\u00e9 \u00e0 l\u2019am\u00e9lioration des r\u00e9sultats. La num\u00e9risation de notre \u00e9conomie entra\u00eene une forte croissance chez les entreprises TIC sp\u00e9cialis\u00e9es dans les services, le d\u00e9veloppement de logiciels et les solutions B2B. <em>\u00ab De plus en plus d\u2019entreprises belges font appel \u00e0 des services externes pour leur gestion TIC. Contrairement \u00e0 ce que pr\u00e9tendent certains, la num\u00e9risation de notre \u00e9conomie favorise la croissance et g\u00e9n\u00e8re de nouveaux emplois. \u00bb<\/em><\/p>\n<p><em><strong>Les mesures gouvernementales soutiennent la croissance des exportations<\/strong><\/em><\/p>\n<p>En 2016, la croissance devrait\u00a0encore s\u2019acc\u00e9l\u00e9rer. La f\u00e9d\u00e9ration table sur une croissance totale de 3 %, aliment\u00e9e notamment par l\u2019am\u00e9lioration de la comp\u00e9titivit\u00e9 de nos entreprises \u00e0 l\u2019\u00e9tranger. \u00ab<em> Notre pays et tout particuli\u00e8rement l\u2019industrie technologique vivent de l\u2019exportation. Les importants co\u00fbts salariaux en Belgique ont litt\u00e9ralement exclu nos produits du march\u00e9 \u00e0 l\u2019\u00e9tranger. Une situation qui a entra\u00een\u00e9 des restructurations et des pertes d\u2019emploi chez nous. Heureusement, des mesures sont actuellement prises afin d\u2019am\u00e9liorer notre comp\u00e9titivit\u00e9. Les mesures visant \u00e0 r\u00e9sorber le handicap salarial de notre pays devraient nous permettre de regagner des parts de march\u00e9 \u00e0 l\u2019exportation. \u00bb<\/em><\/p>\n<p>Au cours du premier semestre de cette ann\u00e9e, les exportations ont enregistr\u00e9 une croissance de 1 %, principalement gr\u00e2ce \u00e0 une hausse de 4 % des exportations vers les pays membres de l\u2019UE. M\u00eame les exportations vers d\u2019autres destinations, comme les \u00c9tats-Unis, ont sign\u00e9 une forte progression. Voil\u00e0 qui compense la baisse des exportations vers la Chine, o\u00f9 l\u2019on constate un ralentissement de la croissance. Agoria part du principe que la croissance des exportations devrait se poursuivre au deuxi\u00e8me semestre de cette ann\u00e9e ainsi que pour l&rsquo;ann\u00e9e 2016.<\/p>\n<p><em>Les exportations \u00e0 l\u2019origine de cr\u00e9ations d\u2019emplois<\/em><\/p>\n<p>Apr\u00e8s plusieurs ann\u00e9es marqu\u00e9es par des pertes d\u2019emplois, l\u2019industrie technologique de notre pays peut \u00e0 nouveau songer \u00e0 en cr\u00e9er. <em>\u00ab 1.500 nouveaux emplois devraient voir le jour en 2016 \u00bb<\/em>, explique Marc Lambotte. Un chiffre confirm\u00e9 par un sondage aupr\u00e8s des CEO d\u2019entreprises membres d\u2019Agoria : <em>\u00ab 56 % des entreprises interrog\u00e9es s\u2019attendent \u00e0 une nette am\u00e9lioration de la comp\u00e9titivit\u00e9, tandis que 21 % ont d\u00e9j\u00e0 des projets d\u2019embauche concrets pour l\u2019ann\u00e9e prochaine. \u00bb<\/em><\/p>\n<p>\u00c0 l\u2019horizon 2020, la cr\u00e9ation d\u2019emplois devrait s\u2019acc\u00e9l\u00e9rer davantage gr\u00e2ce \u00e0 la r\u00e9duction progressive du handicap salarial : <em>\u00ab Rien que dans l\u2019industrie technologique, les mesures gouvernementales vont permettre de cr\u00e9er 10.000 nouveaux emplois. La vague de restructurations qui a frapp\u00e9 notre pays ces derni\u00e8res ann\u00e9es semble derri\u00e8re nous. Cela indique une confiance renouvel\u00e9e des investisseurs vis-\u00e0-vis de notre pays. \u00bb<\/em><\/p>\n<p><em>\u00ab M\u00eame la rentabilit\u00e9 des entreprises s\u2019am\u00e9liore peu \u00e0 peu et les investissements reprennent progressivement, apr\u00e8s avoir atteint un niveau historiquement bas ces derni\u00e8res ann\u00e9es. \u00bb<\/em> Fin 2014, notre handicap salarial \u00e9tait de 15,5 % par rapport \u00e0 nos trois pays voisins. <em>\u00ab Ce handicap s\u2019est creus\u00e9 encore \u00e0 cause de l\u2019indice sant\u00e9 \u00e0 la hausse et des co\u00fbts li\u00e9s \u00e0 l\u2019accord social interprofessionnel. Mais des mesures gouvernementales comme le saut d\u2019index, combin\u00e9es \u00e0 des augmentations de salaire dans les pays voisins, permettront \u00e0 notre handicap salarial d\u2019atteindre les 12 % fin 2016 et de continuer \u00e0 se r\u00e9duire au cours des ann\u00e9es suivantes. \u00bb<\/em><\/p>\n<p><em>\u00ab Nos avantages de localisation, qui font que les investisseurs choisissent notre pays, p\u00e8sent \u00e0 nouveau davantage dans la balance. \u00c0 l\u2019inverse, un inconv\u00e9nient comme le handicap salarial c\u00e8de peu \u00e0 peu du terrain, comme nous le constatons au quotidien. Si le gouvernement venait \u00e0 prendre des mesures suppl\u00e9mentaires dans des dossiers comme la modernisation de la loi sur la comp\u00e9titivit\u00e9 de 1996 et une plus grande flexibilit\u00e9 du march\u00e9 du travail, encore plus d\u2019emplois pourraient \u00eatre cr\u00e9\u00e9s. Quoi qu\u2019il en soit, les chiffres pour 2016 indiquent d\u00e9j\u00e0 un regain d\u2019int\u00e9r\u00eat pour notre pays. \u00bb<\/em><\/p>\n","protected":false},"excerpt":{"rendered":"<p>Selon la f\u00e9d\u00e9ration professionnelle Agoria, les entreprises du secteur technologique devraient cr\u00e9er 10.000 emplois d&rsquo;ici 2020. Gr\u00e2ce \u00e0 l&rsquo;augmentation de nos exportations et \u00e0 l&rsquo;impact positif des mesures gouvernementales sur la r\u00e9sorption du handicap salarial de la Belgique vis-\u00e0-vis de [&hellip;]<\/p>\n","protected":false},"author":2,"featured_media":0,"comment_status":"closed","ping_status":"open","sticky":false,"template":"","format":"standard","meta":[],"categories":[65,10],"tags":[318,325,304,326,147],"yoast_head":"<!-- This site is optimized with the Yoast SEO plugin v21.0 - https:\/\/yoast.com\/wordpress\/plugins\/seo\/ -->\n<title>Les entreprises technologiques peuvent-elles cr\u00e9er 10.000 emplois dans les 5 prochaines ann\u00e9es? - Peoplesphere<\/title>\n<meta name=\"robots\" content=\"index, follow, max-snippet:-1, max-image-preview:large, max-video-preview:-1\" \/>\n<link rel=\"canonical\" href=\"https:\/\/peoplesphere.be\/fr\/les-entreprises-technologiques-peuvent-elles-creer-10-000-emplois-dans-les-5-prochaines-annees\/\" \/>\n<meta property=\"og:locale\" content=\"fr_FR\" \/>\n<meta property=\"og:type\" content=\"article\" \/>\n<meta property=\"og:title\" content=\"Les entreprises technologiques peuvent-elles cr\u00e9er 10.000 emplois dans les 5 prochaines ann\u00e9es? - Peoplesphere\" \/>\n<meta property=\"og:description\" content=\"Selon la f\u00e9d\u00e9ration professionnelle Agoria, les entreprises du secteur technologique devraient cr\u00e9er 10.000 emplois d&rsquo;ici 2020. Gr\u00e2ce \u00e0 l&rsquo;augmentation de nos exportations et \u00e0 l&rsquo;impact positif des mesures gouvernementales sur la r\u00e9sorption du handicap salarial de la Belgique vis-\u00e0-vis de [&hellip;]\" \/>\n<meta property=\"og:url\" content=\"https:\/\/peoplesphere.be\/fr\/les-entreprises-technologiques-peuvent-elles-creer-10-000-emplois-dans-les-5-prochaines-annees\/\" \/>\n<meta property=\"og:site_name\" content=\"Peoplesphere\" \/>\n<meta property=\"article:publisher\" content=\"https:\/\/www.facebook.com\/peoplesphere\" \/>\n<meta property=\"article:published_time\" content=\"2015-10-01T04:56:55+00:00\" \/>\n<meta property=\"og:image\" content=\"http:\/\/www.peoplesphere.be\/fr\/wp-content\/uploads\/2016\/07\/facebook-default-posting-1200x628px.jpg\" \/>\n<meta name=\"author\" content=\"Jean-Paul Erhard\" \/>\n<meta name=\"twitter:card\" content=\"summary_large_image\" \/>\n<meta name=\"twitter:creator\" content=\"@PeoplesphereMag\" \/>\n<meta name=\"twitter:site\" content=\"@PeoplesphereMag\" \/>\n<meta name=\"twitter:label1\" content=\"\u00c9crit par\" \/>\n\t<meta name=\"twitter:data1\" content=\"Jean-Paul Erhard\" \/>\n\t<meta name=\"twitter:label2\" content=\"Dur\u00e9e de lecture estim\u00e9e\" \/>\n\t<meta name=\"twitter:data2\" content=\"5 minutes\" \/>\n<script type=\"application\/ld+json\" class=\"yoast-schema-graph\">{\"@context\":\"https:\/\/schema.org\",\"@graph\":[{\"@type\":\"Article\",\"@id\":\"https:\/\/peoplesphere.be\/fr\/les-entreprises-technologiques-peuvent-elles-creer-10-000-emplois-dans-les-5-prochaines-annees\/#article\",\"isPartOf\":{\"@id\":\"https:\/\/peoplesphere.be\/fr\/les-entreprises-technologiques-peuvent-elles-creer-10-000-emplois-dans-les-5-prochaines-annees\/\"},\"author\":{\"name\":\"Jean-Paul Erhard\",\"@id\":\"https:\/\/peoplesphere.be\/fr\/#\/schema\/person\/7976225ff17988604334abb7b3536a7e\"},\"headline\":\"Les entreprises technologiques peuvent-elles cr\u00e9er 10.000 emplois dans les 5 prochaines ann\u00e9es?\",\"datePublished\":\"2015-10-01T04:56:55+00:00\",\"dateModified\":\"2015-10-01T04:56:55+00:00\",\"mainEntityOfPage\":{\"@id\":\"https:\/\/peoplesphere.be\/fr\/les-entreprises-technologiques-peuvent-elles-creer-10-000-emplois-dans-les-5-prochaines-annees\/\"},\"wordCount\":925,\"publisher\":{\"@id\":\"https:\/\/peoplesphere.be\/fr\/#organization\"},\"keywords\":[\"agoria\",\"cr\u00e9ation d'emplois\",\"handicap salarial\",\"num\u00e9risation\",\"saut d'index\"],\"articleSection\":[\"Actualit\u00e9s\",\"Digital\"],\"inLanguage\":\"fr-FR\"},{\"@type\":\"WebPage\",\"@id\":\"https:\/\/peoplesphere.be\/fr\/les-entreprises-technologiques-peuvent-elles-creer-10-000-emplois-dans-les-5-prochaines-annees\/\",\"url\":\"https:\/\/peoplesphere.be\/fr\/les-entreprises-technologiques-peuvent-elles-creer-10-000-emplois-dans-les-5-prochaines-annees\/\",\"name\":\"Les entreprises technologiques peuvent-elles cr\u00e9er 10.000 emplois dans les 5 prochaines ann\u00e9es? - Peoplesphere\",\"isPartOf\":{\"@id\":\"https:\/\/peoplesphere.be\/fr\/#website\"},\"datePublished\":\"2015-10-01T04:56:55+00:00\",\"dateModified\":\"2015-10-01T04:56:55+00:00\",\"breadcrumb\":{\"@id\":\"https:\/\/peoplesphere.be\/fr\/les-entreprises-technologiques-peuvent-elles-creer-10-000-emplois-dans-les-5-prochaines-annees\/#breadcrumb\"},\"inLanguage\":\"fr-FR\",\"potentialAction\":[{\"@type\":\"ReadAction\",\"target\":[\"https:\/\/peoplesphere.be\/fr\/les-entreprises-technologiques-peuvent-elles-creer-10-000-emplois-dans-les-5-prochaines-annees\/\"]}]},{\"@type\":\"BreadcrumbList\",\"@id\":\"https:\/\/peoplesphere.be\/fr\/les-entreprises-technologiques-peuvent-elles-creer-10-000-emplois-dans-les-5-prochaines-annees\/#breadcrumb\",\"itemListElement\":[{\"@type\":\"ListItem\",\"position\":1,\"name\":\"Accueil\",\"item\":\"https:\/\/peoplesphere.be\/fr\/\"},{\"@type\":\"ListItem\",\"position\":2,\"name\":\"Les entreprises technologiques peuvent-elles cr\u00e9er 10.000 emplois dans les 5 prochaines ann\u00e9es?\"}]},{\"@type\":\"WebSite\",\"@id\":\"https:\/\/peoplesphere.be\/fr\/#website\",\"url\":\"https:\/\/peoplesphere.be\/fr\/\",\"name\":\"Peoplesphere\",\"description\":\"The People Managers Magazine\",\"publisher\":{\"@id\":\"https:\/\/peoplesphere.be\/fr\/#organization\"},\"potentialAction\":[{\"@type\":\"SearchAction\",\"target\":{\"@type\":\"EntryPoint\",\"urlTemplate\":\"https:\/\/peoplesphere.be\/fr\/?s={search_term_string}\"},\"query-input\":\"required name=search_term_string\"}],\"inLanguage\":\"fr-FR\"},{\"@type\":\"Organization\",\"@id\":\"https:\/\/peoplesphere.be\/fr\/#organization\",\"name\":\"Peoplesphere Company srl\",\"url\":\"https:\/\/peoplesphere.be\/fr\/\",\"logo\":{\"@type\":\"ImageObject\",\"inLanguage\":\"fr-FR\",\"@id\":\"https:\/\/peoplesphere.be\/fr\/#\/schema\/logo\/image\/\",\"url\":\"https:\/\/peoplesphere.be\/fr\/wp-content\/uploads\/2023\/07\/peoplesphere-lgo-new-generik.jpg\",\"contentUrl\":\"https:\/\/peoplesphere.be\/fr\/wp-content\/uploads\/2023\/07\/peoplesphere-lgo-new-generik.jpg\",\"width\":1031,\"height\":1479,\"caption\":\"Peoplesphere Company srl\"},\"image\":{\"@id\":\"https:\/\/peoplesphere.be\/fr\/#\/schema\/logo\/image\/\"},\"sameAs\":[\"https:\/\/www.facebook.com\/peoplesphere\",\"https:\/\/twitter.com\/PeoplesphereMag\",\"https:\/\/www.linkedin.com\/company\/7587361?trk\",\"http:\/\/youtube.com\/peoplesphere\"]},{\"@type\":\"Person\",\"@id\":\"https:\/\/peoplesphere.be\/fr\/#\/schema\/person\/7976225ff17988604334abb7b3536a7e\",\"name\":\"Jean-Paul Erhard\",\"image\":{\"@type\":\"ImageObject\",\"inLanguage\":\"fr-FR\",\"@id\":\"https:\/\/peoplesphere.be\/fr\/#\/schema\/person\/image\/\",\"url\":\"https:\/\/secure.gravatar.com\/avatar\/f941e681460179738071629a51574930?s=96&d=mm&r=g\",\"contentUrl\":\"https:\/\/secure.gravatar.com\/avatar\/f941e681460179738071629a51574930?s=96&d=mm&r=g\",\"caption\":\"Jean-Paul Erhard\"},\"url\":\"https:\/\/peoplesphere.be\/fr\/author\/jpe\/\"}]}<\/script>\n<!-- \/ Yoast SEO plugin. -->","yoast_head_json":{"title":"Les entreprises technologiques peuvent-elles cr\u00e9er 10.000 emplois dans les 5 prochaines ann\u00e9es? - Peoplesphere","robots":{"index":"index","follow":"follow","max-snippet":"max-snippet:-1","max-image-preview":"max-image-preview:large","max-video-preview":"max-video-preview:-1"},"canonical":"https:\/\/peoplesphere.be\/fr\/les-entreprises-technologiques-peuvent-elles-creer-10-000-emplois-dans-les-5-prochaines-annees\/","og_locale":"fr_FR","og_type":"article","og_title":"Les entreprises technologiques peuvent-elles cr\u00e9er 10.000 emplois dans les 5 prochaines ann\u00e9es? - Peoplesphere","og_description":"Selon la f\u00e9d\u00e9ration professionnelle Agoria, les entreprises du secteur technologique devraient cr\u00e9er 10.000 emplois d&rsquo;ici 2020. Gr\u00e2ce \u00e0 l&rsquo;augmentation de nos exportations et \u00e0 l&rsquo;impact positif des mesures gouvernementales sur la r\u00e9sorption du handicap salarial de la Belgique vis-\u00e0-vis de [&hellip;]","og_url":"https:\/\/peoplesphere.be\/fr\/les-entreprises-technologiques-peuvent-elles-creer-10-000-emplois-dans-les-5-prochaines-annees\/","og_site_name":"Peoplesphere","article_publisher":"https:\/\/www.facebook.com\/peoplesphere","article_published_time":"2015-10-01T04:56:55+00:00","og_image":[{"url":"http:\/\/www.peoplesphere.be\/fr\/wp-content\/uploads\/2016\/07\/facebook-default-posting-1200x628px.jpg"}],"author":"Jean-Paul Erhard","twitter_card":"summary_large_image","twitter_creator":"@PeoplesphereMag","twitter_site":"@PeoplesphereMag","twitter_misc":{"\u00c9crit par":"Jean-Paul Erhard","Dur\u00e9e de lecture estim\u00e9e":"5 minutes"},"schema":{"@context":"https:\/\/schema.org","@graph":[{"@type":"Article","@id":"https:\/\/peoplesphere.be\/fr\/les-entreprises-technologiques-peuvent-elles-creer-10-000-emplois-dans-les-5-prochaines-annees\/#article","isPartOf":{"@id":"https:\/\/peoplesphere.be\/fr\/les-entreprises-technologiques-peuvent-elles-creer-10-000-emplois-dans-les-5-prochaines-annees\/"},"author":{"name":"Jean-Paul Erhard","@id":"https:\/\/peoplesphere.be\/fr\/#\/schema\/person\/7976225ff17988604334abb7b3536a7e"},"headline":"Les entreprises technologiques peuvent-elles cr\u00e9er 10.000 emplois dans les 5 prochaines ann\u00e9es?","datePublished":"2015-10-01T04:56:55+00:00","dateModified":"2015-10-01T04:56:55+00:00","mainEntityOfPage":{"@id":"https:\/\/peoplesphere.be\/fr\/les-entreprises-technologiques-peuvent-elles-creer-10-000-emplois-dans-les-5-prochaines-annees\/"},"wordCount":925,"publisher":{"@id":"https:\/\/peoplesphere.be\/fr\/#organization"},"keywords":["agoria","cr\u00e9ation d'emplois","handicap salarial","num\u00e9risation","saut d'index"],"articleSection":["Actualit\u00e9s","Digital"],"inLanguage":"fr-FR"},{"@type":"WebPage","@id":"https:\/\/peoplesphere.be\/fr\/les-entreprises-technologiques-peuvent-elles-creer-10-000-emplois-dans-les-5-prochaines-annees\/","url":"https:\/\/peoplesphere.be\/fr\/les-entreprises-technologiques-peuvent-elles-creer-10-000-emplois-dans-les-5-prochaines-annees\/","name":"Les entreprises technologiques peuvent-elles cr\u00e9er 10.000 emplois dans les 5 prochaines ann\u00e9es? - Peoplesphere","isPartOf":{"@id":"https:\/\/peoplesphere.be\/fr\/#website"},"datePublished":"2015-10-01T04:56:55+00:00","dateModified":"2015-10-01T04:56:55+00:00","breadcrumb":{"@id":"https:\/\/peoplesphere.be\/fr\/les-entreprises-technologiques-peuvent-elles-creer-10-000-emplois-dans-les-5-prochaines-annees\/#breadcrumb"},"inLanguage":"fr-FR","potentialAction":[{"@type":"ReadAction","target":["https:\/\/peoplesphere.be\/fr\/les-entreprises-technologiques-peuvent-elles-creer-10-000-emplois-dans-les-5-prochaines-annees\/"]}]},{"@type":"BreadcrumbList","@id":"https:\/\/peoplesphere.be\/fr\/les-entreprises-technologiques-peuvent-elles-creer-10-000-emplois-dans-les-5-prochaines-annees\/#breadcrumb","itemListElement":[{"@type":"ListItem","position":1,"name":"Accueil","item":"https:\/\/peoplesphere.be\/fr\/"},{"@type":"ListItem","position":2,"name":"Les entreprises technologiques peuvent-elles cr\u00e9er 10.000 emplois dans les 5 prochaines ann\u00e9es?"}]},{"@type":"WebSite","@id":"https:\/\/peoplesphere.be\/fr\/#website","url":"https:\/\/peoplesphere.be\/fr\/","name":"Peoplesphere","description":"The People Managers Magazine","publisher":{"@id":"https:\/\/peoplesphere.be\/fr\/#organization"},"potentialAction":[{"@type":"SearchAction","target":{"@type":"EntryPoint","urlTemplate":"https:\/\/peoplesphere.be\/fr\/?s={search_term_string}"},"query-input":"required name=search_term_string"}],"inLanguage":"fr-FR"},{"@type":"Organization","@id":"https:\/\/peoplesphere.be\/fr\/#organization","name":"Peoplesphere Company srl","url":"https:\/\/peoplesphere.be\/fr\/","logo":{"@type":"ImageObject","inLanguage":"fr-FR","@id":"https:\/\/peoplesphere.be\/fr\/#\/schema\/logo\/image\/","url":"https:\/\/peoplesphere.be\/fr\/wp-content\/uploads\/2023\/07\/peoplesphere-lgo-new-generik.jpg","contentUrl":"https:\/\/peoplesphere.be\/fr\/wp-content\/uploads\/2023\/07\/peoplesphere-lgo-new-generik.jpg","width":1031,"height":1479,"caption":"Peoplesphere Company srl"},"image":{"@id":"https:\/\/peoplesphere.be\/fr\/#\/schema\/logo\/image\/"},"sameAs":["https:\/\/www.facebook.com\/peoplesphere","https:\/\/twitter.com\/PeoplesphereMag","https:\/\/www.linkedin.com\/company\/7587361?trk","http:\/\/youtube.com\/peoplesphere"]},{"@type":"Person","@id":"https:\/\/peoplesphere.be\/fr\/#\/schema\/person\/7976225ff17988604334abb7b3536a7e","name":"Jean-Paul Erhard","image":{"@type":"ImageObject","inLanguage":"fr-FR","@id":"https:\/\/peoplesphere.be\/fr\/#\/schema\/person\/image\/","url":"https:\/\/secure.gravatar.com\/avatar\/f941e681460179738071629a51574930?s=96&d=mm&r=g","contentUrl":"https:\/\/secure.gravatar.com\/avatar\/f941e681460179738071629a51574930?s=96&d=mm&r=g","caption":"Jean-Paul Erhard"},"url":"https:\/\/peoplesphere.be\/fr\/author\/jpe\/"}]}},"_links":{"self":[{"href":"https:\/\/peoplesphere.be\/fr\/wp-json\/wp\/v2\/posts\/1957"}],"collection":[{"href":"https:\/\/peoplesphere.be\/fr\/wp-json\/wp\/v2\/posts"}],"about":[{"href":"https:\/\/peoplesphere.be\/fr\/wp-json\/wp\/v2\/types\/post"}],"author":[{"embeddable":true,"href":"https:\/\/peoplesphere.be\/fr\/wp-json\/wp\/v2\/users\/2"}],"replies":[{"embeddable":true,"href":"https:\/\/peoplesphere.be\/fr\/wp-json\/wp\/v2\/comments?post=1957"}],"version-history":[{"count":1,"href":"https:\/\/peoplesphere.be\/fr\/wp-json\/wp\/v2\/posts\/1957\/revisions"}],"predecessor-version":[{"id":1958,"href":"https:\/\/peoplesphere.be\/fr\/wp-json\/wp\/v2\/posts\/1957\/revisions\/1958"}],"wp:attachment":[{"href":"https:\/\/peoplesphere.be\/fr\/wp-json\/wp\/v2\/media?parent=1957"}],"wp:term":[{"taxonomy":"category","embeddable":true,"href":"https:\/\/peoplesphere.be\/fr\/wp-json\/wp\/v2\/categories?post=1957"},{"taxonomy":"post_tag","embeddable":true,"href":"https:\/\/peoplesphere.be\/fr\/wp-json\/wp\/v2\/tags?post=1957"}],"curies":[{"name":"wp","href":"https:\/\/api.w.org\/{rel}","templated":true}]}}