









{"id":1960,"date":"2015-10-01T11:36:42","date_gmt":"2015-10-01T09:36:42","guid":{"rendered":"http:\/\/www.peoplesphere.be\/fr\/?p=1960"},"modified":"2015-10-01T11:36:42","modified_gmt":"2015-10-01T09:36:42","slug":"reduction-des-cotisations-patronales-lavis-tranche-des-economistes-de-lucl","status":"publish","type":"post","link":"https:\/\/peoplesphere.be\/fr\/reduction-des-cotisations-patronales-lavis-tranche-des-economistes-de-lucl\/","title":{"rendered":"R\u00e9duction des cotisations patronales: l&rsquo;avis tranch\u00e9 des \u00e9conomistes de l&rsquo;UCL"},"content":{"rendered":"<h1>L&rsquo;avis \u00e9mis par les \u00e9conomistes de l&rsquo;UCL dans le cadre de la future mise en oeuvre du tax shift est clair : il faut tout miser sur les bas salaires lorsqu&rsquo;il s&rsquo;agit de r\u00e9duire les cotisations patronales. Pourquoi? Comment? Voici les propositions des chercheurs de l&rsquo;Universit\u00e9 Catholique de Louvain.<!--more--><\/h1>\n<p>Les chercheurs Muriel Dejemeppe et Bruno Van der Linden viennent de publier la revue &lsquo;Regards Economiques&rsquo; et se penchent concr\u00e8tement sur les d\u00e9cisions \u00e0 prendre concernant le tax shift, et plus pr\u00e9cis\u00e9ment la r\u00e9duction structurelle des cotisations sociales patronales. Ils formulent une\u00a0proposition concr\u00e8te pour ce ciblage et tentent de quantifier\u00a0ses effets sur l\u2019emploi.<\/p>\n<p>\u00ab\u00a0<em>Soyons clairs : l\u2019enveloppe budg\u00e9taire pr\u00e9vue par le gouvernement (2.335 millions \u20ac sur la p\u00e9riode 2016 \u2013 2019) ne permettra pas de financer \u00e0 la fois une r\u00e9duction g\u00e9n\u00e9ralis\u00e9e des cotisations patronales (le passage \u00e0 un taux facial effectif de 25 %) et un renforcement significatif de la r\u00e9duction structurelle sur les bas salaires. Des choix importants s\u2019imposent donc quant \u00e0 l\u2019affectation de cette enveloppe budg\u00e9taire. Consid\u00e9rant que la cr\u00e9ation d\u2019emplois est la priorit\u00e9, le ciblage sur les bas salaires s\u2019impose. Une autre forme de ciblage aurait en effet un impact nul ou tr\u00e8s limit\u00e9 sur l\u2019emploi.<\/em><\/p>\n<p><em>Nous formulons une proposition \u00e0 l\u2019horizon 2016 qui s\u2019inscrit dans l\u2019enveloppe pr\u00e9vue par le gouvernement f\u00e9d\u00e9ral pour cette ann\u00e9e (1.280 millions \u20ac). Selon notre proposition, prenant le taux de cotisation de 32,4 % comme taux facial, la r\u00e9duction structurelle des cotisations patronales prendrait la forme suivante : s<\/em><em>uppression totale des cotisations patronales pour tout niveau de salaire \u00e9gal au revenu minimum moyen garanti en Belgique (1.559 \u20ac bruts\/mois \u00e0 21 ans). A ce niveau, la r\u00e9duction de cotisations patronales repr\u00e9sente plus de 500 \u20ac\/mois.<\/em><\/p>\n<p><em> Entre le revenu minimum et 1,5 fois le revenu minimum (2.339 \u20ac\/mois), la r\u00e9duction de cotisations patronales diminue de mani\u00e8re lin\u00e9aire. Pour un niveau de salaire \u00e9gal \u00e0 1,5 fois le revenu minimum (2.339 \u20ac), elle atteint 154 \u20ac\/mois, soit le montant de la r\u00e9duction forfaitaire de cotisations patronales qui est en vigueur actuellement.<\/em><br \/>\n<em> La r\u00e9duction forfaitaire de 154 \u20ac\/mois reste appliqu\u00e9e jusqu\u2019au seuil \u00abhaut salaire\u00bb actuel de 4.467 \u20ac\/mois. A ce niveau, le taux de cotisations patronales s\u2019\u00e9l\u00e8ve \u00e0 29 %.<\/em><br \/>\n<em> Au-del\u00e0 de 4.467\u20ac\/mois, le taux de cotisations patronales qui pr\u00e9vaut est de 29 %.<\/em><br \/>\n<em> Notre proposition am\u00e8nerait le taux effectif moyen de charges patronales de 26 % \u00e0 23 %, si l&rsquo;on prend 32,4 % comme taux facial de r\u00e9f\u00e9rence.<\/em><\/p>\n<p><em>Le renforcement de la r\u00e9duction de cotisations patronales sous 2.339 \u20ac devrait cr\u00e9er ou sauvegarder \u00e0 terme entre 28.000 et 47.000 emplois sous ce seuil de salaire.<\/em><\/p>\n<p><em>Notre \u00e9tude n\u2019a pas abord\u00e9 l\u2019importante question du financement d\u2019une r\u00e9duction renforc\u00e9e des cotisations patronales sur les travailleurs \u00e0 bas salaires. Avec le ciblage que nous proposons, l\u2019effet des r\u00e9ductions de cotisations sociales patronales sur l\u2019emploi est maximal. Plus les retomb\u00e9es sur l\u2019emploi sont favorables, moins la question du financement alternatif de la s\u00e9curit\u00e9 sociale est aigu\u00eb.<\/em><\/p>\n<p><em>Compte tenu des effets limit\u00e9s sur l\u2019emploi d\u2019une r\u00e9duction de charges patronales sur les salaires moyens et \u00e9lev\u00e9s, une proposition qui am\u00e8nerait le taux effectif de cotisations patronales \u00e0 25 % engendrerait un besoin de financement alternatif de la s\u00e9curit\u00e9 sociale nettement sup\u00e9rieur.\u00a0\u00bb<\/em><\/p>\n<p>Pour obtenir la publication compl\u00e8te &lsquo;Regards \u00e9conomiques &#8211; Octobre 2015&rsquo;, contactez-nous via l&rsquo;adresse mail : <a href=\"mailto:redaction@peoplesphere.be\">redaction@peoplesphere.be<\/a><\/p>\n","protected":false},"excerpt":{"rendered":"<p>L&rsquo;avis \u00e9mis par les \u00e9conomistes de l&rsquo;UCL dans le cadre de la future mise en oeuvre du tax shift est clair : il faut tout miser sur les bas salaires lorsqu&rsquo;il s&rsquo;agit de r\u00e9duire les cotisations patronales. Pourquoi? Comment? Voici [&hellip;]<\/p>\n","protected":false},"author":2,"featured_media":0,"comment_status":"closed","ping_status":"open","sticky":false,"template":"","format":"standard","meta":[],"categories":[65,10],"tags":[329,327,108,100,328],"yoast_head":"<!-- This site is optimized with the Yoast SEO plugin v21.0 - https:\/\/yoast.com\/wordpress\/plugins\/seo\/ -->\n<title>R\u00e9duction des cotisations patronales: l&#039;avis tranch\u00e9 des \u00e9conomistes de l&#039;UCL - Peoplesphere<\/title>\n<meta name=\"robots\" content=\"index, follow, max-snippet:-1, max-image-preview:large, max-video-preview:-1\" \/>\n<link rel=\"canonical\" href=\"https:\/\/peoplesphere.be\/fr\/reduction-des-cotisations-patronales-lavis-tranche-des-economistes-de-lucl\/\" \/>\n<meta property=\"og:locale\" content=\"fr_FR\" \/>\n<meta property=\"og:type\" content=\"article\" \/>\n<meta property=\"og:title\" content=\"R\u00e9duction des cotisations patronales: l&#039;avis tranch\u00e9 des \u00e9conomistes de l&#039;UCL - Peoplesphere\" \/>\n<meta property=\"og:description\" content=\"L&rsquo;avis \u00e9mis par les \u00e9conomistes de l&rsquo;UCL dans le cadre de la future mise en oeuvre du tax shift est clair : il faut tout miser sur les bas salaires lorsqu&rsquo;il s&rsquo;agit de r\u00e9duire les cotisations patronales. Pourquoi? Comment? Voici [&hellip;]\" \/>\n<meta property=\"og:url\" content=\"https:\/\/peoplesphere.be\/fr\/reduction-des-cotisations-patronales-lavis-tranche-des-economistes-de-lucl\/\" \/>\n<meta property=\"og:site_name\" content=\"Peoplesphere\" \/>\n<meta property=\"article:publisher\" content=\"https:\/\/www.facebook.com\/peoplesphere\" \/>\n<meta property=\"article:published_time\" content=\"2015-10-01T09:36:42+00:00\" \/>\n<meta property=\"og:image\" content=\"http:\/\/www.peoplesphere.be\/fr\/wp-content\/uploads\/2016\/07\/facebook-default-posting-1200x628px.jpg\" \/>\n<meta name=\"author\" content=\"Jean-Paul Erhard\" \/>\n<meta name=\"twitter:card\" content=\"summary_large_image\" \/>\n<meta name=\"twitter:creator\" content=\"@PeoplesphereMag\" \/>\n<meta name=\"twitter:site\" content=\"@PeoplesphereMag\" \/>\n<meta name=\"twitter:label1\" content=\"\u00c9crit par\" \/>\n\t<meta name=\"twitter:data1\" content=\"Jean-Paul Erhard\" \/>\n\t<meta name=\"twitter:label2\" content=\"Dur\u00e9e de lecture estim\u00e9e\" \/>\n\t<meta name=\"twitter:data2\" content=\"3 minutes\" \/>\n<script type=\"application\/ld+json\" class=\"yoast-schema-graph\">{\"@context\":\"https:\/\/schema.org\",\"@graph\":[{\"@type\":\"Article\",\"@id\":\"https:\/\/peoplesphere.be\/fr\/reduction-des-cotisations-patronales-lavis-tranche-des-economistes-de-lucl\/#article\",\"isPartOf\":{\"@id\":\"https:\/\/peoplesphere.be\/fr\/reduction-des-cotisations-patronales-lavis-tranche-des-economistes-de-lucl\/\"},\"author\":{\"name\":\"Jean-Paul Erhard\",\"@id\":\"https:\/\/peoplesphere.be\/fr\/#\/schema\/person\/7976225ff17988604334abb7b3536a7e\"},\"headline\":\"R\u00e9duction des cotisations patronales: l&rsquo;avis tranch\u00e9 des \u00e9conomistes de l&rsquo;UCL\",\"datePublished\":\"2015-10-01T09:36:42+00:00\",\"dateModified\":\"2015-10-01T09:36:42+00:00\",\"mainEntityOfPage\":{\"@id\":\"https:\/\/peoplesphere.be\/fr\/reduction-des-cotisations-patronales-lavis-tranche-des-economistes-de-lucl\/\"},\"wordCount\":580,\"publisher\":{\"@id\":\"https:\/\/peoplesphere.be\/fr\/#organization\"},\"keywords\":[\"cotisations patronales\",\"\u00e9conomistes\",\"salaires\",\"tax shift\",\"UCL\"],\"articleSection\":[\"Actualit\u00e9s\",\"Digital\"],\"inLanguage\":\"fr-FR\"},{\"@type\":\"WebPage\",\"@id\":\"https:\/\/peoplesphere.be\/fr\/reduction-des-cotisations-patronales-lavis-tranche-des-economistes-de-lucl\/\",\"url\":\"https:\/\/peoplesphere.be\/fr\/reduction-des-cotisations-patronales-lavis-tranche-des-economistes-de-lucl\/\",\"name\":\"R\u00e9duction des cotisations patronales: l'avis tranch\u00e9 des \u00e9conomistes de l'UCL - Peoplesphere\",\"isPartOf\":{\"@id\":\"https:\/\/peoplesphere.be\/fr\/#website\"},\"datePublished\":\"2015-10-01T09:36:42+00:00\",\"dateModified\":\"2015-10-01T09:36:42+00:00\",\"breadcrumb\":{\"@id\":\"https:\/\/peoplesphere.be\/fr\/reduction-des-cotisations-patronales-lavis-tranche-des-economistes-de-lucl\/#breadcrumb\"},\"inLanguage\":\"fr-FR\",\"potentialAction\":[{\"@type\":\"ReadAction\",\"target\":[\"https:\/\/peoplesphere.be\/fr\/reduction-des-cotisations-patronales-lavis-tranche-des-economistes-de-lucl\/\"]}]},{\"@type\":\"BreadcrumbList\",\"@id\":\"https:\/\/peoplesphere.be\/fr\/reduction-des-cotisations-patronales-lavis-tranche-des-economistes-de-lucl\/#breadcrumb\",\"itemListElement\":[{\"@type\":\"ListItem\",\"position\":1,\"name\":\"Accueil\",\"item\":\"https:\/\/peoplesphere.be\/fr\/\"},{\"@type\":\"ListItem\",\"position\":2,\"name\":\"R\u00e9duction des cotisations patronales: l&rsquo;avis tranch\u00e9 des \u00e9conomistes de l&rsquo;UCL\"}]},{\"@type\":\"WebSite\",\"@id\":\"https:\/\/peoplesphere.be\/fr\/#website\",\"url\":\"https:\/\/peoplesphere.be\/fr\/\",\"name\":\"Peoplesphere\",\"description\":\"The People Managers Magazine\",\"publisher\":{\"@id\":\"https:\/\/peoplesphere.be\/fr\/#organization\"},\"potentialAction\":[{\"@type\":\"SearchAction\",\"target\":{\"@type\":\"EntryPoint\",\"urlTemplate\":\"https:\/\/peoplesphere.be\/fr\/?s={search_term_string}\"},\"query-input\":\"required name=search_term_string\"}],\"inLanguage\":\"fr-FR\"},{\"@type\":\"Organization\",\"@id\":\"https:\/\/peoplesphere.be\/fr\/#organization\",\"name\":\"Peoplesphere Company srl\",\"url\":\"https:\/\/peoplesphere.be\/fr\/\",\"logo\":{\"@type\":\"ImageObject\",\"inLanguage\":\"fr-FR\",\"@id\":\"https:\/\/peoplesphere.be\/fr\/#\/schema\/logo\/image\/\",\"url\":\"https:\/\/peoplesphere.be\/fr\/wp-content\/uploads\/2023\/07\/peoplesphere-lgo-new-generik.jpg\",\"contentUrl\":\"https:\/\/peoplesphere.be\/fr\/wp-content\/uploads\/2023\/07\/peoplesphere-lgo-new-generik.jpg\",\"width\":1031,\"height\":1479,\"caption\":\"Peoplesphere Company srl\"},\"image\":{\"@id\":\"https:\/\/peoplesphere.be\/fr\/#\/schema\/logo\/image\/\"},\"sameAs\":[\"https:\/\/www.facebook.com\/peoplesphere\",\"https:\/\/twitter.com\/PeoplesphereMag\",\"https:\/\/www.linkedin.com\/company\/7587361?trk\",\"http:\/\/youtube.com\/peoplesphere\"]},{\"@type\":\"Person\",\"@id\":\"https:\/\/peoplesphere.be\/fr\/#\/schema\/person\/7976225ff17988604334abb7b3536a7e\",\"name\":\"Jean-Paul Erhard\",\"image\":{\"@type\":\"ImageObject\",\"inLanguage\":\"fr-FR\",\"@id\":\"https:\/\/peoplesphere.be\/fr\/#\/schema\/person\/image\/\",\"url\":\"https:\/\/secure.gravatar.com\/avatar\/f941e681460179738071629a51574930?s=96&d=mm&r=g\",\"contentUrl\":\"https:\/\/secure.gravatar.com\/avatar\/f941e681460179738071629a51574930?s=96&d=mm&r=g\",\"caption\":\"Jean-Paul Erhard\"},\"url\":\"https:\/\/peoplesphere.be\/fr\/author\/jpe\/\"}]}<\/script>\n<!-- \/ Yoast SEO plugin. -->","yoast_head_json":{"title":"R\u00e9duction des cotisations patronales: l'avis tranch\u00e9 des \u00e9conomistes de l'UCL - Peoplesphere","robots":{"index":"index","follow":"follow","max-snippet":"max-snippet:-1","max-image-preview":"max-image-preview:large","max-video-preview":"max-video-preview:-1"},"canonical":"https:\/\/peoplesphere.be\/fr\/reduction-des-cotisations-patronales-lavis-tranche-des-economistes-de-lucl\/","og_locale":"fr_FR","og_type":"article","og_title":"R\u00e9duction des cotisations patronales: l'avis tranch\u00e9 des \u00e9conomistes de l'UCL - Peoplesphere","og_description":"L&rsquo;avis \u00e9mis par les \u00e9conomistes de l&rsquo;UCL dans le cadre de la future mise en oeuvre du tax shift est clair : il faut tout miser sur les bas salaires lorsqu&rsquo;il s&rsquo;agit de r\u00e9duire les cotisations patronales. Pourquoi? Comment? Voici [&hellip;]","og_url":"https:\/\/peoplesphere.be\/fr\/reduction-des-cotisations-patronales-lavis-tranche-des-economistes-de-lucl\/","og_site_name":"Peoplesphere","article_publisher":"https:\/\/www.facebook.com\/peoplesphere","article_published_time":"2015-10-01T09:36:42+00:00","og_image":[{"url":"http:\/\/www.peoplesphere.be\/fr\/wp-content\/uploads\/2016\/07\/facebook-default-posting-1200x628px.jpg"}],"author":"Jean-Paul Erhard","twitter_card":"summary_large_image","twitter_creator":"@PeoplesphereMag","twitter_site":"@PeoplesphereMag","twitter_misc":{"\u00c9crit par":"Jean-Paul Erhard","Dur\u00e9e de lecture estim\u00e9e":"3 minutes"},"schema":{"@context":"https:\/\/schema.org","@graph":[{"@type":"Article","@id":"https:\/\/peoplesphere.be\/fr\/reduction-des-cotisations-patronales-lavis-tranche-des-economistes-de-lucl\/#article","isPartOf":{"@id":"https:\/\/peoplesphere.be\/fr\/reduction-des-cotisations-patronales-lavis-tranche-des-economistes-de-lucl\/"},"author":{"name":"Jean-Paul Erhard","@id":"https:\/\/peoplesphere.be\/fr\/#\/schema\/person\/7976225ff17988604334abb7b3536a7e"},"headline":"R\u00e9duction des cotisations patronales: l&rsquo;avis tranch\u00e9 des \u00e9conomistes de l&rsquo;UCL","datePublished":"2015-10-01T09:36:42+00:00","dateModified":"2015-10-01T09:36:42+00:00","mainEntityOfPage":{"@id":"https:\/\/peoplesphere.be\/fr\/reduction-des-cotisations-patronales-lavis-tranche-des-economistes-de-lucl\/"},"wordCount":580,"publisher":{"@id":"https:\/\/peoplesphere.be\/fr\/#organization"},"keywords":["cotisations patronales","\u00e9conomistes","salaires","tax shift","UCL"],"articleSection":["Actualit\u00e9s","Digital"],"inLanguage":"fr-FR"},{"@type":"WebPage","@id":"https:\/\/peoplesphere.be\/fr\/reduction-des-cotisations-patronales-lavis-tranche-des-economistes-de-lucl\/","url":"https:\/\/peoplesphere.be\/fr\/reduction-des-cotisations-patronales-lavis-tranche-des-economistes-de-lucl\/","name":"R\u00e9duction des cotisations patronales: l'avis tranch\u00e9 des \u00e9conomistes de l'UCL - Peoplesphere","isPartOf":{"@id":"https:\/\/peoplesphere.be\/fr\/#website"},"datePublished":"2015-10-01T09:36:42+00:00","dateModified":"2015-10-01T09:36:42+00:00","breadcrumb":{"@id":"https:\/\/peoplesphere.be\/fr\/reduction-des-cotisations-patronales-lavis-tranche-des-economistes-de-lucl\/#breadcrumb"},"inLanguage":"fr-FR","potentialAction":[{"@type":"ReadAction","target":["https:\/\/peoplesphere.be\/fr\/reduction-des-cotisations-patronales-lavis-tranche-des-economistes-de-lucl\/"]}]},{"@type":"BreadcrumbList","@id":"https:\/\/peoplesphere.be\/fr\/reduction-des-cotisations-patronales-lavis-tranche-des-economistes-de-lucl\/#breadcrumb","itemListElement":[{"@type":"ListItem","position":1,"name":"Accueil","item":"https:\/\/peoplesphere.be\/fr\/"},{"@type":"ListItem","position":2,"name":"R\u00e9duction des cotisations patronales: l&rsquo;avis tranch\u00e9 des \u00e9conomistes de l&rsquo;UCL"}]},{"@type":"WebSite","@id":"https:\/\/peoplesphere.be\/fr\/#website","url":"https:\/\/peoplesphere.be\/fr\/","name":"Peoplesphere","description":"The People Managers Magazine","publisher":{"@id":"https:\/\/peoplesphere.be\/fr\/#organization"},"potentialAction":[{"@type":"SearchAction","target":{"@type":"EntryPoint","urlTemplate":"https:\/\/peoplesphere.be\/fr\/?s={search_term_string}"},"query-input":"required name=search_term_string"}],"inLanguage":"fr-FR"},{"@type":"Organization","@id":"https:\/\/peoplesphere.be\/fr\/#organization","name":"Peoplesphere Company srl","url":"https:\/\/peoplesphere.be\/fr\/","logo":{"@type":"ImageObject","inLanguage":"fr-FR","@id":"https:\/\/peoplesphere.be\/fr\/#\/schema\/logo\/image\/","url":"https:\/\/peoplesphere.be\/fr\/wp-content\/uploads\/2023\/07\/peoplesphere-lgo-new-generik.jpg","contentUrl":"https:\/\/peoplesphere.be\/fr\/wp-content\/uploads\/2023\/07\/peoplesphere-lgo-new-generik.jpg","width":1031,"height":1479,"caption":"Peoplesphere Company srl"},"image":{"@id":"https:\/\/peoplesphere.be\/fr\/#\/schema\/logo\/image\/"},"sameAs":["https:\/\/www.facebook.com\/peoplesphere","https:\/\/twitter.com\/PeoplesphereMag","https:\/\/www.linkedin.com\/company\/7587361?trk","http:\/\/youtube.com\/peoplesphere"]},{"@type":"Person","@id":"https:\/\/peoplesphere.be\/fr\/#\/schema\/person\/7976225ff17988604334abb7b3536a7e","name":"Jean-Paul Erhard","image":{"@type":"ImageObject","inLanguage":"fr-FR","@id":"https:\/\/peoplesphere.be\/fr\/#\/schema\/person\/image\/","url":"https:\/\/secure.gravatar.com\/avatar\/f941e681460179738071629a51574930?s=96&d=mm&r=g","contentUrl":"https:\/\/secure.gravatar.com\/avatar\/f941e681460179738071629a51574930?s=96&d=mm&r=g","caption":"Jean-Paul Erhard"},"url":"https:\/\/peoplesphere.be\/fr\/author\/jpe\/"}]}},"_links":{"self":[{"href":"https:\/\/peoplesphere.be\/fr\/wp-json\/wp\/v2\/posts\/1960"}],"collection":[{"href":"https:\/\/peoplesphere.be\/fr\/wp-json\/wp\/v2\/posts"}],"about":[{"href":"https:\/\/peoplesphere.be\/fr\/wp-json\/wp\/v2\/types\/post"}],"author":[{"embeddable":true,"href":"https:\/\/peoplesphere.be\/fr\/wp-json\/wp\/v2\/users\/2"}],"replies":[{"embeddable":true,"href":"https:\/\/peoplesphere.be\/fr\/wp-json\/wp\/v2\/comments?post=1960"}],"version-history":[{"count":1,"href":"https:\/\/peoplesphere.be\/fr\/wp-json\/wp\/v2\/posts\/1960\/revisions"}],"predecessor-version":[{"id":1961,"href":"https:\/\/peoplesphere.be\/fr\/wp-json\/wp\/v2\/posts\/1960\/revisions\/1961"}],"wp:attachment":[{"href":"https:\/\/peoplesphere.be\/fr\/wp-json\/wp\/v2\/media?parent=1960"}],"wp:term":[{"taxonomy":"category","embeddable":true,"href":"https:\/\/peoplesphere.be\/fr\/wp-json\/wp\/v2\/categories?post=1960"},{"taxonomy":"post_tag","embeddable":true,"href":"https:\/\/peoplesphere.be\/fr\/wp-json\/wp\/v2\/tags?post=1960"}],"curies":[{"name":"wp","href":"https:\/\/api.w.org\/{rel}","templated":true}]}}