









{"id":1963,"date":"2015-10-02T11:56:06","date_gmt":"2015-10-02T09:56:06","guid":{"rendered":"http:\/\/www.peoplesphere.be\/fr\/?p=1963"},"modified":"2015-10-02T11:56:06","modified_gmt":"2015-10-02T09:56:06","slug":"bataille-de-chiffres-sur-le-chomage-des-jeunes-a-bruxelles","status":"publish","type":"post","link":"https:\/\/peoplesphere.be\/fr\/bataille-de-chiffres-sur-le-chomage-des-jeunes-a-bruxelles\/","title":{"rendered":"Bataille de chiffres sur le ch\u00f4mage des jeunes \u00e0 Bruxelles"},"content":{"rendered":"<h1>Le rectificatif \u00e9mane des services d&rsquo;Actiris et de son ministre de tutelle, Didier Gosuin.\u00a0La publication r\u00e9cente par Eurostat des donn\u00e9es du taux de ch\u00f4mage a en effet de quoi faire r\u00e9agir. Selon l&rsquo;organisme europ\u00e9en, le taux de ch\u00f4mage des jeunes en R\u00e9gion bruxelloise est de 39,5%! \u00ab Un chiffre qui n\u2019a absolument aucun sens \u00bb, r\u00e9plique Didier Gosuin.<!--more--><\/h1>\n<p>Pourquoi? Les services d&rsquo;Actiris rel\u00e8vent les 3 raisons pour lesquelles ces chiffres ne correspondent pas \u00e0 la r\u00e9alit\u00e9.<\/p>\n<p><em>1. Ce chiffre est une estimation sur base de l\u2019Enqu\u00eate sur les Forces de Travail ;<\/em><br \/>\n<em> 2. Cette estimation comporte une marge d\u2019erreur d\u2019autant plus importante \u00e0 Bruxelles que l\u2019\u00e9chantillon est petit ;<\/em><br \/>\n<em> 3. Eurostat consid\u00e8re comme ch\u00f4meurs les jeunes entre 15 et 18 ans qui sont encore en obligation scolaire en Belgique.<\/em><\/p>\n<p><em>Pour le 28\u00e8me mois cons\u00e9cutif, le taux de ch\u00f4mage des jeunes a baiss\u00e9 en R\u00e9gion bruxelloise. Au 30 septembre, le taux de ch\u00f4mage des jeunes est de 28,9%, contre 31,3% au 30 septembre 2014 et 33,9% en 2013. Soit une baisse significative qui s\u2019accompagne \u00e9galement d\u2019une augmentation du taux d\u2019emploi. En effet, en un an, le taux d\u2019emploi global \u00e0 Bruxelles a augment\u00e9 de 4% et de 7% pour les jeunes (18-24 ans).<\/em><\/p>\n<p>Et de pr\u00e9ciser encore: \u00ab\u00a0<em>Les seuls chiffres repr\u00e9sentatifs \u00e0 l\u2019\u00e9chelle belge sont ceux bas\u00e9s sur les donn\u00e9es administratives des services r\u00e9gionaux de l\u2019emploi (ACTIRIS, VDAB, FOREM, ADG). Le taux de ch\u00f4mage administratif recense le nombre de ch\u00f4meurs inscrits aupr\u00e8s des organismes r\u00e9gionaux de l\u2019emploi qui couvre diff\u00e9rentes cat\u00e9gories : les ch\u00f4meurs indemnis\u00e9s, les jeunes en stage d\u2019insertion professionnelle et les autres demandeurs d\u2019emploi (librement ou obligatoirement inscrits), comprenant les demandeurs d\u2019emploi inscrits aupr\u00e8s des CPAS.<\/em>\u00a0<em>Nous lan\u00e7ons par ailleurs un appel aux employeurs pour recourir davantage aux services de Select Actiris en leur transmettant un maximum d\u2019offres d\u2019emploi et afin d\u2019augmenter significativement le nombre d\u2019offres de stages de transition en entreprises. Ces deux dynamiques sont indispensables pour relever le d\u00e9fi de l\u2019emploi en R\u00e9gion bruxelloise.\u00a0\u00bb<\/em><\/p>\n","protected":false},"excerpt":{"rendered":"<p>Le rectificatif \u00e9mane des services d&rsquo;Actiris et de son ministre de tutelle, Didier Gosuin.\u00a0La publication r\u00e9cente par Eurostat des donn\u00e9es du taux de ch\u00f4mage a en effet de quoi faire r\u00e9agir. Selon l&rsquo;organisme europ\u00e9en, le taux de ch\u00f4mage des jeunes [&hellip;]<\/p>\n","protected":false},"author":2,"featured_media":0,"comment_status":"closed","ping_status":"open","sticky":false,"template":"","format":"standard","meta":[],"categories":[65,10],"tags":[226,93,92,11,305],"yoast_head":"<!-- This site is optimized with the Yoast SEO plugin v21.0 - https:\/\/yoast.com\/wordpress\/plugins\/seo\/ -->\n<title>Bataille de chiffres sur le ch\u00f4mage des jeunes \u00e0 Bruxelles - Peoplesphere<\/title>\n<meta name=\"robots\" content=\"index, follow, max-snippet:-1, max-image-preview:large, max-video-preview:-1\" \/>\n<link rel=\"canonical\" href=\"https:\/\/peoplesphere.be\/fr\/bataille-de-chiffres-sur-le-chomage-des-jeunes-a-bruxelles\/\" \/>\n<meta property=\"og:locale\" content=\"fr_FR\" \/>\n<meta property=\"og:type\" content=\"article\" \/>\n<meta property=\"og:title\" content=\"Bataille de chiffres sur le ch\u00f4mage des jeunes \u00e0 Bruxelles - Peoplesphere\" \/>\n<meta property=\"og:description\" content=\"Le rectificatif \u00e9mane des services d&rsquo;Actiris et de son ministre de tutelle, Didier Gosuin.\u00a0La publication r\u00e9cente par Eurostat des donn\u00e9es du taux de ch\u00f4mage a en effet de quoi faire r\u00e9agir. Selon l&rsquo;organisme europ\u00e9en, le taux de ch\u00f4mage des jeunes [&hellip;]\" \/>\n<meta property=\"og:url\" content=\"https:\/\/peoplesphere.be\/fr\/bataille-de-chiffres-sur-le-chomage-des-jeunes-a-bruxelles\/\" \/>\n<meta property=\"og:site_name\" content=\"Peoplesphere\" \/>\n<meta property=\"article:publisher\" content=\"https:\/\/www.facebook.com\/peoplesphere\" \/>\n<meta property=\"article:published_time\" content=\"2015-10-02T09:56:06+00:00\" \/>\n<meta property=\"og:image\" content=\"http:\/\/www.peoplesphere.be\/fr\/wp-content\/uploads\/2016\/07\/facebook-default-posting-1200x628px.jpg\" \/>\n<meta name=\"author\" content=\"Jean-Paul Erhard\" \/>\n<meta name=\"twitter:card\" content=\"summary_large_image\" \/>\n<meta name=\"twitter:creator\" content=\"@PeoplesphereMag\" \/>\n<meta name=\"twitter:site\" content=\"@PeoplesphereMag\" \/>\n<meta name=\"twitter:label1\" content=\"\u00c9crit par\" \/>\n\t<meta name=\"twitter:data1\" content=\"Jean-Paul Erhard\" \/>\n\t<meta name=\"twitter:label2\" content=\"Dur\u00e9e de lecture estim\u00e9e\" \/>\n\t<meta name=\"twitter:data2\" content=\"2 minutes\" \/>\n<script type=\"application\/ld+json\" class=\"yoast-schema-graph\">{\"@context\":\"https:\/\/schema.org\",\"@graph\":[{\"@type\":\"Article\",\"@id\":\"https:\/\/peoplesphere.be\/fr\/bataille-de-chiffres-sur-le-chomage-des-jeunes-a-bruxelles\/#article\",\"isPartOf\":{\"@id\":\"https:\/\/peoplesphere.be\/fr\/bataille-de-chiffres-sur-le-chomage-des-jeunes-a-bruxelles\/\"},\"author\":{\"name\":\"Jean-Paul Erhard\",\"@id\":\"https:\/\/peoplesphere.be\/fr\/#\/schema\/person\/7976225ff17988604334abb7b3536a7e\"},\"headline\":\"Bataille de chiffres sur le ch\u00f4mage des jeunes \u00e0 Bruxelles\",\"datePublished\":\"2015-10-02T09:56:06+00:00\",\"dateModified\":\"2015-10-02T09:56:06+00:00\",\"mainEntityOfPage\":{\"@id\":\"https:\/\/peoplesphere.be\/fr\/bataille-de-chiffres-sur-le-chomage-des-jeunes-a-bruxelles\/\"},\"wordCount\":367,\"publisher\":{\"@id\":\"https:\/\/peoplesphere.be\/fr\/#organization\"},\"keywords\":[\"actiris\",\"bruxelles\",\"ch\u00f4mage\",\"emploi\",\"eurostat\"],\"articleSection\":[\"Actualit\u00e9s\",\"Digital\"],\"inLanguage\":\"fr-FR\"},{\"@type\":\"WebPage\",\"@id\":\"https:\/\/peoplesphere.be\/fr\/bataille-de-chiffres-sur-le-chomage-des-jeunes-a-bruxelles\/\",\"url\":\"https:\/\/peoplesphere.be\/fr\/bataille-de-chiffres-sur-le-chomage-des-jeunes-a-bruxelles\/\",\"name\":\"Bataille de chiffres sur le ch\u00f4mage des jeunes \u00e0 Bruxelles - Peoplesphere\",\"isPartOf\":{\"@id\":\"https:\/\/peoplesphere.be\/fr\/#website\"},\"datePublished\":\"2015-10-02T09:56:06+00:00\",\"dateModified\":\"2015-10-02T09:56:06+00:00\",\"breadcrumb\":{\"@id\":\"https:\/\/peoplesphere.be\/fr\/bataille-de-chiffres-sur-le-chomage-des-jeunes-a-bruxelles\/#breadcrumb\"},\"inLanguage\":\"fr-FR\",\"potentialAction\":[{\"@type\":\"ReadAction\",\"target\":[\"https:\/\/peoplesphere.be\/fr\/bataille-de-chiffres-sur-le-chomage-des-jeunes-a-bruxelles\/\"]}]},{\"@type\":\"BreadcrumbList\",\"@id\":\"https:\/\/peoplesphere.be\/fr\/bataille-de-chiffres-sur-le-chomage-des-jeunes-a-bruxelles\/#breadcrumb\",\"itemListElement\":[{\"@type\":\"ListItem\",\"position\":1,\"name\":\"Accueil\",\"item\":\"https:\/\/peoplesphere.be\/fr\/\"},{\"@type\":\"ListItem\",\"position\":2,\"name\":\"Bataille de chiffres sur le ch\u00f4mage des jeunes \u00e0 Bruxelles\"}]},{\"@type\":\"WebSite\",\"@id\":\"https:\/\/peoplesphere.be\/fr\/#website\",\"url\":\"https:\/\/peoplesphere.be\/fr\/\",\"name\":\"Peoplesphere\",\"description\":\"The People Managers Magazine\",\"publisher\":{\"@id\":\"https:\/\/peoplesphere.be\/fr\/#organization\"},\"potentialAction\":[{\"@type\":\"SearchAction\",\"target\":{\"@type\":\"EntryPoint\",\"urlTemplate\":\"https:\/\/peoplesphere.be\/fr\/?s={search_term_string}\"},\"query-input\":\"required name=search_term_string\"}],\"inLanguage\":\"fr-FR\"},{\"@type\":\"Organization\",\"@id\":\"https:\/\/peoplesphere.be\/fr\/#organization\",\"name\":\"Peoplesphere Company srl\",\"url\":\"https:\/\/peoplesphere.be\/fr\/\",\"logo\":{\"@type\":\"ImageObject\",\"inLanguage\":\"fr-FR\",\"@id\":\"https:\/\/peoplesphere.be\/fr\/#\/schema\/logo\/image\/\",\"url\":\"https:\/\/peoplesphere.be\/fr\/wp-content\/uploads\/2023\/07\/peoplesphere-lgo-new-generik.jpg\",\"contentUrl\":\"https:\/\/peoplesphere.be\/fr\/wp-content\/uploads\/2023\/07\/peoplesphere-lgo-new-generik.jpg\",\"width\":1031,\"height\":1479,\"caption\":\"Peoplesphere Company srl\"},\"image\":{\"@id\":\"https:\/\/peoplesphere.be\/fr\/#\/schema\/logo\/image\/\"},\"sameAs\":[\"https:\/\/www.facebook.com\/peoplesphere\",\"https:\/\/twitter.com\/PeoplesphereMag\",\"https:\/\/www.linkedin.com\/company\/7587361?trk\",\"http:\/\/youtube.com\/peoplesphere\"]},{\"@type\":\"Person\",\"@id\":\"https:\/\/peoplesphere.be\/fr\/#\/schema\/person\/7976225ff17988604334abb7b3536a7e\",\"name\":\"Jean-Paul Erhard\",\"image\":{\"@type\":\"ImageObject\",\"inLanguage\":\"fr-FR\",\"@id\":\"https:\/\/peoplesphere.be\/fr\/#\/schema\/person\/image\/\",\"url\":\"https:\/\/secure.gravatar.com\/avatar\/f941e681460179738071629a51574930?s=96&d=mm&r=g\",\"contentUrl\":\"https:\/\/secure.gravatar.com\/avatar\/f941e681460179738071629a51574930?s=96&d=mm&r=g\",\"caption\":\"Jean-Paul Erhard\"},\"url\":\"https:\/\/peoplesphere.be\/fr\/author\/jpe\/\"}]}<\/script>\n<!-- \/ Yoast SEO plugin. -->","yoast_head_json":{"title":"Bataille de chiffres sur le ch\u00f4mage des jeunes \u00e0 Bruxelles - Peoplesphere","robots":{"index":"index","follow":"follow","max-snippet":"max-snippet:-1","max-image-preview":"max-image-preview:large","max-video-preview":"max-video-preview:-1"},"canonical":"https:\/\/peoplesphere.be\/fr\/bataille-de-chiffres-sur-le-chomage-des-jeunes-a-bruxelles\/","og_locale":"fr_FR","og_type":"article","og_title":"Bataille de chiffres sur le ch\u00f4mage des jeunes \u00e0 Bruxelles - Peoplesphere","og_description":"Le rectificatif \u00e9mane des services d&rsquo;Actiris et de son ministre de tutelle, Didier Gosuin.\u00a0La publication r\u00e9cente par Eurostat des donn\u00e9es du taux de ch\u00f4mage a en effet de quoi faire r\u00e9agir. Selon l&rsquo;organisme europ\u00e9en, le taux de ch\u00f4mage des jeunes [&hellip;]","og_url":"https:\/\/peoplesphere.be\/fr\/bataille-de-chiffres-sur-le-chomage-des-jeunes-a-bruxelles\/","og_site_name":"Peoplesphere","article_publisher":"https:\/\/www.facebook.com\/peoplesphere","article_published_time":"2015-10-02T09:56:06+00:00","og_image":[{"url":"http:\/\/www.peoplesphere.be\/fr\/wp-content\/uploads\/2016\/07\/facebook-default-posting-1200x628px.jpg"}],"author":"Jean-Paul Erhard","twitter_card":"summary_large_image","twitter_creator":"@PeoplesphereMag","twitter_site":"@PeoplesphereMag","twitter_misc":{"\u00c9crit par":"Jean-Paul Erhard","Dur\u00e9e de lecture estim\u00e9e":"2 minutes"},"schema":{"@context":"https:\/\/schema.org","@graph":[{"@type":"Article","@id":"https:\/\/peoplesphere.be\/fr\/bataille-de-chiffres-sur-le-chomage-des-jeunes-a-bruxelles\/#article","isPartOf":{"@id":"https:\/\/peoplesphere.be\/fr\/bataille-de-chiffres-sur-le-chomage-des-jeunes-a-bruxelles\/"},"author":{"name":"Jean-Paul Erhard","@id":"https:\/\/peoplesphere.be\/fr\/#\/schema\/person\/7976225ff17988604334abb7b3536a7e"},"headline":"Bataille de chiffres sur le ch\u00f4mage des jeunes \u00e0 Bruxelles","datePublished":"2015-10-02T09:56:06+00:00","dateModified":"2015-10-02T09:56:06+00:00","mainEntityOfPage":{"@id":"https:\/\/peoplesphere.be\/fr\/bataille-de-chiffres-sur-le-chomage-des-jeunes-a-bruxelles\/"},"wordCount":367,"publisher":{"@id":"https:\/\/peoplesphere.be\/fr\/#organization"},"keywords":["actiris","bruxelles","ch\u00f4mage","emploi","eurostat"],"articleSection":["Actualit\u00e9s","Digital"],"inLanguage":"fr-FR"},{"@type":"WebPage","@id":"https:\/\/peoplesphere.be\/fr\/bataille-de-chiffres-sur-le-chomage-des-jeunes-a-bruxelles\/","url":"https:\/\/peoplesphere.be\/fr\/bataille-de-chiffres-sur-le-chomage-des-jeunes-a-bruxelles\/","name":"Bataille de chiffres sur le ch\u00f4mage des jeunes \u00e0 Bruxelles - Peoplesphere","isPartOf":{"@id":"https:\/\/peoplesphere.be\/fr\/#website"},"datePublished":"2015-10-02T09:56:06+00:00","dateModified":"2015-10-02T09:56:06+00:00","breadcrumb":{"@id":"https:\/\/peoplesphere.be\/fr\/bataille-de-chiffres-sur-le-chomage-des-jeunes-a-bruxelles\/#breadcrumb"},"inLanguage":"fr-FR","potentialAction":[{"@type":"ReadAction","target":["https:\/\/peoplesphere.be\/fr\/bataille-de-chiffres-sur-le-chomage-des-jeunes-a-bruxelles\/"]}]},{"@type":"BreadcrumbList","@id":"https:\/\/peoplesphere.be\/fr\/bataille-de-chiffres-sur-le-chomage-des-jeunes-a-bruxelles\/#breadcrumb","itemListElement":[{"@type":"ListItem","position":1,"name":"Accueil","item":"https:\/\/peoplesphere.be\/fr\/"},{"@type":"ListItem","position":2,"name":"Bataille de chiffres sur le ch\u00f4mage des jeunes \u00e0 Bruxelles"}]},{"@type":"WebSite","@id":"https:\/\/peoplesphere.be\/fr\/#website","url":"https:\/\/peoplesphere.be\/fr\/","name":"Peoplesphere","description":"The People Managers Magazine","publisher":{"@id":"https:\/\/peoplesphere.be\/fr\/#organization"},"potentialAction":[{"@type":"SearchAction","target":{"@type":"EntryPoint","urlTemplate":"https:\/\/peoplesphere.be\/fr\/?s={search_term_string}"},"query-input":"required name=search_term_string"}],"inLanguage":"fr-FR"},{"@type":"Organization","@id":"https:\/\/peoplesphere.be\/fr\/#organization","name":"Peoplesphere Company srl","url":"https:\/\/peoplesphere.be\/fr\/","logo":{"@type":"ImageObject","inLanguage":"fr-FR","@id":"https:\/\/peoplesphere.be\/fr\/#\/schema\/logo\/image\/","url":"https:\/\/peoplesphere.be\/fr\/wp-content\/uploads\/2023\/07\/peoplesphere-lgo-new-generik.jpg","contentUrl":"https:\/\/peoplesphere.be\/fr\/wp-content\/uploads\/2023\/07\/peoplesphere-lgo-new-generik.jpg","width":1031,"height":1479,"caption":"Peoplesphere Company srl"},"image":{"@id":"https:\/\/peoplesphere.be\/fr\/#\/schema\/logo\/image\/"},"sameAs":["https:\/\/www.facebook.com\/peoplesphere","https:\/\/twitter.com\/PeoplesphereMag","https:\/\/www.linkedin.com\/company\/7587361?trk","http:\/\/youtube.com\/peoplesphere"]},{"@type":"Person","@id":"https:\/\/peoplesphere.be\/fr\/#\/schema\/person\/7976225ff17988604334abb7b3536a7e","name":"Jean-Paul Erhard","image":{"@type":"ImageObject","inLanguage":"fr-FR","@id":"https:\/\/peoplesphere.be\/fr\/#\/schema\/person\/image\/","url":"https:\/\/secure.gravatar.com\/avatar\/f941e681460179738071629a51574930?s=96&d=mm&r=g","contentUrl":"https:\/\/secure.gravatar.com\/avatar\/f941e681460179738071629a51574930?s=96&d=mm&r=g","caption":"Jean-Paul Erhard"},"url":"https:\/\/peoplesphere.be\/fr\/author\/jpe\/"}]}},"_links":{"self":[{"href":"https:\/\/peoplesphere.be\/fr\/wp-json\/wp\/v2\/posts\/1963"}],"collection":[{"href":"https:\/\/peoplesphere.be\/fr\/wp-json\/wp\/v2\/posts"}],"about":[{"href":"https:\/\/peoplesphere.be\/fr\/wp-json\/wp\/v2\/types\/post"}],"author":[{"embeddable":true,"href":"https:\/\/peoplesphere.be\/fr\/wp-json\/wp\/v2\/users\/2"}],"replies":[{"embeddable":true,"href":"https:\/\/peoplesphere.be\/fr\/wp-json\/wp\/v2\/comments?post=1963"}],"version-history":[{"count":1,"href":"https:\/\/peoplesphere.be\/fr\/wp-json\/wp\/v2\/posts\/1963\/revisions"}],"predecessor-version":[{"id":1964,"href":"https:\/\/peoplesphere.be\/fr\/wp-json\/wp\/v2\/posts\/1963\/revisions\/1964"}],"wp:attachment":[{"href":"https:\/\/peoplesphere.be\/fr\/wp-json\/wp\/v2\/media?parent=1963"}],"wp:term":[{"taxonomy":"category","embeddable":true,"href":"https:\/\/peoplesphere.be\/fr\/wp-json\/wp\/v2\/categories?post=1963"},{"taxonomy":"post_tag","embeddable":true,"href":"https:\/\/peoplesphere.be\/fr\/wp-json\/wp\/v2\/tags?post=1963"}],"curies":[{"name":"wp","href":"https:\/\/api.w.org\/{rel}","templated":true}]}}