









{"id":1965,"date":"2015-10-03T11:16:54","date_gmt":"2015-10-03T09:16:54","guid":{"rendered":"http:\/\/www.peoplesphere.be\/fr\/?p=1965"},"modified":"2015-10-03T11:16:54","modified_gmt":"2015-10-03T09:16:54","slug":"tax-shift-emploi-les-syndicats-du-non-marchand-veillent-au-grain","status":"publish","type":"post","link":"https:\/\/peoplesphere.be\/fr\/tax-shift-emploi-les-syndicats-du-non-marchand-veillent-au-grain\/","title":{"rendered":"Tax Shift &#038; Emploi: les syndicats du non-marchand veillent au grain."},"content":{"rendered":"<p>C&rsquo;est l&rsquo;effervescence g\u00e9n\u00e9ralis\u00e9e \u00e0 l&rsquo;heure o\u00f9 le gouvernement doit mettre en oeuvre le tax shift annonc\u00e9 et prendre les mesures concr\u00e8tes qui vont (potentiellement) impacter l&#8217;emploi. Le Front commun syndical du secteur Non-marchand affirme ses &lsquo;ambitions&rsquo; avec force.<!--more--><\/p>\n<p>Par communiqu\u00e9, le front commun rappelle en effet ses attentes en mati\u00e8re d&#8217;emploi dans le cadre de la refonte annonc\u00e9e de la fiscalit\u00e9 du travail. <em>\u00ab\u00a0En juillet d\u00e9j\u00e0, le gouvernement f\u00e9d\u00e9ral d\u00e9cidait que le secteur du Non-marchand se verrait attribuer une part de 13,59% sur l\u2019abaissement des charges dit &lsquo;tax shift&rsquo;.\u00a0Ces derniers jours, la discussion politique sur la mise en oeuvre de cette mesure a battu son plein. Des signaux alarmants selon lesquels cette d\u00e9cision serait annul\u00e9e inqui\u00e8tent particuli\u00e8rement le secteur. Le secteur du Non-marchand convertit toute r\u00e9duction de charges int\u00e9gralement en emplois suppl\u00e9mentaires et souhaite qu\u2019il en reste ainsi. \u00a0\u00bbDes emplois, des emplois, des emplois\u00a0\u00bb, n\u2019est pas aussi le leitmotiv de ce gouvernement ?<\/em><\/p>\n<p>Les\u00a0porte-parole du front syndical ont d\u00e8s lors exig\u00e9 que la clart\u00e9 soit faite sur ce qu\u2019il en est r\u00e9ellement. Le cabinet De Block a confirm\u00e9 formellement :<br \/>\n<em>&#8211; que la d\u00e9cision du gouvernement f\u00e9d\u00e9ral \u00e0 propos de la part de 13,59% pour le Non-marchand dans la nouvelle r\u00e9duction de charges \u00ab tax shift \u00bb reste inchang\u00e9e ;<\/em><br \/>\n<em> &#8211; que le timing de cette nouvelle r\u00e9duction de charges en 2016, 2018 et 2020 reste inchang\u00e9 ;<\/em><br \/>\n<em> &#8211; que la r\u00e9duction de charges d\u00e9j\u00e0 d\u00e9cid\u00e9e pr\u00e9c\u00e9demment pour le Non-marchand dans le cadre du pacte de comp\u00e9titivit\u00e9 est maintenue, et sera affect\u00e9e int\u00e9gralement \u00e0 l\u2019emploi en 2016 (60 millions d\u2019euros) et 2019 (30 millions d\u2019euros).<\/em><\/p>\n<p>Ces confirmations semblent r\u00e9pondre aux inqui\u00e9tudes et donc, aux attentes du secteur non marchand. Celui-ci s&rsquo;interroge cependant sur un aspect qui resterait vague \u00e0 l&rsquo;heure actuelle: \u00ab\u00a0<em>la mise en oeuvre politique et technique des nouvelles r\u00e9ductions de charges issues du tax shift dans le secteur. Il se peut encore que cette op\u00e9ration prenne une mauvaise tournure. Si l\u2019ex\u00e9cution de la mesure conduisait \u00e0 la perte de la garantie existante en mati\u00e8re de cr\u00e9ation d\u2019emplois, voil\u00e0 qui contrasterait fortement avec les paroles de ce gouvernement. Ne pas mettre \u00e0 profit l\u2019opportunit\u00e9 de cr\u00e9er r\u00e9ellement des emplois ne conduirait qu\u2019\u00e0 des emplois \u00ab fant\u00f4mes \u00bb. Il est \u00e0 nos yeux totalement inacceptable que les pouvoirs publics laissent glisser, sans garanties, un budget aussi important que la r\u00e9duction des charges du Non-marchand dans les poches des employeurs.\u00a0\u00bb<\/em><\/p>\n","protected":false},"excerpt":{"rendered":"<p>C&rsquo;est l&rsquo;effervescence g\u00e9n\u00e9ralis\u00e9e \u00e0 l&rsquo;heure o\u00f9 le gouvernement doit mettre en oeuvre le tax shift annonc\u00e9 et prendre les mesures concr\u00e8tes qui vont (potentiellement) impacter l&#8217;emploi. Le Front commun syndical du secteur Non-marchand affirme ses &lsquo;ambitions&rsquo; avec force.<\/p>\n","protected":false},"author":2,"featured_media":0,"comment_status":"closed","ping_status":"open","sticky":false,"template":"","format":"standard","meta":[],"categories":[65,10],"tags":[11,330,110,100],"yoast_head":"<!-- This site is optimized with the Yoast SEO plugin v21.0 - https:\/\/yoast.com\/wordpress\/plugins\/seo\/ -->\n<title>Tax Shift &amp; Emploi: les syndicats du non-marchand veillent au grain. - Peoplesphere<\/title>\n<meta name=\"robots\" content=\"index, follow, max-snippet:-1, max-image-preview:large, max-video-preview:-1\" \/>\n<link rel=\"canonical\" href=\"https:\/\/peoplesphere.be\/fr\/tax-shift-emploi-les-syndicats-du-non-marchand-veillent-au-grain\/\" \/>\n<meta property=\"og:locale\" content=\"fr_FR\" \/>\n<meta property=\"og:type\" content=\"article\" \/>\n<meta property=\"og:title\" content=\"Tax Shift &amp; Emploi: les syndicats du non-marchand veillent au grain. - Peoplesphere\" \/>\n<meta property=\"og:description\" content=\"C&rsquo;est l&rsquo;effervescence g\u00e9n\u00e9ralis\u00e9e \u00e0 l&rsquo;heure o\u00f9 le gouvernement doit mettre en oeuvre le tax shift annonc\u00e9 et prendre les mesures concr\u00e8tes qui vont (potentiellement) impacter l&#8217;emploi. Le Front commun syndical du secteur Non-marchand affirme ses &lsquo;ambitions&rsquo; avec force.\" \/>\n<meta property=\"og:url\" content=\"https:\/\/peoplesphere.be\/fr\/tax-shift-emploi-les-syndicats-du-non-marchand-veillent-au-grain\/\" \/>\n<meta property=\"og:site_name\" content=\"Peoplesphere\" \/>\n<meta property=\"article:publisher\" content=\"https:\/\/www.facebook.com\/peoplesphere\" \/>\n<meta property=\"article:published_time\" content=\"2015-10-03T09:16:54+00:00\" \/>\n<meta property=\"og:image\" content=\"http:\/\/www.peoplesphere.be\/fr\/wp-content\/uploads\/2016\/07\/facebook-default-posting-1200x628px.jpg\" \/>\n<meta name=\"author\" content=\"Jean-Paul Erhard\" \/>\n<meta name=\"twitter:card\" content=\"summary_large_image\" \/>\n<meta name=\"twitter:creator\" content=\"@PeoplesphereMag\" \/>\n<meta name=\"twitter:site\" content=\"@PeoplesphereMag\" \/>\n<meta name=\"twitter:label1\" content=\"\u00c9crit par\" \/>\n\t<meta name=\"twitter:data1\" content=\"Jean-Paul Erhard\" \/>\n\t<meta name=\"twitter:label2\" content=\"Dur\u00e9e de lecture estim\u00e9e\" \/>\n\t<meta name=\"twitter:data2\" content=\"2 minutes\" \/>\n<script type=\"application\/ld+json\" class=\"yoast-schema-graph\">{\"@context\":\"https:\/\/schema.org\",\"@graph\":[{\"@type\":\"Article\",\"@id\":\"https:\/\/peoplesphere.be\/fr\/tax-shift-emploi-les-syndicats-du-non-marchand-veillent-au-grain\/#article\",\"isPartOf\":{\"@id\":\"https:\/\/peoplesphere.be\/fr\/tax-shift-emploi-les-syndicats-du-non-marchand-veillent-au-grain\/\"},\"author\":{\"name\":\"Jean-Paul Erhard\",\"@id\":\"https:\/\/peoplesphere.be\/fr\/#\/schema\/person\/7976225ff17988604334abb7b3536a7e\"},\"headline\":\"Tax Shift &#038; Emploi: les syndicats du non-marchand veillent au grain.\",\"datePublished\":\"2015-10-03T09:16:54+00:00\",\"dateModified\":\"2015-10-03T09:16:54+00:00\",\"mainEntityOfPage\":{\"@id\":\"https:\/\/peoplesphere.be\/fr\/tax-shift-emploi-les-syndicats-du-non-marchand-veillent-au-grain\/\"},\"wordCount\":442,\"publisher\":{\"@id\":\"https:\/\/peoplesphere.be\/fr\/#organization\"},\"keywords\":[\"emploi\",\"non-marchand\",\"syndicats\",\"tax shift\"],\"articleSection\":[\"Actualit\u00e9s\",\"Digital\"],\"inLanguage\":\"fr-FR\"},{\"@type\":\"WebPage\",\"@id\":\"https:\/\/peoplesphere.be\/fr\/tax-shift-emploi-les-syndicats-du-non-marchand-veillent-au-grain\/\",\"url\":\"https:\/\/peoplesphere.be\/fr\/tax-shift-emploi-les-syndicats-du-non-marchand-veillent-au-grain\/\",\"name\":\"Tax Shift & Emploi: les syndicats du non-marchand veillent au grain. - Peoplesphere\",\"isPartOf\":{\"@id\":\"https:\/\/peoplesphere.be\/fr\/#website\"},\"datePublished\":\"2015-10-03T09:16:54+00:00\",\"dateModified\":\"2015-10-03T09:16:54+00:00\",\"breadcrumb\":{\"@id\":\"https:\/\/peoplesphere.be\/fr\/tax-shift-emploi-les-syndicats-du-non-marchand-veillent-au-grain\/#breadcrumb\"},\"inLanguage\":\"fr-FR\",\"potentialAction\":[{\"@type\":\"ReadAction\",\"target\":[\"https:\/\/peoplesphere.be\/fr\/tax-shift-emploi-les-syndicats-du-non-marchand-veillent-au-grain\/\"]}]},{\"@type\":\"BreadcrumbList\",\"@id\":\"https:\/\/peoplesphere.be\/fr\/tax-shift-emploi-les-syndicats-du-non-marchand-veillent-au-grain\/#breadcrumb\",\"itemListElement\":[{\"@type\":\"ListItem\",\"position\":1,\"name\":\"Accueil\",\"item\":\"https:\/\/peoplesphere.be\/fr\/\"},{\"@type\":\"ListItem\",\"position\":2,\"name\":\"Tax Shift &#038; Emploi: les syndicats du non-marchand veillent au grain.\"}]},{\"@type\":\"WebSite\",\"@id\":\"https:\/\/peoplesphere.be\/fr\/#website\",\"url\":\"https:\/\/peoplesphere.be\/fr\/\",\"name\":\"Peoplesphere\",\"description\":\"The People Managers Magazine\",\"publisher\":{\"@id\":\"https:\/\/peoplesphere.be\/fr\/#organization\"},\"potentialAction\":[{\"@type\":\"SearchAction\",\"target\":{\"@type\":\"EntryPoint\",\"urlTemplate\":\"https:\/\/peoplesphere.be\/fr\/?s={search_term_string}\"},\"query-input\":\"required name=search_term_string\"}],\"inLanguage\":\"fr-FR\"},{\"@type\":\"Organization\",\"@id\":\"https:\/\/peoplesphere.be\/fr\/#organization\",\"name\":\"Peoplesphere Company srl\",\"url\":\"https:\/\/peoplesphere.be\/fr\/\",\"logo\":{\"@type\":\"ImageObject\",\"inLanguage\":\"fr-FR\",\"@id\":\"https:\/\/peoplesphere.be\/fr\/#\/schema\/logo\/image\/\",\"url\":\"https:\/\/peoplesphere.be\/fr\/wp-content\/uploads\/2023\/07\/peoplesphere-lgo-new-generik.jpg\",\"contentUrl\":\"https:\/\/peoplesphere.be\/fr\/wp-content\/uploads\/2023\/07\/peoplesphere-lgo-new-generik.jpg\",\"width\":1031,\"height\":1479,\"caption\":\"Peoplesphere Company srl\"},\"image\":{\"@id\":\"https:\/\/peoplesphere.be\/fr\/#\/schema\/logo\/image\/\"},\"sameAs\":[\"https:\/\/www.facebook.com\/peoplesphere\",\"https:\/\/twitter.com\/PeoplesphereMag\",\"https:\/\/www.linkedin.com\/company\/7587361?trk\",\"http:\/\/youtube.com\/peoplesphere\"]},{\"@type\":\"Person\",\"@id\":\"https:\/\/peoplesphere.be\/fr\/#\/schema\/person\/7976225ff17988604334abb7b3536a7e\",\"name\":\"Jean-Paul Erhard\",\"image\":{\"@type\":\"ImageObject\",\"inLanguage\":\"fr-FR\",\"@id\":\"https:\/\/peoplesphere.be\/fr\/#\/schema\/person\/image\/\",\"url\":\"https:\/\/secure.gravatar.com\/avatar\/f941e681460179738071629a51574930?s=96&d=mm&r=g\",\"contentUrl\":\"https:\/\/secure.gravatar.com\/avatar\/f941e681460179738071629a51574930?s=96&d=mm&r=g\",\"caption\":\"Jean-Paul Erhard\"},\"url\":\"https:\/\/peoplesphere.be\/fr\/author\/jpe\/\"}]}<\/script>\n<!-- \/ Yoast SEO plugin. -->","yoast_head_json":{"title":"Tax Shift & Emploi: les syndicats du non-marchand veillent au grain. - Peoplesphere","robots":{"index":"index","follow":"follow","max-snippet":"max-snippet:-1","max-image-preview":"max-image-preview:large","max-video-preview":"max-video-preview:-1"},"canonical":"https:\/\/peoplesphere.be\/fr\/tax-shift-emploi-les-syndicats-du-non-marchand-veillent-au-grain\/","og_locale":"fr_FR","og_type":"article","og_title":"Tax Shift & Emploi: les syndicats du non-marchand veillent au grain. - Peoplesphere","og_description":"C&rsquo;est l&rsquo;effervescence g\u00e9n\u00e9ralis\u00e9e \u00e0 l&rsquo;heure o\u00f9 le gouvernement doit mettre en oeuvre le tax shift annonc\u00e9 et prendre les mesures concr\u00e8tes qui vont (potentiellement) impacter l&#8217;emploi. Le Front commun syndical du secteur Non-marchand affirme ses &lsquo;ambitions&rsquo; avec force.","og_url":"https:\/\/peoplesphere.be\/fr\/tax-shift-emploi-les-syndicats-du-non-marchand-veillent-au-grain\/","og_site_name":"Peoplesphere","article_publisher":"https:\/\/www.facebook.com\/peoplesphere","article_published_time":"2015-10-03T09:16:54+00:00","og_image":[{"url":"http:\/\/www.peoplesphere.be\/fr\/wp-content\/uploads\/2016\/07\/facebook-default-posting-1200x628px.jpg"}],"author":"Jean-Paul Erhard","twitter_card":"summary_large_image","twitter_creator":"@PeoplesphereMag","twitter_site":"@PeoplesphereMag","twitter_misc":{"\u00c9crit par":"Jean-Paul Erhard","Dur\u00e9e de lecture estim\u00e9e":"2 minutes"},"schema":{"@context":"https:\/\/schema.org","@graph":[{"@type":"Article","@id":"https:\/\/peoplesphere.be\/fr\/tax-shift-emploi-les-syndicats-du-non-marchand-veillent-au-grain\/#article","isPartOf":{"@id":"https:\/\/peoplesphere.be\/fr\/tax-shift-emploi-les-syndicats-du-non-marchand-veillent-au-grain\/"},"author":{"name":"Jean-Paul Erhard","@id":"https:\/\/peoplesphere.be\/fr\/#\/schema\/person\/7976225ff17988604334abb7b3536a7e"},"headline":"Tax Shift &#038; Emploi: les syndicats du non-marchand veillent au grain.","datePublished":"2015-10-03T09:16:54+00:00","dateModified":"2015-10-03T09:16:54+00:00","mainEntityOfPage":{"@id":"https:\/\/peoplesphere.be\/fr\/tax-shift-emploi-les-syndicats-du-non-marchand-veillent-au-grain\/"},"wordCount":442,"publisher":{"@id":"https:\/\/peoplesphere.be\/fr\/#organization"},"keywords":["emploi","non-marchand","syndicats","tax shift"],"articleSection":["Actualit\u00e9s","Digital"],"inLanguage":"fr-FR"},{"@type":"WebPage","@id":"https:\/\/peoplesphere.be\/fr\/tax-shift-emploi-les-syndicats-du-non-marchand-veillent-au-grain\/","url":"https:\/\/peoplesphere.be\/fr\/tax-shift-emploi-les-syndicats-du-non-marchand-veillent-au-grain\/","name":"Tax Shift & Emploi: les syndicats du non-marchand veillent au grain. - Peoplesphere","isPartOf":{"@id":"https:\/\/peoplesphere.be\/fr\/#website"},"datePublished":"2015-10-03T09:16:54+00:00","dateModified":"2015-10-03T09:16:54+00:00","breadcrumb":{"@id":"https:\/\/peoplesphere.be\/fr\/tax-shift-emploi-les-syndicats-du-non-marchand-veillent-au-grain\/#breadcrumb"},"inLanguage":"fr-FR","potentialAction":[{"@type":"ReadAction","target":["https:\/\/peoplesphere.be\/fr\/tax-shift-emploi-les-syndicats-du-non-marchand-veillent-au-grain\/"]}]},{"@type":"BreadcrumbList","@id":"https:\/\/peoplesphere.be\/fr\/tax-shift-emploi-les-syndicats-du-non-marchand-veillent-au-grain\/#breadcrumb","itemListElement":[{"@type":"ListItem","position":1,"name":"Accueil","item":"https:\/\/peoplesphere.be\/fr\/"},{"@type":"ListItem","position":2,"name":"Tax Shift &#038; Emploi: les syndicats du non-marchand veillent au grain."}]},{"@type":"WebSite","@id":"https:\/\/peoplesphere.be\/fr\/#website","url":"https:\/\/peoplesphere.be\/fr\/","name":"Peoplesphere","description":"The People Managers Magazine","publisher":{"@id":"https:\/\/peoplesphere.be\/fr\/#organization"},"potentialAction":[{"@type":"SearchAction","target":{"@type":"EntryPoint","urlTemplate":"https:\/\/peoplesphere.be\/fr\/?s={search_term_string}"},"query-input":"required name=search_term_string"}],"inLanguage":"fr-FR"},{"@type":"Organization","@id":"https:\/\/peoplesphere.be\/fr\/#organization","name":"Peoplesphere Company srl","url":"https:\/\/peoplesphere.be\/fr\/","logo":{"@type":"ImageObject","inLanguage":"fr-FR","@id":"https:\/\/peoplesphere.be\/fr\/#\/schema\/logo\/image\/","url":"https:\/\/peoplesphere.be\/fr\/wp-content\/uploads\/2023\/07\/peoplesphere-lgo-new-generik.jpg","contentUrl":"https:\/\/peoplesphere.be\/fr\/wp-content\/uploads\/2023\/07\/peoplesphere-lgo-new-generik.jpg","width":1031,"height":1479,"caption":"Peoplesphere Company srl"},"image":{"@id":"https:\/\/peoplesphere.be\/fr\/#\/schema\/logo\/image\/"},"sameAs":["https:\/\/www.facebook.com\/peoplesphere","https:\/\/twitter.com\/PeoplesphereMag","https:\/\/www.linkedin.com\/company\/7587361?trk","http:\/\/youtube.com\/peoplesphere"]},{"@type":"Person","@id":"https:\/\/peoplesphere.be\/fr\/#\/schema\/person\/7976225ff17988604334abb7b3536a7e","name":"Jean-Paul Erhard","image":{"@type":"ImageObject","inLanguage":"fr-FR","@id":"https:\/\/peoplesphere.be\/fr\/#\/schema\/person\/image\/","url":"https:\/\/secure.gravatar.com\/avatar\/f941e681460179738071629a51574930?s=96&d=mm&r=g","contentUrl":"https:\/\/secure.gravatar.com\/avatar\/f941e681460179738071629a51574930?s=96&d=mm&r=g","caption":"Jean-Paul Erhard"},"url":"https:\/\/peoplesphere.be\/fr\/author\/jpe\/"}]}},"_links":{"self":[{"href":"https:\/\/peoplesphere.be\/fr\/wp-json\/wp\/v2\/posts\/1965"}],"collection":[{"href":"https:\/\/peoplesphere.be\/fr\/wp-json\/wp\/v2\/posts"}],"about":[{"href":"https:\/\/peoplesphere.be\/fr\/wp-json\/wp\/v2\/types\/post"}],"author":[{"embeddable":true,"href":"https:\/\/peoplesphere.be\/fr\/wp-json\/wp\/v2\/users\/2"}],"replies":[{"embeddable":true,"href":"https:\/\/peoplesphere.be\/fr\/wp-json\/wp\/v2\/comments?post=1965"}],"version-history":[{"count":1,"href":"https:\/\/peoplesphere.be\/fr\/wp-json\/wp\/v2\/posts\/1965\/revisions"}],"predecessor-version":[{"id":1966,"href":"https:\/\/peoplesphere.be\/fr\/wp-json\/wp\/v2\/posts\/1965\/revisions\/1966"}],"wp:attachment":[{"href":"https:\/\/peoplesphere.be\/fr\/wp-json\/wp\/v2\/media?parent=1965"}],"wp:term":[{"taxonomy":"category","embeddable":true,"href":"https:\/\/peoplesphere.be\/fr\/wp-json\/wp\/v2\/categories?post=1965"},{"taxonomy":"post_tag","embeddable":true,"href":"https:\/\/peoplesphere.be\/fr\/wp-json\/wp\/v2\/tags?post=1965"}],"curies":[{"name":"wp","href":"https:\/\/api.w.org\/{rel}","templated":true}]}}