









{"id":2037,"date":"2015-10-15T16:08:03","date_gmt":"2015-10-15T14:08:03","guid":{"rendered":"http:\/\/www.peoplesphere.be\/fr\/?p=2037"},"modified":"2015-10-15T23:01:42","modified_gmt":"2015-10-15T21:01:42","slug":"workforce-agility-donnez-nous-votre-avis","status":"publish","type":"post","link":"https:\/\/peoplesphere.be\/fr\/workforce-agility-donnez-nous-votre-avis\/","title":{"rendered":"Workforce Agility : donnez-nous votre avis!"},"content":{"rendered":"<p>En partenariat avec ManpowerGroup, Peoplesphere organise une Taskforce sur l\u2019\u00e9volution du travail flexible en Belgique (selon le dernier Contingent Workforce Index de ManpowerGroup, la Belgique se classe \u00e0 la 57e place sur 75 des pays offrant les conditions les plus favorables pour le travail flexible).<br \/>\nNous vous remercions de participer \u00e0 ce e-survey (2-3 min de votre temps!) qui nous aidera \u00e0 analyser l\u2019\u00e9volution et les enjeux li\u00e9s \u00e0 l\u2019utilisation du travail flexible par les entreprises. Les principaux r\u00e9sultats seront publi\u00e9s via un Digital File \u00e0 para\u00eetre fin novembre.\u00a0Pour participer, cliquez <a href=\"https:\/\/docs.google.com\/forms\/d\/1Hu8vvpR2ZPw4oJ9EnA6rieGhKR8d52SiqqBkq8DDoak\/viewform\">ici<\/a> !<\/p>\n","protected":false},"excerpt":{"rendered":"<p>En partenariat avec ManpowerGroup, Peoplesphere organise une Taskforce sur l\u2019\u00e9volution du travail flexible en Belgique (selon le dernier Contingent Workforce Index de ManpowerGroup, la Belgique se classe \u00e0 la 57e place sur 75 des pays offrant les conditions les plus [&hellip;]<\/p>\n","protected":false},"author":2,"featured_media":0,"comment_status":"closed","ping_status":"open","sticky":false,"template":"","format":"standard","meta":[],"categories":[65,10],"tags":[368,369,371,370,367],"yoast_head":"<!-- This site is optimized with the Yoast SEO plugin v21.0 - https:\/\/yoast.com\/wordpress\/plugins\/seo\/ -->\n<title>Workforce Agility : donnez-nous votre avis! - Peoplesphere<\/title>\n<meta name=\"robots\" content=\"index, follow, max-snippet:-1, max-image-preview:large, max-video-preview:-1\" \/>\n<link rel=\"canonical\" href=\"https:\/\/peoplesphere.be\/fr\/workforce-agility-donnez-nous-votre-avis\/\" \/>\n<meta property=\"og:locale\" content=\"fr_FR\" \/>\n<meta property=\"og:type\" content=\"article\" \/>\n<meta property=\"og:title\" content=\"Workforce Agility : donnez-nous votre avis! - Peoplesphere\" \/>\n<meta property=\"og:description\" content=\"En partenariat avec ManpowerGroup, Peoplesphere organise une Taskforce sur l\u2019\u00e9volution du travail flexible en Belgique (selon le dernier Contingent Workforce Index de ManpowerGroup, la Belgique se classe \u00e0 la 57e place sur 75 des pays offrant les conditions les plus [&hellip;]\" \/>\n<meta property=\"og:url\" content=\"https:\/\/peoplesphere.be\/fr\/workforce-agility-donnez-nous-votre-avis\/\" \/>\n<meta property=\"og:site_name\" content=\"Peoplesphere\" \/>\n<meta property=\"article:publisher\" content=\"https:\/\/www.facebook.com\/peoplesphere\" \/>\n<meta property=\"article:published_time\" content=\"2015-10-15T14:08:03+00:00\" \/>\n<meta property=\"article:modified_time\" content=\"2015-10-15T21:01:42+00:00\" \/>\n<meta property=\"og:image\" content=\"http:\/\/www.peoplesphere.be\/fr\/wp-content\/uploads\/2016\/07\/facebook-default-posting-1200x628px.jpg\" \/>\n<meta name=\"author\" content=\"Jean-Paul Erhard\" \/>\n<meta name=\"twitter:card\" content=\"summary_large_image\" \/>\n<meta name=\"twitter:creator\" content=\"@PeoplesphereMag\" \/>\n<meta name=\"twitter:site\" content=\"@PeoplesphereMag\" \/>\n<meta name=\"twitter:label1\" content=\"\u00c9crit par\" \/>\n\t<meta name=\"twitter:data1\" content=\"Jean-Paul Erhard\" \/>\n<script type=\"application\/ld+json\" class=\"yoast-schema-graph\">{\"@context\":\"https:\/\/schema.org\",\"@graph\":[{\"@type\":\"Article\",\"@id\":\"https:\/\/peoplesphere.be\/fr\/workforce-agility-donnez-nous-votre-avis\/#article\",\"isPartOf\":{\"@id\":\"https:\/\/peoplesphere.be\/fr\/workforce-agility-donnez-nous-votre-avis\/\"},\"author\":{\"name\":\"Jean-Paul Erhard\",\"@id\":\"https:\/\/peoplesphere.be\/fr\/#\/schema\/person\/7976225ff17988604334abb7b3536a7e\"},\"headline\":\"Workforce Agility : donnez-nous votre avis!\",\"datePublished\":\"2015-10-15T14:08:03+00:00\",\"dateModified\":\"2015-10-15T21:01:42+00:00\",\"mainEntityOfPage\":{\"@id\":\"https:\/\/peoplesphere.be\/fr\/workforce-agility-donnez-nous-votre-avis\/\"},\"wordCount\":99,\"publisher\":{\"@id\":\"https:\/\/peoplesphere.be\/fr\/#organization\"},\"keywords\":[\"agility\",\"e-survey\",\"manpowergroup\",\"travail flexible\",\"workforce\"],\"articleSection\":[\"Actualit\u00e9s\",\"Digital\"],\"inLanguage\":\"fr-FR\"},{\"@type\":\"WebPage\",\"@id\":\"https:\/\/peoplesphere.be\/fr\/workforce-agility-donnez-nous-votre-avis\/\",\"url\":\"https:\/\/peoplesphere.be\/fr\/workforce-agility-donnez-nous-votre-avis\/\",\"name\":\"Workforce Agility : donnez-nous votre avis! - Peoplesphere\",\"isPartOf\":{\"@id\":\"https:\/\/peoplesphere.be\/fr\/#website\"},\"datePublished\":\"2015-10-15T14:08:03+00:00\",\"dateModified\":\"2015-10-15T21:01:42+00:00\",\"breadcrumb\":{\"@id\":\"https:\/\/peoplesphere.be\/fr\/workforce-agility-donnez-nous-votre-avis\/#breadcrumb\"},\"inLanguage\":\"fr-FR\",\"potentialAction\":[{\"@type\":\"ReadAction\",\"target\":[\"https:\/\/peoplesphere.be\/fr\/workforce-agility-donnez-nous-votre-avis\/\"]}]},{\"@type\":\"BreadcrumbList\",\"@id\":\"https:\/\/peoplesphere.be\/fr\/workforce-agility-donnez-nous-votre-avis\/#breadcrumb\",\"itemListElement\":[{\"@type\":\"ListItem\",\"position\":1,\"name\":\"Accueil\",\"item\":\"https:\/\/peoplesphere.be\/fr\/\"},{\"@type\":\"ListItem\",\"position\":2,\"name\":\"Workforce Agility : donnez-nous votre avis!\"}]},{\"@type\":\"WebSite\",\"@id\":\"https:\/\/peoplesphere.be\/fr\/#website\",\"url\":\"https:\/\/peoplesphere.be\/fr\/\",\"name\":\"Peoplesphere\",\"description\":\"The People Managers Magazine\",\"publisher\":{\"@id\":\"https:\/\/peoplesphere.be\/fr\/#organization\"},\"potentialAction\":[{\"@type\":\"SearchAction\",\"target\":{\"@type\":\"EntryPoint\",\"urlTemplate\":\"https:\/\/peoplesphere.be\/fr\/?s={search_term_string}\"},\"query-input\":\"required name=search_term_string\"}],\"inLanguage\":\"fr-FR\"},{\"@type\":\"Organization\",\"@id\":\"https:\/\/peoplesphere.be\/fr\/#organization\",\"name\":\"Peoplesphere Company srl\",\"url\":\"https:\/\/peoplesphere.be\/fr\/\",\"logo\":{\"@type\":\"ImageObject\",\"inLanguage\":\"fr-FR\",\"@id\":\"https:\/\/peoplesphere.be\/fr\/#\/schema\/logo\/image\/\",\"url\":\"https:\/\/peoplesphere.be\/fr\/wp-content\/uploads\/2023\/07\/peoplesphere-lgo-new-generik.jpg\",\"contentUrl\":\"https:\/\/peoplesphere.be\/fr\/wp-content\/uploads\/2023\/07\/peoplesphere-lgo-new-generik.jpg\",\"width\":1031,\"height\":1479,\"caption\":\"Peoplesphere Company srl\"},\"image\":{\"@id\":\"https:\/\/peoplesphere.be\/fr\/#\/schema\/logo\/image\/\"},\"sameAs\":[\"https:\/\/www.facebook.com\/peoplesphere\",\"https:\/\/twitter.com\/PeoplesphereMag\",\"https:\/\/www.linkedin.com\/company\/7587361?trk\",\"http:\/\/youtube.com\/peoplesphere\"]},{\"@type\":\"Person\",\"@id\":\"https:\/\/peoplesphere.be\/fr\/#\/schema\/person\/7976225ff17988604334abb7b3536a7e\",\"name\":\"Jean-Paul Erhard\",\"image\":{\"@type\":\"ImageObject\",\"inLanguage\":\"fr-FR\",\"@id\":\"https:\/\/peoplesphere.be\/fr\/#\/schema\/person\/image\/\",\"url\":\"https:\/\/secure.gravatar.com\/avatar\/f941e681460179738071629a51574930?s=96&d=mm&r=g\",\"contentUrl\":\"https:\/\/secure.gravatar.com\/avatar\/f941e681460179738071629a51574930?s=96&d=mm&r=g\",\"caption\":\"Jean-Paul Erhard\"},\"url\":\"https:\/\/peoplesphere.be\/fr\/author\/jpe\/\"}]}<\/script>\n<!-- \/ Yoast SEO plugin. -->","yoast_head_json":{"title":"Workforce Agility : donnez-nous votre avis! - Peoplesphere","robots":{"index":"index","follow":"follow","max-snippet":"max-snippet:-1","max-image-preview":"max-image-preview:large","max-video-preview":"max-video-preview:-1"},"canonical":"https:\/\/peoplesphere.be\/fr\/workforce-agility-donnez-nous-votre-avis\/","og_locale":"fr_FR","og_type":"article","og_title":"Workforce Agility : donnez-nous votre avis! - Peoplesphere","og_description":"En partenariat avec ManpowerGroup, Peoplesphere organise une Taskforce sur l\u2019\u00e9volution du travail flexible en Belgique (selon le dernier Contingent Workforce Index de ManpowerGroup, la Belgique se classe \u00e0 la 57e place sur 75 des pays offrant les conditions les plus [&hellip;]","og_url":"https:\/\/peoplesphere.be\/fr\/workforce-agility-donnez-nous-votre-avis\/","og_site_name":"Peoplesphere","article_publisher":"https:\/\/www.facebook.com\/peoplesphere","article_published_time":"2015-10-15T14:08:03+00:00","article_modified_time":"2015-10-15T21:01:42+00:00","og_image":[{"url":"http:\/\/www.peoplesphere.be\/fr\/wp-content\/uploads\/2016\/07\/facebook-default-posting-1200x628px.jpg"}],"author":"Jean-Paul Erhard","twitter_card":"summary_large_image","twitter_creator":"@PeoplesphereMag","twitter_site":"@PeoplesphereMag","twitter_misc":{"\u00c9crit par":"Jean-Paul Erhard"},"schema":{"@context":"https:\/\/schema.org","@graph":[{"@type":"Article","@id":"https:\/\/peoplesphere.be\/fr\/workforce-agility-donnez-nous-votre-avis\/#article","isPartOf":{"@id":"https:\/\/peoplesphere.be\/fr\/workforce-agility-donnez-nous-votre-avis\/"},"author":{"name":"Jean-Paul Erhard","@id":"https:\/\/peoplesphere.be\/fr\/#\/schema\/person\/7976225ff17988604334abb7b3536a7e"},"headline":"Workforce Agility : donnez-nous votre avis!","datePublished":"2015-10-15T14:08:03+00:00","dateModified":"2015-10-15T21:01:42+00:00","mainEntityOfPage":{"@id":"https:\/\/peoplesphere.be\/fr\/workforce-agility-donnez-nous-votre-avis\/"},"wordCount":99,"publisher":{"@id":"https:\/\/peoplesphere.be\/fr\/#organization"},"keywords":["agility","e-survey","manpowergroup","travail flexible","workforce"],"articleSection":["Actualit\u00e9s","Digital"],"inLanguage":"fr-FR"},{"@type":"WebPage","@id":"https:\/\/peoplesphere.be\/fr\/workforce-agility-donnez-nous-votre-avis\/","url":"https:\/\/peoplesphere.be\/fr\/workforce-agility-donnez-nous-votre-avis\/","name":"Workforce Agility : donnez-nous votre avis! - Peoplesphere","isPartOf":{"@id":"https:\/\/peoplesphere.be\/fr\/#website"},"datePublished":"2015-10-15T14:08:03+00:00","dateModified":"2015-10-15T21:01:42+00:00","breadcrumb":{"@id":"https:\/\/peoplesphere.be\/fr\/workforce-agility-donnez-nous-votre-avis\/#breadcrumb"},"inLanguage":"fr-FR","potentialAction":[{"@type":"ReadAction","target":["https:\/\/peoplesphere.be\/fr\/workforce-agility-donnez-nous-votre-avis\/"]}]},{"@type":"BreadcrumbList","@id":"https:\/\/peoplesphere.be\/fr\/workforce-agility-donnez-nous-votre-avis\/#breadcrumb","itemListElement":[{"@type":"ListItem","position":1,"name":"Accueil","item":"https:\/\/peoplesphere.be\/fr\/"},{"@type":"ListItem","position":2,"name":"Workforce Agility : donnez-nous votre avis!"}]},{"@type":"WebSite","@id":"https:\/\/peoplesphere.be\/fr\/#website","url":"https:\/\/peoplesphere.be\/fr\/","name":"Peoplesphere","description":"The People Managers Magazine","publisher":{"@id":"https:\/\/peoplesphere.be\/fr\/#organization"},"potentialAction":[{"@type":"SearchAction","target":{"@type":"EntryPoint","urlTemplate":"https:\/\/peoplesphere.be\/fr\/?s={search_term_string}"},"query-input":"required name=search_term_string"}],"inLanguage":"fr-FR"},{"@type":"Organization","@id":"https:\/\/peoplesphere.be\/fr\/#organization","name":"Peoplesphere Company srl","url":"https:\/\/peoplesphere.be\/fr\/","logo":{"@type":"ImageObject","inLanguage":"fr-FR","@id":"https:\/\/peoplesphere.be\/fr\/#\/schema\/logo\/image\/","url":"https:\/\/peoplesphere.be\/fr\/wp-content\/uploads\/2023\/07\/peoplesphere-lgo-new-generik.jpg","contentUrl":"https:\/\/peoplesphere.be\/fr\/wp-content\/uploads\/2023\/07\/peoplesphere-lgo-new-generik.jpg","width":1031,"height":1479,"caption":"Peoplesphere Company srl"},"image":{"@id":"https:\/\/peoplesphere.be\/fr\/#\/schema\/logo\/image\/"},"sameAs":["https:\/\/www.facebook.com\/peoplesphere","https:\/\/twitter.com\/PeoplesphereMag","https:\/\/www.linkedin.com\/company\/7587361?trk","http:\/\/youtube.com\/peoplesphere"]},{"@type":"Person","@id":"https:\/\/peoplesphere.be\/fr\/#\/schema\/person\/7976225ff17988604334abb7b3536a7e","name":"Jean-Paul Erhard","image":{"@type":"ImageObject","inLanguage":"fr-FR","@id":"https:\/\/peoplesphere.be\/fr\/#\/schema\/person\/image\/","url":"https:\/\/secure.gravatar.com\/avatar\/f941e681460179738071629a51574930?s=96&d=mm&r=g","contentUrl":"https:\/\/secure.gravatar.com\/avatar\/f941e681460179738071629a51574930?s=96&d=mm&r=g","caption":"Jean-Paul Erhard"},"url":"https:\/\/peoplesphere.be\/fr\/author\/jpe\/"}]}},"_links":{"self":[{"href":"https:\/\/peoplesphere.be\/fr\/wp-json\/wp\/v2\/posts\/2037"}],"collection":[{"href":"https:\/\/peoplesphere.be\/fr\/wp-json\/wp\/v2\/posts"}],"about":[{"href":"https:\/\/peoplesphere.be\/fr\/wp-json\/wp\/v2\/types\/post"}],"author":[{"embeddable":true,"href":"https:\/\/peoplesphere.be\/fr\/wp-json\/wp\/v2\/users\/2"}],"replies":[{"embeddable":true,"href":"https:\/\/peoplesphere.be\/fr\/wp-json\/wp\/v2\/comments?post=2037"}],"version-history":[{"count":1,"href":"https:\/\/peoplesphere.be\/fr\/wp-json\/wp\/v2\/posts\/2037\/revisions"}],"predecessor-version":[{"id":2038,"href":"https:\/\/peoplesphere.be\/fr\/wp-json\/wp\/v2\/posts\/2037\/revisions\/2038"}],"wp:attachment":[{"href":"https:\/\/peoplesphere.be\/fr\/wp-json\/wp\/v2\/media?parent=2037"}],"wp:term":[{"taxonomy":"category","embeddable":true,"href":"https:\/\/peoplesphere.be\/fr\/wp-json\/wp\/v2\/categories?post=2037"},{"taxonomy":"post_tag","embeddable":true,"href":"https:\/\/peoplesphere.be\/fr\/wp-json\/wp\/v2\/tags?post=2037"}],"curies":[{"name":"wp","href":"https:\/\/api.w.org\/{rel}","templated":true}]}}