









{"id":2081,"date":"2015-10-22T12:28:16","date_gmt":"2015-10-22T10:28:16","guid":{"rendered":"http:\/\/www.peoplesphere.be\/fr\/?p=2081"},"modified":"2015-10-22T12:28:16","modified_gmt":"2015-10-22T10:28:16","slug":"emploi-handicap-la-fonction-publique-peine-a-montrer-lexemple","status":"publish","type":"post","link":"https:\/\/peoplesphere.be\/fr\/emploi-handicap-la-fonction-publique-peine-a-montrer-lexemple\/","title":{"rendered":"Emploi &#038; Handicap : la fonction publique peine \u00e0 montrer l&rsquo;exemple."},"content":{"rendered":"<h1>La Commission d\u2019accompagnement pour le recrutement de personnes avec un handicap dans la fonction publique f\u00e9d\u00e9rale (CARPH) vient de publier\u00a0son rapport d\u2019\u00e9valuation 2014 quant \u00e0 la situation de l&#8217;emploi des personnes handicap\u00e9es au sein de la fonction publique. Une \u00e9crasante majorit\u00e9 des 55 services publics f\u00e9d\u00e9raux ne parvient pas \u00e0 atteindre le quota de 3% au sein de leurs effectifs.<!--more--><\/h1>\n<p>Le rapport signale en effet <em>\u00ab\u00a0qu&rsquo;en 2014, le taux d\u2019emploi des personnes avec un handicap dans la fonction publique f\u00e9d\u00e9rale s\u2019\u00e9l\u00e8ve \u00e0 1,45% (1,39% en incluant la Police f\u00e9d\u00e9rale). Au total, 7 organisations f\u00e9d\u00e9rales atteignent ou d\u00e9passent le quota de 3% de mise \u00e0 l\u2019emploi de personnes avec un handicap.\u00a0\u00bb<\/em><\/p>\n<p>Tous secteurs confondus, le taux d\u2019emploi des personnes reconnues comme ayant un handicap est de 1,45 % en 2014. Ce taux est inf\u00e9rieur \u00e0 celui relev\u00e9 en 2013 (1,57%). Le taux d\u2019emploi des autres ann\u00e9es \u00e9tait de 1,54% en 2012, 1,37% en 2011, 1,28% en 2010 et 0,9% en 2009. Il est de 1,39% si les chiffres de la Police f\u00e9d\u00e9rale, comptabilis\u00e9e pour la premi\u00e8re fois en 2013, sont inclus.<\/p>\n<p>En 2014, ce sont 7 organisations f\u00e9d\u00e9rales qui atteignent ou d\u00e9passent le quota de 3% (contre 9 en 2013):<br \/>\n\u00b7 l\u2019Institut pour l\u2019Egalit\u00e9 des Femmes et des Hommes<br \/>\n\u00b7 le SPF Technologie de l\u2019Information et de la Communication<br \/>\n\u00b7 le SPF Emploi, Travail et Concertation sociale<br \/>\n\u00b7 l\u2019Institut royal du Patrimoine artistique<br \/>\n\u00b7 le Minist\u00e8re de la D\u00e9fense nationale<br \/>\n\u00b7 la R\u00e9gie des B\u00e2timents<br \/>\n\u00b7 la Banque-Carrefour de la S\u00e9curit\u00e9 sociale<\/p>\n<p>Pour la premi\u00e8re fois depuis sa cr\u00e9ation, la CARPH enregistre donc une l\u00e9g\u00e8re baisse (- 0,12%) du taux d\u2019emploi des personnes avec un handicap dans la fonction publique f\u00e9d\u00e9rale. D\u2019apr\u00e8s la Commission, cette diminution peut s\u2019expliquer par :<\/p>\n<p>\u00b7 La baisse du nombre global de fonctionnaires f\u00e9d\u00e9raux. En 5 ans, le nombre de fonctionnaires f\u00e9d\u00e9raux a diminu\u00e9 de plus de 7% ;<br \/>\n\u00b7 Le d\u00e9part \u00e0 la pension de fonctionnaires reconnus comme personne handicap\u00e9e ;<br \/>\n\u00b7 La diminution du nombre de fonctions de niveau D, niveau dans lequel les collaborateurs avec un handicap sont surrepr\u00e9sent\u00e9s.<\/p>\n<p><strong><em>Comment agir ?<\/em><\/strong><\/p>\n<p>Dans son rapport d\u2019\u00e9valuation pour l\u2019ann\u00e9e 2014, la CARPH dresse constats et analyses bas\u00e9s sur des donn\u00e9es r\u00e9colt\u00e9es aupr\u00e8s des 55 organisations f\u00e9d\u00e9rales concernant l\u2019emploi des personnes avec un handicap. La Commission adresse \u00e9galement aux acteurs concern\u00e9s une s\u00e9rie de recommandations visant \u00e0 poursuivre les efforts en vue d\u2019am\u00e9liorer le recrutement des personnes avec un handicap au sein de la fonction publique f\u00e9d\u00e9rale.<\/p>\n<p>En 2014, le CARPH a poursuivi sa mission et a notamment abord\u00e9 :<\/p>\n<p>\u00b7 la mani\u00e8re de comptabiliser les personnes handicap\u00e9es travaillant au sein de la fonction publique f\u00e9d\u00e9rale dans le cadre du changement dans l\u2019encodage des donn\u00e9es (via Pdata) ;<br \/>\n\u00b7 le suivi de l\u2019obligation de consulter les listes sp\u00e9cifiques de recrutement pour les organisations n\u2019atteignant pas 3% : rencontre avec le chef de corps de l\u2019Inspection des Finances et pr\u00e9sentation par Selor du fonctionnement de ces listes ;<br \/>\n\u00b7 les canaux de communication du Selor au sujet des possibilit\u00e9s d\u2019emploi pour les personnes handicap\u00e9es dans la fonction publique f\u00e9d\u00e9rale ;<br \/>\n\u00b7 les m\u00e9canismes de r\u00e9int\u00e9gration au travail des fonctionnaires suite \u00e0 une maladie de longue dur\u00e9e (information).<\/p>\n<p>Emilie De Smet, pr\u00e9sidente de la CARPH, rappelle le r\u00f4le de son organisation en vue d&rsquo;alimenter la r\u00e9flexion sur l&#8217;emploi des personnes handicap\u00e9es dans la fonction publique: \u00ab\u00a0<em>Depuis 2014, le stage \u00e0 temps partiel pour les personnes handicap\u00e9es est d\u00e9sormais possible et l\u2019attestation VOP (\u00ab\u00a0Vlaamse ondersteuningspremie\u00a0\u00bb) d\u00e9livr\u00e9e par le VDAB a \u00e9t\u00e9 ajout\u00e9e aux crit\u00e8res de reconnaissance du handicap. Ces mesures avaient \u00e9t\u00e9 propos\u00e9es dans les recommandations des rapports pr\u00e9c\u00e9dents de la CARPH. La Commission se r\u00e9jouit de ces \u00e9volutions positives. \u00bb<\/em><\/p>\n<p>&nbsp;<\/p>\n","protected":false},"excerpt":{"rendered":"<p>La Commission d\u2019accompagnement pour le recrutement de personnes avec un handicap dans la fonction publique f\u00e9d\u00e9rale (CARPH) vient de publier\u00a0son rapport d\u2019\u00e9valuation 2014 quant \u00e0 la situation de l&#8217;emploi des personnes handicap\u00e9es au sein de la fonction publique. Une \u00e9crasante [&hellip;]<\/p>\n","protected":false},"author":2,"featured_media":0,"comment_status":"closed","ping_status":"open","sticky":false,"template":"","format":"standard","meta":[],"categories":[65,10],"tags":[11,393,392,391,395,394],"yoast_head":"<!-- This site is optimized with the Yoast SEO plugin v21.0 - https:\/\/yoast.com\/wordpress\/plugins\/seo\/ -->\n<title>Emploi &amp; Handicap : la fonction publique peine \u00e0 montrer l&#039;exemple. - Peoplesphere<\/title>\n<meta name=\"robots\" content=\"index, follow, max-snippet:-1, max-image-preview:large, max-video-preview:-1\" \/>\n<link rel=\"canonical\" href=\"https:\/\/peoplesphere.be\/fr\/emploi-handicap-la-fonction-publique-peine-a-montrer-lexemple\/\" \/>\n<meta property=\"og:locale\" content=\"fr_FR\" \/>\n<meta property=\"og:type\" content=\"article\" \/>\n<meta property=\"og:title\" content=\"Emploi &amp; Handicap : la fonction publique peine \u00e0 montrer l&#039;exemple. - Peoplesphere\" \/>\n<meta property=\"og:description\" content=\"La Commission d\u2019accompagnement pour le recrutement de personnes avec un handicap dans la fonction publique f\u00e9d\u00e9rale (CARPH) vient de publier\u00a0son rapport d\u2019\u00e9valuation 2014 quant \u00e0 la situation de l&#8217;emploi des personnes handicap\u00e9es au sein de la fonction publique. Une \u00e9crasante [&hellip;]\" \/>\n<meta property=\"og:url\" content=\"https:\/\/peoplesphere.be\/fr\/emploi-handicap-la-fonction-publique-peine-a-montrer-lexemple\/\" \/>\n<meta property=\"og:site_name\" content=\"Peoplesphere\" \/>\n<meta property=\"article:publisher\" content=\"https:\/\/www.facebook.com\/peoplesphere\" \/>\n<meta property=\"article:published_time\" content=\"2015-10-22T10:28:16+00:00\" \/>\n<meta property=\"og:image\" content=\"http:\/\/www.peoplesphere.be\/fr\/wp-content\/uploads\/2016\/07\/facebook-default-posting-1200x628px.jpg\" \/>\n<meta name=\"author\" content=\"Jean-Paul Erhard\" \/>\n<meta name=\"twitter:card\" content=\"summary_large_image\" \/>\n<meta name=\"twitter:creator\" content=\"@PeoplesphereMag\" \/>\n<meta name=\"twitter:site\" content=\"@PeoplesphereMag\" \/>\n<meta name=\"twitter:label1\" content=\"\u00c9crit par\" \/>\n\t<meta name=\"twitter:data1\" content=\"Jean-Paul Erhard\" \/>\n\t<meta name=\"twitter:label2\" content=\"Dur\u00e9e de lecture estim\u00e9e\" \/>\n\t<meta name=\"twitter:data2\" content=\"3 minutes\" \/>\n<script type=\"application\/ld+json\" class=\"yoast-schema-graph\">{\"@context\":\"https:\/\/schema.org\",\"@graph\":[{\"@type\":\"Article\",\"@id\":\"https:\/\/peoplesphere.be\/fr\/emploi-handicap-la-fonction-publique-peine-a-montrer-lexemple\/#article\",\"isPartOf\":{\"@id\":\"https:\/\/peoplesphere.be\/fr\/emploi-handicap-la-fonction-publique-peine-a-montrer-lexemple\/\"},\"author\":{\"name\":\"Jean-Paul Erhard\",\"@id\":\"https:\/\/peoplesphere.be\/fr\/#\/schema\/person\/7976225ff17988604334abb7b3536a7e\"},\"headline\":\"Emploi &#038; Handicap : la fonction publique peine \u00e0 montrer l&rsquo;exemple.\",\"datePublished\":\"2015-10-22T10:28:16+00:00\",\"dateModified\":\"2015-10-22T10:28:16+00:00\",\"mainEntityOfPage\":{\"@id\":\"https:\/\/peoplesphere.be\/fr\/emploi-handicap-la-fonction-publique-peine-a-montrer-lexemple\/\"},\"wordCount\":662,\"publisher\":{\"@id\":\"https:\/\/peoplesphere.be\/fr\/#organization\"},\"keywords\":[\"emploi\",\"f\u00e9d\u00e9ral\",\"fonction publique\",\"handicap\",\"quotas\",\"taux d'emploi\"],\"articleSection\":[\"Actualit\u00e9s\",\"Digital\"],\"inLanguage\":\"fr-FR\"},{\"@type\":\"WebPage\",\"@id\":\"https:\/\/peoplesphere.be\/fr\/emploi-handicap-la-fonction-publique-peine-a-montrer-lexemple\/\",\"url\":\"https:\/\/peoplesphere.be\/fr\/emploi-handicap-la-fonction-publique-peine-a-montrer-lexemple\/\",\"name\":\"Emploi & Handicap : la fonction publique peine \u00e0 montrer l'exemple. - Peoplesphere\",\"isPartOf\":{\"@id\":\"https:\/\/peoplesphere.be\/fr\/#website\"},\"datePublished\":\"2015-10-22T10:28:16+00:00\",\"dateModified\":\"2015-10-22T10:28:16+00:00\",\"breadcrumb\":{\"@id\":\"https:\/\/peoplesphere.be\/fr\/emploi-handicap-la-fonction-publique-peine-a-montrer-lexemple\/#breadcrumb\"},\"inLanguage\":\"fr-FR\",\"potentialAction\":[{\"@type\":\"ReadAction\",\"target\":[\"https:\/\/peoplesphere.be\/fr\/emploi-handicap-la-fonction-publique-peine-a-montrer-lexemple\/\"]}]},{\"@type\":\"BreadcrumbList\",\"@id\":\"https:\/\/peoplesphere.be\/fr\/emploi-handicap-la-fonction-publique-peine-a-montrer-lexemple\/#breadcrumb\",\"itemListElement\":[{\"@type\":\"ListItem\",\"position\":1,\"name\":\"Accueil\",\"item\":\"https:\/\/peoplesphere.be\/fr\/\"},{\"@type\":\"ListItem\",\"position\":2,\"name\":\"Emploi &#038; Handicap : la fonction publique peine \u00e0 montrer l&rsquo;exemple.\"}]},{\"@type\":\"WebSite\",\"@id\":\"https:\/\/peoplesphere.be\/fr\/#website\",\"url\":\"https:\/\/peoplesphere.be\/fr\/\",\"name\":\"Peoplesphere\",\"description\":\"The People Managers Magazine\",\"publisher\":{\"@id\":\"https:\/\/peoplesphere.be\/fr\/#organization\"},\"potentialAction\":[{\"@type\":\"SearchAction\",\"target\":{\"@type\":\"EntryPoint\",\"urlTemplate\":\"https:\/\/peoplesphere.be\/fr\/?s={search_term_string}\"},\"query-input\":\"required name=search_term_string\"}],\"inLanguage\":\"fr-FR\"},{\"@type\":\"Organization\",\"@id\":\"https:\/\/peoplesphere.be\/fr\/#organization\",\"name\":\"Peoplesphere Company srl\",\"url\":\"https:\/\/peoplesphere.be\/fr\/\",\"logo\":{\"@type\":\"ImageObject\",\"inLanguage\":\"fr-FR\",\"@id\":\"https:\/\/peoplesphere.be\/fr\/#\/schema\/logo\/image\/\",\"url\":\"https:\/\/peoplesphere.be\/fr\/wp-content\/uploads\/2023\/07\/peoplesphere-lgo-new-generik.jpg\",\"contentUrl\":\"https:\/\/peoplesphere.be\/fr\/wp-content\/uploads\/2023\/07\/peoplesphere-lgo-new-generik.jpg\",\"width\":1031,\"height\":1479,\"caption\":\"Peoplesphere Company srl\"},\"image\":{\"@id\":\"https:\/\/peoplesphere.be\/fr\/#\/schema\/logo\/image\/\"},\"sameAs\":[\"https:\/\/www.facebook.com\/peoplesphere\",\"https:\/\/twitter.com\/PeoplesphereMag\",\"https:\/\/www.linkedin.com\/company\/7587361?trk\",\"http:\/\/youtube.com\/peoplesphere\"]},{\"@type\":\"Person\",\"@id\":\"https:\/\/peoplesphere.be\/fr\/#\/schema\/person\/7976225ff17988604334abb7b3536a7e\",\"name\":\"Jean-Paul Erhard\",\"image\":{\"@type\":\"ImageObject\",\"inLanguage\":\"fr-FR\",\"@id\":\"https:\/\/peoplesphere.be\/fr\/#\/schema\/person\/image\/\",\"url\":\"https:\/\/secure.gravatar.com\/avatar\/f941e681460179738071629a51574930?s=96&d=mm&r=g\",\"contentUrl\":\"https:\/\/secure.gravatar.com\/avatar\/f941e681460179738071629a51574930?s=96&d=mm&r=g\",\"caption\":\"Jean-Paul Erhard\"},\"url\":\"https:\/\/peoplesphere.be\/fr\/author\/jpe\/\"}]}<\/script>\n<!-- \/ Yoast SEO plugin. -->","yoast_head_json":{"title":"Emploi & Handicap : la fonction publique peine \u00e0 montrer l'exemple. - Peoplesphere","robots":{"index":"index","follow":"follow","max-snippet":"max-snippet:-1","max-image-preview":"max-image-preview:large","max-video-preview":"max-video-preview:-1"},"canonical":"https:\/\/peoplesphere.be\/fr\/emploi-handicap-la-fonction-publique-peine-a-montrer-lexemple\/","og_locale":"fr_FR","og_type":"article","og_title":"Emploi & Handicap : la fonction publique peine \u00e0 montrer l'exemple. - Peoplesphere","og_description":"La Commission d\u2019accompagnement pour le recrutement de personnes avec un handicap dans la fonction publique f\u00e9d\u00e9rale (CARPH) vient de publier\u00a0son rapport d\u2019\u00e9valuation 2014 quant \u00e0 la situation de l&#8217;emploi des personnes handicap\u00e9es au sein de la fonction publique. Une \u00e9crasante [&hellip;]","og_url":"https:\/\/peoplesphere.be\/fr\/emploi-handicap-la-fonction-publique-peine-a-montrer-lexemple\/","og_site_name":"Peoplesphere","article_publisher":"https:\/\/www.facebook.com\/peoplesphere","article_published_time":"2015-10-22T10:28:16+00:00","og_image":[{"url":"http:\/\/www.peoplesphere.be\/fr\/wp-content\/uploads\/2016\/07\/facebook-default-posting-1200x628px.jpg"}],"author":"Jean-Paul Erhard","twitter_card":"summary_large_image","twitter_creator":"@PeoplesphereMag","twitter_site":"@PeoplesphereMag","twitter_misc":{"\u00c9crit par":"Jean-Paul Erhard","Dur\u00e9e de lecture estim\u00e9e":"3 minutes"},"schema":{"@context":"https:\/\/schema.org","@graph":[{"@type":"Article","@id":"https:\/\/peoplesphere.be\/fr\/emploi-handicap-la-fonction-publique-peine-a-montrer-lexemple\/#article","isPartOf":{"@id":"https:\/\/peoplesphere.be\/fr\/emploi-handicap-la-fonction-publique-peine-a-montrer-lexemple\/"},"author":{"name":"Jean-Paul Erhard","@id":"https:\/\/peoplesphere.be\/fr\/#\/schema\/person\/7976225ff17988604334abb7b3536a7e"},"headline":"Emploi &#038; Handicap : la fonction publique peine \u00e0 montrer l&rsquo;exemple.","datePublished":"2015-10-22T10:28:16+00:00","dateModified":"2015-10-22T10:28:16+00:00","mainEntityOfPage":{"@id":"https:\/\/peoplesphere.be\/fr\/emploi-handicap-la-fonction-publique-peine-a-montrer-lexemple\/"},"wordCount":662,"publisher":{"@id":"https:\/\/peoplesphere.be\/fr\/#organization"},"keywords":["emploi","f\u00e9d\u00e9ral","fonction publique","handicap","quotas","taux d'emploi"],"articleSection":["Actualit\u00e9s","Digital"],"inLanguage":"fr-FR"},{"@type":"WebPage","@id":"https:\/\/peoplesphere.be\/fr\/emploi-handicap-la-fonction-publique-peine-a-montrer-lexemple\/","url":"https:\/\/peoplesphere.be\/fr\/emploi-handicap-la-fonction-publique-peine-a-montrer-lexemple\/","name":"Emploi & Handicap : la fonction publique peine \u00e0 montrer l'exemple. - Peoplesphere","isPartOf":{"@id":"https:\/\/peoplesphere.be\/fr\/#website"},"datePublished":"2015-10-22T10:28:16+00:00","dateModified":"2015-10-22T10:28:16+00:00","breadcrumb":{"@id":"https:\/\/peoplesphere.be\/fr\/emploi-handicap-la-fonction-publique-peine-a-montrer-lexemple\/#breadcrumb"},"inLanguage":"fr-FR","potentialAction":[{"@type":"ReadAction","target":["https:\/\/peoplesphere.be\/fr\/emploi-handicap-la-fonction-publique-peine-a-montrer-lexemple\/"]}]},{"@type":"BreadcrumbList","@id":"https:\/\/peoplesphere.be\/fr\/emploi-handicap-la-fonction-publique-peine-a-montrer-lexemple\/#breadcrumb","itemListElement":[{"@type":"ListItem","position":1,"name":"Accueil","item":"https:\/\/peoplesphere.be\/fr\/"},{"@type":"ListItem","position":2,"name":"Emploi &#038; Handicap : la fonction publique peine \u00e0 montrer l&rsquo;exemple."}]},{"@type":"WebSite","@id":"https:\/\/peoplesphere.be\/fr\/#website","url":"https:\/\/peoplesphere.be\/fr\/","name":"Peoplesphere","description":"The People Managers Magazine","publisher":{"@id":"https:\/\/peoplesphere.be\/fr\/#organization"},"potentialAction":[{"@type":"SearchAction","target":{"@type":"EntryPoint","urlTemplate":"https:\/\/peoplesphere.be\/fr\/?s={search_term_string}"},"query-input":"required name=search_term_string"}],"inLanguage":"fr-FR"},{"@type":"Organization","@id":"https:\/\/peoplesphere.be\/fr\/#organization","name":"Peoplesphere Company srl","url":"https:\/\/peoplesphere.be\/fr\/","logo":{"@type":"ImageObject","inLanguage":"fr-FR","@id":"https:\/\/peoplesphere.be\/fr\/#\/schema\/logo\/image\/","url":"https:\/\/peoplesphere.be\/fr\/wp-content\/uploads\/2023\/07\/peoplesphere-lgo-new-generik.jpg","contentUrl":"https:\/\/peoplesphere.be\/fr\/wp-content\/uploads\/2023\/07\/peoplesphere-lgo-new-generik.jpg","width":1031,"height":1479,"caption":"Peoplesphere Company srl"},"image":{"@id":"https:\/\/peoplesphere.be\/fr\/#\/schema\/logo\/image\/"},"sameAs":["https:\/\/www.facebook.com\/peoplesphere","https:\/\/twitter.com\/PeoplesphereMag","https:\/\/www.linkedin.com\/company\/7587361?trk","http:\/\/youtube.com\/peoplesphere"]},{"@type":"Person","@id":"https:\/\/peoplesphere.be\/fr\/#\/schema\/person\/7976225ff17988604334abb7b3536a7e","name":"Jean-Paul Erhard","image":{"@type":"ImageObject","inLanguage":"fr-FR","@id":"https:\/\/peoplesphere.be\/fr\/#\/schema\/person\/image\/","url":"https:\/\/secure.gravatar.com\/avatar\/f941e681460179738071629a51574930?s=96&d=mm&r=g","contentUrl":"https:\/\/secure.gravatar.com\/avatar\/f941e681460179738071629a51574930?s=96&d=mm&r=g","caption":"Jean-Paul Erhard"},"url":"https:\/\/peoplesphere.be\/fr\/author\/jpe\/"}]}},"_links":{"self":[{"href":"https:\/\/peoplesphere.be\/fr\/wp-json\/wp\/v2\/posts\/2081"}],"collection":[{"href":"https:\/\/peoplesphere.be\/fr\/wp-json\/wp\/v2\/posts"}],"about":[{"href":"https:\/\/peoplesphere.be\/fr\/wp-json\/wp\/v2\/types\/post"}],"author":[{"embeddable":true,"href":"https:\/\/peoplesphere.be\/fr\/wp-json\/wp\/v2\/users\/2"}],"replies":[{"embeddable":true,"href":"https:\/\/peoplesphere.be\/fr\/wp-json\/wp\/v2\/comments?post=2081"}],"version-history":[{"count":1,"href":"https:\/\/peoplesphere.be\/fr\/wp-json\/wp\/v2\/posts\/2081\/revisions"}],"predecessor-version":[{"id":2082,"href":"https:\/\/peoplesphere.be\/fr\/wp-json\/wp\/v2\/posts\/2081\/revisions\/2082"}],"wp:attachment":[{"href":"https:\/\/peoplesphere.be\/fr\/wp-json\/wp\/v2\/media?parent=2081"}],"wp:term":[{"taxonomy":"category","embeddable":true,"href":"https:\/\/peoplesphere.be\/fr\/wp-json\/wp\/v2\/categories?post=2081"},{"taxonomy":"post_tag","embeddable":true,"href":"https:\/\/peoplesphere.be\/fr\/wp-json\/wp\/v2\/tags?post=2081"}],"curies":[{"name":"wp","href":"https:\/\/api.w.org\/{rel}","templated":true}]}}