









{"id":2104,"date":"2015-10-28T14:25:20","date_gmt":"2015-10-28T12:25:20","guid":{"rendered":"http:\/\/www.peoplesphere.be\/fr\/?p=2104"},"modified":"2015-10-28T14:25:20","modified_gmt":"2015-10-28T12:25:20","slug":"les-ex-collaborateurs-premiers-lanceurs-dalerte-en-matiere-de-legalite-des-softwares-utilises","status":"publish","type":"post","link":"https:\/\/peoplesphere.be\/fr\/les-ex-collaborateurs-premiers-lanceurs-dalerte-en-matiere-de-legalite-des-softwares-utilises\/","title":{"rendered":"Les ex-collaborateurs, premiers lanceurs d&rsquo;alerte en mati\u00e8re de l\u00e9galit\u00e9 des softwares utilis\u00e9s"},"content":{"rendered":"<h1>24 % de tous les logiciels en Belgique sont utilis\u00e9s sans licence, ce qui constitue un risque important. Les entreprises n\u2019en sont souvent pas conscientes en raison d\u2019un manque d\u2019informations et de connaissances sur le sujet. La situation les expose \u00e0 un risque important. D&rsquo;autant plus que l&rsquo;exigence de probit\u00e9 \u00e9mane de l&rsquo;interne. Ce sont en effet les ex-collaborateurs qui d\u00e9noncent le plus souvent leur ancien employeur.<!--more--><\/h1>\n<p>Selon un communiqu\u00e9 publi\u00e9 par The Software Alliance \/ BSA, <em>\u00ab\u00a0les entreprises qui utilisent des logiciels ill\u00e9gaux sont d\u00e9nonc\u00e9es le plus souvent par des ex-collaborateurs. C\u2019est ce qui ressort d\u2019une \u00e9tude interne de la BSA. 60 % des renseignements re\u00e7u par la BSA proviennent d\u2019informateurs et d\u2019enqu\u00eateurs. Le pourcentage effectif de d\u00e9lateurs devrait toutefois \u00eatre encore plus \u00e9lev\u00e9, sachant que 25 % des informateurs veulent rester anonymes. 85 % des renseignements re\u00e7us par la BSA proviennent d\u2019informateurs.\u00a0\u00bb<\/em><\/p>\n<p>La BSA poursuit \u00e9galement la lutte contre les logiciels ill\u00e9gaux. La nouvelle campagne \u00ab Fact or Fiction \u00bb a ainsi d\u00e9but\u00e9 en avril de cette ann\u00e9e. La BSA a pr\u00e9sent\u00e9 la r\u00e9alit\u00e9 de l\u2019utilisation de logiciels ill\u00e9gaux afin de faire prendre conscience aux entreprises des risques qu\u2019elles encourent. Les mensonges habituels sur les logiciels professionnels ont \u00e9galement \u00e9t\u00e9 d\u00e9masqu\u00e9s \u00e0 cette occasion. D\u00e8s \u00e0 pr\u00e9sent, 12 000 entreprises peuvent \u00e0 nouveau s\u2019attendre \u00e0 recevoir une lettre dans leur bo\u00eete.<\/p>\n<p>La BSA a adapt\u00e9 son site web (www.bsa.be) \u00e0 cette fin. Dor\u00e9navant, la plupart des e-books et des manuels sont librement consultables et t\u00e9l\u00e9chargeables. Les entreprises peuvent \u00e9galement consulter anonymement le calculateur de risque. Celui-ci donne une \u00e9valuation indicative des risques qu\u2019encourent les entreprises qui utilisent des logiciels ill\u00e9gaux, tant du point de vue de leur image de marque que de leur rentabilit\u00e9. Avec ces outils, la BSA veut aider les entreprises \u00e0 rester ou \u00e0 se mettre en conformit\u00e9. Tout ceci vise \u00e0 pr\u00e9venir des risques potentiels, notamment les programmes malveillants.<\/p>\n","protected":false},"excerpt":{"rendered":"<p>24 % de tous les logiciels en Belgique sont utilis\u00e9s sans licence, ce qui constitue un risque important. Les entreprises n\u2019en sont souvent pas conscientes en raison d\u2019un manque d\u2019informations et de connaissances sur le sujet. La situation les expose [&hellip;]<\/p>\n","protected":false},"author":2,"featured_media":0,"comment_status":"closed","ping_status":"open","sticky":false,"template":"","format":"standard","meta":[],"categories":[65,10],"tags":[402,77,404,403],"yoast_head":"<!-- This site is optimized with the Yoast SEO plugin v21.0 - https:\/\/yoast.com\/wordpress\/plugins\/seo\/ -->\n<title>Les ex-collaborateurs, premiers lanceurs d&#039;alerte en mati\u00e8re de l\u00e9galit\u00e9 des softwares utilis\u00e9s  - Peoplesphere<\/title>\n<meta name=\"robots\" content=\"index, follow, max-snippet:-1, max-image-preview:large, max-video-preview:-1\" \/>\n<link rel=\"canonical\" href=\"https:\/\/peoplesphere.be\/fr\/les-ex-collaborateurs-premiers-lanceurs-dalerte-en-matiere-de-legalite-des-softwares-utilises\/\" \/>\n<meta property=\"og:locale\" content=\"fr_FR\" \/>\n<meta property=\"og:type\" content=\"article\" \/>\n<meta property=\"og:title\" content=\"Les ex-collaborateurs, premiers lanceurs d&#039;alerte en mati\u00e8re de l\u00e9galit\u00e9 des softwares utilis\u00e9s  - Peoplesphere\" \/>\n<meta property=\"og:description\" content=\"24 % de tous les logiciels en Belgique sont utilis\u00e9s sans licence, ce qui constitue un risque important. Les entreprises n\u2019en sont souvent pas conscientes en raison d\u2019un manque d\u2019informations et de connaissances sur le sujet. La situation les expose [&hellip;]\" \/>\n<meta property=\"og:url\" content=\"https:\/\/peoplesphere.be\/fr\/les-ex-collaborateurs-premiers-lanceurs-dalerte-en-matiere-de-legalite-des-softwares-utilises\/\" \/>\n<meta property=\"og:site_name\" content=\"Peoplesphere\" \/>\n<meta property=\"article:publisher\" content=\"https:\/\/www.facebook.com\/peoplesphere\" \/>\n<meta property=\"article:published_time\" content=\"2015-10-28T12:25:20+00:00\" \/>\n<meta property=\"og:image\" content=\"http:\/\/www.peoplesphere.be\/fr\/wp-content\/uploads\/2016\/07\/facebook-default-posting-1200x628px.jpg\" \/>\n<meta name=\"author\" content=\"Jean-Paul Erhard\" \/>\n<meta name=\"twitter:card\" content=\"summary_large_image\" \/>\n<meta name=\"twitter:creator\" content=\"@PeoplesphereMag\" \/>\n<meta name=\"twitter:site\" content=\"@PeoplesphereMag\" \/>\n<meta name=\"twitter:label1\" content=\"\u00c9crit par\" \/>\n\t<meta name=\"twitter:data1\" content=\"Jean-Paul Erhard\" \/>\n\t<meta name=\"twitter:label2\" content=\"Dur\u00e9e de lecture estim\u00e9e\" \/>\n\t<meta name=\"twitter:data2\" content=\"2 minutes\" \/>\n<script type=\"application\/ld+json\" class=\"yoast-schema-graph\">{\"@context\":\"https:\/\/schema.org\",\"@graph\":[{\"@type\":\"Article\",\"@id\":\"https:\/\/peoplesphere.be\/fr\/les-ex-collaborateurs-premiers-lanceurs-dalerte-en-matiere-de-legalite-des-softwares-utilises\/#article\",\"isPartOf\":{\"@id\":\"https:\/\/peoplesphere.be\/fr\/les-ex-collaborateurs-premiers-lanceurs-dalerte-en-matiere-de-legalite-des-softwares-utilises\/\"},\"author\":{\"name\":\"Jean-Paul Erhard\",\"@id\":\"https:\/\/peoplesphere.be\/fr\/#\/schema\/person\/7976225ff17988604334abb7b3536a7e\"},\"headline\":\"Les ex-collaborateurs, premiers lanceurs d&rsquo;alerte en mati\u00e8re de l\u00e9galit\u00e9 des softwares utilis\u00e9s\",\"datePublished\":\"2015-10-28T12:25:20+00:00\",\"dateModified\":\"2015-10-28T12:25:20+00:00\",\"mainEntityOfPage\":{\"@id\":\"https:\/\/peoplesphere.be\/fr\/les-ex-collaborateurs-premiers-lanceurs-dalerte-en-matiere-de-legalite-des-softwares-utilises\/\"},\"wordCount\":347,\"publisher\":{\"@id\":\"https:\/\/peoplesphere.be\/fr\/#organization\"},\"keywords\":[\"conformit\u00e9\",\"digital\",\"l\u00e9galit\u00e9\",\"logiciels\"],\"articleSection\":[\"Actualit\u00e9s\",\"Digital\"],\"inLanguage\":\"fr-FR\"},{\"@type\":\"WebPage\",\"@id\":\"https:\/\/peoplesphere.be\/fr\/les-ex-collaborateurs-premiers-lanceurs-dalerte-en-matiere-de-legalite-des-softwares-utilises\/\",\"url\":\"https:\/\/peoplesphere.be\/fr\/les-ex-collaborateurs-premiers-lanceurs-dalerte-en-matiere-de-legalite-des-softwares-utilises\/\",\"name\":\"Les ex-collaborateurs, premiers lanceurs d'alerte en mati\u00e8re de l\u00e9galit\u00e9 des softwares utilis\u00e9s - Peoplesphere\",\"isPartOf\":{\"@id\":\"https:\/\/peoplesphere.be\/fr\/#website\"},\"datePublished\":\"2015-10-28T12:25:20+00:00\",\"dateModified\":\"2015-10-28T12:25:20+00:00\",\"breadcrumb\":{\"@id\":\"https:\/\/peoplesphere.be\/fr\/les-ex-collaborateurs-premiers-lanceurs-dalerte-en-matiere-de-legalite-des-softwares-utilises\/#breadcrumb\"},\"inLanguage\":\"fr-FR\",\"potentialAction\":[{\"@type\":\"ReadAction\",\"target\":[\"https:\/\/peoplesphere.be\/fr\/les-ex-collaborateurs-premiers-lanceurs-dalerte-en-matiere-de-legalite-des-softwares-utilises\/\"]}]},{\"@type\":\"BreadcrumbList\",\"@id\":\"https:\/\/peoplesphere.be\/fr\/les-ex-collaborateurs-premiers-lanceurs-dalerte-en-matiere-de-legalite-des-softwares-utilises\/#breadcrumb\",\"itemListElement\":[{\"@type\":\"ListItem\",\"position\":1,\"name\":\"Accueil\",\"item\":\"https:\/\/peoplesphere.be\/fr\/\"},{\"@type\":\"ListItem\",\"position\":2,\"name\":\"Les ex-collaborateurs, premiers lanceurs d&rsquo;alerte en mati\u00e8re de l\u00e9galit\u00e9 des softwares utilis\u00e9s\"}]},{\"@type\":\"WebSite\",\"@id\":\"https:\/\/peoplesphere.be\/fr\/#website\",\"url\":\"https:\/\/peoplesphere.be\/fr\/\",\"name\":\"Peoplesphere\",\"description\":\"The People Managers Magazine\",\"publisher\":{\"@id\":\"https:\/\/peoplesphere.be\/fr\/#organization\"},\"potentialAction\":[{\"@type\":\"SearchAction\",\"target\":{\"@type\":\"EntryPoint\",\"urlTemplate\":\"https:\/\/peoplesphere.be\/fr\/?s={search_term_string}\"},\"query-input\":\"required name=search_term_string\"}],\"inLanguage\":\"fr-FR\"},{\"@type\":\"Organization\",\"@id\":\"https:\/\/peoplesphere.be\/fr\/#organization\",\"name\":\"Peoplesphere Company srl\",\"url\":\"https:\/\/peoplesphere.be\/fr\/\",\"logo\":{\"@type\":\"ImageObject\",\"inLanguage\":\"fr-FR\",\"@id\":\"https:\/\/peoplesphere.be\/fr\/#\/schema\/logo\/image\/\",\"url\":\"https:\/\/peoplesphere.be\/fr\/wp-content\/uploads\/2023\/07\/peoplesphere-lgo-new-generik.jpg\",\"contentUrl\":\"https:\/\/peoplesphere.be\/fr\/wp-content\/uploads\/2023\/07\/peoplesphere-lgo-new-generik.jpg\",\"width\":1031,\"height\":1479,\"caption\":\"Peoplesphere Company srl\"},\"image\":{\"@id\":\"https:\/\/peoplesphere.be\/fr\/#\/schema\/logo\/image\/\"},\"sameAs\":[\"https:\/\/www.facebook.com\/peoplesphere\",\"https:\/\/twitter.com\/PeoplesphereMag\",\"https:\/\/www.linkedin.com\/company\/7587361?trk\",\"http:\/\/youtube.com\/peoplesphere\"]},{\"@type\":\"Person\",\"@id\":\"https:\/\/peoplesphere.be\/fr\/#\/schema\/person\/7976225ff17988604334abb7b3536a7e\",\"name\":\"Jean-Paul Erhard\",\"image\":{\"@type\":\"ImageObject\",\"inLanguage\":\"fr-FR\",\"@id\":\"https:\/\/peoplesphere.be\/fr\/#\/schema\/person\/image\/\",\"url\":\"https:\/\/secure.gravatar.com\/avatar\/f941e681460179738071629a51574930?s=96&d=mm&r=g\",\"contentUrl\":\"https:\/\/secure.gravatar.com\/avatar\/f941e681460179738071629a51574930?s=96&d=mm&r=g\",\"caption\":\"Jean-Paul Erhard\"},\"url\":\"https:\/\/peoplesphere.be\/fr\/author\/jpe\/\"}]}<\/script>\n<!-- \/ Yoast SEO plugin. -->","yoast_head_json":{"title":"Les ex-collaborateurs, premiers lanceurs d'alerte en mati\u00e8re de l\u00e9galit\u00e9 des softwares utilis\u00e9s  - Peoplesphere","robots":{"index":"index","follow":"follow","max-snippet":"max-snippet:-1","max-image-preview":"max-image-preview:large","max-video-preview":"max-video-preview:-1"},"canonical":"https:\/\/peoplesphere.be\/fr\/les-ex-collaborateurs-premiers-lanceurs-dalerte-en-matiere-de-legalite-des-softwares-utilises\/","og_locale":"fr_FR","og_type":"article","og_title":"Les ex-collaborateurs, premiers lanceurs d'alerte en mati\u00e8re de l\u00e9galit\u00e9 des softwares utilis\u00e9s  - Peoplesphere","og_description":"24 % de tous les logiciels en Belgique sont utilis\u00e9s sans licence, ce qui constitue un risque important. Les entreprises n\u2019en sont souvent pas conscientes en raison d\u2019un manque d\u2019informations et de connaissances sur le sujet. La situation les expose [&hellip;]","og_url":"https:\/\/peoplesphere.be\/fr\/les-ex-collaborateurs-premiers-lanceurs-dalerte-en-matiere-de-legalite-des-softwares-utilises\/","og_site_name":"Peoplesphere","article_publisher":"https:\/\/www.facebook.com\/peoplesphere","article_published_time":"2015-10-28T12:25:20+00:00","og_image":[{"url":"http:\/\/www.peoplesphere.be\/fr\/wp-content\/uploads\/2016\/07\/facebook-default-posting-1200x628px.jpg"}],"author":"Jean-Paul Erhard","twitter_card":"summary_large_image","twitter_creator":"@PeoplesphereMag","twitter_site":"@PeoplesphereMag","twitter_misc":{"\u00c9crit par":"Jean-Paul Erhard","Dur\u00e9e de lecture estim\u00e9e":"2 minutes"},"schema":{"@context":"https:\/\/schema.org","@graph":[{"@type":"Article","@id":"https:\/\/peoplesphere.be\/fr\/les-ex-collaborateurs-premiers-lanceurs-dalerte-en-matiere-de-legalite-des-softwares-utilises\/#article","isPartOf":{"@id":"https:\/\/peoplesphere.be\/fr\/les-ex-collaborateurs-premiers-lanceurs-dalerte-en-matiere-de-legalite-des-softwares-utilises\/"},"author":{"name":"Jean-Paul Erhard","@id":"https:\/\/peoplesphere.be\/fr\/#\/schema\/person\/7976225ff17988604334abb7b3536a7e"},"headline":"Les ex-collaborateurs, premiers lanceurs d&rsquo;alerte en mati\u00e8re de l\u00e9galit\u00e9 des softwares utilis\u00e9s","datePublished":"2015-10-28T12:25:20+00:00","dateModified":"2015-10-28T12:25:20+00:00","mainEntityOfPage":{"@id":"https:\/\/peoplesphere.be\/fr\/les-ex-collaborateurs-premiers-lanceurs-dalerte-en-matiere-de-legalite-des-softwares-utilises\/"},"wordCount":347,"publisher":{"@id":"https:\/\/peoplesphere.be\/fr\/#organization"},"keywords":["conformit\u00e9","digital","l\u00e9galit\u00e9","logiciels"],"articleSection":["Actualit\u00e9s","Digital"],"inLanguage":"fr-FR"},{"@type":"WebPage","@id":"https:\/\/peoplesphere.be\/fr\/les-ex-collaborateurs-premiers-lanceurs-dalerte-en-matiere-de-legalite-des-softwares-utilises\/","url":"https:\/\/peoplesphere.be\/fr\/les-ex-collaborateurs-premiers-lanceurs-dalerte-en-matiere-de-legalite-des-softwares-utilises\/","name":"Les ex-collaborateurs, premiers lanceurs d'alerte en mati\u00e8re de l\u00e9galit\u00e9 des softwares utilis\u00e9s - Peoplesphere","isPartOf":{"@id":"https:\/\/peoplesphere.be\/fr\/#website"},"datePublished":"2015-10-28T12:25:20+00:00","dateModified":"2015-10-28T12:25:20+00:00","breadcrumb":{"@id":"https:\/\/peoplesphere.be\/fr\/les-ex-collaborateurs-premiers-lanceurs-dalerte-en-matiere-de-legalite-des-softwares-utilises\/#breadcrumb"},"inLanguage":"fr-FR","potentialAction":[{"@type":"ReadAction","target":["https:\/\/peoplesphere.be\/fr\/les-ex-collaborateurs-premiers-lanceurs-dalerte-en-matiere-de-legalite-des-softwares-utilises\/"]}]},{"@type":"BreadcrumbList","@id":"https:\/\/peoplesphere.be\/fr\/les-ex-collaborateurs-premiers-lanceurs-dalerte-en-matiere-de-legalite-des-softwares-utilises\/#breadcrumb","itemListElement":[{"@type":"ListItem","position":1,"name":"Accueil","item":"https:\/\/peoplesphere.be\/fr\/"},{"@type":"ListItem","position":2,"name":"Les ex-collaborateurs, premiers lanceurs d&rsquo;alerte en mati\u00e8re de l\u00e9galit\u00e9 des softwares utilis\u00e9s"}]},{"@type":"WebSite","@id":"https:\/\/peoplesphere.be\/fr\/#website","url":"https:\/\/peoplesphere.be\/fr\/","name":"Peoplesphere","description":"The People Managers Magazine","publisher":{"@id":"https:\/\/peoplesphere.be\/fr\/#organization"},"potentialAction":[{"@type":"SearchAction","target":{"@type":"EntryPoint","urlTemplate":"https:\/\/peoplesphere.be\/fr\/?s={search_term_string}"},"query-input":"required name=search_term_string"}],"inLanguage":"fr-FR"},{"@type":"Organization","@id":"https:\/\/peoplesphere.be\/fr\/#organization","name":"Peoplesphere Company srl","url":"https:\/\/peoplesphere.be\/fr\/","logo":{"@type":"ImageObject","inLanguage":"fr-FR","@id":"https:\/\/peoplesphere.be\/fr\/#\/schema\/logo\/image\/","url":"https:\/\/peoplesphere.be\/fr\/wp-content\/uploads\/2023\/07\/peoplesphere-lgo-new-generik.jpg","contentUrl":"https:\/\/peoplesphere.be\/fr\/wp-content\/uploads\/2023\/07\/peoplesphere-lgo-new-generik.jpg","width":1031,"height":1479,"caption":"Peoplesphere Company srl"},"image":{"@id":"https:\/\/peoplesphere.be\/fr\/#\/schema\/logo\/image\/"},"sameAs":["https:\/\/www.facebook.com\/peoplesphere","https:\/\/twitter.com\/PeoplesphereMag","https:\/\/www.linkedin.com\/company\/7587361?trk","http:\/\/youtube.com\/peoplesphere"]},{"@type":"Person","@id":"https:\/\/peoplesphere.be\/fr\/#\/schema\/person\/7976225ff17988604334abb7b3536a7e","name":"Jean-Paul Erhard","image":{"@type":"ImageObject","inLanguage":"fr-FR","@id":"https:\/\/peoplesphere.be\/fr\/#\/schema\/person\/image\/","url":"https:\/\/secure.gravatar.com\/avatar\/f941e681460179738071629a51574930?s=96&d=mm&r=g","contentUrl":"https:\/\/secure.gravatar.com\/avatar\/f941e681460179738071629a51574930?s=96&d=mm&r=g","caption":"Jean-Paul Erhard"},"url":"https:\/\/peoplesphere.be\/fr\/author\/jpe\/"}]}},"_links":{"self":[{"href":"https:\/\/peoplesphere.be\/fr\/wp-json\/wp\/v2\/posts\/2104"}],"collection":[{"href":"https:\/\/peoplesphere.be\/fr\/wp-json\/wp\/v2\/posts"}],"about":[{"href":"https:\/\/peoplesphere.be\/fr\/wp-json\/wp\/v2\/types\/post"}],"author":[{"embeddable":true,"href":"https:\/\/peoplesphere.be\/fr\/wp-json\/wp\/v2\/users\/2"}],"replies":[{"embeddable":true,"href":"https:\/\/peoplesphere.be\/fr\/wp-json\/wp\/v2\/comments?post=2104"}],"version-history":[{"count":1,"href":"https:\/\/peoplesphere.be\/fr\/wp-json\/wp\/v2\/posts\/2104\/revisions"}],"predecessor-version":[{"id":2105,"href":"https:\/\/peoplesphere.be\/fr\/wp-json\/wp\/v2\/posts\/2104\/revisions\/2105"}],"wp:attachment":[{"href":"https:\/\/peoplesphere.be\/fr\/wp-json\/wp\/v2\/media?parent=2104"}],"wp:term":[{"taxonomy":"category","embeddable":true,"href":"https:\/\/peoplesphere.be\/fr\/wp-json\/wp\/v2\/categories?post=2104"},{"taxonomy":"post_tag","embeddable":true,"href":"https:\/\/peoplesphere.be\/fr\/wp-json\/wp\/v2\/tags?post=2104"}],"curies":[{"name":"wp","href":"https:\/\/api.w.org\/{rel}","templated":true}]}}