









{"id":2106,"date":"2015-10-28T19:51:37","date_gmt":"2015-10-28T17:51:37","guid":{"rendered":"http:\/\/www.peoplesphere.be\/fr\/?p=2106"},"modified":"2015-10-28T19:51:37","modified_gmt":"2015-10-28T17:51:37","slug":"les-partis-politiques-veulent-inscrire-le-droit-au-travail-dans-la-loi","status":"publish","type":"post","link":"https:\/\/peoplesphere.be\/fr\/les-partis-politiques-veulent-inscrire-le-droit-au-travail-dans-la-loi\/","title":{"rendered":"Les partis politiques veulent inscrire le droit au travail dans la loi&#8230;"},"content":{"rendered":"<h1>Vitesse ou pr\u00e9cipitation? Quelques jours seulement apr\u00e8s les derni\u00e8res actions syndicales (et en plein d\u00e9bat quant aux possibles cons\u00e9quences dramatiques de celles-ci), le Mouvement R\u00e9formateur (MR) d\u00e9pose une proposition de loi visant \u00e0 affirmer le droit au travail. Le parti lib\u00e9ral francophone n&rsquo;est cependant pas le seul \u00e0 surfer sur l&rsquo;\u00e9motion et tenter de &lsquo;recadrer&rsquo; les abus quant au droit de gr\u00e8ve.<!--more--><\/h1>\n<p>Le MR annonce donc avoir d\u00e9pos\u00e9 sa proposition de loi et invite \u00e0 la concertation. Par communiqu\u00e9, le pr\u00e9sident Olivier Chastel et le chef de groupe MR \u00e0 la Chambre Denis Ducarme indiquent \u00ab\u00a0qu&rsquo;ils ont d\u00e9pos\u00e9 leur proposition de loi sur le droit au travail. Son objectif est de garantir aux travailleurs le droit de pouvoir acc\u00e9der librement \u00e0 leur lieu de travail, d\u2019y circuler, d\u2019y accomplir leurs activit\u00e9s et d\u2019assurer les n\u00e9cessit\u00e9s fondamentales li\u00e9es \u00e0 l\u2019infrastructure.<\/p>\n<p>Pour Olivier Chastel, la concertation est primordiale \u00a0\u00bb<em>Je souhaite que ce texte puisse \u00eatre examin\u00e9 par les partenaires sociaux au sein du Groupe des 10. L\u2019\u00e9valuation du gentlemen\u2019s agreement de 2002 devrait \u00e9galement faire partie de cette \u00e9valuation\u00a0\u00bb<\/em>, d\u00e9clare le pr\u00e9sident du MR.<\/p>\n<p>Et de pr\u00e9ciser &lsquo;prudemment&rsquo; que \u00ab\u00a0<em>le\u00a0droit de gr\u00e8ve ne peut \u00eatre remis en question. Chacun est en effet libre de s\u2019opposer et de contester. Mais ceux qui approuvent ne peuvent \u00eatre p\u00e9nalis\u00e9s. Face aux exc\u00e8s constat\u00e9s lors de certaines actions syndicales, il importe aujourd\u2019hui d\u2019ouvrir le d\u00e9bat.\u00a0\u00bb<\/em><\/p>\n<p>Rappelons dans le m\u00eame temps que le Ministre f\u00e9d\u00e9ral de l&rsquo;Emploi, Kris Peeters, sortait dans les m\u00e9dia nationaux en expliquant sa volont\u00e9 de moderniser le droit de gr\u00e8ve et en appelant les partenaires sociaux \u00e0 pr\u00e9ciser eux-m\u00eames comment le sauvegarder. Celui-ci pr\u00e9cisait donc sur les ondes de la VRT :\u00a0<em>\u00ab\u00a0Le droit de gr\u00e8ve est un droit tr\u00e8s important qui peut \u00eatre exerc\u00e9 quand un syndicat estime que c\u2019est n\u00e9cessaire\u00a0\u00bb <\/em>et rappelait<em>\u00a0<\/em>\u00e0 toutes fins utiles <em>\u00ab\u00a0que les travailleurs qui ne veulent pas faire gr\u00e8ve doivent pouvoir travailler, sans \u00eatre arr\u00eat\u00e9s par des piquets de gr\u00e8ve.\u00a0Les limites du droit de gr\u00e8ve ont \u00e9t\u00e9 fix\u00e9es dans un accord conclu entre syndicats et employeurs en 2002. A l&rsquo;\u00e9poque, je si\u00e9geais sur le banc patronal. Cet accord stipule notamment que les syndicats \u00ab\u00a0recommandent \u00e0 leurs membres d&rsquo;\u00e9viter tout recours \u00e0 la violence physique ou mat\u00e9rielle lors des conflits collectifs et de garantir la pr\u00e9servation de l&rsquo;outil de travail\u00a0\u00bb.\u00a0<\/em><\/p>\n<p>Et de souligner encore que <em>\u00ab\u00a0le droit de gr\u00e8ve doit \u00eatre adapt\u00e9 \u00e0 l&rsquo;\u00e9poque dans laquelle nous vivons. Je demande aux syndicats de se mettre au travail pour proc\u00e9der \u00e0 cette actualisation.\u00a0Il vaut mieux que les partenaires sociaux le fassent eux-m\u00eames, pour \u00e9viter l\u2019adoption d\u2019un projet de loi\u00a0\u00bb<\/em> (\u00e9labor\u00e9 par le parti lib\u00e9ral francophone, note la r\u00e9daction de la VRT). <em>\u00ab\u00a0Ce qui se pratiquait dans les ann\u00e9es 80 et 90 n&rsquo;est plus accept\u00e9 aujourd&rsquo;hui. L&rsquo;exercice du droit de gr\u00e8ve doit \u00eatre adapt\u00e9 aux circonstances d&rsquo;aujourd&rsquo;hui. Les gens ont de plus en plus de r\u00e9ticences face \u00e0 la gr\u00e8ve. En cas de gr\u00e8ve, ils veulent exercer leur droit au travail, mais cette possibilit\u00e9 ne leur est pas toujours laiss\u00e9e\u00a0\u00bb<\/em>.<\/p>\n<p>Enfin, la NVA par l&rsquo;interm\u00e9diaire de la d\u00e9put\u00e9e Zuhal Demir (photo) estime \u00ab\u00a0<em>qu\u2019il \u00e9tait temps de \u00ab\u00a0repr\u00e9ciser le droit de gr\u00e8ve dans la loi\u00a0\u00bb et de soumettre les syndicats \u00e0 \u00ab\u00a0la responsabilit\u00e9 juridique\u00a0\u00bb<\/em>. <em>Ces derniers jours, deux personnes sont d\u00e9c\u00e9d\u00e9es \u00e0 cause des actions syndicales<\/em>\u00ab\u00a0, \u00e9voquant la mort, apr\u00e8s une rupture d&rsquo;an\u00e9vrisme, d&rsquo;une touriste danoise prise en charge par un chirurgien qui avait \u00e9t\u00e9 retard\u00e9 sur le chemin de l&rsquo;h\u00f4pital, et d&rsquo;une personne succombant \u00e0 un infarctus alors qu&rsquo;elle se trouvait dans un v\u00e9hicule pris dans les embouteillages.<\/p>\n<p>Reste, sur base de ces \u00e9l\u00e9ments, au groupe des 10 \u00e0 aborder sereinement le d\u00e9bat. Pas simple, dirons-nous&#8230;<\/p>\n","protected":false},"excerpt":{"rendered":"<p>Vitesse ou pr\u00e9cipitation? Quelques jours seulement apr\u00e8s les derni\u00e8res actions syndicales (et en plein d\u00e9bat quant aux possibles cons\u00e9quences dramatiques de celles-ci), le Mouvement R\u00e9formateur (MR) d\u00e9pose une proposition de loi visant \u00e0 affirmer le droit au travail. Le parti [&hellip;]<\/p>\n","protected":false},"author":2,"featured_media":0,"comment_status":"closed","ping_status":"open","sticky":false,"template":"","format":"standard","meta":[],"categories":[65,10],"tags":[407,405,406,52,381],"yoast_head":"<!-- This site is optimized with the Yoast SEO plugin v21.0 - https:\/\/yoast.com\/wordpress\/plugins\/seo\/ -->\n<title>Les partis politiques veulent inscrire le droit au travail dans la loi... - Peoplesphere<\/title>\n<meta name=\"robots\" content=\"index, follow, max-snippet:-1, max-image-preview:large, max-video-preview:-1\" \/>\n<link rel=\"canonical\" href=\"https:\/\/peoplesphere.be\/fr\/les-partis-politiques-veulent-inscrire-le-droit-au-travail-dans-la-loi\/\" \/>\n<meta property=\"og:locale\" content=\"fr_FR\" \/>\n<meta property=\"og:type\" content=\"article\" \/>\n<meta property=\"og:title\" content=\"Les partis politiques veulent inscrire le droit au travail dans la loi... - Peoplesphere\" \/>\n<meta property=\"og:description\" content=\"Vitesse ou pr\u00e9cipitation? Quelques jours seulement apr\u00e8s les derni\u00e8res actions syndicales (et en plein d\u00e9bat quant aux possibles cons\u00e9quences dramatiques de celles-ci), le Mouvement R\u00e9formateur (MR) d\u00e9pose une proposition de loi visant \u00e0 affirmer le droit au travail. Le parti [&hellip;]\" \/>\n<meta property=\"og:url\" content=\"https:\/\/peoplesphere.be\/fr\/les-partis-politiques-veulent-inscrire-le-droit-au-travail-dans-la-loi\/\" \/>\n<meta property=\"og:site_name\" content=\"Peoplesphere\" \/>\n<meta property=\"article:publisher\" content=\"https:\/\/www.facebook.com\/peoplesphere\" \/>\n<meta property=\"article:published_time\" content=\"2015-10-28T17:51:37+00:00\" \/>\n<meta property=\"og:image\" content=\"http:\/\/www.peoplesphere.be\/fr\/wp-content\/uploads\/2016\/07\/facebook-default-posting-1200x628px.jpg\" \/>\n<meta name=\"author\" content=\"Jean-Paul Erhard\" \/>\n<meta name=\"twitter:card\" content=\"summary_large_image\" \/>\n<meta name=\"twitter:creator\" content=\"@PeoplesphereMag\" \/>\n<meta name=\"twitter:site\" content=\"@PeoplesphereMag\" \/>\n<meta name=\"twitter:label1\" content=\"\u00c9crit par\" \/>\n\t<meta name=\"twitter:data1\" content=\"Jean-Paul Erhard\" \/>\n\t<meta name=\"twitter:label2\" content=\"Dur\u00e9e de lecture estim\u00e9e\" \/>\n\t<meta name=\"twitter:data2\" content=\"3 minutes\" \/>\n<script type=\"application\/ld+json\" class=\"yoast-schema-graph\">{\"@context\":\"https:\/\/schema.org\",\"@graph\":[{\"@type\":\"Article\",\"@id\":\"https:\/\/peoplesphere.be\/fr\/les-partis-politiques-veulent-inscrire-le-droit-au-travail-dans-la-loi\/#article\",\"isPartOf\":{\"@id\":\"https:\/\/peoplesphere.be\/fr\/les-partis-politiques-veulent-inscrire-le-droit-au-travail-dans-la-loi\/\"},\"author\":{\"name\":\"Jean-Paul Erhard\",\"@id\":\"https:\/\/peoplesphere.be\/fr\/#\/schema\/person\/7976225ff17988604334abb7b3536a7e\"},\"headline\":\"Les partis politiques veulent inscrire le droit au travail dans la loi&#8230;\",\"datePublished\":\"2015-10-28T17:51:37+00:00\",\"dateModified\":\"2015-10-28T17:51:37+00:00\",\"mainEntityOfPage\":{\"@id\":\"https:\/\/peoplesphere.be\/fr\/les-partis-politiques-veulent-inscrire-le-droit-au-travail-dans-la-loi\/\"},\"wordCount\":687,\"publisher\":{\"@id\":\"https:\/\/peoplesphere.be\/fr\/#organization\"},\"keywords\":[\"droit au travail\",\"droit de gr\u00e8ve\",\"groupe des 10\",\"Politique\",\"RH et politique\"],\"articleSection\":[\"Actualit\u00e9s\",\"Digital\"],\"inLanguage\":\"fr-FR\"},{\"@type\":\"WebPage\",\"@id\":\"https:\/\/peoplesphere.be\/fr\/les-partis-politiques-veulent-inscrire-le-droit-au-travail-dans-la-loi\/\",\"url\":\"https:\/\/peoplesphere.be\/fr\/les-partis-politiques-veulent-inscrire-le-droit-au-travail-dans-la-loi\/\",\"name\":\"Les partis politiques veulent inscrire le droit au travail dans la loi... - Peoplesphere\",\"isPartOf\":{\"@id\":\"https:\/\/peoplesphere.be\/fr\/#website\"},\"datePublished\":\"2015-10-28T17:51:37+00:00\",\"dateModified\":\"2015-10-28T17:51:37+00:00\",\"breadcrumb\":{\"@id\":\"https:\/\/peoplesphere.be\/fr\/les-partis-politiques-veulent-inscrire-le-droit-au-travail-dans-la-loi\/#breadcrumb\"},\"inLanguage\":\"fr-FR\",\"potentialAction\":[{\"@type\":\"ReadAction\",\"target\":[\"https:\/\/peoplesphere.be\/fr\/les-partis-politiques-veulent-inscrire-le-droit-au-travail-dans-la-loi\/\"]}]},{\"@type\":\"BreadcrumbList\",\"@id\":\"https:\/\/peoplesphere.be\/fr\/les-partis-politiques-veulent-inscrire-le-droit-au-travail-dans-la-loi\/#breadcrumb\",\"itemListElement\":[{\"@type\":\"ListItem\",\"position\":1,\"name\":\"Accueil\",\"item\":\"https:\/\/peoplesphere.be\/fr\/\"},{\"@type\":\"ListItem\",\"position\":2,\"name\":\"Les partis politiques veulent inscrire le droit au travail dans la loi&#8230;\"}]},{\"@type\":\"WebSite\",\"@id\":\"https:\/\/peoplesphere.be\/fr\/#website\",\"url\":\"https:\/\/peoplesphere.be\/fr\/\",\"name\":\"Peoplesphere\",\"description\":\"The People Managers Magazine\",\"publisher\":{\"@id\":\"https:\/\/peoplesphere.be\/fr\/#organization\"},\"potentialAction\":[{\"@type\":\"SearchAction\",\"target\":{\"@type\":\"EntryPoint\",\"urlTemplate\":\"https:\/\/peoplesphere.be\/fr\/?s={search_term_string}\"},\"query-input\":\"required name=search_term_string\"}],\"inLanguage\":\"fr-FR\"},{\"@type\":\"Organization\",\"@id\":\"https:\/\/peoplesphere.be\/fr\/#organization\",\"name\":\"Peoplesphere Company srl\",\"url\":\"https:\/\/peoplesphere.be\/fr\/\",\"logo\":{\"@type\":\"ImageObject\",\"inLanguage\":\"fr-FR\",\"@id\":\"https:\/\/peoplesphere.be\/fr\/#\/schema\/logo\/image\/\",\"url\":\"https:\/\/peoplesphere.be\/fr\/wp-content\/uploads\/2023\/07\/peoplesphere-lgo-new-generik.jpg\",\"contentUrl\":\"https:\/\/peoplesphere.be\/fr\/wp-content\/uploads\/2023\/07\/peoplesphere-lgo-new-generik.jpg\",\"width\":1031,\"height\":1479,\"caption\":\"Peoplesphere Company srl\"},\"image\":{\"@id\":\"https:\/\/peoplesphere.be\/fr\/#\/schema\/logo\/image\/\"},\"sameAs\":[\"https:\/\/www.facebook.com\/peoplesphere\",\"https:\/\/twitter.com\/PeoplesphereMag\",\"https:\/\/www.linkedin.com\/company\/7587361?trk\",\"http:\/\/youtube.com\/peoplesphere\"]},{\"@type\":\"Person\",\"@id\":\"https:\/\/peoplesphere.be\/fr\/#\/schema\/person\/7976225ff17988604334abb7b3536a7e\",\"name\":\"Jean-Paul Erhard\",\"image\":{\"@type\":\"ImageObject\",\"inLanguage\":\"fr-FR\",\"@id\":\"https:\/\/peoplesphere.be\/fr\/#\/schema\/person\/image\/\",\"url\":\"https:\/\/secure.gravatar.com\/avatar\/f941e681460179738071629a51574930?s=96&d=mm&r=g\",\"contentUrl\":\"https:\/\/secure.gravatar.com\/avatar\/f941e681460179738071629a51574930?s=96&d=mm&r=g\",\"caption\":\"Jean-Paul Erhard\"},\"url\":\"https:\/\/peoplesphere.be\/fr\/author\/jpe\/\"}]}<\/script>\n<!-- \/ Yoast SEO plugin. -->","yoast_head_json":{"title":"Les partis politiques veulent inscrire le droit au travail dans la loi... - Peoplesphere","robots":{"index":"index","follow":"follow","max-snippet":"max-snippet:-1","max-image-preview":"max-image-preview:large","max-video-preview":"max-video-preview:-1"},"canonical":"https:\/\/peoplesphere.be\/fr\/les-partis-politiques-veulent-inscrire-le-droit-au-travail-dans-la-loi\/","og_locale":"fr_FR","og_type":"article","og_title":"Les partis politiques veulent inscrire le droit au travail dans la loi... - Peoplesphere","og_description":"Vitesse ou pr\u00e9cipitation? Quelques jours seulement apr\u00e8s les derni\u00e8res actions syndicales (et en plein d\u00e9bat quant aux possibles cons\u00e9quences dramatiques de celles-ci), le Mouvement R\u00e9formateur (MR) d\u00e9pose une proposition de loi visant \u00e0 affirmer le droit au travail. Le parti [&hellip;]","og_url":"https:\/\/peoplesphere.be\/fr\/les-partis-politiques-veulent-inscrire-le-droit-au-travail-dans-la-loi\/","og_site_name":"Peoplesphere","article_publisher":"https:\/\/www.facebook.com\/peoplesphere","article_published_time":"2015-10-28T17:51:37+00:00","og_image":[{"url":"http:\/\/www.peoplesphere.be\/fr\/wp-content\/uploads\/2016\/07\/facebook-default-posting-1200x628px.jpg"}],"author":"Jean-Paul Erhard","twitter_card":"summary_large_image","twitter_creator":"@PeoplesphereMag","twitter_site":"@PeoplesphereMag","twitter_misc":{"\u00c9crit par":"Jean-Paul Erhard","Dur\u00e9e de lecture estim\u00e9e":"3 minutes"},"schema":{"@context":"https:\/\/schema.org","@graph":[{"@type":"Article","@id":"https:\/\/peoplesphere.be\/fr\/les-partis-politiques-veulent-inscrire-le-droit-au-travail-dans-la-loi\/#article","isPartOf":{"@id":"https:\/\/peoplesphere.be\/fr\/les-partis-politiques-veulent-inscrire-le-droit-au-travail-dans-la-loi\/"},"author":{"name":"Jean-Paul Erhard","@id":"https:\/\/peoplesphere.be\/fr\/#\/schema\/person\/7976225ff17988604334abb7b3536a7e"},"headline":"Les partis politiques veulent inscrire le droit au travail dans la loi&#8230;","datePublished":"2015-10-28T17:51:37+00:00","dateModified":"2015-10-28T17:51:37+00:00","mainEntityOfPage":{"@id":"https:\/\/peoplesphere.be\/fr\/les-partis-politiques-veulent-inscrire-le-droit-au-travail-dans-la-loi\/"},"wordCount":687,"publisher":{"@id":"https:\/\/peoplesphere.be\/fr\/#organization"},"keywords":["droit au travail","droit de gr\u00e8ve","groupe des 10","Politique","RH et politique"],"articleSection":["Actualit\u00e9s","Digital"],"inLanguage":"fr-FR"},{"@type":"WebPage","@id":"https:\/\/peoplesphere.be\/fr\/les-partis-politiques-veulent-inscrire-le-droit-au-travail-dans-la-loi\/","url":"https:\/\/peoplesphere.be\/fr\/les-partis-politiques-veulent-inscrire-le-droit-au-travail-dans-la-loi\/","name":"Les partis politiques veulent inscrire le droit au travail dans la loi... - Peoplesphere","isPartOf":{"@id":"https:\/\/peoplesphere.be\/fr\/#website"},"datePublished":"2015-10-28T17:51:37+00:00","dateModified":"2015-10-28T17:51:37+00:00","breadcrumb":{"@id":"https:\/\/peoplesphere.be\/fr\/les-partis-politiques-veulent-inscrire-le-droit-au-travail-dans-la-loi\/#breadcrumb"},"inLanguage":"fr-FR","potentialAction":[{"@type":"ReadAction","target":["https:\/\/peoplesphere.be\/fr\/les-partis-politiques-veulent-inscrire-le-droit-au-travail-dans-la-loi\/"]}]},{"@type":"BreadcrumbList","@id":"https:\/\/peoplesphere.be\/fr\/les-partis-politiques-veulent-inscrire-le-droit-au-travail-dans-la-loi\/#breadcrumb","itemListElement":[{"@type":"ListItem","position":1,"name":"Accueil","item":"https:\/\/peoplesphere.be\/fr\/"},{"@type":"ListItem","position":2,"name":"Les partis politiques veulent inscrire le droit au travail dans la loi&#8230;"}]},{"@type":"WebSite","@id":"https:\/\/peoplesphere.be\/fr\/#website","url":"https:\/\/peoplesphere.be\/fr\/","name":"Peoplesphere","description":"The People Managers Magazine","publisher":{"@id":"https:\/\/peoplesphere.be\/fr\/#organization"},"potentialAction":[{"@type":"SearchAction","target":{"@type":"EntryPoint","urlTemplate":"https:\/\/peoplesphere.be\/fr\/?s={search_term_string}"},"query-input":"required name=search_term_string"}],"inLanguage":"fr-FR"},{"@type":"Organization","@id":"https:\/\/peoplesphere.be\/fr\/#organization","name":"Peoplesphere Company srl","url":"https:\/\/peoplesphere.be\/fr\/","logo":{"@type":"ImageObject","inLanguage":"fr-FR","@id":"https:\/\/peoplesphere.be\/fr\/#\/schema\/logo\/image\/","url":"https:\/\/peoplesphere.be\/fr\/wp-content\/uploads\/2023\/07\/peoplesphere-lgo-new-generik.jpg","contentUrl":"https:\/\/peoplesphere.be\/fr\/wp-content\/uploads\/2023\/07\/peoplesphere-lgo-new-generik.jpg","width":1031,"height":1479,"caption":"Peoplesphere Company srl"},"image":{"@id":"https:\/\/peoplesphere.be\/fr\/#\/schema\/logo\/image\/"},"sameAs":["https:\/\/www.facebook.com\/peoplesphere","https:\/\/twitter.com\/PeoplesphereMag","https:\/\/www.linkedin.com\/company\/7587361?trk","http:\/\/youtube.com\/peoplesphere"]},{"@type":"Person","@id":"https:\/\/peoplesphere.be\/fr\/#\/schema\/person\/7976225ff17988604334abb7b3536a7e","name":"Jean-Paul Erhard","image":{"@type":"ImageObject","inLanguage":"fr-FR","@id":"https:\/\/peoplesphere.be\/fr\/#\/schema\/person\/image\/","url":"https:\/\/secure.gravatar.com\/avatar\/f941e681460179738071629a51574930?s=96&d=mm&r=g","contentUrl":"https:\/\/secure.gravatar.com\/avatar\/f941e681460179738071629a51574930?s=96&d=mm&r=g","caption":"Jean-Paul Erhard"},"url":"https:\/\/peoplesphere.be\/fr\/author\/jpe\/"}]}},"_links":{"self":[{"href":"https:\/\/peoplesphere.be\/fr\/wp-json\/wp\/v2\/posts\/2106"}],"collection":[{"href":"https:\/\/peoplesphere.be\/fr\/wp-json\/wp\/v2\/posts"}],"about":[{"href":"https:\/\/peoplesphere.be\/fr\/wp-json\/wp\/v2\/types\/post"}],"author":[{"embeddable":true,"href":"https:\/\/peoplesphere.be\/fr\/wp-json\/wp\/v2\/users\/2"}],"replies":[{"embeddable":true,"href":"https:\/\/peoplesphere.be\/fr\/wp-json\/wp\/v2\/comments?post=2106"}],"version-history":[{"count":1,"href":"https:\/\/peoplesphere.be\/fr\/wp-json\/wp\/v2\/posts\/2106\/revisions"}],"predecessor-version":[{"id":2107,"href":"https:\/\/peoplesphere.be\/fr\/wp-json\/wp\/v2\/posts\/2106\/revisions\/2107"}],"wp:attachment":[{"href":"https:\/\/peoplesphere.be\/fr\/wp-json\/wp\/v2\/media?parent=2106"}],"wp:term":[{"taxonomy":"category","embeddable":true,"href":"https:\/\/peoplesphere.be\/fr\/wp-json\/wp\/v2\/categories?post=2106"},{"taxonomy":"post_tag","embeddable":true,"href":"https:\/\/peoplesphere.be\/fr\/wp-json\/wp\/v2\/tags?post=2106"}],"curies":[{"name":"wp","href":"https:\/\/api.w.org\/{rel}","templated":true}]}}