









{"id":2119,"date":"2015-11-03T11:26:11","date_gmt":"2015-11-03T09:26:11","guid":{"rendered":"http:\/\/www.peoplesphere.be\/fr\/?p=2119"},"modified":"2015-11-03T11:26:11","modified_gmt":"2015-11-03T09:26:11","slug":"la-maitrise-de-langlais-en-recul-dans-les-entreprises-belges","status":"publish","type":"post","link":"https:\/\/peoplesphere.be\/fr\/la-maitrise-de-langlais-en-recul-dans-les-entreprises-belges\/","title":{"rendered":"La ma\u00eetrise de l&rsquo;anglais en recul dans les entreprises belges?"},"content":{"rendered":"<h1>Le cinqui\u00e8me \u00e9dition de l&rsquo;English Proficiency Index 2015 vient d&rsquo;\u00eatre publi\u00e9e. Cet index porte sur les aptitudes en anglais d\u2019adultes vivant dans des pays non-anglophones dans le monde.* La Belgique se classe au 17\u00e8me rang (seulement), affichant un recul tandis que les autres pays nordiques tr\u00f4nent en t\u00eate de ce classement qui peut avoir une r\u00e9elle signification sur le plan de l&rsquo;activit\u00e9 \u00e9conomique.<!--more--><\/h1>\n<p>EF Education First publie aujourd\u2019hui les r\u00e9sultats de la 5\u00e8me \u00e9dition de l\u2019\u00ab EF English Proficiency Index \u00bb (EF EPI), le plus grand classement annuel mondial par pays des aptitudes en anglais. Le rapport identifie les tendances mondiales et r\u00e9gionales dans l\u2019apprentissage de la langue anglaise et analyse la relation entre cette connaissance et la comp\u00e9titivit\u00e9 \u00e9conomique des pays sond\u00e9s. Cette ann\u00e9e, l\u2019EF EPI pr\u00e9sente les profils de 70 pays class\u00e9s sur base des r\u00e9sultats aux tests de ma\u00eetrise de l\u2019anglais de 910 000 adultes.<br \/>\nLa Belgique atteint malgr\u00e9 tout en moyenne un haut niveau de ma\u00eetrise de l\u2019anglais. La Flandre score mieux que la Wallonie et Bruxelles arrive en troisi\u00e8me position derri\u00e8re Anvers et Gand.<\/p>\n<p>La Su\u00e8de, les Pays-Bas et le Danemark occupent le podium avec des scores sup\u00e9rieurs \u00e0 70.<br \/>\nLa Belgique se positionne au 17\u00e8me rang mondial, avec une moyenne g\u00e9n\u00e9rale de 59,13. Alerte: par rapport \u00e0 l\u2019ann\u00e9e derni\u00e8re, la Belgique recule de 8 places et perd 2,08 points \u00e0 son score global!<\/p>\n<p>Ce classement peut s&rsquo;av\u00e9rer int\u00e9ressant dans la mesure o\u00f9 les corr\u00e9lations entre la capacit\u00e9 de parler l\u2019anglais et le revenu national brut par habitant, la qualit\u00e9 de vie, la connectivit\u00e9 \u00e0 Internet et une s\u00e9rie d&rsquo;autres indicateurs demeurent solides et stables. Le rapport aborde par ailleurs, pour la premi\u00e8re fois, le lien entre le niveau de l\u2019anglais et le niveau d\u2019innovation dans l\u2019\u00e9conomie du pays.<\/p>\n<p><em><strong>Des diff\u00e9rences mondiales et r\u00e9gionales&#8230;<\/strong><\/em><\/p>\n<p>Les femmes parlent mieux l&rsquo;anglais que les hommes dans presque tous les pays \u00e9tudi\u00e9s, mais cet \u00e9cart entre les sexes est visiblement absent dans les pays de l\u2019Europe du Nord avec un niveau tr\u00e8s \u00e9lev\u00e9 de connaissance en anglais. Les pays europ\u00e9ens, en particulier les pays nordiques, continuent de surpasser les autres r\u00e9gions, revendiquant les dix premi\u00e8res places dans le classement. Contexte g\u00e9o-politique aidant peut-\u00eatre, le Moyen-Orient et l\u2019Afrique du Nord sont les seules r\u00e9gions \u00e0 conna\u00eetre une baisse dans la ma\u00eetrise de l&rsquo;anglais.<\/p>\n<p>A l&rsquo;\u00e9chelon belge, les N\u00e9erlandophones atteignent un niveau de tr\u00e8s haute comp\u00e9tence avec un score moyen de 62,20, alors que les Francophones affichent un niveau de comp\u00e9tence \u00e9lev\u00e9 (en moyenne 57,94). Si dans le monde, les femmes ont en moyenne un niveau d\u2019anglais sup\u00e9rieur \u00e0 celui des hommes (53.4 vs 52.8) et les donn\u00e9es sont similaires pour l\u2019Europe (56.56 vs 54.74), cette tendance est invers\u00e9e en Belgique : 57,47 pour les femmes contre 60,79 pour les hommes!<\/p>\n<p><em><strong>Et les g\u00e9n\u00e9rations ?<\/strong><\/em><\/p>\n<p>Si la formation en r\u00e8gle g\u00e9n\u00e9rale permet \u00e0 tout citoyen de r\u00e9aliser ses projets professionnels comme priv\u00e9s, disposer de connaissances linguistiques lui permettra de rester concurrentiel sur le march\u00e9 du travail et de se d\u00e9marquer des autres candidats. C\u2019est ainsi que les \u00e9tudiants et les jeunes professionnels obtiennent des scores \u00e9lev\u00e9s (60.0). Chez les 31-40 ans par contre, une baisse des comp\u00e9tences linguistiques est \u00e0 noter (56,51). Les plus de 40 ans, \u00e9voluant dans un milieu professionnel plus concurrentiel, investissent \u00e0 nouveau dans l\u2019apprentissage de l\u2019anglais et affichent des performances de l\u2019ordre de 58,09.<\/p>\n<p>* L&rsquo;enqu\u00eate mondiale men\u00e9e sur 910 000 adultes dans 70 pays et territoires montre l&rsquo;\u00e9tat de la ma\u00eetrise de l&rsquo;anglais dans le monde.<\/p>\n<p>&nbsp;<\/p>\n","protected":false},"excerpt":{"rendered":"<p>Le cinqui\u00e8me \u00e9dition de l&rsquo;English Proficiency Index 2015 vient d&rsquo;\u00eatre publi\u00e9e. Cet index porte sur les aptitudes en anglais d\u2019adultes vivant dans des pays non-anglophones dans le monde.* La Belgique se classe au 17\u00e8me rang (seulement), affichant un recul tandis [&hellip;]<\/p>\n","protected":false},"author":2,"featured_media":0,"comment_status":"closed","ping_status":"open","sticky":false,"template":"","format":"standard","meta":[],"categories":[65,10],"tags":[417,47,48,416,418],"yoast_head":"<!-- This site is optimized with the Yoast SEO plugin v21.0 - https:\/\/yoast.com\/wordpress\/plugins\/seo\/ -->\n<title>La ma\u00eetrise de l&#039;anglais en recul dans les entreprises belges? - Peoplesphere<\/title>\n<meta name=\"robots\" content=\"index, follow, max-snippet:-1, max-image-preview:large, max-video-preview:-1\" \/>\n<link rel=\"canonical\" href=\"https:\/\/peoplesphere.be\/fr\/la-maitrise-de-langlais-en-recul-dans-les-entreprises-belges\/\" \/>\n<meta property=\"og:locale\" content=\"fr_FR\" \/>\n<meta property=\"og:type\" content=\"article\" \/>\n<meta property=\"og:title\" content=\"La ma\u00eetrise de l&#039;anglais en recul dans les entreprises belges? - Peoplesphere\" \/>\n<meta property=\"og:description\" content=\"Le cinqui\u00e8me \u00e9dition de l&rsquo;English Proficiency Index 2015 vient d&rsquo;\u00eatre publi\u00e9e. Cet index porte sur les aptitudes en anglais d\u2019adultes vivant dans des pays non-anglophones dans le monde.* La Belgique se classe au 17\u00e8me rang (seulement), affichant un recul tandis [&hellip;]\" \/>\n<meta property=\"og:url\" content=\"https:\/\/peoplesphere.be\/fr\/la-maitrise-de-langlais-en-recul-dans-les-entreprises-belges\/\" \/>\n<meta property=\"og:site_name\" content=\"Peoplesphere\" \/>\n<meta property=\"article:publisher\" content=\"https:\/\/www.facebook.com\/peoplesphere\" \/>\n<meta property=\"article:published_time\" content=\"2015-11-03T09:26:11+00:00\" \/>\n<meta property=\"og:image\" content=\"http:\/\/www.peoplesphere.be\/fr\/wp-content\/uploads\/2016\/07\/facebook-default-posting-1200x628px.jpg\" \/>\n<meta name=\"author\" content=\"Jean-Paul Erhard\" \/>\n<meta name=\"twitter:card\" content=\"summary_large_image\" \/>\n<meta name=\"twitter:creator\" content=\"@PeoplesphereMag\" \/>\n<meta name=\"twitter:site\" content=\"@PeoplesphereMag\" \/>\n<meta name=\"twitter:label1\" content=\"\u00c9crit par\" \/>\n\t<meta name=\"twitter:data1\" content=\"Jean-Paul Erhard\" \/>\n\t<meta name=\"twitter:label2\" content=\"Dur\u00e9e de lecture estim\u00e9e\" \/>\n\t<meta name=\"twitter:data2\" content=\"3 minutes\" \/>\n<script type=\"application\/ld+json\" class=\"yoast-schema-graph\">{\"@context\":\"https:\/\/schema.org\",\"@graph\":[{\"@type\":\"Article\",\"@id\":\"https:\/\/peoplesphere.be\/fr\/la-maitrise-de-langlais-en-recul-dans-les-entreprises-belges\/#article\",\"isPartOf\":{\"@id\":\"https:\/\/peoplesphere.be\/fr\/la-maitrise-de-langlais-en-recul-dans-les-entreprises-belges\/\"},\"author\":{\"name\":\"Jean-Paul Erhard\",\"@id\":\"https:\/\/peoplesphere.be\/fr\/#\/schema\/person\/7976225ff17988604334abb7b3536a7e\"},\"headline\":\"La ma\u00eetrise de l&rsquo;anglais en recul dans les entreprises belges?\",\"datePublished\":\"2015-11-03T09:26:11+00:00\",\"dateModified\":\"2015-11-03T09:26:11+00:00\",\"mainEntityOfPage\":{\"@id\":\"https:\/\/peoplesphere.be\/fr\/la-maitrise-de-langlais-en-recul-dans-les-entreprises-belges\/\"},\"wordCount\":639,\"publisher\":{\"@id\":\"https:\/\/peoplesphere.be\/fr\/#organization\"},\"keywords\":[\"anglais\",\"Apprentissage\",\"Formation\",\"langues\",\"mondialisation\"],\"articleSection\":[\"Actualit\u00e9s\",\"Digital\"],\"inLanguage\":\"fr-FR\"},{\"@type\":\"WebPage\",\"@id\":\"https:\/\/peoplesphere.be\/fr\/la-maitrise-de-langlais-en-recul-dans-les-entreprises-belges\/\",\"url\":\"https:\/\/peoplesphere.be\/fr\/la-maitrise-de-langlais-en-recul-dans-les-entreprises-belges\/\",\"name\":\"La ma\u00eetrise de l'anglais en recul dans les entreprises belges? - Peoplesphere\",\"isPartOf\":{\"@id\":\"https:\/\/peoplesphere.be\/fr\/#website\"},\"datePublished\":\"2015-11-03T09:26:11+00:00\",\"dateModified\":\"2015-11-03T09:26:11+00:00\",\"breadcrumb\":{\"@id\":\"https:\/\/peoplesphere.be\/fr\/la-maitrise-de-langlais-en-recul-dans-les-entreprises-belges\/#breadcrumb\"},\"inLanguage\":\"fr-FR\",\"potentialAction\":[{\"@type\":\"ReadAction\",\"target\":[\"https:\/\/peoplesphere.be\/fr\/la-maitrise-de-langlais-en-recul-dans-les-entreprises-belges\/\"]}]},{\"@type\":\"BreadcrumbList\",\"@id\":\"https:\/\/peoplesphere.be\/fr\/la-maitrise-de-langlais-en-recul-dans-les-entreprises-belges\/#breadcrumb\",\"itemListElement\":[{\"@type\":\"ListItem\",\"position\":1,\"name\":\"Accueil\",\"item\":\"https:\/\/peoplesphere.be\/fr\/\"},{\"@type\":\"ListItem\",\"position\":2,\"name\":\"La ma\u00eetrise de l&rsquo;anglais en recul dans les entreprises belges?\"}]},{\"@type\":\"WebSite\",\"@id\":\"https:\/\/peoplesphere.be\/fr\/#website\",\"url\":\"https:\/\/peoplesphere.be\/fr\/\",\"name\":\"Peoplesphere\",\"description\":\"The People Managers Magazine\",\"publisher\":{\"@id\":\"https:\/\/peoplesphere.be\/fr\/#organization\"},\"potentialAction\":[{\"@type\":\"SearchAction\",\"target\":{\"@type\":\"EntryPoint\",\"urlTemplate\":\"https:\/\/peoplesphere.be\/fr\/?s={search_term_string}\"},\"query-input\":\"required name=search_term_string\"}],\"inLanguage\":\"fr-FR\"},{\"@type\":\"Organization\",\"@id\":\"https:\/\/peoplesphere.be\/fr\/#organization\",\"name\":\"Peoplesphere Company srl\",\"url\":\"https:\/\/peoplesphere.be\/fr\/\",\"logo\":{\"@type\":\"ImageObject\",\"inLanguage\":\"fr-FR\",\"@id\":\"https:\/\/peoplesphere.be\/fr\/#\/schema\/logo\/image\/\",\"url\":\"https:\/\/peoplesphere.be\/fr\/wp-content\/uploads\/2023\/07\/peoplesphere-lgo-new-generik.jpg\",\"contentUrl\":\"https:\/\/peoplesphere.be\/fr\/wp-content\/uploads\/2023\/07\/peoplesphere-lgo-new-generik.jpg\",\"width\":1031,\"height\":1479,\"caption\":\"Peoplesphere Company srl\"},\"image\":{\"@id\":\"https:\/\/peoplesphere.be\/fr\/#\/schema\/logo\/image\/\"},\"sameAs\":[\"https:\/\/www.facebook.com\/peoplesphere\",\"https:\/\/twitter.com\/PeoplesphereMag\",\"https:\/\/www.linkedin.com\/company\/7587361?trk\",\"http:\/\/youtube.com\/peoplesphere\"]},{\"@type\":\"Person\",\"@id\":\"https:\/\/peoplesphere.be\/fr\/#\/schema\/person\/7976225ff17988604334abb7b3536a7e\",\"name\":\"Jean-Paul Erhard\",\"image\":{\"@type\":\"ImageObject\",\"inLanguage\":\"fr-FR\",\"@id\":\"https:\/\/peoplesphere.be\/fr\/#\/schema\/person\/image\/\",\"url\":\"https:\/\/secure.gravatar.com\/avatar\/f941e681460179738071629a51574930?s=96&d=mm&r=g\",\"contentUrl\":\"https:\/\/secure.gravatar.com\/avatar\/f941e681460179738071629a51574930?s=96&d=mm&r=g\",\"caption\":\"Jean-Paul Erhard\"},\"url\":\"https:\/\/peoplesphere.be\/fr\/author\/jpe\/\"}]}<\/script>\n<!-- \/ Yoast SEO plugin. -->","yoast_head_json":{"title":"La ma\u00eetrise de l'anglais en recul dans les entreprises belges? - Peoplesphere","robots":{"index":"index","follow":"follow","max-snippet":"max-snippet:-1","max-image-preview":"max-image-preview:large","max-video-preview":"max-video-preview:-1"},"canonical":"https:\/\/peoplesphere.be\/fr\/la-maitrise-de-langlais-en-recul-dans-les-entreprises-belges\/","og_locale":"fr_FR","og_type":"article","og_title":"La ma\u00eetrise de l'anglais en recul dans les entreprises belges? - Peoplesphere","og_description":"Le cinqui\u00e8me \u00e9dition de l&rsquo;English Proficiency Index 2015 vient d&rsquo;\u00eatre publi\u00e9e. Cet index porte sur les aptitudes en anglais d\u2019adultes vivant dans des pays non-anglophones dans le monde.* La Belgique se classe au 17\u00e8me rang (seulement), affichant un recul tandis [&hellip;]","og_url":"https:\/\/peoplesphere.be\/fr\/la-maitrise-de-langlais-en-recul-dans-les-entreprises-belges\/","og_site_name":"Peoplesphere","article_publisher":"https:\/\/www.facebook.com\/peoplesphere","article_published_time":"2015-11-03T09:26:11+00:00","og_image":[{"url":"http:\/\/www.peoplesphere.be\/fr\/wp-content\/uploads\/2016\/07\/facebook-default-posting-1200x628px.jpg"}],"author":"Jean-Paul Erhard","twitter_card":"summary_large_image","twitter_creator":"@PeoplesphereMag","twitter_site":"@PeoplesphereMag","twitter_misc":{"\u00c9crit par":"Jean-Paul Erhard","Dur\u00e9e de lecture estim\u00e9e":"3 minutes"},"schema":{"@context":"https:\/\/schema.org","@graph":[{"@type":"Article","@id":"https:\/\/peoplesphere.be\/fr\/la-maitrise-de-langlais-en-recul-dans-les-entreprises-belges\/#article","isPartOf":{"@id":"https:\/\/peoplesphere.be\/fr\/la-maitrise-de-langlais-en-recul-dans-les-entreprises-belges\/"},"author":{"name":"Jean-Paul Erhard","@id":"https:\/\/peoplesphere.be\/fr\/#\/schema\/person\/7976225ff17988604334abb7b3536a7e"},"headline":"La ma\u00eetrise de l&rsquo;anglais en recul dans les entreprises belges?","datePublished":"2015-11-03T09:26:11+00:00","dateModified":"2015-11-03T09:26:11+00:00","mainEntityOfPage":{"@id":"https:\/\/peoplesphere.be\/fr\/la-maitrise-de-langlais-en-recul-dans-les-entreprises-belges\/"},"wordCount":639,"publisher":{"@id":"https:\/\/peoplesphere.be\/fr\/#organization"},"keywords":["anglais","Apprentissage","Formation","langues","mondialisation"],"articleSection":["Actualit\u00e9s","Digital"],"inLanguage":"fr-FR"},{"@type":"WebPage","@id":"https:\/\/peoplesphere.be\/fr\/la-maitrise-de-langlais-en-recul-dans-les-entreprises-belges\/","url":"https:\/\/peoplesphere.be\/fr\/la-maitrise-de-langlais-en-recul-dans-les-entreprises-belges\/","name":"La ma\u00eetrise de l'anglais en recul dans les entreprises belges? - Peoplesphere","isPartOf":{"@id":"https:\/\/peoplesphere.be\/fr\/#website"},"datePublished":"2015-11-03T09:26:11+00:00","dateModified":"2015-11-03T09:26:11+00:00","breadcrumb":{"@id":"https:\/\/peoplesphere.be\/fr\/la-maitrise-de-langlais-en-recul-dans-les-entreprises-belges\/#breadcrumb"},"inLanguage":"fr-FR","potentialAction":[{"@type":"ReadAction","target":["https:\/\/peoplesphere.be\/fr\/la-maitrise-de-langlais-en-recul-dans-les-entreprises-belges\/"]}]},{"@type":"BreadcrumbList","@id":"https:\/\/peoplesphere.be\/fr\/la-maitrise-de-langlais-en-recul-dans-les-entreprises-belges\/#breadcrumb","itemListElement":[{"@type":"ListItem","position":1,"name":"Accueil","item":"https:\/\/peoplesphere.be\/fr\/"},{"@type":"ListItem","position":2,"name":"La ma\u00eetrise de l&rsquo;anglais en recul dans les entreprises belges?"}]},{"@type":"WebSite","@id":"https:\/\/peoplesphere.be\/fr\/#website","url":"https:\/\/peoplesphere.be\/fr\/","name":"Peoplesphere","description":"The People Managers Magazine","publisher":{"@id":"https:\/\/peoplesphere.be\/fr\/#organization"},"potentialAction":[{"@type":"SearchAction","target":{"@type":"EntryPoint","urlTemplate":"https:\/\/peoplesphere.be\/fr\/?s={search_term_string}"},"query-input":"required name=search_term_string"}],"inLanguage":"fr-FR"},{"@type":"Organization","@id":"https:\/\/peoplesphere.be\/fr\/#organization","name":"Peoplesphere Company srl","url":"https:\/\/peoplesphere.be\/fr\/","logo":{"@type":"ImageObject","inLanguage":"fr-FR","@id":"https:\/\/peoplesphere.be\/fr\/#\/schema\/logo\/image\/","url":"https:\/\/peoplesphere.be\/fr\/wp-content\/uploads\/2023\/07\/peoplesphere-lgo-new-generik.jpg","contentUrl":"https:\/\/peoplesphere.be\/fr\/wp-content\/uploads\/2023\/07\/peoplesphere-lgo-new-generik.jpg","width":1031,"height":1479,"caption":"Peoplesphere Company srl"},"image":{"@id":"https:\/\/peoplesphere.be\/fr\/#\/schema\/logo\/image\/"},"sameAs":["https:\/\/www.facebook.com\/peoplesphere","https:\/\/twitter.com\/PeoplesphereMag","https:\/\/www.linkedin.com\/company\/7587361?trk","http:\/\/youtube.com\/peoplesphere"]},{"@type":"Person","@id":"https:\/\/peoplesphere.be\/fr\/#\/schema\/person\/7976225ff17988604334abb7b3536a7e","name":"Jean-Paul Erhard","image":{"@type":"ImageObject","inLanguage":"fr-FR","@id":"https:\/\/peoplesphere.be\/fr\/#\/schema\/person\/image\/","url":"https:\/\/secure.gravatar.com\/avatar\/f941e681460179738071629a51574930?s=96&d=mm&r=g","contentUrl":"https:\/\/secure.gravatar.com\/avatar\/f941e681460179738071629a51574930?s=96&d=mm&r=g","caption":"Jean-Paul Erhard"},"url":"https:\/\/peoplesphere.be\/fr\/author\/jpe\/"}]}},"_links":{"self":[{"href":"https:\/\/peoplesphere.be\/fr\/wp-json\/wp\/v2\/posts\/2119"}],"collection":[{"href":"https:\/\/peoplesphere.be\/fr\/wp-json\/wp\/v2\/posts"}],"about":[{"href":"https:\/\/peoplesphere.be\/fr\/wp-json\/wp\/v2\/types\/post"}],"author":[{"embeddable":true,"href":"https:\/\/peoplesphere.be\/fr\/wp-json\/wp\/v2\/users\/2"}],"replies":[{"embeddable":true,"href":"https:\/\/peoplesphere.be\/fr\/wp-json\/wp\/v2\/comments?post=2119"}],"version-history":[{"count":1,"href":"https:\/\/peoplesphere.be\/fr\/wp-json\/wp\/v2\/posts\/2119\/revisions"}],"predecessor-version":[{"id":2120,"href":"https:\/\/peoplesphere.be\/fr\/wp-json\/wp\/v2\/posts\/2119\/revisions\/2120"}],"wp:attachment":[{"href":"https:\/\/peoplesphere.be\/fr\/wp-json\/wp\/v2\/media?parent=2119"}],"wp:term":[{"taxonomy":"category","embeddable":true,"href":"https:\/\/peoplesphere.be\/fr\/wp-json\/wp\/v2\/categories?post=2119"},{"taxonomy":"post_tag","embeddable":true,"href":"https:\/\/peoplesphere.be\/fr\/wp-json\/wp\/v2\/tags?post=2119"}],"curies":[{"name":"wp","href":"https:\/\/api.w.org\/{rel}","templated":true}]}}