









{"id":2246,"date":"2015-11-28T14:45:47","date_gmt":"2015-11-28T12:45:47","guid":{"rendered":"http:\/\/www.peoplesphere.be\/fr\/?p=2246"},"modified":"2015-11-28T14:52:52","modified_gmt":"2015-11-28T12:52:52","slug":"dossier-licenciement-il-doit-y-avoir-une-autre-voie","status":"publish","type":"post","link":"https:\/\/peoplesphere.be\/fr\/dossier-licenciement-il-doit-y-avoir-une-autre-voie\/","title":{"rendered":"Dossier Licenciement : il doit y avoir une autre voie"},"content":{"rendered":"<h1>Trop de licenciements virent au conflit. Il doit y avoir une autre voie. Objectif du dossier Peoplesphere n\u00b0199 que nous venons de finaliser pour vous: identifier les bonnes pratiques en mati\u00e8re de licenciement et nous aider \u00e0 r\u00e9fl\u00e9chir sur un sujet \u00e9minemment sensible! Voici les enjeux du dossier.<!--more--><\/h1>\n<p>Nous abordons le volet sombre \u2013 qui a dit \u2018le c\u00f4t\u00e9 obscur\u2019 ? \u2013 de la fonction. Le licenciement fait partie des missions qui consomment notre capital \u00e9motionnel et aussi de plus en plus\u2026 de temps ! En effet, les d\u00e9saccords en la mati\u00e8re sont de plus en plus fr\u00e9quents et toujours aussi d\u00e9sagr\u00e9ables \u00e0 vivre. De nombreux licenciements se passent mal. Et, au-del\u00e0 du temps investi contre notre gr\u00e9 dans la r\u00e9solution de conflits en droit social, la r\u00e9putation de nos entreprises en souffre.<\/p>\n<p>Exemple ? Pierre Gattaz, le patron des patrons fran\u00e7ais (pr\u00e9sident du MEDEF donc) se retrouve actuellement devant les tribunaux pour licenciement abusif. L\u2019ancien directeur g\u00e9n\u00e9ral adjoint et responsable de la communication du MEDEF attaque en effet son ancien employeur, estimant avoir \u00e9t\u00e9 victime d\u2019une chasse aux sorci\u00e8res. Renouvellement des \u00e9quipes \u00e0 l\u2019occasion de l\u2019intronisation du nouveau pr\u00e9sident? Que l\u2019on \u00e9voque une incompatibilit\u00e9 des visions strat\u00e9giques, une rupture de confiance, la remise en question des comp\u00e9tences dans le cadre d\u2019une nouvelle organisation\u2026 Les raisons peuvent \u00eatre multiples mais nous devons constater que la motivation d\u2019un licenciement est rarement l\u2019objet d\u2019un accord. En l\u2019occurrence ici, le dir com du MEDEF ne se \u00ab serait pas adapt\u00e9 \u00e0 la nouvelle organisation \u00bb, raison pour laquelle il a \u00e9t\u00e9 convoqu\u00e9 \u00e0 un entretien de licenciement pour cause r\u00e9elle et s\u00e9rieuse, avec un dossier d\u2019\u00e9valuation vide selon les uns, suffisamment \u00e9loquent selon les autres.<br \/>\nContestation, avocats, tentative de concertation, avocats, tribunaux, avocats\u2026 Indemnit\u00e9s. L\u2019encha\u00eenement classique et co\u00fbteux d\u2019une s\u00e9paration mal g\u00e9r\u00e9e. Il doit cependant exister une autre voie. Obligatoirement.<\/p>\n<p><strong><em>Licenciement, mode d\u2019emploi ?<\/em><\/strong><\/p>\n<p>Licencier repr\u00e9sente un volet majeur de la fonction RH. Et m\u00eame si \u00e0 priori il ne s\u2019agit pas de l\u2019activit\u00e9 qui contribue le plus \u00e0 la popularit\u00e9 des professionnels RH, la pratique experte du licenciement constitue un moment cl\u00e9 pour renforcer sa cr\u00e9dibilit\u00e9 et son \u2018importance\u2019 (osons m\u00eame pr\u00e9tendre, \u2018sa valeur ajout\u00e9e\u2019 dans l\u2019organisation.). Dans certains cas, le manque de courage des managers et responsables hi\u00e9rarchiques am\u00e8ne les professionnels RH \u00e0 prendre le leadership sur le processus de licenciement. Il faut bien que quelqu\u2019un s\u2019y colle\u2026<\/p>\n<p>Rappelons en guise de dernier pr\u00e9alable que le licenciement acte l\u2019\u00e9chec de la collaboration\u2026 et donc un moment p\u00e9nible dans la confrontation entre des individus qui savent qu\u2019ils n\u2019ont plus grand chose \u00e0 partager. En amont, il doit y avoir une phase de reconnaissance et de compr\u00e9hension de l\u2019\u00e9chec. Il faut assumer. Nous sommes dans une situation difficile o\u00f9 il convient de reconna\u00eetre les erreurs des uns et des autres.<\/p>\n<p>Supposons que cette \u00e9tape n\u00e9cessaire a \u00e9t\u00e9 r\u00e9alis\u00e9e. Quels sont alors les fondements sur lesquels nous pouvons nous appuyer afin de d\u00e9velopper une approche positive?<\/p>\n<p>Premier m\u00e9mo utile : on recrute bien, on forme bien, on \u00e9value bien, on licencie bien. C\u2019est de la coh\u00e9rence de l\u2019ensemble du cycle de la collaboration qu\u2019il s\u2019agit. L\u2019approche int\u00e9gr\u00e9e du Talent Management est une \u00e9vidence dans l\u2019immense majorit\u00e9 des organisations. Mais il appara\u00eet r\u00e9guli\u00e8rement que la phase de \u2018sortie\u2019 est n\u00e9glig\u00e9e, l\u2019enjeu semblant moins strat\u00e9gique. Sans doute une erreur d\u2019appr\u00e9ciation que nous allons corriger ensemble.<\/p>\n<p>Deuxi\u00e8me m\u00e9mo : toujours penser \u00e0 l\u2019impact d\u2019un licenciement sur ceux qui restent! Tous les collaborateurs &#8211; que leur \u00e9quipe soit concern\u00e9e ou pas par la s\u00e9paration en cours &#8211; nous regardent, en se demandant quand leur propre tour viendra et \u00e0 quelle sauce ils seront mang\u00e9s, t\u00f4t ou tard. L\u2019exigence d\u2019exemplarit\u00e9 est au plus haut.<\/p>\n<p>Troisi\u00e8me m\u00e9mo enfin, dont nous souhaitons mesurer la validit\u00e9 \u00e0 travers ce nouveau dossier : nous avons une responsabilit\u00e9 qui va au-del\u00e0 du simple cadre de l\u2019entreprise. Tout en privil\u00e9giant les objectifs de l\u2019entreprise qui nous r\u00e9mun\u00e8re, nous devrions aujourd\u2019hui penser \u00e0 remplir un r\u00f4le global d\u2019ordre soci\u00e9tal qui s\u2019exerce sur le plan de l\u2019employabilit\u00e9. Ceci suppose que nous d\u00e9ployons d\u2019importants efforts, parfois complexes, en vue de la personne licenci\u00e9e en \u2018mouvement\u2019, dans une dynamique de recherche d\u2019une nouvelle mission \u2018mieux\u2019 adapt\u00e9e \u00e0 son propre profil et \u00e0 ses besoins actuels et futurs.<\/p>\n<p>Une autre voie, disions-nous\u2026 Un chemin r\u00e9aliste et qui s\u2019inscrit dans une parfaite continuit\u00e9 pour les entreprises qui investissent sinc\u00e8rement et durablement au profit de tous leurs talents.<\/p>\n<p>Jean-Paul ERHARD<\/p>\n<p>Rappel : pour obtenir le dossier complet, rejoignez notre communaut\u00e9 de lecteurs r\u00e9guliers en vous abonnant <a href=\"http:\/\/www.peoplesphere.be\/fr\/abo\/\">ici<\/a> ou commandez votre (print ou pdf &#8211; 15 euros tvac) via email \u00e0 l&rsquo;adresse : <a href=\"mailto:info@peoplesphere.be\">info@peoplesphere.be<\/a><\/p>\n","protected":false},"excerpt":{"rendered":"<p>Trop de licenciements virent au conflit. Il doit y avoir une autre voie. Objectif du dossier Peoplesphere n\u00b0199 que nous venons de finaliser pour vous: identifier les bonnes pratiques en mati\u00e8re de licenciement et nous aider \u00e0 r\u00e9fl\u00e9chir sur un [&hellip;]<\/p>\n","protected":false},"author":2,"featured_media":0,"comment_status":"closed","ping_status":"open","sticky":false,"template":"","format":"standard","meta":[],"categories":[62,2],"tags":[469,470,468,134,321,299,445,471],"yoast_head":"<!-- This site is optimized with the Yoast SEO plugin v21.0 - https:\/\/yoast.com\/wordpress\/plugins\/seo\/ -->\n<title>Dossier Licenciement : il doit y avoir une autre voie  - Peoplesphere<\/title>\n<meta name=\"robots\" content=\"index, follow, max-snippet:-1, max-image-preview:large, max-video-preview:-1\" \/>\n<link rel=\"canonical\" href=\"https:\/\/peoplesphere.be\/fr\/dossier-licenciement-il-doit-y-avoir-une-autre-voie\/\" \/>\n<meta property=\"og:locale\" content=\"fr_FR\" \/>\n<meta property=\"og:type\" content=\"article\" \/>\n<meta property=\"og:title\" content=\"Dossier Licenciement : il doit y avoir une autre voie  - Peoplesphere\" \/>\n<meta property=\"og:description\" content=\"Trop de licenciements virent au conflit. Il doit y avoir une autre voie. Objectif du dossier Peoplesphere n\u00b0199 que nous venons de finaliser pour vous: identifier les bonnes pratiques en mati\u00e8re de licenciement et nous aider \u00e0 r\u00e9fl\u00e9chir sur un [&hellip;]\" \/>\n<meta property=\"og:url\" content=\"https:\/\/peoplesphere.be\/fr\/dossier-licenciement-il-doit-y-avoir-une-autre-voie\/\" \/>\n<meta property=\"og:site_name\" content=\"Peoplesphere\" \/>\n<meta property=\"article:publisher\" content=\"https:\/\/www.facebook.com\/peoplesphere\" \/>\n<meta property=\"article:published_time\" content=\"2015-11-28T12:45:47+00:00\" \/>\n<meta property=\"article:modified_time\" content=\"2015-11-28T12:52:52+00:00\" \/>\n<meta property=\"og:image\" content=\"http:\/\/www.peoplesphere.be\/fr\/wp-content\/uploads\/2016\/07\/facebook-default-posting-1200x628px.jpg\" \/>\n<meta name=\"author\" content=\"Jean-Paul Erhard\" \/>\n<meta name=\"twitter:card\" content=\"summary_large_image\" \/>\n<meta name=\"twitter:creator\" content=\"@PeoplesphereMag\" \/>\n<meta name=\"twitter:site\" content=\"@PeoplesphereMag\" \/>\n<meta name=\"twitter:label1\" content=\"\u00c9crit par\" \/>\n\t<meta name=\"twitter:data1\" content=\"Jean-Paul Erhard\" \/>\n\t<meta name=\"twitter:label2\" content=\"Dur\u00e9e de lecture estim\u00e9e\" \/>\n\t<meta name=\"twitter:data2\" content=\"4 minutes\" \/>\n<script type=\"application\/ld+json\" class=\"yoast-schema-graph\">{\"@context\":\"https:\/\/schema.org\",\"@graph\":[{\"@type\":\"Article\",\"@id\":\"https:\/\/peoplesphere.be\/fr\/dossier-licenciement-il-doit-y-avoir-une-autre-voie\/#article\",\"isPartOf\":{\"@id\":\"https:\/\/peoplesphere.be\/fr\/dossier-licenciement-il-doit-y-avoir-une-autre-voie\/\"},\"author\":{\"name\":\"Jean-Paul Erhard\",\"@id\":\"https:\/\/peoplesphere.be\/fr\/#\/schema\/person\/7976225ff17988604334abb7b3536a7e\"},\"headline\":\"Dossier Licenciement : il doit y avoir une autre voie\",\"datePublished\":\"2015-11-28T12:45:47+00:00\",\"dateModified\":\"2015-11-28T12:52:52+00:00\",\"mainEntityOfPage\":{\"@id\":\"https:\/\/peoplesphere.be\/fr\/dossier-licenciement-il-doit-y-avoir-une-autre-voie\/\"},\"wordCount\":869,\"publisher\":{\"@id\":\"https:\/\/peoplesphere.be\/fr\/#organization\"},\"keywords\":[\"accompagnement\",\"coaching\",\"dossier RH\",\"licenciement\",\"outplacement\",\"r\u00e9tention\",\"talent management\",\"valeur RH\"],\"articleSection\":[\"Articles\",\"Magazine\"],\"inLanguage\":\"fr-FR\"},{\"@type\":\"WebPage\",\"@id\":\"https:\/\/peoplesphere.be\/fr\/dossier-licenciement-il-doit-y-avoir-une-autre-voie\/\",\"url\":\"https:\/\/peoplesphere.be\/fr\/dossier-licenciement-il-doit-y-avoir-une-autre-voie\/\",\"name\":\"Dossier Licenciement : il doit y avoir une autre voie - Peoplesphere\",\"isPartOf\":{\"@id\":\"https:\/\/peoplesphere.be\/fr\/#website\"},\"datePublished\":\"2015-11-28T12:45:47+00:00\",\"dateModified\":\"2015-11-28T12:52:52+00:00\",\"breadcrumb\":{\"@id\":\"https:\/\/peoplesphere.be\/fr\/dossier-licenciement-il-doit-y-avoir-une-autre-voie\/#breadcrumb\"},\"inLanguage\":\"fr-FR\",\"potentialAction\":[{\"@type\":\"ReadAction\",\"target\":[\"https:\/\/peoplesphere.be\/fr\/dossier-licenciement-il-doit-y-avoir-une-autre-voie\/\"]}]},{\"@type\":\"BreadcrumbList\",\"@id\":\"https:\/\/peoplesphere.be\/fr\/dossier-licenciement-il-doit-y-avoir-une-autre-voie\/#breadcrumb\",\"itemListElement\":[{\"@type\":\"ListItem\",\"position\":1,\"name\":\"Accueil\",\"item\":\"https:\/\/peoplesphere.be\/fr\/\"},{\"@type\":\"ListItem\",\"position\":2,\"name\":\"Dossier Licenciement : il doit y avoir une autre voie\"}]},{\"@type\":\"WebSite\",\"@id\":\"https:\/\/peoplesphere.be\/fr\/#website\",\"url\":\"https:\/\/peoplesphere.be\/fr\/\",\"name\":\"Peoplesphere\",\"description\":\"The People Managers Magazine\",\"publisher\":{\"@id\":\"https:\/\/peoplesphere.be\/fr\/#organization\"},\"potentialAction\":[{\"@type\":\"SearchAction\",\"target\":{\"@type\":\"EntryPoint\",\"urlTemplate\":\"https:\/\/peoplesphere.be\/fr\/?s={search_term_string}\"},\"query-input\":\"required name=search_term_string\"}],\"inLanguage\":\"fr-FR\"},{\"@type\":\"Organization\",\"@id\":\"https:\/\/peoplesphere.be\/fr\/#organization\",\"name\":\"Peoplesphere Company srl\",\"url\":\"https:\/\/peoplesphere.be\/fr\/\",\"logo\":{\"@type\":\"ImageObject\",\"inLanguage\":\"fr-FR\",\"@id\":\"https:\/\/peoplesphere.be\/fr\/#\/schema\/logo\/image\/\",\"url\":\"https:\/\/peoplesphere.be\/fr\/wp-content\/uploads\/2023\/07\/peoplesphere-lgo-new-generik.jpg\",\"contentUrl\":\"https:\/\/peoplesphere.be\/fr\/wp-content\/uploads\/2023\/07\/peoplesphere-lgo-new-generik.jpg\",\"width\":1031,\"height\":1479,\"caption\":\"Peoplesphere Company srl\"},\"image\":{\"@id\":\"https:\/\/peoplesphere.be\/fr\/#\/schema\/logo\/image\/\"},\"sameAs\":[\"https:\/\/www.facebook.com\/peoplesphere\",\"https:\/\/twitter.com\/PeoplesphereMag\",\"https:\/\/www.linkedin.com\/company\/7587361?trk\",\"http:\/\/youtube.com\/peoplesphere\"]},{\"@type\":\"Person\",\"@id\":\"https:\/\/peoplesphere.be\/fr\/#\/schema\/person\/7976225ff17988604334abb7b3536a7e\",\"name\":\"Jean-Paul Erhard\",\"image\":{\"@type\":\"ImageObject\",\"inLanguage\":\"fr-FR\",\"@id\":\"https:\/\/peoplesphere.be\/fr\/#\/schema\/person\/image\/\",\"url\":\"https:\/\/secure.gravatar.com\/avatar\/f941e681460179738071629a51574930?s=96&d=mm&r=g\",\"contentUrl\":\"https:\/\/secure.gravatar.com\/avatar\/f941e681460179738071629a51574930?s=96&d=mm&r=g\",\"caption\":\"Jean-Paul Erhard\"},\"url\":\"https:\/\/peoplesphere.be\/fr\/author\/jpe\/\"}]}<\/script>\n<!-- \/ Yoast SEO plugin. -->","yoast_head_json":{"title":"Dossier Licenciement : il doit y avoir une autre voie  - Peoplesphere","robots":{"index":"index","follow":"follow","max-snippet":"max-snippet:-1","max-image-preview":"max-image-preview:large","max-video-preview":"max-video-preview:-1"},"canonical":"https:\/\/peoplesphere.be\/fr\/dossier-licenciement-il-doit-y-avoir-une-autre-voie\/","og_locale":"fr_FR","og_type":"article","og_title":"Dossier Licenciement : il doit y avoir une autre voie  - Peoplesphere","og_description":"Trop de licenciements virent au conflit. Il doit y avoir une autre voie. Objectif du dossier Peoplesphere n\u00b0199 que nous venons de finaliser pour vous: identifier les bonnes pratiques en mati\u00e8re de licenciement et nous aider \u00e0 r\u00e9fl\u00e9chir sur un [&hellip;]","og_url":"https:\/\/peoplesphere.be\/fr\/dossier-licenciement-il-doit-y-avoir-une-autre-voie\/","og_site_name":"Peoplesphere","article_publisher":"https:\/\/www.facebook.com\/peoplesphere","article_published_time":"2015-11-28T12:45:47+00:00","article_modified_time":"2015-11-28T12:52:52+00:00","og_image":[{"url":"http:\/\/www.peoplesphere.be\/fr\/wp-content\/uploads\/2016\/07\/facebook-default-posting-1200x628px.jpg"}],"author":"Jean-Paul Erhard","twitter_card":"summary_large_image","twitter_creator":"@PeoplesphereMag","twitter_site":"@PeoplesphereMag","twitter_misc":{"\u00c9crit par":"Jean-Paul Erhard","Dur\u00e9e de lecture estim\u00e9e":"4 minutes"},"schema":{"@context":"https:\/\/schema.org","@graph":[{"@type":"Article","@id":"https:\/\/peoplesphere.be\/fr\/dossier-licenciement-il-doit-y-avoir-une-autre-voie\/#article","isPartOf":{"@id":"https:\/\/peoplesphere.be\/fr\/dossier-licenciement-il-doit-y-avoir-une-autre-voie\/"},"author":{"name":"Jean-Paul Erhard","@id":"https:\/\/peoplesphere.be\/fr\/#\/schema\/person\/7976225ff17988604334abb7b3536a7e"},"headline":"Dossier Licenciement : il doit y avoir une autre voie","datePublished":"2015-11-28T12:45:47+00:00","dateModified":"2015-11-28T12:52:52+00:00","mainEntityOfPage":{"@id":"https:\/\/peoplesphere.be\/fr\/dossier-licenciement-il-doit-y-avoir-une-autre-voie\/"},"wordCount":869,"publisher":{"@id":"https:\/\/peoplesphere.be\/fr\/#organization"},"keywords":["accompagnement","coaching","dossier RH","licenciement","outplacement","r\u00e9tention","talent management","valeur RH"],"articleSection":["Articles","Magazine"],"inLanguage":"fr-FR"},{"@type":"WebPage","@id":"https:\/\/peoplesphere.be\/fr\/dossier-licenciement-il-doit-y-avoir-une-autre-voie\/","url":"https:\/\/peoplesphere.be\/fr\/dossier-licenciement-il-doit-y-avoir-une-autre-voie\/","name":"Dossier Licenciement : il doit y avoir une autre voie - Peoplesphere","isPartOf":{"@id":"https:\/\/peoplesphere.be\/fr\/#website"},"datePublished":"2015-11-28T12:45:47+00:00","dateModified":"2015-11-28T12:52:52+00:00","breadcrumb":{"@id":"https:\/\/peoplesphere.be\/fr\/dossier-licenciement-il-doit-y-avoir-une-autre-voie\/#breadcrumb"},"inLanguage":"fr-FR","potentialAction":[{"@type":"ReadAction","target":["https:\/\/peoplesphere.be\/fr\/dossier-licenciement-il-doit-y-avoir-une-autre-voie\/"]}]},{"@type":"BreadcrumbList","@id":"https:\/\/peoplesphere.be\/fr\/dossier-licenciement-il-doit-y-avoir-une-autre-voie\/#breadcrumb","itemListElement":[{"@type":"ListItem","position":1,"name":"Accueil","item":"https:\/\/peoplesphere.be\/fr\/"},{"@type":"ListItem","position":2,"name":"Dossier Licenciement : il doit y avoir une autre voie"}]},{"@type":"WebSite","@id":"https:\/\/peoplesphere.be\/fr\/#website","url":"https:\/\/peoplesphere.be\/fr\/","name":"Peoplesphere","description":"The People Managers Magazine","publisher":{"@id":"https:\/\/peoplesphere.be\/fr\/#organization"},"potentialAction":[{"@type":"SearchAction","target":{"@type":"EntryPoint","urlTemplate":"https:\/\/peoplesphere.be\/fr\/?s={search_term_string}"},"query-input":"required name=search_term_string"}],"inLanguage":"fr-FR"},{"@type":"Organization","@id":"https:\/\/peoplesphere.be\/fr\/#organization","name":"Peoplesphere Company srl","url":"https:\/\/peoplesphere.be\/fr\/","logo":{"@type":"ImageObject","inLanguage":"fr-FR","@id":"https:\/\/peoplesphere.be\/fr\/#\/schema\/logo\/image\/","url":"https:\/\/peoplesphere.be\/fr\/wp-content\/uploads\/2023\/07\/peoplesphere-lgo-new-generik.jpg","contentUrl":"https:\/\/peoplesphere.be\/fr\/wp-content\/uploads\/2023\/07\/peoplesphere-lgo-new-generik.jpg","width":1031,"height":1479,"caption":"Peoplesphere Company srl"},"image":{"@id":"https:\/\/peoplesphere.be\/fr\/#\/schema\/logo\/image\/"},"sameAs":["https:\/\/www.facebook.com\/peoplesphere","https:\/\/twitter.com\/PeoplesphereMag","https:\/\/www.linkedin.com\/company\/7587361?trk","http:\/\/youtube.com\/peoplesphere"]},{"@type":"Person","@id":"https:\/\/peoplesphere.be\/fr\/#\/schema\/person\/7976225ff17988604334abb7b3536a7e","name":"Jean-Paul Erhard","image":{"@type":"ImageObject","inLanguage":"fr-FR","@id":"https:\/\/peoplesphere.be\/fr\/#\/schema\/person\/image\/","url":"https:\/\/secure.gravatar.com\/avatar\/f941e681460179738071629a51574930?s=96&d=mm&r=g","contentUrl":"https:\/\/secure.gravatar.com\/avatar\/f941e681460179738071629a51574930?s=96&d=mm&r=g","caption":"Jean-Paul Erhard"},"url":"https:\/\/peoplesphere.be\/fr\/author\/jpe\/"}]}},"_links":{"self":[{"href":"https:\/\/peoplesphere.be\/fr\/wp-json\/wp\/v2\/posts\/2246"}],"collection":[{"href":"https:\/\/peoplesphere.be\/fr\/wp-json\/wp\/v2\/posts"}],"about":[{"href":"https:\/\/peoplesphere.be\/fr\/wp-json\/wp\/v2\/types\/post"}],"author":[{"embeddable":true,"href":"https:\/\/peoplesphere.be\/fr\/wp-json\/wp\/v2\/users\/2"}],"replies":[{"embeddable":true,"href":"https:\/\/peoplesphere.be\/fr\/wp-json\/wp\/v2\/comments?post=2246"}],"version-history":[{"count":2,"href":"https:\/\/peoplesphere.be\/fr\/wp-json\/wp\/v2\/posts\/2246\/revisions"}],"predecessor-version":[{"id":2248,"href":"https:\/\/peoplesphere.be\/fr\/wp-json\/wp\/v2\/posts\/2246\/revisions\/2248"}],"wp:attachment":[{"href":"https:\/\/peoplesphere.be\/fr\/wp-json\/wp\/v2\/media?parent=2246"}],"wp:term":[{"taxonomy":"category","embeddable":true,"href":"https:\/\/peoplesphere.be\/fr\/wp-json\/wp\/v2\/categories?post=2246"},{"taxonomy":"post_tag","embeddable":true,"href":"https:\/\/peoplesphere.be\/fr\/wp-json\/wp\/v2\/tags?post=2246"}],"curies":[{"name":"wp","href":"https:\/\/api.w.org\/{rel}","templated":true}]}}