









{"id":2291,"date":"2015-12-09T19:55:33","date_gmt":"2015-12-09T17:55:33","guid":{"rendered":"http:\/\/www.peoplesphere.be\/fr\/?p=2291"},"modified":"2015-12-09T19:55:33","modified_gmt":"2015-12-09T17:55:33","slug":"comment-le-droit-du-travail-peut-il-soutenir-le-commerce","status":"publish","type":"post","link":"https:\/\/peoplesphere.be\/fr\/comment-le-droit-du-travail-peut-il-soutenir-le-commerce\/","title":{"rendered":"Comment le droit du travail peut-il soutenir l&rsquo;e-commerce?"},"content":{"rendered":"<h1>Complexit\u00e9 du march\u00e9, rigidit\u00e9 du droit du travail, trop peu d\u2019initiatives nationale et r\u00e9gionale visant \u00e0 am\u00e9liorer l\u2019\u00e9ducation e-commerce et les capacit\u00e9s de financement figurent parmi les obstacles cl\u00e9s qui emp\u00eachent les web shops belges de faire face \u00e0 une concurrence sans fronti\u00e8re toujours plus f\u00e9roce. Notre \u00e9conomie digitale souffre actuellement d&rsquo;un manque de soutien r\u00e9glementaire afin de poursuivre son d\u00e9veloppement.<!--more--><\/h1>\n<p>54,2% des Belges ont fait au moins un achat en ligne au cours de l\u2019ann\u00e9e 2014, ce qui repr\u00e9sente une hausse de 12,2% par rapport \u00e0 2013(1). Le potentiel de croissance de l\u2019e-commerce en Belgique ne fait \u00e0 pr\u00e9sent plus aucun doute et nombreux sont les entrepreneurs qui franchissent le pas de la vente en ligne. Malgr\u00e9 des performances l\u00e9g\u00e8rement sup\u00e9rieures \u00e0 la moyenne europ\u00e9enne et de belles perspectives d\u2019avenir, la progression du secteur ralentit dans notre pays (une hausse de 14% pr\u00e9vue pour 2015 contre apr\u00e8s des taux de +14,9% en 2013 et +17% en 2011). Une minorit\u00e9 d\u2019acteurs belges parvient \u00e0 tirer son \u00e9pingle du jeu pour d\u00e9passer le cap symbolique des 50% de croissance annuelle et s\u2019exporter \u00e0 l\u2019\u00e9tranger tout en assurant leur rentabilit\u00e9.<\/p>\n<p><strong><em>Un march\u00e9 complexe mais prometteur<\/em><\/strong><\/p>\n<p>Une position au c\u0153ur de l\u2019Europe ainsi qu\u2019un personnel qualifi\u00e9 et multilingue font de la Belgique un endroit r\u00eav\u00e9 pour y installer un centre de distribution afin de desservir les pays limitrophes. Malgr\u00e9 tout, la taille du march\u00e9 belge demeure un frein \u00e0 l&rsquo;expansion de nos entreprises dans le secteur du e-commerce. Un d\u00e9veloppement qui passera in\u00e9vitablement par l&rsquo;international donc&#8230; et par une l\u00e9gislation du travail adapt\u00e9e aux sp\u00e9cificit\u00e9s du secteur.<\/p>\n<p><em><strong>Pas de travail la nuit, les jours f\u00e9ri\u00e9s et le dimanche<\/strong><\/em><\/p>\n<p>L\u2019exode des consommateurs vers les sites internationaux ne s\u2019explique pas simplement par la diff\u00e9rence de prix, le manque de r\u00e9activit\u00e9 des web shops belges est \u00e9galement point\u00e9 du doigt. Et pour cause, le droit belge n\u2019autorise pas plusieurs e-commer\u00e7ants \u00e0 travailler apr\u00e8s 20h, le weekend et les jours f\u00e9ri\u00e9s. Des sites de vente faisant partie d&rsquo;autres commissions paritaires peuvent, quant \u00e0 eux, exercer leur activit\u00e9 \u00e0 tout moment, moyennant cependant des co\u00fbts horaires revus \u00e0 la hausse.<\/p>\n<p>Une grande partie des e-commerces belges voient donc leurs d\u00e9lais de commandes allong\u00e9s, \u00e0 l\u2019avantage de concurrents \u00e9trangers, parmi lesquels figurent les N\u00e9erlandais, qui peuvent assurer une prise en charge imm\u00e9diate et une livraison d\u00e8s le lendemain pour toute commande pass\u00e9e avant 23h59, et ce, m\u00eame le dimanche. Ce qui explique, entre autres, le succ\u00e8s fulgurant de sites tels que Coolblue en Flandre.<\/p>\n<p><strong><em>Manque d\u2019\u00e9ducation e-commerce et frilosit\u00e9 des banques<\/em><\/strong><\/p>\n<p>Le faible taux de r\u00e9ussite des e-commerces belges r\u00e9sulte \u00e9galement d\u2019un manque d\u2019\u00e9ducation des consommateurs comme des entrepreneurs et d\u2019une faible prise de risque de la part des institutions bancaires. Aujourd\u2019hui, il existe encore trop peu d\u2019initiatives d\u2019accompagnements pour les commer\u00e7ants d\u00e9sireux de franchir le cap. Ce manque de soutien et de prise de risque est \u00e9galement pr\u00e9sent du c\u00f4t\u00e9 des institutions bancaires puisque, dans l\u2019ensemble, disposer d\u2019une situation \u00e9conomique favorable figure parmi les nombreux pr\u00e9requis pour esp\u00e9rer obtenir un financement. Le manque d\u2019\u00e9ducation des consommateurs se confirme quant \u00e0 lui au travers des statistiques car \u00e0 peine plus de la moiti\u00e9 des Belges (54,2%) affirment \u00eatre des \u2018e-shoppers\u2019 contre 66% des Fran\u00e7ais et 92% des N\u00e9erlandais(2).<\/p>\n<p><em><strong>Des raisons d&rsquo;esp\u00e9rer ?<\/strong><\/em><\/p>\n<p>Heureusement,<em> \u00ab\u00a0le F\u00e9d\u00e9ral ainsi que le R\u00e9gional semblent tous deux avoir pris pleinement conscience du retard de notre pays et de nombreux projets visant \u00e0 booster l\u2019e-commerce belge voient d\u00e9sormais le jour, \u00e0 l\u2019image de la plateforme \u2018Digital Belgium\u2019 r\u00e9cemment mise sur pied par Alexander De Croo\u00a0\u00bb<\/em> explique Patricia Ceysens, pr\u00e9sidente de l&rsquo;association BeCommerce.<\/p>\n<p><em>Sources :<\/em><br \/>\n<em> 1.Barom\u00e8tre de la soci\u00e9t\u00e9 de l\u2019information (2015), SPF Finance. http:\/\/economie.fgov.be\/fr\/binaries\/Barometre_de_la_societe_de_l_information_2015_tcm326-269296.pdf<\/em><br \/>\n<em> 2. E-commerce Europe: Western Europe B2C E-commerce report 2015<\/em><br \/>\n<em> http:\/\/nrw.nl\/wp-content\/uploads\/2015\/07\/European-b2c-e-commerce-report-2015.pdf<\/em><br \/>\n<em> 3. E-commerce: een stand van zaken (2015), Comeos.<\/em><br \/>\n<em> http:\/\/www.febelgra.be\/upload\/editor\/docs\/Diensten\/kennisdatabank\/technisch\/w2p.pro\/Comeos-lowres.pdf<\/em><\/p>\n","protected":false},"excerpt":{"rendered":"<p>Complexit\u00e9 du march\u00e9, rigidit\u00e9 du droit du travail, trop peu d\u2019initiatives nationale et r\u00e9gionale visant \u00e0 am\u00e9liorer l\u2019\u00e9ducation e-commerce et les capacit\u00e9s de financement figurent parmi les obstacles cl\u00e9s qui emp\u00eachent les web shops belges de faire face \u00e0 une [&hellip;]<\/p>\n","protected":false},"author":2,"featured_media":0,"comment_status":"closed","ping_status":"open","sticky":false,"template":"","format":"standard","meta":[],"categories":[65,10],"tags":[451,499,498,500,272],"yoast_head":"<!-- This site is optimized with the Yoast SEO plugin v21.0 - https:\/\/yoast.com\/wordpress\/plugins\/seo\/ -->\n<title>Comment le droit du travail peut-il soutenir l&#039;e-commerce? - Peoplesphere<\/title>\n<meta name=\"robots\" content=\"index, follow, max-snippet:-1, max-image-preview:large, max-video-preview:-1\" \/>\n<link rel=\"canonical\" href=\"https:\/\/peoplesphere.be\/fr\/comment-le-droit-du-travail-peut-il-soutenir-le-commerce\/\" \/>\n<meta property=\"og:locale\" content=\"fr_FR\" \/>\n<meta property=\"og:type\" content=\"article\" \/>\n<meta property=\"og:title\" content=\"Comment le droit du travail peut-il soutenir l&#039;e-commerce? - Peoplesphere\" \/>\n<meta property=\"og:description\" content=\"Complexit\u00e9 du march\u00e9, rigidit\u00e9 du droit du travail, trop peu d\u2019initiatives nationale et r\u00e9gionale visant \u00e0 am\u00e9liorer l\u2019\u00e9ducation e-commerce et les capacit\u00e9s de financement figurent parmi les obstacles cl\u00e9s qui emp\u00eachent les web shops belges de faire face \u00e0 une [&hellip;]\" \/>\n<meta property=\"og:url\" content=\"https:\/\/peoplesphere.be\/fr\/comment-le-droit-du-travail-peut-il-soutenir-le-commerce\/\" \/>\n<meta property=\"og:site_name\" content=\"Peoplesphere\" \/>\n<meta property=\"article:publisher\" content=\"https:\/\/www.facebook.com\/peoplesphere\" \/>\n<meta property=\"article:published_time\" content=\"2015-12-09T17:55:33+00:00\" \/>\n<meta property=\"og:image\" content=\"http:\/\/www.peoplesphere.be\/fr\/wp-content\/uploads\/2016\/07\/facebook-default-posting-1200x628px.jpg\" \/>\n<meta name=\"author\" content=\"Jean-Paul Erhard\" \/>\n<meta name=\"twitter:card\" content=\"summary_large_image\" \/>\n<meta name=\"twitter:creator\" content=\"@PeoplesphereMag\" \/>\n<meta name=\"twitter:site\" content=\"@PeoplesphereMag\" \/>\n<meta name=\"twitter:label1\" content=\"\u00c9crit par\" \/>\n\t<meta name=\"twitter:data1\" content=\"Jean-Paul Erhard\" \/>\n\t<meta name=\"twitter:label2\" content=\"Dur\u00e9e de lecture estim\u00e9e\" \/>\n\t<meta name=\"twitter:data2\" content=\"4 minutes\" \/>\n<script type=\"application\/ld+json\" class=\"yoast-schema-graph\">{\"@context\":\"https:\/\/schema.org\",\"@graph\":[{\"@type\":\"Article\",\"@id\":\"https:\/\/peoplesphere.be\/fr\/comment-le-droit-du-travail-peut-il-soutenir-le-commerce\/#article\",\"isPartOf\":{\"@id\":\"https:\/\/peoplesphere.be\/fr\/comment-le-droit-du-travail-peut-il-soutenir-le-commerce\/\"},\"author\":{\"name\":\"Jean-Paul Erhard\",\"@id\":\"https:\/\/peoplesphere.be\/fr\/#\/schema\/person\/7976225ff17988604334abb7b3536a7e\"},\"headline\":\"Comment le droit du travail peut-il soutenir l&rsquo;e-commerce?\",\"datePublished\":\"2015-12-09T17:55:33+00:00\",\"dateModified\":\"2015-12-09T17:55:33+00:00\",\"mainEntityOfPage\":{\"@id\":\"https:\/\/peoplesphere.be\/fr\/comment-le-droit-du-travail-peut-il-soutenir-le-commerce\/\"},\"wordCount\":725,\"publisher\":{\"@id\":\"https:\/\/peoplesphere.be\/fr\/#organization\"},\"keywords\":[\"digitalisation\",\"droit du travail\",\"e-commerce\",\"horaires de travail\",\"r\u00e9glementation\"],\"articleSection\":[\"Actualit\u00e9s\",\"Digital\"],\"inLanguage\":\"fr-FR\"},{\"@type\":\"WebPage\",\"@id\":\"https:\/\/peoplesphere.be\/fr\/comment-le-droit-du-travail-peut-il-soutenir-le-commerce\/\",\"url\":\"https:\/\/peoplesphere.be\/fr\/comment-le-droit-du-travail-peut-il-soutenir-le-commerce\/\",\"name\":\"Comment le droit du travail peut-il soutenir l'e-commerce? - Peoplesphere\",\"isPartOf\":{\"@id\":\"https:\/\/peoplesphere.be\/fr\/#website\"},\"datePublished\":\"2015-12-09T17:55:33+00:00\",\"dateModified\":\"2015-12-09T17:55:33+00:00\",\"breadcrumb\":{\"@id\":\"https:\/\/peoplesphere.be\/fr\/comment-le-droit-du-travail-peut-il-soutenir-le-commerce\/#breadcrumb\"},\"inLanguage\":\"fr-FR\",\"potentialAction\":[{\"@type\":\"ReadAction\",\"target\":[\"https:\/\/peoplesphere.be\/fr\/comment-le-droit-du-travail-peut-il-soutenir-le-commerce\/\"]}]},{\"@type\":\"BreadcrumbList\",\"@id\":\"https:\/\/peoplesphere.be\/fr\/comment-le-droit-du-travail-peut-il-soutenir-le-commerce\/#breadcrumb\",\"itemListElement\":[{\"@type\":\"ListItem\",\"position\":1,\"name\":\"Accueil\",\"item\":\"https:\/\/peoplesphere.be\/fr\/\"},{\"@type\":\"ListItem\",\"position\":2,\"name\":\"Comment le droit du travail peut-il soutenir l&rsquo;e-commerce?\"}]},{\"@type\":\"WebSite\",\"@id\":\"https:\/\/peoplesphere.be\/fr\/#website\",\"url\":\"https:\/\/peoplesphere.be\/fr\/\",\"name\":\"Peoplesphere\",\"description\":\"The People Managers Magazine\",\"publisher\":{\"@id\":\"https:\/\/peoplesphere.be\/fr\/#organization\"},\"potentialAction\":[{\"@type\":\"SearchAction\",\"target\":{\"@type\":\"EntryPoint\",\"urlTemplate\":\"https:\/\/peoplesphere.be\/fr\/?s={search_term_string}\"},\"query-input\":\"required name=search_term_string\"}],\"inLanguage\":\"fr-FR\"},{\"@type\":\"Organization\",\"@id\":\"https:\/\/peoplesphere.be\/fr\/#organization\",\"name\":\"Peoplesphere Company srl\",\"url\":\"https:\/\/peoplesphere.be\/fr\/\",\"logo\":{\"@type\":\"ImageObject\",\"inLanguage\":\"fr-FR\",\"@id\":\"https:\/\/peoplesphere.be\/fr\/#\/schema\/logo\/image\/\",\"url\":\"https:\/\/peoplesphere.be\/fr\/wp-content\/uploads\/2023\/07\/peoplesphere-lgo-new-generik.jpg\",\"contentUrl\":\"https:\/\/peoplesphere.be\/fr\/wp-content\/uploads\/2023\/07\/peoplesphere-lgo-new-generik.jpg\",\"width\":1031,\"height\":1479,\"caption\":\"Peoplesphere Company srl\"},\"image\":{\"@id\":\"https:\/\/peoplesphere.be\/fr\/#\/schema\/logo\/image\/\"},\"sameAs\":[\"https:\/\/www.facebook.com\/peoplesphere\",\"https:\/\/twitter.com\/PeoplesphereMag\",\"https:\/\/www.linkedin.com\/company\/7587361?trk\",\"http:\/\/youtube.com\/peoplesphere\"]},{\"@type\":\"Person\",\"@id\":\"https:\/\/peoplesphere.be\/fr\/#\/schema\/person\/7976225ff17988604334abb7b3536a7e\",\"name\":\"Jean-Paul Erhard\",\"image\":{\"@type\":\"ImageObject\",\"inLanguage\":\"fr-FR\",\"@id\":\"https:\/\/peoplesphere.be\/fr\/#\/schema\/person\/image\/\",\"url\":\"https:\/\/secure.gravatar.com\/avatar\/f941e681460179738071629a51574930?s=96&d=mm&r=g\",\"contentUrl\":\"https:\/\/secure.gravatar.com\/avatar\/f941e681460179738071629a51574930?s=96&d=mm&r=g\",\"caption\":\"Jean-Paul Erhard\"},\"url\":\"https:\/\/peoplesphere.be\/fr\/author\/jpe\/\"}]}<\/script>\n<!-- \/ Yoast SEO plugin. -->","yoast_head_json":{"title":"Comment le droit du travail peut-il soutenir l'e-commerce? - Peoplesphere","robots":{"index":"index","follow":"follow","max-snippet":"max-snippet:-1","max-image-preview":"max-image-preview:large","max-video-preview":"max-video-preview:-1"},"canonical":"https:\/\/peoplesphere.be\/fr\/comment-le-droit-du-travail-peut-il-soutenir-le-commerce\/","og_locale":"fr_FR","og_type":"article","og_title":"Comment le droit du travail peut-il soutenir l'e-commerce? - Peoplesphere","og_description":"Complexit\u00e9 du march\u00e9, rigidit\u00e9 du droit du travail, trop peu d\u2019initiatives nationale et r\u00e9gionale visant \u00e0 am\u00e9liorer l\u2019\u00e9ducation e-commerce et les capacit\u00e9s de financement figurent parmi les obstacles cl\u00e9s qui emp\u00eachent les web shops belges de faire face \u00e0 une [&hellip;]","og_url":"https:\/\/peoplesphere.be\/fr\/comment-le-droit-du-travail-peut-il-soutenir-le-commerce\/","og_site_name":"Peoplesphere","article_publisher":"https:\/\/www.facebook.com\/peoplesphere","article_published_time":"2015-12-09T17:55:33+00:00","og_image":[{"url":"http:\/\/www.peoplesphere.be\/fr\/wp-content\/uploads\/2016\/07\/facebook-default-posting-1200x628px.jpg"}],"author":"Jean-Paul Erhard","twitter_card":"summary_large_image","twitter_creator":"@PeoplesphereMag","twitter_site":"@PeoplesphereMag","twitter_misc":{"\u00c9crit par":"Jean-Paul Erhard","Dur\u00e9e de lecture estim\u00e9e":"4 minutes"},"schema":{"@context":"https:\/\/schema.org","@graph":[{"@type":"Article","@id":"https:\/\/peoplesphere.be\/fr\/comment-le-droit-du-travail-peut-il-soutenir-le-commerce\/#article","isPartOf":{"@id":"https:\/\/peoplesphere.be\/fr\/comment-le-droit-du-travail-peut-il-soutenir-le-commerce\/"},"author":{"name":"Jean-Paul Erhard","@id":"https:\/\/peoplesphere.be\/fr\/#\/schema\/person\/7976225ff17988604334abb7b3536a7e"},"headline":"Comment le droit du travail peut-il soutenir l&rsquo;e-commerce?","datePublished":"2015-12-09T17:55:33+00:00","dateModified":"2015-12-09T17:55:33+00:00","mainEntityOfPage":{"@id":"https:\/\/peoplesphere.be\/fr\/comment-le-droit-du-travail-peut-il-soutenir-le-commerce\/"},"wordCount":725,"publisher":{"@id":"https:\/\/peoplesphere.be\/fr\/#organization"},"keywords":["digitalisation","droit du travail","e-commerce","horaires de travail","r\u00e9glementation"],"articleSection":["Actualit\u00e9s","Digital"],"inLanguage":"fr-FR"},{"@type":"WebPage","@id":"https:\/\/peoplesphere.be\/fr\/comment-le-droit-du-travail-peut-il-soutenir-le-commerce\/","url":"https:\/\/peoplesphere.be\/fr\/comment-le-droit-du-travail-peut-il-soutenir-le-commerce\/","name":"Comment le droit du travail peut-il soutenir l'e-commerce? - Peoplesphere","isPartOf":{"@id":"https:\/\/peoplesphere.be\/fr\/#website"},"datePublished":"2015-12-09T17:55:33+00:00","dateModified":"2015-12-09T17:55:33+00:00","breadcrumb":{"@id":"https:\/\/peoplesphere.be\/fr\/comment-le-droit-du-travail-peut-il-soutenir-le-commerce\/#breadcrumb"},"inLanguage":"fr-FR","potentialAction":[{"@type":"ReadAction","target":["https:\/\/peoplesphere.be\/fr\/comment-le-droit-du-travail-peut-il-soutenir-le-commerce\/"]}]},{"@type":"BreadcrumbList","@id":"https:\/\/peoplesphere.be\/fr\/comment-le-droit-du-travail-peut-il-soutenir-le-commerce\/#breadcrumb","itemListElement":[{"@type":"ListItem","position":1,"name":"Accueil","item":"https:\/\/peoplesphere.be\/fr\/"},{"@type":"ListItem","position":2,"name":"Comment le droit du travail peut-il soutenir l&rsquo;e-commerce?"}]},{"@type":"WebSite","@id":"https:\/\/peoplesphere.be\/fr\/#website","url":"https:\/\/peoplesphere.be\/fr\/","name":"Peoplesphere","description":"The People Managers Magazine","publisher":{"@id":"https:\/\/peoplesphere.be\/fr\/#organization"},"potentialAction":[{"@type":"SearchAction","target":{"@type":"EntryPoint","urlTemplate":"https:\/\/peoplesphere.be\/fr\/?s={search_term_string}"},"query-input":"required name=search_term_string"}],"inLanguage":"fr-FR"},{"@type":"Organization","@id":"https:\/\/peoplesphere.be\/fr\/#organization","name":"Peoplesphere Company srl","url":"https:\/\/peoplesphere.be\/fr\/","logo":{"@type":"ImageObject","inLanguage":"fr-FR","@id":"https:\/\/peoplesphere.be\/fr\/#\/schema\/logo\/image\/","url":"https:\/\/peoplesphere.be\/fr\/wp-content\/uploads\/2023\/07\/peoplesphere-lgo-new-generik.jpg","contentUrl":"https:\/\/peoplesphere.be\/fr\/wp-content\/uploads\/2023\/07\/peoplesphere-lgo-new-generik.jpg","width":1031,"height":1479,"caption":"Peoplesphere Company srl"},"image":{"@id":"https:\/\/peoplesphere.be\/fr\/#\/schema\/logo\/image\/"},"sameAs":["https:\/\/www.facebook.com\/peoplesphere","https:\/\/twitter.com\/PeoplesphereMag","https:\/\/www.linkedin.com\/company\/7587361?trk","http:\/\/youtube.com\/peoplesphere"]},{"@type":"Person","@id":"https:\/\/peoplesphere.be\/fr\/#\/schema\/person\/7976225ff17988604334abb7b3536a7e","name":"Jean-Paul Erhard","image":{"@type":"ImageObject","inLanguage":"fr-FR","@id":"https:\/\/peoplesphere.be\/fr\/#\/schema\/person\/image\/","url":"https:\/\/secure.gravatar.com\/avatar\/f941e681460179738071629a51574930?s=96&d=mm&r=g","contentUrl":"https:\/\/secure.gravatar.com\/avatar\/f941e681460179738071629a51574930?s=96&d=mm&r=g","caption":"Jean-Paul Erhard"},"url":"https:\/\/peoplesphere.be\/fr\/author\/jpe\/"}]}},"_links":{"self":[{"href":"https:\/\/peoplesphere.be\/fr\/wp-json\/wp\/v2\/posts\/2291"}],"collection":[{"href":"https:\/\/peoplesphere.be\/fr\/wp-json\/wp\/v2\/posts"}],"about":[{"href":"https:\/\/peoplesphere.be\/fr\/wp-json\/wp\/v2\/types\/post"}],"author":[{"embeddable":true,"href":"https:\/\/peoplesphere.be\/fr\/wp-json\/wp\/v2\/users\/2"}],"replies":[{"embeddable":true,"href":"https:\/\/peoplesphere.be\/fr\/wp-json\/wp\/v2\/comments?post=2291"}],"version-history":[{"count":1,"href":"https:\/\/peoplesphere.be\/fr\/wp-json\/wp\/v2\/posts\/2291\/revisions"}],"predecessor-version":[{"id":2292,"href":"https:\/\/peoplesphere.be\/fr\/wp-json\/wp\/v2\/posts\/2291\/revisions\/2292"}],"wp:attachment":[{"href":"https:\/\/peoplesphere.be\/fr\/wp-json\/wp\/v2\/media?parent=2291"}],"wp:term":[{"taxonomy":"category","embeddable":true,"href":"https:\/\/peoplesphere.be\/fr\/wp-json\/wp\/v2\/categories?post=2291"},{"taxonomy":"post_tag","embeddable":true,"href":"https:\/\/peoplesphere.be\/fr\/wp-json\/wp\/v2\/tags?post=2291"}],"curies":[{"name":"wp","href":"https:\/\/api.w.org\/{rel}","templated":true}]}}