









{"id":2332,"date":"2015-12-22T00:11:16","date_gmt":"2015-12-21T22:11:16","guid":{"rendered":"http:\/\/www.peoplesphere.be\/fr\/?p=2332"},"modified":"2015-12-22T00:11:16","modified_gmt":"2015-12-21T22:11:16","slug":"les-partenaires-sociaux-saccordent-sur-le-travail-de-nuit-pour-soutenir-le-commerce","status":"publish","type":"post","link":"https:\/\/peoplesphere.be\/fr\/les-partenaires-sociaux-saccordent-sur-le-travail-de-nuit-pour-soutenir-le-commerce\/","title":{"rendered":"Les partenaires sociaux s&rsquo;accordent sur le travail de nuit pour soutenir l&rsquo;e-commerce."},"content":{"rendered":"<h1>Surprise, surprise. Un accord-cadre sectoriel a \u00e9t\u00e9 conclu ce lundi 21 d\u00e9cembre par les partenaires sociaux, accord visa \u00e0 rendre possible le travail de nuit pour le commerce \u00e9lectronique (e-commerce) dans le secteur du commerce et de la distribution. Le ministre de l&rsquo;Emploi, Kris Peeters, \u00e0 l&rsquo;origine de cette annonce, se r\u00e9jouit de ce accord qui semblait encore impossible il y a quelques jours.<!--more--><\/h1>\n<p>C&rsquo;est de cr\u00e9ation d&#8217;emploi dont il s&rsquo;agit, comme le rappelle le ministre, dans des secteurs qui emploient d\u00e9j\u00e0 plus de 250.000 personnes:\u00a0<em>\u00ab\u00a0Cet accord est un pas important. Le choix de la voie de la concertation sociale a \u00e9t\u00e9 payant. Tous les partenaires sociaux ont sign\u00e9 cet accord. Il y a maintenant une solution stable et durable pour l&rsquo;e-commerce. Chaque entreprise pourra \u00e0 pr\u00e9sent concr\u00e9tiser \u00e0 sa mesure cette CCT-cadre. Il est primordial que cet accord permette de cr\u00e9er \u00e0 court terme pas mal de nouveaux emplois de qualit\u00e9 dans les secteurs du commerce et de la distribution\u00a0\u00bb.<\/em><\/p>\n<p>Tous les signataires s&rsquo;engagent, sur base des principes \u00e9nonc\u00e9s ce jour, \u00e0 conclure des accords au niveau de l&rsquo;entreprise qui permettent le d\u00e9veloppement des activit\u00e9s de l&rsquo;e-commerce et de cr\u00e9er des emplois. Cet accord ne concerne que les secteurs du commerce et de la distribution. Pour la logistique et le secteur du transport, un arr\u00eat\u00e9 royal autorisait d\u00e9j\u00e0 le travail de nuit. C&rsquo;est \u00e0 la demande des employeurs qu&rsquo;un cadre global a \u00e9t\u00e9 n\u00e9goci\u00e9 avec les partenaires sociaux.<\/p>\n<p><em>Source : Belga<\/em><\/p>\n","protected":false},"excerpt":{"rendered":"<p>Surprise, surprise. Un accord-cadre sectoriel a \u00e9t\u00e9 conclu ce lundi 21 d\u00e9cembre par les partenaires sociaux, accord visa \u00e0 rendre possible le travail de nuit pour le commerce \u00e9lectronique (e-commerce) dans le secteur du commerce et de la distribution. Le [&hellip;]<\/p>\n","protected":false},"author":2,"featured_media":0,"comment_status":"closed","ping_status":"open","sticky":false,"template":"","format":"standard","meta":[],"categories":[65,10],"tags":[526,527,528,498,11,525,524],"yoast_head":"<!-- This site is optimized with the Yoast SEO plugin v21.0 - https:\/\/yoast.com\/wordpress\/plugins\/seo\/ -->\n<title>Les partenaires sociaux s&#039;accordent sur le travail de nuit pour soutenir l&#039;e-commerce. - Peoplesphere<\/title>\n<meta name=\"robots\" content=\"index, follow, max-snippet:-1, max-image-preview:large, max-video-preview:-1\" \/>\n<link rel=\"canonical\" href=\"https:\/\/peoplesphere.be\/fr\/les-partenaires-sociaux-saccordent-sur-le-travail-de-nuit-pour-soutenir-le-commerce\/\" \/>\n<meta property=\"og:locale\" content=\"fr_FR\" \/>\n<meta property=\"og:type\" content=\"article\" \/>\n<meta property=\"og:title\" content=\"Les partenaires sociaux s&#039;accordent sur le travail de nuit pour soutenir l&#039;e-commerce. - Peoplesphere\" \/>\n<meta property=\"og:description\" content=\"Surprise, surprise. Un accord-cadre sectoriel a \u00e9t\u00e9 conclu ce lundi 21 d\u00e9cembre par les partenaires sociaux, accord visa \u00e0 rendre possible le travail de nuit pour le commerce \u00e9lectronique (e-commerce) dans le secteur du commerce et de la distribution. Le [&hellip;]\" \/>\n<meta property=\"og:url\" content=\"https:\/\/peoplesphere.be\/fr\/les-partenaires-sociaux-saccordent-sur-le-travail-de-nuit-pour-soutenir-le-commerce\/\" \/>\n<meta property=\"og:site_name\" content=\"Peoplesphere\" \/>\n<meta property=\"article:publisher\" content=\"https:\/\/www.facebook.com\/peoplesphere\" \/>\n<meta property=\"article:published_time\" content=\"2015-12-21T22:11:16+00:00\" \/>\n<meta property=\"og:image\" content=\"http:\/\/www.peoplesphere.be\/fr\/wp-content\/uploads\/2016\/07\/facebook-default-posting-1200x628px.jpg\" \/>\n<meta name=\"author\" content=\"Jean-Paul Erhard\" \/>\n<meta name=\"twitter:card\" content=\"summary_large_image\" \/>\n<meta name=\"twitter:creator\" content=\"@PeoplesphereMag\" \/>\n<meta name=\"twitter:site\" content=\"@PeoplesphereMag\" \/>\n<meta name=\"twitter:label1\" content=\"\u00c9crit par\" \/>\n\t<meta name=\"twitter:data1\" content=\"Jean-Paul Erhard\" \/>\n\t<meta name=\"twitter:label2\" content=\"Dur\u00e9e de lecture estim\u00e9e\" \/>\n\t<meta name=\"twitter:data2\" content=\"1 minute\" \/>\n<script type=\"application\/ld+json\" class=\"yoast-schema-graph\">{\"@context\":\"https:\/\/schema.org\",\"@graph\":[{\"@type\":\"Article\",\"@id\":\"https:\/\/peoplesphere.be\/fr\/les-partenaires-sociaux-saccordent-sur-le-travail-de-nuit-pour-soutenir-le-commerce\/#article\",\"isPartOf\":{\"@id\":\"https:\/\/peoplesphere.be\/fr\/les-partenaires-sociaux-saccordent-sur-le-travail-de-nuit-pour-soutenir-le-commerce\/\"},\"author\":{\"name\":\"Jean-Paul Erhard\",\"@id\":\"https:\/\/peoplesphere.be\/fr\/#\/schema\/person\/7976225ff17988604334abb7b3536a7e\"},\"headline\":\"Les partenaires sociaux s&rsquo;accordent sur le travail de nuit pour soutenir l&rsquo;e-commerce.\",\"datePublished\":\"2015-12-21T22:11:16+00:00\",\"dateModified\":\"2015-12-21T22:11:16+00:00\",\"mainEntityOfPage\":{\"@id\":\"https:\/\/peoplesphere.be\/fr\/les-partenaires-sociaux-saccordent-sur-le-travail-de-nuit-pour-soutenir-le-commerce\/\"},\"wordCount\":259,\"publisher\":{\"@id\":\"https:\/\/peoplesphere.be\/fr\/#organization\"},\"keywords\":[\"CCT\",\"commerce\",\"distribution\",\"e-commerce\",\"emploi\",\"horaires\",\"travail de nuit\"],\"articleSection\":[\"Actualit\u00e9s\",\"Digital\"],\"inLanguage\":\"fr-FR\"},{\"@type\":\"WebPage\",\"@id\":\"https:\/\/peoplesphere.be\/fr\/les-partenaires-sociaux-saccordent-sur-le-travail-de-nuit-pour-soutenir-le-commerce\/\",\"url\":\"https:\/\/peoplesphere.be\/fr\/les-partenaires-sociaux-saccordent-sur-le-travail-de-nuit-pour-soutenir-le-commerce\/\",\"name\":\"Les partenaires sociaux s'accordent sur le travail de nuit pour soutenir l'e-commerce. - Peoplesphere\",\"isPartOf\":{\"@id\":\"https:\/\/peoplesphere.be\/fr\/#website\"},\"datePublished\":\"2015-12-21T22:11:16+00:00\",\"dateModified\":\"2015-12-21T22:11:16+00:00\",\"breadcrumb\":{\"@id\":\"https:\/\/peoplesphere.be\/fr\/les-partenaires-sociaux-saccordent-sur-le-travail-de-nuit-pour-soutenir-le-commerce\/#breadcrumb\"},\"inLanguage\":\"fr-FR\",\"potentialAction\":[{\"@type\":\"ReadAction\",\"target\":[\"https:\/\/peoplesphere.be\/fr\/les-partenaires-sociaux-saccordent-sur-le-travail-de-nuit-pour-soutenir-le-commerce\/\"]}]},{\"@type\":\"BreadcrumbList\",\"@id\":\"https:\/\/peoplesphere.be\/fr\/les-partenaires-sociaux-saccordent-sur-le-travail-de-nuit-pour-soutenir-le-commerce\/#breadcrumb\",\"itemListElement\":[{\"@type\":\"ListItem\",\"position\":1,\"name\":\"Accueil\",\"item\":\"https:\/\/peoplesphere.be\/fr\/\"},{\"@type\":\"ListItem\",\"position\":2,\"name\":\"Les partenaires sociaux s&rsquo;accordent sur le travail de nuit pour soutenir l&rsquo;e-commerce.\"}]},{\"@type\":\"WebSite\",\"@id\":\"https:\/\/peoplesphere.be\/fr\/#website\",\"url\":\"https:\/\/peoplesphere.be\/fr\/\",\"name\":\"Peoplesphere\",\"description\":\"The People Managers Magazine\",\"publisher\":{\"@id\":\"https:\/\/peoplesphere.be\/fr\/#organization\"},\"potentialAction\":[{\"@type\":\"SearchAction\",\"target\":{\"@type\":\"EntryPoint\",\"urlTemplate\":\"https:\/\/peoplesphere.be\/fr\/?s={search_term_string}\"},\"query-input\":\"required name=search_term_string\"}],\"inLanguage\":\"fr-FR\"},{\"@type\":\"Organization\",\"@id\":\"https:\/\/peoplesphere.be\/fr\/#organization\",\"name\":\"Peoplesphere Company srl\",\"url\":\"https:\/\/peoplesphere.be\/fr\/\",\"logo\":{\"@type\":\"ImageObject\",\"inLanguage\":\"fr-FR\",\"@id\":\"https:\/\/peoplesphere.be\/fr\/#\/schema\/logo\/image\/\",\"url\":\"https:\/\/peoplesphere.be\/fr\/wp-content\/uploads\/2023\/07\/peoplesphere-lgo-new-generik.jpg\",\"contentUrl\":\"https:\/\/peoplesphere.be\/fr\/wp-content\/uploads\/2023\/07\/peoplesphere-lgo-new-generik.jpg\",\"width\":1031,\"height\":1479,\"caption\":\"Peoplesphere Company srl\"},\"image\":{\"@id\":\"https:\/\/peoplesphere.be\/fr\/#\/schema\/logo\/image\/\"},\"sameAs\":[\"https:\/\/www.facebook.com\/peoplesphere\",\"https:\/\/twitter.com\/PeoplesphereMag\",\"https:\/\/www.linkedin.com\/company\/7587361?trk\",\"http:\/\/youtube.com\/peoplesphere\"]},{\"@type\":\"Person\",\"@id\":\"https:\/\/peoplesphere.be\/fr\/#\/schema\/person\/7976225ff17988604334abb7b3536a7e\",\"name\":\"Jean-Paul Erhard\",\"image\":{\"@type\":\"ImageObject\",\"inLanguage\":\"fr-FR\",\"@id\":\"https:\/\/peoplesphere.be\/fr\/#\/schema\/person\/image\/\",\"url\":\"https:\/\/secure.gravatar.com\/avatar\/f941e681460179738071629a51574930?s=96&d=mm&r=g\",\"contentUrl\":\"https:\/\/secure.gravatar.com\/avatar\/f941e681460179738071629a51574930?s=96&d=mm&r=g\",\"caption\":\"Jean-Paul Erhard\"},\"url\":\"https:\/\/peoplesphere.be\/fr\/author\/jpe\/\"}]}<\/script>\n<!-- \/ Yoast SEO plugin. -->","yoast_head_json":{"title":"Les partenaires sociaux s'accordent sur le travail de nuit pour soutenir l'e-commerce. - Peoplesphere","robots":{"index":"index","follow":"follow","max-snippet":"max-snippet:-1","max-image-preview":"max-image-preview:large","max-video-preview":"max-video-preview:-1"},"canonical":"https:\/\/peoplesphere.be\/fr\/les-partenaires-sociaux-saccordent-sur-le-travail-de-nuit-pour-soutenir-le-commerce\/","og_locale":"fr_FR","og_type":"article","og_title":"Les partenaires sociaux s'accordent sur le travail de nuit pour soutenir l'e-commerce. - Peoplesphere","og_description":"Surprise, surprise. Un accord-cadre sectoriel a \u00e9t\u00e9 conclu ce lundi 21 d\u00e9cembre par les partenaires sociaux, accord visa \u00e0 rendre possible le travail de nuit pour le commerce \u00e9lectronique (e-commerce) dans le secteur du commerce et de la distribution. Le [&hellip;]","og_url":"https:\/\/peoplesphere.be\/fr\/les-partenaires-sociaux-saccordent-sur-le-travail-de-nuit-pour-soutenir-le-commerce\/","og_site_name":"Peoplesphere","article_publisher":"https:\/\/www.facebook.com\/peoplesphere","article_published_time":"2015-12-21T22:11:16+00:00","og_image":[{"url":"http:\/\/www.peoplesphere.be\/fr\/wp-content\/uploads\/2016\/07\/facebook-default-posting-1200x628px.jpg"}],"author":"Jean-Paul Erhard","twitter_card":"summary_large_image","twitter_creator":"@PeoplesphereMag","twitter_site":"@PeoplesphereMag","twitter_misc":{"\u00c9crit par":"Jean-Paul Erhard","Dur\u00e9e de lecture estim\u00e9e":"1 minute"},"schema":{"@context":"https:\/\/schema.org","@graph":[{"@type":"Article","@id":"https:\/\/peoplesphere.be\/fr\/les-partenaires-sociaux-saccordent-sur-le-travail-de-nuit-pour-soutenir-le-commerce\/#article","isPartOf":{"@id":"https:\/\/peoplesphere.be\/fr\/les-partenaires-sociaux-saccordent-sur-le-travail-de-nuit-pour-soutenir-le-commerce\/"},"author":{"name":"Jean-Paul Erhard","@id":"https:\/\/peoplesphere.be\/fr\/#\/schema\/person\/7976225ff17988604334abb7b3536a7e"},"headline":"Les partenaires sociaux s&rsquo;accordent sur le travail de nuit pour soutenir l&rsquo;e-commerce.","datePublished":"2015-12-21T22:11:16+00:00","dateModified":"2015-12-21T22:11:16+00:00","mainEntityOfPage":{"@id":"https:\/\/peoplesphere.be\/fr\/les-partenaires-sociaux-saccordent-sur-le-travail-de-nuit-pour-soutenir-le-commerce\/"},"wordCount":259,"publisher":{"@id":"https:\/\/peoplesphere.be\/fr\/#organization"},"keywords":["CCT","commerce","distribution","e-commerce","emploi","horaires","travail de nuit"],"articleSection":["Actualit\u00e9s","Digital"],"inLanguage":"fr-FR"},{"@type":"WebPage","@id":"https:\/\/peoplesphere.be\/fr\/les-partenaires-sociaux-saccordent-sur-le-travail-de-nuit-pour-soutenir-le-commerce\/","url":"https:\/\/peoplesphere.be\/fr\/les-partenaires-sociaux-saccordent-sur-le-travail-de-nuit-pour-soutenir-le-commerce\/","name":"Les partenaires sociaux s'accordent sur le travail de nuit pour soutenir l'e-commerce. - Peoplesphere","isPartOf":{"@id":"https:\/\/peoplesphere.be\/fr\/#website"},"datePublished":"2015-12-21T22:11:16+00:00","dateModified":"2015-12-21T22:11:16+00:00","breadcrumb":{"@id":"https:\/\/peoplesphere.be\/fr\/les-partenaires-sociaux-saccordent-sur-le-travail-de-nuit-pour-soutenir-le-commerce\/#breadcrumb"},"inLanguage":"fr-FR","potentialAction":[{"@type":"ReadAction","target":["https:\/\/peoplesphere.be\/fr\/les-partenaires-sociaux-saccordent-sur-le-travail-de-nuit-pour-soutenir-le-commerce\/"]}]},{"@type":"BreadcrumbList","@id":"https:\/\/peoplesphere.be\/fr\/les-partenaires-sociaux-saccordent-sur-le-travail-de-nuit-pour-soutenir-le-commerce\/#breadcrumb","itemListElement":[{"@type":"ListItem","position":1,"name":"Accueil","item":"https:\/\/peoplesphere.be\/fr\/"},{"@type":"ListItem","position":2,"name":"Les partenaires sociaux s&rsquo;accordent sur le travail de nuit pour soutenir l&rsquo;e-commerce."}]},{"@type":"WebSite","@id":"https:\/\/peoplesphere.be\/fr\/#website","url":"https:\/\/peoplesphere.be\/fr\/","name":"Peoplesphere","description":"The People Managers Magazine","publisher":{"@id":"https:\/\/peoplesphere.be\/fr\/#organization"},"potentialAction":[{"@type":"SearchAction","target":{"@type":"EntryPoint","urlTemplate":"https:\/\/peoplesphere.be\/fr\/?s={search_term_string}"},"query-input":"required name=search_term_string"}],"inLanguage":"fr-FR"},{"@type":"Organization","@id":"https:\/\/peoplesphere.be\/fr\/#organization","name":"Peoplesphere Company srl","url":"https:\/\/peoplesphere.be\/fr\/","logo":{"@type":"ImageObject","inLanguage":"fr-FR","@id":"https:\/\/peoplesphere.be\/fr\/#\/schema\/logo\/image\/","url":"https:\/\/peoplesphere.be\/fr\/wp-content\/uploads\/2023\/07\/peoplesphere-lgo-new-generik.jpg","contentUrl":"https:\/\/peoplesphere.be\/fr\/wp-content\/uploads\/2023\/07\/peoplesphere-lgo-new-generik.jpg","width":1031,"height":1479,"caption":"Peoplesphere Company srl"},"image":{"@id":"https:\/\/peoplesphere.be\/fr\/#\/schema\/logo\/image\/"},"sameAs":["https:\/\/www.facebook.com\/peoplesphere","https:\/\/twitter.com\/PeoplesphereMag","https:\/\/www.linkedin.com\/company\/7587361?trk","http:\/\/youtube.com\/peoplesphere"]},{"@type":"Person","@id":"https:\/\/peoplesphere.be\/fr\/#\/schema\/person\/7976225ff17988604334abb7b3536a7e","name":"Jean-Paul Erhard","image":{"@type":"ImageObject","inLanguage":"fr-FR","@id":"https:\/\/peoplesphere.be\/fr\/#\/schema\/person\/image\/","url":"https:\/\/secure.gravatar.com\/avatar\/f941e681460179738071629a51574930?s=96&d=mm&r=g","contentUrl":"https:\/\/secure.gravatar.com\/avatar\/f941e681460179738071629a51574930?s=96&d=mm&r=g","caption":"Jean-Paul Erhard"},"url":"https:\/\/peoplesphere.be\/fr\/author\/jpe\/"}]}},"_links":{"self":[{"href":"https:\/\/peoplesphere.be\/fr\/wp-json\/wp\/v2\/posts\/2332"}],"collection":[{"href":"https:\/\/peoplesphere.be\/fr\/wp-json\/wp\/v2\/posts"}],"about":[{"href":"https:\/\/peoplesphere.be\/fr\/wp-json\/wp\/v2\/types\/post"}],"author":[{"embeddable":true,"href":"https:\/\/peoplesphere.be\/fr\/wp-json\/wp\/v2\/users\/2"}],"replies":[{"embeddable":true,"href":"https:\/\/peoplesphere.be\/fr\/wp-json\/wp\/v2\/comments?post=2332"}],"version-history":[{"count":1,"href":"https:\/\/peoplesphere.be\/fr\/wp-json\/wp\/v2\/posts\/2332\/revisions"}],"predecessor-version":[{"id":2333,"href":"https:\/\/peoplesphere.be\/fr\/wp-json\/wp\/v2\/posts\/2332\/revisions\/2333"}],"wp:attachment":[{"href":"https:\/\/peoplesphere.be\/fr\/wp-json\/wp\/v2\/media?parent=2332"}],"wp:term":[{"taxonomy":"category","embeddable":true,"href":"https:\/\/peoplesphere.be\/fr\/wp-json\/wp\/v2\/categories?post=2332"},{"taxonomy":"post_tag","embeddable":true,"href":"https:\/\/peoplesphere.be\/fr\/wp-json\/wp\/v2\/tags?post=2332"}],"curies":[{"name":"wp","href":"https:\/\/api.w.org\/{rel}","templated":true}]}}