









{"id":2385,"date":"2016-01-14T08:08:49","date_gmt":"2016-01-14T06:08:49","guid":{"rendered":"http:\/\/www.peoplesphere.be\/fr\/?p=2385"},"modified":"2016-01-14T08:08:49","modified_gmt":"2016-01-14T06:08:49","slug":"debat-la-condamnation-a-une-peine-de-prison-ferme-des-syndicalistes-de-goodyear-a-amiens","status":"publish","type":"post","link":"https:\/\/peoplesphere.be\/fr\/debat-la-condamnation-a-une-peine-de-prison-ferme-des-syndicalistes-de-goodyear-a-amiens\/","title":{"rendered":"D\u00e9bat: la condamnation \u00e0 une peine de prison ferme des syndicalistes de Goodyear \u00e0 Amiens"},"content":{"rendered":"<h1>C&rsquo;est une premi\u00e8re&#8230; qui r\u00e9jouit les entreprises qui ont d\u00e9j\u00e0 d\u00fb subir des actes r\u00e9pr\u00e9hensibles tels qu&rsquo;une s\u00e9questration et qui ulc\u00e8re les organisations syndicales qui voient un de leurs moyens d&rsquo;action extr\u00eames s\u00e9v\u00e8rement sanctionn\u00e9s. La d\u00e9cision de justice du tribunal fran\u00e7ais pose le d\u00e9bat de la violence sociale. Qu&rsquo;en pensez-vous?<!--more--><\/h1>\n<p>Suite d&rsquo;un conflit social &lsquo;classique&rsquo; devant les tribunaux : huit ex-salari\u00e9s de l\u2019usine Goodyear d\u2019Amiens-Nord ont \u00e9t\u00e9 condamn\u00e9s mardi pour avoir s\u00e9questr\u00e9 pendant 30 heures deux cadres dirigeants de l\u2019entreprise. Ils ont \u00e9cop\u00e9 ce mardi de 24 mois de prison, dont 15 avec sursis. Deux d\u2019entre eux ont \u00e9galement \u00e9t\u00e9 condamn\u00e9s pour violences en r\u00e9union, mais sans peine suppl\u00e9mentaire.<\/p>\n<p>Ne nous attardons pas ici sur la dimension politique du conflit, tr\u00e8s pr\u00e9gnante dans l&rsquo;Hexagone. La d\u00e9cision peut \u00e9tonner dans la mesure o\u00f9\u00a0les deux cadres s\u00e9questr\u00e9s (et menac\u00e9s) avaient retir\u00e9 leur plainte. Comme le rappelle le quotidien Les Echos, <em>\u00ab\u00a0c\u2019est le parquet, d\u00e9pendant du minist\u00e8re de la Justice, qui a d\u00e9cid\u00e9 de poursuivre les anciens salari\u00e9s. Il avait requis contre chacun d\u2019entre eux une peine de deux ans d\u2019emprisonnement, soit un an \u00ab\u00a0ferme am\u00e9nageable\u00a0\u00bb et un an de sursis, lors de l\u2019audience du 24 novembre.\u00a0\u00bb<\/em><\/p>\n<p><em><strong>Rappel des faits<\/strong><\/em><\/p>\n<p><em>\u00ab\u00a0Entre le 6 et le 7 janvier 2014, le directeur des ressources humaines ainsi que le directeur de la production avaient \u00e9t\u00e9 retenus dans les locaux de l\u2019usine de pneumatiques que plusieurs dizaines de salari\u00e9s avaient occup\u00e9e avant de les laisser partir.\u00a0A sa lib\u00e9ration, ce dernier avait reconnu qu\u2019il n\u2019y avait \u00ab\u2009pas eu de comportement qui a port\u00e9 atteinte \u00e0 notre int\u00e9grit\u00e9 physique\u2009\u00bb, m\u00eame si \u00ab\u2009certaines fois, nous n\u2019\u00e9tions pas tr\u00e8s rassur\u00e9s\u2009\u00bb. Lors de l\u2019audience, les violences \u00e9voqu\u00e9es faisaient \u00e9tat \u00ab\u2009d\u2019une oreille tir\u00e9e\u2009\u00bb mais cette situation avait \u00e9t\u00e9 v\u00e9cue comme \u00ab\u2009particuli\u00e8rement humiliante\u2009\u00bb pour l\u2019un des cadres car film\u00e9e par des journalistes.\u00a0A la barre, tous les pr\u00e9venus avaient \u00e9voqu\u00e9 \u00ab\u2009un coup de col\u00e8re\u2009\u00bb face \u00e0 une direction qui \u00abn\u2019apportait aucune r\u00e9ponse\u00bb \u00e0 la \u00abd\u00e9tresse sociale\u00bb dans laquelle se trouvaient les salari\u00e9s de cette entreprise de 1.143 salari\u00e9s, ferm\u00e9e quelques jours apr\u00e8s.\u00a0\u00bb<\/em><\/p>\n<p><em><strong>Quels enjeux ?<\/strong><\/em><\/p>\n<p>Les d\u00e9bats gagnent d\u00e9sormais l&rsquo;espace m\u00e9diatique en prime time. Que des actes humainement inadmissibles soient sanctionn\u00e9s par la loi, quoi de plus normal au fond? Enfin, pourrait-on dire&#8230;<\/p>\n<p>Mais, nul ne peut rester sourd \u00e0 l&rsquo;argumentation d\u00e9velopp\u00e9e par les syndicalistes condamn\u00e9s qui rappellent \u00e0 grands cris qu&rsquo;ils n&rsquo;ont pas d\u00e9clench\u00e9 le m\u00e9canisme de violence sociale. Les douze suicides intervenus au sein des travailleurs concern\u00e9s par la fermeture du site de l&rsquo;\u00e9quipementier automobile attestent du caract\u00e8re dramatique de cette histoire. Comment d\u00e9finir des normes de concertation qui nous aideront \u00e0 toujours \u00e9viter ces extr\u00e9mit\u00e9s? Qui d\u00e9tient les cl\u00e9s qui nous permettront d&rsquo;\u00e9viter cette violence sociale?<\/p>\n<p>Votre avis? Partagez avec notre redaction via email \u00e0 l&rsquo;adresse suivante: <a href=\"mailto:redaction@peoplesphere.be\">redaction@peoplesphere.be<\/a><\/p>\n<p>&nbsp;<\/p>\n<p>&nbsp;<\/p>\n<p>&nbsp;<\/p>\n<p>&nbsp;<\/p>\n","protected":false},"excerpt":{"rendered":"<p>C&rsquo;est une premi\u00e8re&#8230; qui r\u00e9jouit les entreprises qui ont d\u00e9j\u00e0 d\u00fb subir des actes r\u00e9pr\u00e9hensibles tels qu&rsquo;une s\u00e9questration et qui ulc\u00e8re les organisations syndicales qui voient un de leurs moyens d&rsquo;action extr\u00eames s\u00e9v\u00e8rement sanctionn\u00e9s. La d\u00e9cision de justice du tribunal [&hellip;]<\/p>\n","protected":false},"author":2,"featured_media":0,"comment_status":"closed","ping_status":"open","sticky":false,"template":"","format":"standard","meta":[],"categories":[65,10],"tags":[332,564,140,134,565],"yoast_head":"<!-- This site is optimized with the Yoast SEO plugin v21.0 - https:\/\/yoast.com\/wordpress\/plugins\/seo\/ -->\n<title>D\u00e9bat: la condamnation \u00e0 une peine de prison ferme des syndicalistes de Goodyear \u00e0 Amiens - Peoplesphere<\/title>\n<meta name=\"robots\" content=\"index, follow, max-snippet:-1, max-image-preview:large, max-video-preview:-1\" \/>\n<link rel=\"canonical\" href=\"https:\/\/peoplesphere.be\/fr\/debat-la-condamnation-a-une-peine-de-prison-ferme-des-syndicalistes-de-goodyear-a-amiens\/\" \/>\n<meta property=\"og:locale\" content=\"fr_FR\" \/>\n<meta property=\"og:type\" content=\"article\" \/>\n<meta property=\"og:title\" content=\"D\u00e9bat: la condamnation \u00e0 une peine de prison ferme des syndicalistes de Goodyear \u00e0 Amiens - Peoplesphere\" \/>\n<meta property=\"og:description\" content=\"C&rsquo;est une premi\u00e8re&#8230; qui r\u00e9jouit les entreprises qui ont d\u00e9j\u00e0 d\u00fb subir des actes r\u00e9pr\u00e9hensibles tels qu&rsquo;une s\u00e9questration et qui ulc\u00e8re les organisations syndicales qui voient un de leurs moyens d&rsquo;action extr\u00eames s\u00e9v\u00e8rement sanctionn\u00e9s. La d\u00e9cision de justice du tribunal [&hellip;]\" \/>\n<meta property=\"og:url\" content=\"https:\/\/peoplesphere.be\/fr\/debat-la-condamnation-a-une-peine-de-prison-ferme-des-syndicalistes-de-goodyear-a-amiens\/\" \/>\n<meta property=\"og:site_name\" content=\"Peoplesphere\" \/>\n<meta property=\"article:publisher\" content=\"https:\/\/www.facebook.com\/peoplesphere\" \/>\n<meta property=\"article:published_time\" content=\"2016-01-14T06:08:49+00:00\" \/>\n<meta property=\"og:image\" content=\"http:\/\/www.peoplesphere.be\/fr\/wp-content\/uploads\/2016\/07\/facebook-default-posting-1200x628px.jpg\" \/>\n<meta name=\"author\" content=\"Jean-Paul Erhard\" \/>\n<meta name=\"twitter:card\" content=\"summary_large_image\" \/>\n<meta name=\"twitter:creator\" content=\"@PeoplesphereMag\" \/>\n<meta name=\"twitter:site\" content=\"@PeoplesphereMag\" \/>\n<meta name=\"twitter:label1\" content=\"\u00c9crit par\" \/>\n\t<meta name=\"twitter:data1\" content=\"Jean-Paul Erhard\" \/>\n\t<meta name=\"twitter:label2\" content=\"Dur\u00e9e de lecture estim\u00e9e\" \/>\n\t<meta name=\"twitter:data2\" content=\"3 minutes\" \/>\n<script type=\"application\/ld+json\" class=\"yoast-schema-graph\">{\"@context\":\"https:\/\/schema.org\",\"@graph\":[{\"@type\":\"Article\",\"@id\":\"https:\/\/peoplesphere.be\/fr\/debat-la-condamnation-a-une-peine-de-prison-ferme-des-syndicalistes-de-goodyear-a-amiens\/#article\",\"isPartOf\":{\"@id\":\"https:\/\/peoplesphere.be\/fr\/debat-la-condamnation-a-une-peine-de-prison-ferme-des-syndicalistes-de-goodyear-a-amiens\/\"},\"author\":{\"name\":\"Jean-Paul Erhard\",\"@id\":\"https:\/\/peoplesphere.be\/fr\/#\/schema\/person\/7976225ff17988604334abb7b3536a7e\"},\"headline\":\"D\u00e9bat: la condamnation \u00e0 une peine de prison ferme des syndicalistes de Goodyear \u00e0 Amiens\",\"datePublished\":\"2016-01-14T06:08:49+00:00\",\"dateModified\":\"2016-01-14T06:08:49+00:00\",\"mainEntityOfPage\":{\"@id\":\"https:\/\/peoplesphere.be\/fr\/debat-la-condamnation-a-une-peine-de-prison-ferme-des-syndicalistes-de-goodyear-a-amiens\/\"},\"wordCount\":547,\"publisher\":{\"@id\":\"https:\/\/peoplesphere.be\/fr\/#organization\"},\"keywords\":[\"concertation sociale\",\"justice\",\"legal\",\"licenciement\",\"s\u00e9questration\"],\"articleSection\":[\"Actualit\u00e9s\",\"Digital\"],\"inLanguage\":\"fr-FR\"},{\"@type\":\"WebPage\",\"@id\":\"https:\/\/peoplesphere.be\/fr\/debat-la-condamnation-a-une-peine-de-prison-ferme-des-syndicalistes-de-goodyear-a-amiens\/\",\"url\":\"https:\/\/peoplesphere.be\/fr\/debat-la-condamnation-a-une-peine-de-prison-ferme-des-syndicalistes-de-goodyear-a-amiens\/\",\"name\":\"D\u00e9bat: la condamnation \u00e0 une peine de prison ferme des syndicalistes de Goodyear \u00e0 Amiens - Peoplesphere\",\"isPartOf\":{\"@id\":\"https:\/\/peoplesphere.be\/fr\/#website\"},\"datePublished\":\"2016-01-14T06:08:49+00:00\",\"dateModified\":\"2016-01-14T06:08:49+00:00\",\"breadcrumb\":{\"@id\":\"https:\/\/peoplesphere.be\/fr\/debat-la-condamnation-a-une-peine-de-prison-ferme-des-syndicalistes-de-goodyear-a-amiens\/#breadcrumb\"},\"inLanguage\":\"fr-FR\",\"potentialAction\":[{\"@type\":\"ReadAction\",\"target\":[\"https:\/\/peoplesphere.be\/fr\/debat-la-condamnation-a-une-peine-de-prison-ferme-des-syndicalistes-de-goodyear-a-amiens\/\"]}]},{\"@type\":\"BreadcrumbList\",\"@id\":\"https:\/\/peoplesphere.be\/fr\/debat-la-condamnation-a-une-peine-de-prison-ferme-des-syndicalistes-de-goodyear-a-amiens\/#breadcrumb\",\"itemListElement\":[{\"@type\":\"ListItem\",\"position\":1,\"name\":\"Accueil\",\"item\":\"https:\/\/peoplesphere.be\/fr\/\"},{\"@type\":\"ListItem\",\"position\":2,\"name\":\"D\u00e9bat: la condamnation \u00e0 une peine de prison ferme des syndicalistes de Goodyear \u00e0 Amiens\"}]},{\"@type\":\"WebSite\",\"@id\":\"https:\/\/peoplesphere.be\/fr\/#website\",\"url\":\"https:\/\/peoplesphere.be\/fr\/\",\"name\":\"Peoplesphere\",\"description\":\"The People Managers Magazine\",\"publisher\":{\"@id\":\"https:\/\/peoplesphere.be\/fr\/#organization\"},\"potentialAction\":[{\"@type\":\"SearchAction\",\"target\":{\"@type\":\"EntryPoint\",\"urlTemplate\":\"https:\/\/peoplesphere.be\/fr\/?s={search_term_string}\"},\"query-input\":\"required name=search_term_string\"}],\"inLanguage\":\"fr-FR\"},{\"@type\":\"Organization\",\"@id\":\"https:\/\/peoplesphere.be\/fr\/#organization\",\"name\":\"Peoplesphere Company srl\",\"url\":\"https:\/\/peoplesphere.be\/fr\/\",\"logo\":{\"@type\":\"ImageObject\",\"inLanguage\":\"fr-FR\",\"@id\":\"https:\/\/peoplesphere.be\/fr\/#\/schema\/logo\/image\/\",\"url\":\"https:\/\/peoplesphere.be\/fr\/wp-content\/uploads\/2023\/07\/peoplesphere-lgo-new-generik.jpg\",\"contentUrl\":\"https:\/\/peoplesphere.be\/fr\/wp-content\/uploads\/2023\/07\/peoplesphere-lgo-new-generik.jpg\",\"width\":1031,\"height\":1479,\"caption\":\"Peoplesphere Company srl\"},\"image\":{\"@id\":\"https:\/\/peoplesphere.be\/fr\/#\/schema\/logo\/image\/\"},\"sameAs\":[\"https:\/\/www.facebook.com\/peoplesphere\",\"https:\/\/twitter.com\/PeoplesphereMag\",\"https:\/\/www.linkedin.com\/company\/7587361?trk\",\"http:\/\/youtube.com\/peoplesphere\"]},{\"@type\":\"Person\",\"@id\":\"https:\/\/peoplesphere.be\/fr\/#\/schema\/person\/7976225ff17988604334abb7b3536a7e\",\"name\":\"Jean-Paul Erhard\",\"image\":{\"@type\":\"ImageObject\",\"inLanguage\":\"fr-FR\",\"@id\":\"https:\/\/peoplesphere.be\/fr\/#\/schema\/person\/image\/\",\"url\":\"https:\/\/secure.gravatar.com\/avatar\/f941e681460179738071629a51574930?s=96&d=mm&r=g\",\"contentUrl\":\"https:\/\/secure.gravatar.com\/avatar\/f941e681460179738071629a51574930?s=96&d=mm&r=g\",\"caption\":\"Jean-Paul Erhard\"},\"url\":\"https:\/\/peoplesphere.be\/fr\/author\/jpe\/\"}]}<\/script>\n<!-- \/ Yoast SEO plugin. -->","yoast_head_json":{"title":"D\u00e9bat: la condamnation \u00e0 une peine de prison ferme des syndicalistes de Goodyear \u00e0 Amiens - Peoplesphere","robots":{"index":"index","follow":"follow","max-snippet":"max-snippet:-1","max-image-preview":"max-image-preview:large","max-video-preview":"max-video-preview:-1"},"canonical":"https:\/\/peoplesphere.be\/fr\/debat-la-condamnation-a-une-peine-de-prison-ferme-des-syndicalistes-de-goodyear-a-amiens\/","og_locale":"fr_FR","og_type":"article","og_title":"D\u00e9bat: la condamnation \u00e0 une peine de prison ferme des syndicalistes de Goodyear \u00e0 Amiens - Peoplesphere","og_description":"C&rsquo;est une premi\u00e8re&#8230; qui r\u00e9jouit les entreprises qui ont d\u00e9j\u00e0 d\u00fb subir des actes r\u00e9pr\u00e9hensibles tels qu&rsquo;une s\u00e9questration et qui ulc\u00e8re les organisations syndicales qui voient un de leurs moyens d&rsquo;action extr\u00eames s\u00e9v\u00e8rement sanctionn\u00e9s. La d\u00e9cision de justice du tribunal [&hellip;]","og_url":"https:\/\/peoplesphere.be\/fr\/debat-la-condamnation-a-une-peine-de-prison-ferme-des-syndicalistes-de-goodyear-a-amiens\/","og_site_name":"Peoplesphere","article_publisher":"https:\/\/www.facebook.com\/peoplesphere","article_published_time":"2016-01-14T06:08:49+00:00","og_image":[{"url":"http:\/\/www.peoplesphere.be\/fr\/wp-content\/uploads\/2016\/07\/facebook-default-posting-1200x628px.jpg"}],"author":"Jean-Paul Erhard","twitter_card":"summary_large_image","twitter_creator":"@PeoplesphereMag","twitter_site":"@PeoplesphereMag","twitter_misc":{"\u00c9crit par":"Jean-Paul Erhard","Dur\u00e9e de lecture estim\u00e9e":"3 minutes"},"schema":{"@context":"https:\/\/schema.org","@graph":[{"@type":"Article","@id":"https:\/\/peoplesphere.be\/fr\/debat-la-condamnation-a-une-peine-de-prison-ferme-des-syndicalistes-de-goodyear-a-amiens\/#article","isPartOf":{"@id":"https:\/\/peoplesphere.be\/fr\/debat-la-condamnation-a-une-peine-de-prison-ferme-des-syndicalistes-de-goodyear-a-amiens\/"},"author":{"name":"Jean-Paul Erhard","@id":"https:\/\/peoplesphere.be\/fr\/#\/schema\/person\/7976225ff17988604334abb7b3536a7e"},"headline":"D\u00e9bat: la condamnation \u00e0 une peine de prison ferme des syndicalistes de Goodyear \u00e0 Amiens","datePublished":"2016-01-14T06:08:49+00:00","dateModified":"2016-01-14T06:08:49+00:00","mainEntityOfPage":{"@id":"https:\/\/peoplesphere.be\/fr\/debat-la-condamnation-a-une-peine-de-prison-ferme-des-syndicalistes-de-goodyear-a-amiens\/"},"wordCount":547,"publisher":{"@id":"https:\/\/peoplesphere.be\/fr\/#organization"},"keywords":["concertation sociale","justice","legal","licenciement","s\u00e9questration"],"articleSection":["Actualit\u00e9s","Digital"],"inLanguage":"fr-FR"},{"@type":"WebPage","@id":"https:\/\/peoplesphere.be\/fr\/debat-la-condamnation-a-une-peine-de-prison-ferme-des-syndicalistes-de-goodyear-a-amiens\/","url":"https:\/\/peoplesphere.be\/fr\/debat-la-condamnation-a-une-peine-de-prison-ferme-des-syndicalistes-de-goodyear-a-amiens\/","name":"D\u00e9bat: la condamnation \u00e0 une peine de prison ferme des syndicalistes de Goodyear \u00e0 Amiens - Peoplesphere","isPartOf":{"@id":"https:\/\/peoplesphere.be\/fr\/#website"},"datePublished":"2016-01-14T06:08:49+00:00","dateModified":"2016-01-14T06:08:49+00:00","breadcrumb":{"@id":"https:\/\/peoplesphere.be\/fr\/debat-la-condamnation-a-une-peine-de-prison-ferme-des-syndicalistes-de-goodyear-a-amiens\/#breadcrumb"},"inLanguage":"fr-FR","potentialAction":[{"@type":"ReadAction","target":["https:\/\/peoplesphere.be\/fr\/debat-la-condamnation-a-une-peine-de-prison-ferme-des-syndicalistes-de-goodyear-a-amiens\/"]}]},{"@type":"BreadcrumbList","@id":"https:\/\/peoplesphere.be\/fr\/debat-la-condamnation-a-une-peine-de-prison-ferme-des-syndicalistes-de-goodyear-a-amiens\/#breadcrumb","itemListElement":[{"@type":"ListItem","position":1,"name":"Accueil","item":"https:\/\/peoplesphere.be\/fr\/"},{"@type":"ListItem","position":2,"name":"D\u00e9bat: la condamnation \u00e0 une peine de prison ferme des syndicalistes de Goodyear \u00e0 Amiens"}]},{"@type":"WebSite","@id":"https:\/\/peoplesphere.be\/fr\/#website","url":"https:\/\/peoplesphere.be\/fr\/","name":"Peoplesphere","description":"The People Managers Magazine","publisher":{"@id":"https:\/\/peoplesphere.be\/fr\/#organization"},"potentialAction":[{"@type":"SearchAction","target":{"@type":"EntryPoint","urlTemplate":"https:\/\/peoplesphere.be\/fr\/?s={search_term_string}"},"query-input":"required name=search_term_string"}],"inLanguage":"fr-FR"},{"@type":"Organization","@id":"https:\/\/peoplesphere.be\/fr\/#organization","name":"Peoplesphere Company srl","url":"https:\/\/peoplesphere.be\/fr\/","logo":{"@type":"ImageObject","inLanguage":"fr-FR","@id":"https:\/\/peoplesphere.be\/fr\/#\/schema\/logo\/image\/","url":"https:\/\/peoplesphere.be\/fr\/wp-content\/uploads\/2023\/07\/peoplesphere-lgo-new-generik.jpg","contentUrl":"https:\/\/peoplesphere.be\/fr\/wp-content\/uploads\/2023\/07\/peoplesphere-lgo-new-generik.jpg","width":1031,"height":1479,"caption":"Peoplesphere Company srl"},"image":{"@id":"https:\/\/peoplesphere.be\/fr\/#\/schema\/logo\/image\/"},"sameAs":["https:\/\/www.facebook.com\/peoplesphere","https:\/\/twitter.com\/PeoplesphereMag","https:\/\/www.linkedin.com\/company\/7587361?trk","http:\/\/youtube.com\/peoplesphere"]},{"@type":"Person","@id":"https:\/\/peoplesphere.be\/fr\/#\/schema\/person\/7976225ff17988604334abb7b3536a7e","name":"Jean-Paul Erhard","image":{"@type":"ImageObject","inLanguage":"fr-FR","@id":"https:\/\/peoplesphere.be\/fr\/#\/schema\/person\/image\/","url":"https:\/\/secure.gravatar.com\/avatar\/f941e681460179738071629a51574930?s=96&d=mm&r=g","contentUrl":"https:\/\/secure.gravatar.com\/avatar\/f941e681460179738071629a51574930?s=96&d=mm&r=g","caption":"Jean-Paul Erhard"},"url":"https:\/\/peoplesphere.be\/fr\/author\/jpe\/"}]}},"_links":{"self":[{"href":"https:\/\/peoplesphere.be\/fr\/wp-json\/wp\/v2\/posts\/2385"}],"collection":[{"href":"https:\/\/peoplesphere.be\/fr\/wp-json\/wp\/v2\/posts"}],"about":[{"href":"https:\/\/peoplesphere.be\/fr\/wp-json\/wp\/v2\/types\/post"}],"author":[{"embeddable":true,"href":"https:\/\/peoplesphere.be\/fr\/wp-json\/wp\/v2\/users\/2"}],"replies":[{"embeddable":true,"href":"https:\/\/peoplesphere.be\/fr\/wp-json\/wp\/v2\/comments?post=2385"}],"version-history":[{"count":1,"href":"https:\/\/peoplesphere.be\/fr\/wp-json\/wp\/v2\/posts\/2385\/revisions"}],"predecessor-version":[{"id":2386,"href":"https:\/\/peoplesphere.be\/fr\/wp-json\/wp\/v2\/posts\/2385\/revisions\/2386"}],"wp:attachment":[{"href":"https:\/\/peoplesphere.be\/fr\/wp-json\/wp\/v2\/media?parent=2385"}],"wp:term":[{"taxonomy":"category","embeddable":true,"href":"https:\/\/peoplesphere.be\/fr\/wp-json\/wp\/v2\/categories?post=2385"},{"taxonomy":"post_tag","embeddable":true,"href":"https:\/\/peoplesphere.be\/fr\/wp-json\/wp\/v2\/tags?post=2385"}],"curies":[{"name":"wp","href":"https:\/\/api.w.org\/{rel}","templated":true}]}}