









{"id":2505,"date":"2016-02-17T18:34:30","date_gmt":"2016-02-17T16:34:30","guid":{"rendered":"http:\/\/www.peoplesphere.be\/fr\/?p=2505"},"modified":"2016-02-17T18:34:30","modified_gmt":"2016-02-17T16:34:30","slug":"participez-au-forum-jump-2016-la-revolution-inachevee","status":"publish","type":"post","link":"https:\/\/peoplesphere.be\/fr\/participez-au-forum-jump-2016-la-revolution-inachevee\/","title":{"rendered":"Participez au Forum Jump 2016 : la r\u00e9volution inachev\u00e9e"},"content":{"rendered":"<h1>Quel trajet reste-t-il \u00e0 parcourir en mati\u00e8re d&rsquo;\u00e9galit\u00e9 des genres dans la sph\u00e8re professionnelle? Envie de savoir? Le Forum JUMP 2016 a lieu le 3 mars \u00e0 Bruxelles (Vlerick Business School). Le th\u00e8me de cette ann\u00e9e : \u00ab\u00a0Wo.Men, Work, World: The unfinished Revolution\u00a0\u00bb. B\u00e9n\u00e9ficiez de conditions sp\u00e9ciales gr\u00e2ce \u00e0 votre abonnement Peoplesphere.<!--more--><\/h1>\n<p>Pour quelles raisons nos People Managers devraient-ils participer ?\u00a0Envoyer un signal positif fort \u00e0 votre vivier de talents f\u00e9minins&#8230;\u00a0Assurer \u00e0 votre entreprise un plan d\u2019\u00e9galit\u00e9 professionnelle r\u00e9ussi&#8230;\u00a0D\u00e9couvrir des outils innovants en mati\u00e8re de gestion de talents&#8230; Ou encore, augmenter votre visibilit\u00e9 au sein d\u2019une puissante communaut\u00e9 !<\/p>\n<p>Il n&rsquo;y a plus une minute \u00e0 perdre. Profitez des avantages li\u00e9s \u00e0 votre abonnement Peoplesphere (pas encore abonn\u00e9? cliquez <a href=\"http:\/\/www.peoplesphere.be\/fr\/abo\/\">ici<\/a> !) et b\u00e9n\u00e9ficiez d&rsquo;une r\u00e9duction sp\u00e9ciale : 350\u20ac + TVA (au lieu de 490\u20ac).<\/p>\n<p>Pour obtenir le code promo d\u00e9di\u00e9 aux abonn\u00e9s Peoplesphere, contactez via email \u00e0 l&rsquo;adresse <a href=\"mailto:events@peoplesphere.be\">events@peoplesphere.be<\/a><br \/>\nProgramme et inscription sur <a href=\"http:\/\/www.forumjump.be\">www.forumjump.be<\/a>.<\/p>\n","protected":false},"excerpt":{"rendered":"<p>Quel trajet reste-t-il \u00e0 parcourir en mati\u00e8re d&rsquo;\u00e9galit\u00e9 des genres dans la sph\u00e8re professionnelle? Envie de savoir? Le Forum JUMP 2016 a lieu le 3 mars \u00e0 Bruxelles (Vlerick Business School). Le th\u00e8me de cette ann\u00e9e : \u00ab\u00a0Wo.Men, Work, World: [&hellip;]<\/p>\n","protected":false},"author":2,"featured_media":0,"comment_status":"closed","ping_status":"open","sticky":false,"template":"","format":"standard","meta":[],"categories":[67,8],"tags":[169,292,638,579],"yoast_head":"<!-- This site is optimized with the Yoast SEO plugin v21.0 - https:\/\/yoast.com\/wordpress\/plugins\/seo\/ -->\n<title>Participez au Forum Jump 2016 : la r\u00e9volution inachev\u00e9e - Peoplesphere<\/title>\n<meta name=\"robots\" content=\"index, follow, max-snippet:-1, max-image-preview:large, max-video-preview:-1\" \/>\n<link rel=\"canonical\" href=\"https:\/\/peoplesphere.be\/fr\/participez-au-forum-jump-2016-la-revolution-inachevee\/\" \/>\n<meta property=\"og:locale\" content=\"fr_FR\" \/>\n<meta property=\"og:type\" content=\"article\" \/>\n<meta property=\"og:title\" content=\"Participez au Forum Jump 2016 : la r\u00e9volution inachev\u00e9e - Peoplesphere\" \/>\n<meta property=\"og:description\" content=\"Quel trajet reste-t-il \u00e0 parcourir en mati\u00e8re d&rsquo;\u00e9galit\u00e9 des genres dans la sph\u00e8re professionnelle? Envie de savoir? Le Forum JUMP 2016 a lieu le 3 mars \u00e0 Bruxelles (Vlerick Business School). Le th\u00e8me de cette ann\u00e9e : \u00ab\u00a0Wo.Men, Work, World: [&hellip;]\" \/>\n<meta property=\"og:url\" content=\"https:\/\/peoplesphere.be\/fr\/participez-au-forum-jump-2016-la-revolution-inachevee\/\" \/>\n<meta property=\"og:site_name\" content=\"Peoplesphere\" \/>\n<meta property=\"article:publisher\" content=\"https:\/\/www.facebook.com\/peoplesphere\" \/>\n<meta property=\"article:published_time\" content=\"2016-02-17T16:34:30+00:00\" \/>\n<meta property=\"og:image\" content=\"http:\/\/www.peoplesphere.be\/fr\/wp-content\/uploads\/2016\/07\/facebook-default-posting-1200x628px.jpg\" \/>\n<meta name=\"author\" content=\"Jean-Paul Erhard\" \/>\n<meta name=\"twitter:card\" content=\"summary_large_image\" \/>\n<meta name=\"twitter:creator\" content=\"@PeoplesphereMag\" \/>\n<meta name=\"twitter:site\" content=\"@PeoplesphereMag\" \/>\n<meta name=\"twitter:label1\" content=\"\u00c9crit par\" \/>\n\t<meta name=\"twitter:data1\" content=\"Jean-Paul Erhard\" \/>\n\t<meta name=\"twitter:label2\" content=\"Dur\u00e9e de lecture estim\u00e9e\" \/>\n\t<meta name=\"twitter:data2\" content=\"1 minute\" \/>\n<script type=\"application\/ld+json\" class=\"yoast-schema-graph\">{\"@context\":\"https:\/\/schema.org\",\"@graph\":[{\"@type\":\"Article\",\"@id\":\"https:\/\/peoplesphere.be\/fr\/participez-au-forum-jump-2016-la-revolution-inachevee\/#article\",\"isPartOf\":{\"@id\":\"https:\/\/peoplesphere.be\/fr\/participez-au-forum-jump-2016-la-revolution-inachevee\/\"},\"author\":{\"name\":\"Jean-Paul Erhard\",\"@id\":\"https:\/\/peoplesphere.be\/fr\/#\/schema\/person\/7976225ff17988604334abb7b3536a7e\"},\"headline\":\"Participez au Forum Jump 2016 : la r\u00e9volution inachev\u00e9e\",\"datePublished\":\"2016-02-17T16:34:30+00:00\",\"dateModified\":\"2016-02-17T16:34:30+00:00\",\"mainEntityOfPage\":{\"@id\":\"https:\/\/peoplesphere.be\/fr\/participez-au-forum-jump-2016-la-revolution-inachevee\/\"},\"wordCount\":175,\"publisher\":{\"@id\":\"https:\/\/peoplesphere.be\/fr\/#organization\"},\"keywords\":[\"diversit\u00e9\",\"\u00e9galit\u00e9 des genres\",\"forum\",\"jump\"],\"articleSection\":[\"Calendrier\",\"Events\"],\"inLanguage\":\"fr-FR\"},{\"@type\":\"WebPage\",\"@id\":\"https:\/\/peoplesphere.be\/fr\/participez-au-forum-jump-2016-la-revolution-inachevee\/\",\"url\":\"https:\/\/peoplesphere.be\/fr\/participez-au-forum-jump-2016-la-revolution-inachevee\/\",\"name\":\"Participez au Forum Jump 2016 : la r\u00e9volution inachev\u00e9e - Peoplesphere\",\"isPartOf\":{\"@id\":\"https:\/\/peoplesphere.be\/fr\/#website\"},\"datePublished\":\"2016-02-17T16:34:30+00:00\",\"dateModified\":\"2016-02-17T16:34:30+00:00\",\"breadcrumb\":{\"@id\":\"https:\/\/peoplesphere.be\/fr\/participez-au-forum-jump-2016-la-revolution-inachevee\/#breadcrumb\"},\"inLanguage\":\"fr-FR\",\"potentialAction\":[{\"@type\":\"ReadAction\",\"target\":[\"https:\/\/peoplesphere.be\/fr\/participez-au-forum-jump-2016-la-revolution-inachevee\/\"]}]},{\"@type\":\"BreadcrumbList\",\"@id\":\"https:\/\/peoplesphere.be\/fr\/participez-au-forum-jump-2016-la-revolution-inachevee\/#breadcrumb\",\"itemListElement\":[{\"@type\":\"ListItem\",\"position\":1,\"name\":\"Accueil\",\"item\":\"https:\/\/peoplesphere.be\/fr\/\"},{\"@type\":\"ListItem\",\"position\":2,\"name\":\"Participez au Forum Jump 2016 : la r\u00e9volution inachev\u00e9e\"}]},{\"@type\":\"WebSite\",\"@id\":\"https:\/\/peoplesphere.be\/fr\/#website\",\"url\":\"https:\/\/peoplesphere.be\/fr\/\",\"name\":\"Peoplesphere\",\"description\":\"The People Managers Magazine\",\"publisher\":{\"@id\":\"https:\/\/peoplesphere.be\/fr\/#organization\"},\"potentialAction\":[{\"@type\":\"SearchAction\",\"target\":{\"@type\":\"EntryPoint\",\"urlTemplate\":\"https:\/\/peoplesphere.be\/fr\/?s={search_term_string}\"},\"query-input\":\"required name=search_term_string\"}],\"inLanguage\":\"fr-FR\"},{\"@type\":\"Organization\",\"@id\":\"https:\/\/peoplesphere.be\/fr\/#organization\",\"name\":\"Peoplesphere Company srl\",\"url\":\"https:\/\/peoplesphere.be\/fr\/\",\"logo\":{\"@type\":\"ImageObject\",\"inLanguage\":\"fr-FR\",\"@id\":\"https:\/\/peoplesphere.be\/fr\/#\/schema\/logo\/image\/\",\"url\":\"https:\/\/peoplesphere.be\/fr\/wp-content\/uploads\/2023\/07\/peoplesphere-lgo-new-generik.jpg\",\"contentUrl\":\"https:\/\/peoplesphere.be\/fr\/wp-content\/uploads\/2023\/07\/peoplesphere-lgo-new-generik.jpg\",\"width\":1031,\"height\":1479,\"caption\":\"Peoplesphere Company srl\"},\"image\":{\"@id\":\"https:\/\/peoplesphere.be\/fr\/#\/schema\/logo\/image\/\"},\"sameAs\":[\"https:\/\/www.facebook.com\/peoplesphere\",\"https:\/\/twitter.com\/PeoplesphereMag\",\"https:\/\/www.linkedin.com\/company\/7587361?trk\",\"http:\/\/youtube.com\/peoplesphere\"]},{\"@type\":\"Person\",\"@id\":\"https:\/\/peoplesphere.be\/fr\/#\/schema\/person\/7976225ff17988604334abb7b3536a7e\",\"name\":\"Jean-Paul Erhard\",\"image\":{\"@type\":\"ImageObject\",\"inLanguage\":\"fr-FR\",\"@id\":\"https:\/\/peoplesphere.be\/fr\/#\/schema\/person\/image\/\",\"url\":\"https:\/\/secure.gravatar.com\/avatar\/f941e681460179738071629a51574930?s=96&d=mm&r=g\",\"contentUrl\":\"https:\/\/secure.gravatar.com\/avatar\/f941e681460179738071629a51574930?s=96&d=mm&r=g\",\"caption\":\"Jean-Paul Erhard\"},\"url\":\"https:\/\/peoplesphere.be\/fr\/author\/jpe\/\"}]}<\/script>\n<!-- \/ Yoast SEO plugin. -->","yoast_head_json":{"title":"Participez au Forum Jump 2016 : la r\u00e9volution inachev\u00e9e - Peoplesphere","robots":{"index":"index","follow":"follow","max-snippet":"max-snippet:-1","max-image-preview":"max-image-preview:large","max-video-preview":"max-video-preview:-1"},"canonical":"https:\/\/peoplesphere.be\/fr\/participez-au-forum-jump-2016-la-revolution-inachevee\/","og_locale":"fr_FR","og_type":"article","og_title":"Participez au Forum Jump 2016 : la r\u00e9volution inachev\u00e9e - Peoplesphere","og_description":"Quel trajet reste-t-il \u00e0 parcourir en mati\u00e8re d&rsquo;\u00e9galit\u00e9 des genres dans la sph\u00e8re professionnelle? Envie de savoir? Le Forum JUMP 2016 a lieu le 3 mars \u00e0 Bruxelles (Vlerick Business School). Le th\u00e8me de cette ann\u00e9e : \u00ab\u00a0Wo.Men, Work, World: [&hellip;]","og_url":"https:\/\/peoplesphere.be\/fr\/participez-au-forum-jump-2016-la-revolution-inachevee\/","og_site_name":"Peoplesphere","article_publisher":"https:\/\/www.facebook.com\/peoplesphere","article_published_time":"2016-02-17T16:34:30+00:00","og_image":[{"url":"http:\/\/www.peoplesphere.be\/fr\/wp-content\/uploads\/2016\/07\/facebook-default-posting-1200x628px.jpg"}],"author":"Jean-Paul Erhard","twitter_card":"summary_large_image","twitter_creator":"@PeoplesphereMag","twitter_site":"@PeoplesphereMag","twitter_misc":{"\u00c9crit par":"Jean-Paul Erhard","Dur\u00e9e de lecture estim\u00e9e":"1 minute"},"schema":{"@context":"https:\/\/schema.org","@graph":[{"@type":"Article","@id":"https:\/\/peoplesphere.be\/fr\/participez-au-forum-jump-2016-la-revolution-inachevee\/#article","isPartOf":{"@id":"https:\/\/peoplesphere.be\/fr\/participez-au-forum-jump-2016-la-revolution-inachevee\/"},"author":{"name":"Jean-Paul Erhard","@id":"https:\/\/peoplesphere.be\/fr\/#\/schema\/person\/7976225ff17988604334abb7b3536a7e"},"headline":"Participez au Forum Jump 2016 : la r\u00e9volution inachev\u00e9e","datePublished":"2016-02-17T16:34:30+00:00","dateModified":"2016-02-17T16:34:30+00:00","mainEntityOfPage":{"@id":"https:\/\/peoplesphere.be\/fr\/participez-au-forum-jump-2016-la-revolution-inachevee\/"},"wordCount":175,"publisher":{"@id":"https:\/\/peoplesphere.be\/fr\/#organization"},"keywords":["diversit\u00e9","\u00e9galit\u00e9 des genres","forum","jump"],"articleSection":["Calendrier","Events"],"inLanguage":"fr-FR"},{"@type":"WebPage","@id":"https:\/\/peoplesphere.be\/fr\/participez-au-forum-jump-2016-la-revolution-inachevee\/","url":"https:\/\/peoplesphere.be\/fr\/participez-au-forum-jump-2016-la-revolution-inachevee\/","name":"Participez au Forum Jump 2016 : la r\u00e9volution inachev\u00e9e - Peoplesphere","isPartOf":{"@id":"https:\/\/peoplesphere.be\/fr\/#website"},"datePublished":"2016-02-17T16:34:30+00:00","dateModified":"2016-02-17T16:34:30+00:00","breadcrumb":{"@id":"https:\/\/peoplesphere.be\/fr\/participez-au-forum-jump-2016-la-revolution-inachevee\/#breadcrumb"},"inLanguage":"fr-FR","potentialAction":[{"@type":"ReadAction","target":["https:\/\/peoplesphere.be\/fr\/participez-au-forum-jump-2016-la-revolution-inachevee\/"]}]},{"@type":"BreadcrumbList","@id":"https:\/\/peoplesphere.be\/fr\/participez-au-forum-jump-2016-la-revolution-inachevee\/#breadcrumb","itemListElement":[{"@type":"ListItem","position":1,"name":"Accueil","item":"https:\/\/peoplesphere.be\/fr\/"},{"@type":"ListItem","position":2,"name":"Participez au Forum Jump 2016 : la r\u00e9volution inachev\u00e9e"}]},{"@type":"WebSite","@id":"https:\/\/peoplesphere.be\/fr\/#website","url":"https:\/\/peoplesphere.be\/fr\/","name":"Peoplesphere","description":"The People Managers Magazine","publisher":{"@id":"https:\/\/peoplesphere.be\/fr\/#organization"},"potentialAction":[{"@type":"SearchAction","target":{"@type":"EntryPoint","urlTemplate":"https:\/\/peoplesphere.be\/fr\/?s={search_term_string}"},"query-input":"required name=search_term_string"}],"inLanguage":"fr-FR"},{"@type":"Organization","@id":"https:\/\/peoplesphere.be\/fr\/#organization","name":"Peoplesphere Company srl","url":"https:\/\/peoplesphere.be\/fr\/","logo":{"@type":"ImageObject","inLanguage":"fr-FR","@id":"https:\/\/peoplesphere.be\/fr\/#\/schema\/logo\/image\/","url":"https:\/\/peoplesphere.be\/fr\/wp-content\/uploads\/2023\/07\/peoplesphere-lgo-new-generik.jpg","contentUrl":"https:\/\/peoplesphere.be\/fr\/wp-content\/uploads\/2023\/07\/peoplesphere-lgo-new-generik.jpg","width":1031,"height":1479,"caption":"Peoplesphere Company srl"},"image":{"@id":"https:\/\/peoplesphere.be\/fr\/#\/schema\/logo\/image\/"},"sameAs":["https:\/\/www.facebook.com\/peoplesphere","https:\/\/twitter.com\/PeoplesphereMag","https:\/\/www.linkedin.com\/company\/7587361?trk","http:\/\/youtube.com\/peoplesphere"]},{"@type":"Person","@id":"https:\/\/peoplesphere.be\/fr\/#\/schema\/person\/7976225ff17988604334abb7b3536a7e","name":"Jean-Paul Erhard","image":{"@type":"ImageObject","inLanguage":"fr-FR","@id":"https:\/\/peoplesphere.be\/fr\/#\/schema\/person\/image\/","url":"https:\/\/secure.gravatar.com\/avatar\/f941e681460179738071629a51574930?s=96&d=mm&r=g","contentUrl":"https:\/\/secure.gravatar.com\/avatar\/f941e681460179738071629a51574930?s=96&d=mm&r=g","caption":"Jean-Paul Erhard"},"url":"https:\/\/peoplesphere.be\/fr\/author\/jpe\/"}]}},"_links":{"self":[{"href":"https:\/\/peoplesphere.be\/fr\/wp-json\/wp\/v2\/posts\/2505"}],"collection":[{"href":"https:\/\/peoplesphere.be\/fr\/wp-json\/wp\/v2\/posts"}],"about":[{"href":"https:\/\/peoplesphere.be\/fr\/wp-json\/wp\/v2\/types\/post"}],"author":[{"embeddable":true,"href":"https:\/\/peoplesphere.be\/fr\/wp-json\/wp\/v2\/users\/2"}],"replies":[{"embeddable":true,"href":"https:\/\/peoplesphere.be\/fr\/wp-json\/wp\/v2\/comments?post=2505"}],"version-history":[{"count":1,"href":"https:\/\/peoplesphere.be\/fr\/wp-json\/wp\/v2\/posts\/2505\/revisions"}],"predecessor-version":[{"id":2506,"href":"https:\/\/peoplesphere.be\/fr\/wp-json\/wp\/v2\/posts\/2505\/revisions\/2506"}],"wp:attachment":[{"href":"https:\/\/peoplesphere.be\/fr\/wp-json\/wp\/v2\/media?parent=2505"}],"wp:term":[{"taxonomy":"category","embeddable":true,"href":"https:\/\/peoplesphere.be\/fr\/wp-json\/wp\/v2\/categories?post=2505"},{"taxonomy":"post_tag","embeddable":true,"href":"https:\/\/peoplesphere.be\/fr\/wp-json\/wp\/v2\/tags?post=2505"}],"curies":[{"name":"wp","href":"https:\/\/api.w.org\/{rel}","templated":true}]}}