









{"id":2507,"date":"2016-02-17T22:56:51","date_gmt":"2016-02-17T20:56:51","guid":{"rendered":"http:\/\/www.peoplesphere.be\/fr\/?p=2507"},"modified":"2016-02-18T18:55:59","modified_gmt":"2016-02-18T16:55:59","slug":"preparer-lentreprise-a-reintegrer-les-malades-de-longue-duree","status":"publish","type":"post","link":"https:\/\/peoplesphere.be\/fr\/preparer-lentreprise-a-reintegrer-les-malades-de-longue-duree\/","title":{"rendered":"Pr\u00e9parer l&rsquo;entreprise \u00e0 r\u00e9int\u00e9grer les malades de longue dur\u00e9e."},"content":{"rendered":"<h1>Le prochain \u00ab\u00a0Petit D\u00e9jeuner Ressources Humaines\u00a0\u00bb organis\u00e9 par l\u2019ADP Li\u00e8ge se tiendra le vendredi 4 mars 2016 de 8h \u00e0 10h. Quelle th\u00e9matique? \u00ab\u00a0La r\u00e9int\u00e9gration des malades de longue dur\u00e9e : pr\u00e9parons nos entreprises\u00a0\u00bb par le Docteur Jean-Pierre Schenkelaars, M\u00e9decin-directeur adjoint de l&rsquo;ANMC et Pr\u00e9sident du Conseil m\u00e9dical de l\u2019invalidit\u00e9 de l\u2019INAMI.<!--more--><\/h1>\n<p>Au programme du gouvernement d\u00e8s sa constitution, ce sujet aura aliment\u00e9 un grand nombre de rumeurs avant d&rsquo;atteindre le stade actuel, \u00e0 savoir un accord en Groupe des 10 et un texte de loi en passe d&rsquo;\u00eatre d\u00e9pos\u00e9. Souvent d\u00e9laiss\u00e9s dans les politiques de gestion de l&rsquo;absent\u00e9isme, les travailleurs absents de longue dur\u00e9e se retrouvent au centre des actions que nos entreprises devront prendre dans les prochains mois. Durant son expos\u00e9, le docteur Schenkelaars r\u00e9pondra aux questions suivantes:<\/p>\n<p>&#8211; quels sont les enjeux de soci\u00e9t\u00e9 qui rendent n\u00e9cessaires ces nouvelles contraintes pour les entreprises.<\/p>\n<p>&#8211; quelles sont les options envisag\u00e9es pour cette nouvelle loi ?<\/p>\n<p>&#8211; quel est le point de vue des mutuelles et comment peuvent-elles \u00eatre partenaires des entreprises et des travailleurs en la mati\u00e8re?<\/p>\n<p>Pour s&rsquo;inscrire :\u00a0<a href=\"http:\/\/www.adp-liege.be\/fr\/inscription\">http:\/\/www.adp-liege.be\/fr\/inscription<\/a><\/p>\n<p>Participation aux frais : 25,00\u20ac pour les non-membres &#8211; gratuit pour les membres ADP. Le montant est \u00e0 verser ANTICIPATIVEMENT sur le compte BE46 0680 4057 6036 de l\u2019ADP &#8211; 33, rue du Gros Gland \u00e0 4000 Li\u00e8ge avec mention : \u00abPetit D\u00e9jeuner ADP 04.03.16 : NOM et pr\u00e9nom\u00bb. Toute inscription enregistr\u00e9e et qui n\u2019est pas annul\u00e9e 24 heures avant la manifestation est due.<\/p>\n<p>O\u00f9 ?\u00a0Li\u00e8ge Airport (BIERSET), dans le restaurant \u00abLE LONG COURS\u00bb (Hall de d\u00e9part 2\u00e8me \u00e9tage) 4460 Gr\u00e2ce-Hollogne.\u00a0Parking n\u00b02 surveill\u00e9 et gratuit pour les trois premi\u00e8res heures.<\/p>\n","protected":false},"excerpt":{"rendered":"<p>Le prochain \u00ab\u00a0Petit D\u00e9jeuner Ressources Humaines\u00a0\u00bb organis\u00e9 par l\u2019ADP Li\u00e8ge se tiendra le vendredi 4 mars 2016 de 8h \u00e0 10h. Quelle th\u00e9matique? \u00ab\u00a0La r\u00e9int\u00e9gration des malades de longue dur\u00e9e : pr\u00e9parons nos entreprises\u00a0\u00bb par le Docteur Jean-Pierre Schenkelaars, M\u00e9decin-directeur [&hellip;]<\/p>\n","protected":false},"author":2,"featured_media":0,"comment_status":"closed","ping_status":"open","sticky":false,"template":"","format":"standard","meta":[],"categories":[67,8],"tags":[274,640,639],"yoast_head":"<!-- This site is optimized with the Yoast SEO plugin v21.0 - https:\/\/yoast.com\/wordpress\/plugins\/seo\/ -->\n<title>Pr\u00e9parer l&#039;entreprise \u00e0 r\u00e9int\u00e9grer les malades de longue dur\u00e9e. - Peoplesphere<\/title>\n<meta name=\"robots\" content=\"index, follow, max-snippet:-1, max-image-preview:large, max-video-preview:-1\" \/>\n<link rel=\"canonical\" href=\"https:\/\/peoplesphere.be\/fr\/preparer-lentreprise-a-reintegrer-les-malades-de-longue-duree\/\" \/>\n<meta property=\"og:locale\" content=\"fr_FR\" \/>\n<meta property=\"og:type\" content=\"article\" \/>\n<meta property=\"og:title\" content=\"Pr\u00e9parer l&#039;entreprise \u00e0 r\u00e9int\u00e9grer les malades de longue dur\u00e9e. - Peoplesphere\" \/>\n<meta property=\"og:description\" content=\"Le prochain \u00ab\u00a0Petit D\u00e9jeuner Ressources Humaines\u00a0\u00bb organis\u00e9 par l\u2019ADP Li\u00e8ge se tiendra le vendredi 4 mars 2016 de 8h \u00e0 10h. Quelle th\u00e9matique? \u00ab\u00a0La r\u00e9int\u00e9gration des malades de longue dur\u00e9e : pr\u00e9parons nos entreprises\u00a0\u00bb par le Docteur Jean-Pierre Schenkelaars, M\u00e9decin-directeur [&hellip;]\" \/>\n<meta property=\"og:url\" content=\"https:\/\/peoplesphere.be\/fr\/preparer-lentreprise-a-reintegrer-les-malades-de-longue-duree\/\" \/>\n<meta property=\"og:site_name\" content=\"Peoplesphere\" \/>\n<meta property=\"article:publisher\" content=\"https:\/\/www.facebook.com\/peoplesphere\" \/>\n<meta property=\"article:published_time\" content=\"2016-02-17T20:56:51+00:00\" \/>\n<meta property=\"article:modified_time\" content=\"2016-02-18T16:55:59+00:00\" \/>\n<meta property=\"og:image\" content=\"http:\/\/www.peoplesphere.be\/fr\/wp-content\/uploads\/2016\/07\/facebook-default-posting-1200x628px.jpg\" \/>\n<meta name=\"author\" content=\"Jean-Paul Erhard\" \/>\n<meta name=\"twitter:card\" content=\"summary_large_image\" \/>\n<meta name=\"twitter:creator\" content=\"@PeoplesphereMag\" \/>\n<meta name=\"twitter:site\" content=\"@PeoplesphereMag\" \/>\n<meta name=\"twitter:label1\" content=\"\u00c9crit par\" \/>\n\t<meta name=\"twitter:data1\" content=\"Jean-Paul Erhard\" \/>\n\t<meta name=\"twitter:label2\" content=\"Dur\u00e9e de lecture estim\u00e9e\" \/>\n\t<meta name=\"twitter:data2\" content=\"1 minute\" \/>\n<script type=\"application\/ld+json\" class=\"yoast-schema-graph\">{\"@context\":\"https:\/\/schema.org\",\"@graph\":[{\"@type\":\"Article\",\"@id\":\"https:\/\/peoplesphere.be\/fr\/preparer-lentreprise-a-reintegrer-les-malades-de-longue-duree\/#article\",\"isPartOf\":{\"@id\":\"https:\/\/peoplesphere.be\/fr\/preparer-lentreprise-a-reintegrer-les-malades-de-longue-duree\/\"},\"author\":{\"name\":\"Jean-Paul Erhard\",\"@id\":\"https:\/\/peoplesphere.be\/fr\/#\/schema\/person\/7976225ff17988604334abb7b3536a7e\"},\"headline\":\"Pr\u00e9parer l&rsquo;entreprise \u00e0 r\u00e9int\u00e9grer les malades de longue dur\u00e9e.\",\"datePublished\":\"2016-02-17T20:56:51+00:00\",\"dateModified\":\"2016-02-18T16:55:59+00:00\",\"mainEntityOfPage\":{\"@id\":\"https:\/\/peoplesphere.be\/fr\/preparer-lentreprise-a-reintegrer-les-malades-de-longue-duree\/\"},\"wordCount\":305,\"publisher\":{\"@id\":\"https:\/\/peoplesphere.be\/fr\/#organization\"},\"keywords\":[\"ADP Li\u00e8ge\",\"malades longue dur\u00e9e\",\"r\u00e9int\u00e9gration\"],\"articleSection\":[\"Calendrier\",\"Events\"],\"inLanguage\":\"fr-FR\"},{\"@type\":\"WebPage\",\"@id\":\"https:\/\/peoplesphere.be\/fr\/preparer-lentreprise-a-reintegrer-les-malades-de-longue-duree\/\",\"url\":\"https:\/\/peoplesphere.be\/fr\/preparer-lentreprise-a-reintegrer-les-malades-de-longue-duree\/\",\"name\":\"Pr\u00e9parer l'entreprise \u00e0 r\u00e9int\u00e9grer les malades de longue dur\u00e9e. - Peoplesphere\",\"isPartOf\":{\"@id\":\"https:\/\/peoplesphere.be\/fr\/#website\"},\"datePublished\":\"2016-02-17T20:56:51+00:00\",\"dateModified\":\"2016-02-18T16:55:59+00:00\",\"breadcrumb\":{\"@id\":\"https:\/\/peoplesphere.be\/fr\/preparer-lentreprise-a-reintegrer-les-malades-de-longue-duree\/#breadcrumb\"},\"inLanguage\":\"fr-FR\",\"potentialAction\":[{\"@type\":\"ReadAction\",\"target\":[\"https:\/\/peoplesphere.be\/fr\/preparer-lentreprise-a-reintegrer-les-malades-de-longue-duree\/\"]}]},{\"@type\":\"BreadcrumbList\",\"@id\":\"https:\/\/peoplesphere.be\/fr\/preparer-lentreprise-a-reintegrer-les-malades-de-longue-duree\/#breadcrumb\",\"itemListElement\":[{\"@type\":\"ListItem\",\"position\":1,\"name\":\"Accueil\",\"item\":\"https:\/\/peoplesphere.be\/fr\/\"},{\"@type\":\"ListItem\",\"position\":2,\"name\":\"Pr\u00e9parer l&rsquo;entreprise \u00e0 r\u00e9int\u00e9grer les malades de longue dur\u00e9e.\"}]},{\"@type\":\"WebSite\",\"@id\":\"https:\/\/peoplesphere.be\/fr\/#website\",\"url\":\"https:\/\/peoplesphere.be\/fr\/\",\"name\":\"Peoplesphere\",\"description\":\"The People Managers Magazine\",\"publisher\":{\"@id\":\"https:\/\/peoplesphere.be\/fr\/#organization\"},\"potentialAction\":[{\"@type\":\"SearchAction\",\"target\":{\"@type\":\"EntryPoint\",\"urlTemplate\":\"https:\/\/peoplesphere.be\/fr\/?s={search_term_string}\"},\"query-input\":\"required name=search_term_string\"}],\"inLanguage\":\"fr-FR\"},{\"@type\":\"Organization\",\"@id\":\"https:\/\/peoplesphere.be\/fr\/#organization\",\"name\":\"Peoplesphere Company srl\",\"url\":\"https:\/\/peoplesphere.be\/fr\/\",\"logo\":{\"@type\":\"ImageObject\",\"inLanguage\":\"fr-FR\",\"@id\":\"https:\/\/peoplesphere.be\/fr\/#\/schema\/logo\/image\/\",\"url\":\"https:\/\/peoplesphere.be\/fr\/wp-content\/uploads\/2023\/07\/peoplesphere-lgo-new-generik.jpg\",\"contentUrl\":\"https:\/\/peoplesphere.be\/fr\/wp-content\/uploads\/2023\/07\/peoplesphere-lgo-new-generik.jpg\",\"width\":1031,\"height\":1479,\"caption\":\"Peoplesphere Company srl\"},\"image\":{\"@id\":\"https:\/\/peoplesphere.be\/fr\/#\/schema\/logo\/image\/\"},\"sameAs\":[\"https:\/\/www.facebook.com\/peoplesphere\",\"https:\/\/twitter.com\/PeoplesphereMag\",\"https:\/\/www.linkedin.com\/company\/7587361?trk\",\"http:\/\/youtube.com\/peoplesphere\"]},{\"@type\":\"Person\",\"@id\":\"https:\/\/peoplesphere.be\/fr\/#\/schema\/person\/7976225ff17988604334abb7b3536a7e\",\"name\":\"Jean-Paul Erhard\",\"image\":{\"@type\":\"ImageObject\",\"inLanguage\":\"fr-FR\",\"@id\":\"https:\/\/peoplesphere.be\/fr\/#\/schema\/person\/image\/\",\"url\":\"https:\/\/secure.gravatar.com\/avatar\/f941e681460179738071629a51574930?s=96&d=mm&r=g\",\"contentUrl\":\"https:\/\/secure.gravatar.com\/avatar\/f941e681460179738071629a51574930?s=96&d=mm&r=g\",\"caption\":\"Jean-Paul Erhard\"},\"url\":\"https:\/\/peoplesphere.be\/fr\/author\/jpe\/\"}]}<\/script>\n<!-- \/ Yoast SEO plugin. -->","yoast_head_json":{"title":"Pr\u00e9parer l'entreprise \u00e0 r\u00e9int\u00e9grer les malades de longue dur\u00e9e. - Peoplesphere","robots":{"index":"index","follow":"follow","max-snippet":"max-snippet:-1","max-image-preview":"max-image-preview:large","max-video-preview":"max-video-preview:-1"},"canonical":"https:\/\/peoplesphere.be\/fr\/preparer-lentreprise-a-reintegrer-les-malades-de-longue-duree\/","og_locale":"fr_FR","og_type":"article","og_title":"Pr\u00e9parer l'entreprise \u00e0 r\u00e9int\u00e9grer les malades de longue dur\u00e9e. - Peoplesphere","og_description":"Le prochain \u00ab\u00a0Petit D\u00e9jeuner Ressources Humaines\u00a0\u00bb organis\u00e9 par l\u2019ADP Li\u00e8ge se tiendra le vendredi 4 mars 2016 de 8h \u00e0 10h. Quelle th\u00e9matique? \u00ab\u00a0La r\u00e9int\u00e9gration des malades de longue dur\u00e9e : pr\u00e9parons nos entreprises\u00a0\u00bb par le Docteur Jean-Pierre Schenkelaars, M\u00e9decin-directeur [&hellip;]","og_url":"https:\/\/peoplesphere.be\/fr\/preparer-lentreprise-a-reintegrer-les-malades-de-longue-duree\/","og_site_name":"Peoplesphere","article_publisher":"https:\/\/www.facebook.com\/peoplesphere","article_published_time":"2016-02-17T20:56:51+00:00","article_modified_time":"2016-02-18T16:55:59+00:00","og_image":[{"url":"http:\/\/www.peoplesphere.be\/fr\/wp-content\/uploads\/2016\/07\/facebook-default-posting-1200x628px.jpg"}],"author":"Jean-Paul Erhard","twitter_card":"summary_large_image","twitter_creator":"@PeoplesphereMag","twitter_site":"@PeoplesphereMag","twitter_misc":{"\u00c9crit par":"Jean-Paul Erhard","Dur\u00e9e de lecture estim\u00e9e":"1 minute"},"schema":{"@context":"https:\/\/schema.org","@graph":[{"@type":"Article","@id":"https:\/\/peoplesphere.be\/fr\/preparer-lentreprise-a-reintegrer-les-malades-de-longue-duree\/#article","isPartOf":{"@id":"https:\/\/peoplesphere.be\/fr\/preparer-lentreprise-a-reintegrer-les-malades-de-longue-duree\/"},"author":{"name":"Jean-Paul Erhard","@id":"https:\/\/peoplesphere.be\/fr\/#\/schema\/person\/7976225ff17988604334abb7b3536a7e"},"headline":"Pr\u00e9parer l&rsquo;entreprise \u00e0 r\u00e9int\u00e9grer les malades de longue dur\u00e9e.","datePublished":"2016-02-17T20:56:51+00:00","dateModified":"2016-02-18T16:55:59+00:00","mainEntityOfPage":{"@id":"https:\/\/peoplesphere.be\/fr\/preparer-lentreprise-a-reintegrer-les-malades-de-longue-duree\/"},"wordCount":305,"publisher":{"@id":"https:\/\/peoplesphere.be\/fr\/#organization"},"keywords":["ADP Li\u00e8ge","malades longue dur\u00e9e","r\u00e9int\u00e9gration"],"articleSection":["Calendrier","Events"],"inLanguage":"fr-FR"},{"@type":"WebPage","@id":"https:\/\/peoplesphere.be\/fr\/preparer-lentreprise-a-reintegrer-les-malades-de-longue-duree\/","url":"https:\/\/peoplesphere.be\/fr\/preparer-lentreprise-a-reintegrer-les-malades-de-longue-duree\/","name":"Pr\u00e9parer l'entreprise \u00e0 r\u00e9int\u00e9grer les malades de longue dur\u00e9e. - Peoplesphere","isPartOf":{"@id":"https:\/\/peoplesphere.be\/fr\/#website"},"datePublished":"2016-02-17T20:56:51+00:00","dateModified":"2016-02-18T16:55:59+00:00","breadcrumb":{"@id":"https:\/\/peoplesphere.be\/fr\/preparer-lentreprise-a-reintegrer-les-malades-de-longue-duree\/#breadcrumb"},"inLanguage":"fr-FR","potentialAction":[{"@type":"ReadAction","target":["https:\/\/peoplesphere.be\/fr\/preparer-lentreprise-a-reintegrer-les-malades-de-longue-duree\/"]}]},{"@type":"BreadcrumbList","@id":"https:\/\/peoplesphere.be\/fr\/preparer-lentreprise-a-reintegrer-les-malades-de-longue-duree\/#breadcrumb","itemListElement":[{"@type":"ListItem","position":1,"name":"Accueil","item":"https:\/\/peoplesphere.be\/fr\/"},{"@type":"ListItem","position":2,"name":"Pr\u00e9parer l&rsquo;entreprise \u00e0 r\u00e9int\u00e9grer les malades de longue dur\u00e9e."}]},{"@type":"WebSite","@id":"https:\/\/peoplesphere.be\/fr\/#website","url":"https:\/\/peoplesphere.be\/fr\/","name":"Peoplesphere","description":"The People Managers Magazine","publisher":{"@id":"https:\/\/peoplesphere.be\/fr\/#organization"},"potentialAction":[{"@type":"SearchAction","target":{"@type":"EntryPoint","urlTemplate":"https:\/\/peoplesphere.be\/fr\/?s={search_term_string}"},"query-input":"required name=search_term_string"}],"inLanguage":"fr-FR"},{"@type":"Organization","@id":"https:\/\/peoplesphere.be\/fr\/#organization","name":"Peoplesphere Company srl","url":"https:\/\/peoplesphere.be\/fr\/","logo":{"@type":"ImageObject","inLanguage":"fr-FR","@id":"https:\/\/peoplesphere.be\/fr\/#\/schema\/logo\/image\/","url":"https:\/\/peoplesphere.be\/fr\/wp-content\/uploads\/2023\/07\/peoplesphere-lgo-new-generik.jpg","contentUrl":"https:\/\/peoplesphere.be\/fr\/wp-content\/uploads\/2023\/07\/peoplesphere-lgo-new-generik.jpg","width":1031,"height":1479,"caption":"Peoplesphere Company srl"},"image":{"@id":"https:\/\/peoplesphere.be\/fr\/#\/schema\/logo\/image\/"},"sameAs":["https:\/\/www.facebook.com\/peoplesphere","https:\/\/twitter.com\/PeoplesphereMag","https:\/\/www.linkedin.com\/company\/7587361?trk","http:\/\/youtube.com\/peoplesphere"]},{"@type":"Person","@id":"https:\/\/peoplesphere.be\/fr\/#\/schema\/person\/7976225ff17988604334abb7b3536a7e","name":"Jean-Paul Erhard","image":{"@type":"ImageObject","inLanguage":"fr-FR","@id":"https:\/\/peoplesphere.be\/fr\/#\/schema\/person\/image\/","url":"https:\/\/secure.gravatar.com\/avatar\/f941e681460179738071629a51574930?s=96&d=mm&r=g","contentUrl":"https:\/\/secure.gravatar.com\/avatar\/f941e681460179738071629a51574930?s=96&d=mm&r=g","caption":"Jean-Paul Erhard"},"url":"https:\/\/peoplesphere.be\/fr\/author\/jpe\/"}]}},"_links":{"self":[{"href":"https:\/\/peoplesphere.be\/fr\/wp-json\/wp\/v2\/posts\/2507"}],"collection":[{"href":"https:\/\/peoplesphere.be\/fr\/wp-json\/wp\/v2\/posts"}],"about":[{"href":"https:\/\/peoplesphere.be\/fr\/wp-json\/wp\/v2\/types\/post"}],"author":[{"embeddable":true,"href":"https:\/\/peoplesphere.be\/fr\/wp-json\/wp\/v2\/users\/2"}],"replies":[{"embeddable":true,"href":"https:\/\/peoplesphere.be\/fr\/wp-json\/wp\/v2\/comments?post=2507"}],"version-history":[{"count":4,"href":"https:\/\/peoplesphere.be\/fr\/wp-json\/wp\/v2\/posts\/2507\/revisions"}],"predecessor-version":[{"id":2517,"href":"https:\/\/peoplesphere.be\/fr\/wp-json\/wp\/v2\/posts\/2507\/revisions\/2517"}],"wp:attachment":[{"href":"https:\/\/peoplesphere.be\/fr\/wp-json\/wp\/v2\/media?parent=2507"}],"wp:term":[{"taxonomy":"category","embeddable":true,"href":"https:\/\/peoplesphere.be\/fr\/wp-json\/wp\/v2\/categories?post=2507"},{"taxonomy":"post_tag","embeddable":true,"href":"https:\/\/peoplesphere.be\/fr\/wp-json\/wp\/v2\/tags?post=2507"}],"curies":[{"name":"wp","href":"https:\/\/api.w.org\/{rel}","templated":true}]}}