









{"id":2579,"date":"2016-03-08T15:21:30","date_gmt":"2016-03-08T13:21:30","guid":{"rendered":"http:\/\/www.peoplesphere.be\/fr\/?p=2579"},"modified":"2016-03-08T15:21:30","modified_gmt":"2016-03-08T13:21:30","slug":"incapacite-de-travail-la-mutualite-solidaris-veut-briser-les-idees-recues","status":"publish","type":"post","link":"https:\/\/peoplesphere.be\/fr\/incapacite-de-travail-la-mutualite-solidaris-veut-briser-les-idees-recues\/","title":{"rendered":"Incapacit\u00e9 de travail : la mutualit\u00e9 Solidaris veut briser les id\u00e9es re\u00e7ues."},"content":{"rendered":"<h1>La question de l\u2019incapacit\u00e9 de travail occupe une place de plus en plus importante dans le d\u00e9bat socio-\u00e9conomique. La mutualit\u00e9 Solidaris (Union Nationale des Mutualit\u00e9s Socialistes) a souhait\u00e9 donner un nouvel \u00e9clairage sur la question en se penchant sur le profil socio-sanitaire des personnes en arr\u00eat de maladie. Une approche qui permet de briser certaines id\u00e9es re\u00e7ues.<!--more--><\/h1>\n<p>Selon une r\u00e9cente \u00e9tude d&rsquo;un de nos principaux secr\u00e9tariats sociaux, les absences de longue dur\u00e9e (plus d\u2019un mois) pour maladie repr\u00e9sentent quelque 3% des journ\u00e9es de travail normalement prest\u00e9es et ce nombre est en augmentation constante depuis une dizaine d\u2019ann\u00e9es. La Direction Etudes des mutualit\u00e9s Solidaris vient de livrer son analyse des donn\u00e9es permettant d&rsquo;aller \u00e0 l&rsquo;encontre des clich\u00e9s qui hantent le march\u00e9 du travail.<\/p>\n<p><strong><em>Premi\u00e8re id\u00e9e re\u00e7ue : \u00ab Les d\u00e9penses d\u2019incapacit\u00e9 de travail explosent car une part de plus en plus importante des travailleurs sont absents pour raison de maladie \u00bb<\/em><\/strong><\/p>\n<p><em>\u00ab\u00a0La forte augmentation des d\u00e9penses d\u2019incapacit\u00e9 de travail ces 10 derni\u00e8res ann\u00e9es n\u2019est pas le r\u00e9sultat d\u2019une proportion plus importante d\u2019arr\u00eats maladie. Elle s\u2019explique par la hausse du nombre d\u2019ayants droit aux indemnit\u00e9s d\u2019incapacit\u00e9 de travail d\u00e9coulant des politiques socio-\u00e9conomiques (cf. recul de l\u2019\u00e2ge de la pension des femmes) et des \u00e9volutions soci\u00e9tales (cf. participation accrue des femmes au march\u00e9 du travail) ; de l\u2019augmentation de la dur\u00e9e moyenne d\u2019incapacit\u00e9 de travail (suite \u00e0 l\u2019augmentation du nombre de travailleurs \u00e2g\u00e9s et de la progression des maladies mentales) et enfin, de l\u2019augmentation de l\u2019indemnit\u00e9 moyenne d\u2019incapacit\u00e9 de travail.\u00a0\u00bb<\/em><\/p>\n<p><strong><em>Deuxi\u00e8me id\u00e9e re\u00e7ue : \u00ab Une grande partie des personnes en \u00ab cong\u00e9 de maladie \u00bb sont en r\u00e9alit\u00e9 parfaitement en \u00e9tat de travailler \u00bb<\/em><\/strong><\/p>\n<p><em>\u00ab\u00a0Etre en incapacit\u00e9 de travail n\u2019est pas un choix. Nos analyses montrent que les personnes en incapacit\u00e9 de travail ont un \u00e9tat de sant\u00e9 fortement d\u00e9grad\u00e9 ; que pour une grande majorit\u00e9 d\u2019entre elles, leur \u00e9tat de sant\u00e9 commence \u00e0 se d\u00e9t\u00e9riorer dans les mois qui pr\u00e9c\u00e8dent l\u2019arr\u00eat du travail ; et qu\u2019il y a une forte corr\u00e9lation entre l\u2019\u00e9tat de sant\u00e9 et la dur\u00e9e de l\u2019incapacit\u00e9 de travail.\u00a0\u00bb<\/em><\/p>\n<p><em><strong>Troisi\u00e8me id\u00e9e re\u00e7ue : \u00ab Etre en cong\u00e9 de maladie, c\u2019est confortable \u00bb<\/strong><\/em><\/p>\n<p>L\u2019incapacit\u00e9 de travail n\u2019est pas une situation confortable. Alors m\u00eame qu\u2019elles doivent faire face \u00e0 une forte diminution de leur pouvoir d\u2019achat, les personnes en incapacit\u00e9 de travail voient leur facture de soins de sant\u00e9 multipli\u00e9e par 4. Elles sont d\u00e8s lors davantage expos\u00e9es \u00e0 un risque de pauvret\u00e9. Ainsi, 32% des personnes avec une incapacit\u00e9 de travail de plus de 6 mois ont le statut BIM. Et parmi les b\u00e9n\u00e9ficiaires ordinaires, une personne sur 5 est en d\u00e9tresse financi\u00e8re occasionnelle soit 3 fois plus que ce qui est observ\u00e9 chez les actifs sans incapacit\u00e9 de travail.<\/p>\n<p><em><strong>Quatri\u00e8me id\u00e9e re\u00e7ue : \u00ab Les personnes en incapacit\u00e9 de travail ne font pas suffisamment d\u2019efforts pour r\u00e9int\u00e9grer leur emploi \u00bb<\/strong><\/em><\/p>\n<p>La majorit\u00e9 des personnes en incapacit\u00e9 de travail retournent naturellement au travail apr\u00e8s une courte p\u00e9riode d\u2019arr\u00eat de maladie. Plus de la moiti\u00e9 des personnes en incapacit\u00e9 de travail (52%) retournent \u00ab naturellement \u00bb sur le march\u00e9 du travail dans les 2 mois de l\u2019arr\u00eat de maladie et 79% apr\u00e8s 6 mois r\u00e9volus. On observe aussi que les d\u00e9penses se concentrent sur les dur\u00e9es d\u2019incapacit\u00e9 les plus longues (qui sont aussi celles pour lesquelles la probabilit\u00e9 de retour au travail est la plus faible). Les 8% des affili\u00e9s qui basculent dans le r\u00e9gime d\u2019invalidit\u00e9 concentrent 37% des co\u00fbts des indemnit\u00e9s d\u2019incapacit\u00e9 de travail.<\/p>\n","protected":false},"excerpt":{"rendered":"<p>La question de l\u2019incapacit\u00e9 de travail occupe une place de plus en plus importante dans le d\u00e9bat socio-\u00e9conomique. La mutualit\u00e9 Solidaris (Union Nationale des Mutualit\u00e9s Socialistes) a souhait\u00e9 donner un nouvel \u00e9clairage sur la question en se penchant sur le [&hellip;]<\/p>\n","protected":false},"author":2,"featured_media":0,"comment_status":"closed","ping_status":"open","sticky":false,"template":"","format":"standard","meta":[],"categories":[65,10],"tags":[663,662,664,240,665],"yoast_head":"<!-- This site is optimized with the Yoast SEO plugin v21.0 - https:\/\/yoast.com\/wordpress\/plugins\/seo\/ -->\n<title>Incapacit\u00e9 de travail : la mutualit\u00e9 Solidaris veut briser les id\u00e9es re\u00e7ues. - Peoplesphere<\/title>\n<meta name=\"robots\" content=\"index, follow, max-snippet:-1, max-image-preview:large, max-video-preview:-1\" \/>\n<link rel=\"canonical\" href=\"https:\/\/peoplesphere.be\/fr\/incapacite-de-travail-la-mutualite-solidaris-veut-briser-les-idees-recues\/\" \/>\n<meta property=\"og:locale\" content=\"fr_FR\" \/>\n<meta property=\"og:type\" content=\"article\" \/>\n<meta property=\"og:title\" content=\"Incapacit\u00e9 de travail : la mutualit\u00e9 Solidaris veut briser les id\u00e9es re\u00e7ues. - Peoplesphere\" \/>\n<meta property=\"og:description\" content=\"La question de l\u2019incapacit\u00e9 de travail occupe une place de plus en plus importante dans le d\u00e9bat socio-\u00e9conomique. La mutualit\u00e9 Solidaris (Union Nationale des Mutualit\u00e9s Socialistes) a souhait\u00e9 donner un nouvel \u00e9clairage sur la question en se penchant sur le [&hellip;]\" \/>\n<meta property=\"og:url\" content=\"https:\/\/peoplesphere.be\/fr\/incapacite-de-travail-la-mutualite-solidaris-veut-briser-les-idees-recues\/\" \/>\n<meta property=\"og:site_name\" content=\"Peoplesphere\" \/>\n<meta property=\"article:publisher\" content=\"https:\/\/www.facebook.com\/peoplesphere\" \/>\n<meta property=\"article:published_time\" content=\"2016-03-08T13:21:30+00:00\" \/>\n<meta property=\"og:image\" content=\"http:\/\/www.peoplesphere.be\/fr\/wp-content\/uploads\/2016\/07\/facebook-default-posting-1200x628px.jpg\" \/>\n<meta name=\"author\" content=\"Jean-Paul Erhard\" \/>\n<meta name=\"twitter:card\" content=\"summary_large_image\" \/>\n<meta name=\"twitter:creator\" content=\"@PeoplesphereMag\" \/>\n<meta name=\"twitter:site\" content=\"@PeoplesphereMag\" \/>\n<meta name=\"twitter:label1\" content=\"\u00c9crit par\" \/>\n\t<meta name=\"twitter:data1\" content=\"Jean-Paul Erhard\" \/>\n\t<meta name=\"twitter:label2\" content=\"Dur\u00e9e de lecture estim\u00e9e\" \/>\n\t<meta name=\"twitter:data2\" content=\"3 minutes\" \/>\n<script type=\"application\/ld+json\" class=\"yoast-schema-graph\">{\"@context\":\"https:\/\/schema.org\",\"@graph\":[{\"@type\":\"Article\",\"@id\":\"https:\/\/peoplesphere.be\/fr\/incapacite-de-travail-la-mutualite-solidaris-veut-briser-les-idees-recues\/#article\",\"isPartOf\":{\"@id\":\"https:\/\/peoplesphere.be\/fr\/incapacite-de-travail-la-mutualite-solidaris-veut-briser-les-idees-recues\/\"},\"author\":{\"name\":\"Jean-Paul Erhard\",\"@id\":\"https:\/\/peoplesphere.be\/fr\/#\/schema\/person\/7976225ff17988604334abb7b3536a7e\"},\"headline\":\"Incapacit\u00e9 de travail : la mutualit\u00e9 Solidaris veut briser les id\u00e9es re\u00e7ues.\",\"datePublished\":\"2016-03-08T13:21:30+00:00\",\"dateModified\":\"2016-03-08T13:21:30+00:00\",\"mainEntityOfPage\":{\"@id\":\"https:\/\/peoplesphere.be\/fr\/incapacite-de-travail-la-mutualite-solidaris-veut-briser-les-idees-recues\/\"},\"wordCount\":657,\"publisher\":{\"@id\":\"https:\/\/peoplesphere.be\/fr\/#organization\"},\"keywords\":[\"cong\u00e9-maladie\",\"incapacit\u00e9\",\"invalidit\u00e9\",\"soins de sant\u00e9\",\"solidaris\"],\"articleSection\":[\"Actualit\u00e9s\",\"Digital\"],\"inLanguage\":\"fr-FR\"},{\"@type\":\"WebPage\",\"@id\":\"https:\/\/peoplesphere.be\/fr\/incapacite-de-travail-la-mutualite-solidaris-veut-briser-les-idees-recues\/\",\"url\":\"https:\/\/peoplesphere.be\/fr\/incapacite-de-travail-la-mutualite-solidaris-veut-briser-les-idees-recues\/\",\"name\":\"Incapacit\u00e9 de travail : la mutualit\u00e9 Solidaris veut briser les id\u00e9es re\u00e7ues. - Peoplesphere\",\"isPartOf\":{\"@id\":\"https:\/\/peoplesphere.be\/fr\/#website\"},\"datePublished\":\"2016-03-08T13:21:30+00:00\",\"dateModified\":\"2016-03-08T13:21:30+00:00\",\"breadcrumb\":{\"@id\":\"https:\/\/peoplesphere.be\/fr\/incapacite-de-travail-la-mutualite-solidaris-veut-briser-les-idees-recues\/#breadcrumb\"},\"inLanguage\":\"fr-FR\",\"potentialAction\":[{\"@type\":\"ReadAction\",\"target\":[\"https:\/\/peoplesphere.be\/fr\/incapacite-de-travail-la-mutualite-solidaris-veut-briser-les-idees-recues\/\"]}]},{\"@type\":\"BreadcrumbList\",\"@id\":\"https:\/\/peoplesphere.be\/fr\/incapacite-de-travail-la-mutualite-solidaris-veut-briser-les-idees-recues\/#breadcrumb\",\"itemListElement\":[{\"@type\":\"ListItem\",\"position\":1,\"name\":\"Accueil\",\"item\":\"https:\/\/peoplesphere.be\/fr\/\"},{\"@type\":\"ListItem\",\"position\":2,\"name\":\"Incapacit\u00e9 de travail : la mutualit\u00e9 Solidaris veut briser les id\u00e9es re\u00e7ues.\"}]},{\"@type\":\"WebSite\",\"@id\":\"https:\/\/peoplesphere.be\/fr\/#website\",\"url\":\"https:\/\/peoplesphere.be\/fr\/\",\"name\":\"Peoplesphere\",\"description\":\"The People Managers Magazine\",\"publisher\":{\"@id\":\"https:\/\/peoplesphere.be\/fr\/#organization\"},\"potentialAction\":[{\"@type\":\"SearchAction\",\"target\":{\"@type\":\"EntryPoint\",\"urlTemplate\":\"https:\/\/peoplesphere.be\/fr\/?s={search_term_string}\"},\"query-input\":\"required name=search_term_string\"}],\"inLanguage\":\"fr-FR\"},{\"@type\":\"Organization\",\"@id\":\"https:\/\/peoplesphere.be\/fr\/#organization\",\"name\":\"Peoplesphere Company srl\",\"url\":\"https:\/\/peoplesphere.be\/fr\/\",\"logo\":{\"@type\":\"ImageObject\",\"inLanguage\":\"fr-FR\",\"@id\":\"https:\/\/peoplesphere.be\/fr\/#\/schema\/logo\/image\/\",\"url\":\"https:\/\/peoplesphere.be\/fr\/wp-content\/uploads\/2023\/07\/peoplesphere-lgo-new-generik.jpg\",\"contentUrl\":\"https:\/\/peoplesphere.be\/fr\/wp-content\/uploads\/2023\/07\/peoplesphere-lgo-new-generik.jpg\",\"width\":1031,\"height\":1479,\"caption\":\"Peoplesphere Company srl\"},\"image\":{\"@id\":\"https:\/\/peoplesphere.be\/fr\/#\/schema\/logo\/image\/\"},\"sameAs\":[\"https:\/\/www.facebook.com\/peoplesphere\",\"https:\/\/twitter.com\/PeoplesphereMag\",\"https:\/\/www.linkedin.com\/company\/7587361?trk\",\"http:\/\/youtube.com\/peoplesphere\"]},{\"@type\":\"Person\",\"@id\":\"https:\/\/peoplesphere.be\/fr\/#\/schema\/person\/7976225ff17988604334abb7b3536a7e\",\"name\":\"Jean-Paul Erhard\",\"image\":{\"@type\":\"ImageObject\",\"inLanguage\":\"fr-FR\",\"@id\":\"https:\/\/peoplesphere.be\/fr\/#\/schema\/person\/image\/\",\"url\":\"https:\/\/secure.gravatar.com\/avatar\/f941e681460179738071629a51574930?s=96&d=mm&r=g\",\"contentUrl\":\"https:\/\/secure.gravatar.com\/avatar\/f941e681460179738071629a51574930?s=96&d=mm&r=g\",\"caption\":\"Jean-Paul Erhard\"},\"url\":\"https:\/\/peoplesphere.be\/fr\/author\/jpe\/\"}]}<\/script>\n<!-- \/ Yoast SEO plugin. -->","yoast_head_json":{"title":"Incapacit\u00e9 de travail : la mutualit\u00e9 Solidaris veut briser les id\u00e9es re\u00e7ues. - Peoplesphere","robots":{"index":"index","follow":"follow","max-snippet":"max-snippet:-1","max-image-preview":"max-image-preview:large","max-video-preview":"max-video-preview:-1"},"canonical":"https:\/\/peoplesphere.be\/fr\/incapacite-de-travail-la-mutualite-solidaris-veut-briser-les-idees-recues\/","og_locale":"fr_FR","og_type":"article","og_title":"Incapacit\u00e9 de travail : la mutualit\u00e9 Solidaris veut briser les id\u00e9es re\u00e7ues. - Peoplesphere","og_description":"La question de l\u2019incapacit\u00e9 de travail occupe une place de plus en plus importante dans le d\u00e9bat socio-\u00e9conomique. La mutualit\u00e9 Solidaris (Union Nationale des Mutualit\u00e9s Socialistes) a souhait\u00e9 donner un nouvel \u00e9clairage sur la question en se penchant sur le [&hellip;]","og_url":"https:\/\/peoplesphere.be\/fr\/incapacite-de-travail-la-mutualite-solidaris-veut-briser-les-idees-recues\/","og_site_name":"Peoplesphere","article_publisher":"https:\/\/www.facebook.com\/peoplesphere","article_published_time":"2016-03-08T13:21:30+00:00","og_image":[{"url":"http:\/\/www.peoplesphere.be\/fr\/wp-content\/uploads\/2016\/07\/facebook-default-posting-1200x628px.jpg"}],"author":"Jean-Paul Erhard","twitter_card":"summary_large_image","twitter_creator":"@PeoplesphereMag","twitter_site":"@PeoplesphereMag","twitter_misc":{"\u00c9crit par":"Jean-Paul Erhard","Dur\u00e9e de lecture estim\u00e9e":"3 minutes"},"schema":{"@context":"https:\/\/schema.org","@graph":[{"@type":"Article","@id":"https:\/\/peoplesphere.be\/fr\/incapacite-de-travail-la-mutualite-solidaris-veut-briser-les-idees-recues\/#article","isPartOf":{"@id":"https:\/\/peoplesphere.be\/fr\/incapacite-de-travail-la-mutualite-solidaris-veut-briser-les-idees-recues\/"},"author":{"name":"Jean-Paul Erhard","@id":"https:\/\/peoplesphere.be\/fr\/#\/schema\/person\/7976225ff17988604334abb7b3536a7e"},"headline":"Incapacit\u00e9 de travail : la mutualit\u00e9 Solidaris veut briser les id\u00e9es re\u00e7ues.","datePublished":"2016-03-08T13:21:30+00:00","dateModified":"2016-03-08T13:21:30+00:00","mainEntityOfPage":{"@id":"https:\/\/peoplesphere.be\/fr\/incapacite-de-travail-la-mutualite-solidaris-veut-briser-les-idees-recues\/"},"wordCount":657,"publisher":{"@id":"https:\/\/peoplesphere.be\/fr\/#organization"},"keywords":["cong\u00e9-maladie","incapacit\u00e9","invalidit\u00e9","soins de sant\u00e9","solidaris"],"articleSection":["Actualit\u00e9s","Digital"],"inLanguage":"fr-FR"},{"@type":"WebPage","@id":"https:\/\/peoplesphere.be\/fr\/incapacite-de-travail-la-mutualite-solidaris-veut-briser-les-idees-recues\/","url":"https:\/\/peoplesphere.be\/fr\/incapacite-de-travail-la-mutualite-solidaris-veut-briser-les-idees-recues\/","name":"Incapacit\u00e9 de travail : la mutualit\u00e9 Solidaris veut briser les id\u00e9es re\u00e7ues. - Peoplesphere","isPartOf":{"@id":"https:\/\/peoplesphere.be\/fr\/#website"},"datePublished":"2016-03-08T13:21:30+00:00","dateModified":"2016-03-08T13:21:30+00:00","breadcrumb":{"@id":"https:\/\/peoplesphere.be\/fr\/incapacite-de-travail-la-mutualite-solidaris-veut-briser-les-idees-recues\/#breadcrumb"},"inLanguage":"fr-FR","potentialAction":[{"@type":"ReadAction","target":["https:\/\/peoplesphere.be\/fr\/incapacite-de-travail-la-mutualite-solidaris-veut-briser-les-idees-recues\/"]}]},{"@type":"BreadcrumbList","@id":"https:\/\/peoplesphere.be\/fr\/incapacite-de-travail-la-mutualite-solidaris-veut-briser-les-idees-recues\/#breadcrumb","itemListElement":[{"@type":"ListItem","position":1,"name":"Accueil","item":"https:\/\/peoplesphere.be\/fr\/"},{"@type":"ListItem","position":2,"name":"Incapacit\u00e9 de travail : la mutualit\u00e9 Solidaris veut briser les id\u00e9es re\u00e7ues."}]},{"@type":"WebSite","@id":"https:\/\/peoplesphere.be\/fr\/#website","url":"https:\/\/peoplesphere.be\/fr\/","name":"Peoplesphere","description":"The People Managers Magazine","publisher":{"@id":"https:\/\/peoplesphere.be\/fr\/#organization"},"potentialAction":[{"@type":"SearchAction","target":{"@type":"EntryPoint","urlTemplate":"https:\/\/peoplesphere.be\/fr\/?s={search_term_string}"},"query-input":"required name=search_term_string"}],"inLanguage":"fr-FR"},{"@type":"Organization","@id":"https:\/\/peoplesphere.be\/fr\/#organization","name":"Peoplesphere Company srl","url":"https:\/\/peoplesphere.be\/fr\/","logo":{"@type":"ImageObject","inLanguage":"fr-FR","@id":"https:\/\/peoplesphere.be\/fr\/#\/schema\/logo\/image\/","url":"https:\/\/peoplesphere.be\/fr\/wp-content\/uploads\/2023\/07\/peoplesphere-lgo-new-generik.jpg","contentUrl":"https:\/\/peoplesphere.be\/fr\/wp-content\/uploads\/2023\/07\/peoplesphere-lgo-new-generik.jpg","width":1031,"height":1479,"caption":"Peoplesphere Company srl"},"image":{"@id":"https:\/\/peoplesphere.be\/fr\/#\/schema\/logo\/image\/"},"sameAs":["https:\/\/www.facebook.com\/peoplesphere","https:\/\/twitter.com\/PeoplesphereMag","https:\/\/www.linkedin.com\/company\/7587361?trk","http:\/\/youtube.com\/peoplesphere"]},{"@type":"Person","@id":"https:\/\/peoplesphere.be\/fr\/#\/schema\/person\/7976225ff17988604334abb7b3536a7e","name":"Jean-Paul Erhard","image":{"@type":"ImageObject","inLanguage":"fr-FR","@id":"https:\/\/peoplesphere.be\/fr\/#\/schema\/person\/image\/","url":"https:\/\/secure.gravatar.com\/avatar\/f941e681460179738071629a51574930?s=96&d=mm&r=g","contentUrl":"https:\/\/secure.gravatar.com\/avatar\/f941e681460179738071629a51574930?s=96&d=mm&r=g","caption":"Jean-Paul Erhard"},"url":"https:\/\/peoplesphere.be\/fr\/author\/jpe\/"}]}},"_links":{"self":[{"href":"https:\/\/peoplesphere.be\/fr\/wp-json\/wp\/v2\/posts\/2579"}],"collection":[{"href":"https:\/\/peoplesphere.be\/fr\/wp-json\/wp\/v2\/posts"}],"about":[{"href":"https:\/\/peoplesphere.be\/fr\/wp-json\/wp\/v2\/types\/post"}],"author":[{"embeddable":true,"href":"https:\/\/peoplesphere.be\/fr\/wp-json\/wp\/v2\/users\/2"}],"replies":[{"embeddable":true,"href":"https:\/\/peoplesphere.be\/fr\/wp-json\/wp\/v2\/comments?post=2579"}],"version-history":[{"count":2,"href":"https:\/\/peoplesphere.be\/fr\/wp-json\/wp\/v2\/posts\/2579\/revisions"}],"predecessor-version":[{"id":2583,"href":"https:\/\/peoplesphere.be\/fr\/wp-json\/wp\/v2\/posts\/2579\/revisions\/2583"}],"wp:attachment":[{"href":"https:\/\/peoplesphere.be\/fr\/wp-json\/wp\/v2\/media?parent=2579"}],"wp:term":[{"taxonomy":"category","embeddable":true,"href":"https:\/\/peoplesphere.be\/fr\/wp-json\/wp\/v2\/categories?post=2579"},{"taxonomy":"post_tag","embeddable":true,"href":"https:\/\/peoplesphere.be\/fr\/wp-json\/wp\/v2\/tags?post=2579"}],"curies":[{"name":"wp","href":"https:\/\/api.w.org\/{rel}","templated":true}]}}