









{"id":2626,"date":"2016-03-23T22:34:28","date_gmt":"2016-03-23T20:34:28","guid":{"rendered":"http:\/\/www.peoplesphere.be\/fr\/?p=2626"},"modified":"2016-03-23T22:34:28","modified_gmt":"2016-03-23T20:34:28","slug":"emploi-lonem-confirme-le-retour-des-beaux-jours","status":"publish","type":"post","link":"https:\/\/peoplesphere.be\/fr\/emploi-lonem-confirme-le-retour-des-beaux-jours\/","title":{"rendered":"Emploi: l&rsquo;ONEM confirme le retour des beaux jours."},"content":{"rendered":"<h1>La publication du rapport annuel de l&rsquo;ONEM, c&rsquo;est en quelque sorte le juge de paix en mati\u00e8re d&rsquo;\u00e9valuation de l&rsquo;efficacit\u00e9 des politiques publiques de l&#8217;emploi. Et cette \u00e9dition 2015 confirme les nombreux indices recueillis au cours de l&rsquo;ann\u00e9e derni\u00e8re.<!--more--><\/h1>\n<p>Voici donc les principaux enseignements d\u00e9livr\u00e9s par l&rsquo;ONEM. Et ceux-ci commencent par un cri de victoire! Le ch\u00f4mage indemnis\u00e9 a sensiblement diminu\u00e9 en 2015, aussi bien le ch\u00f4mage complet que le ch\u00f4mage temporaire.<\/p>\n<p>Dans le d\u00e9tail : <em>\u00ab\u00a0en ce qui concerne le ch\u00f4mage complet, il faut distinguer 2 groupes. Les demandeurs d\u2019emploi indemnis\u00e9s dont le nombre (417.432) est en diminution de 9% par rapport \u00e0 2014. Les non demandeurs d\u2019emploi indemnis\u00e9s dont le nombre a \u00e9galement diminu\u00e9 en 2015 \u00e0 la fois chez les ch\u00f4meurs plus \u00e2g\u00e9s dispens\u00e9s (-15,9%) que chez les ch\u00f4meurs avec compl\u00e9ment d\u2019entreprise dispens\u00e9s (-6%). Le nombre total de ch\u00f4meurs complets indemnis\u00e9s, demandeurs d\u2019emploi et non demandeurs d\u2019emploi, a en cons\u00e9quence diminu\u00e9 de 9,9%, soit 62.459 personnes en moyenne annuelle.\u00a0\u00bb<\/em><\/p>\n<p>Cette \u00e9volution s\u2019explique principalement par 3 facteurs : croissance, d\u00e9mographie et r\u00e9formes.<\/p>\n<p><em>\u00ab\u00a0Pour la 2\u00e8me ann\u00e9e cons\u00e9cutive, la Belgique a connu une croissance mod\u00e9r\u00e9e de 1,4% en 2015, apr\u00e8s une croissance de 1,3% en 2014. Selon la Banque nationale, l\u2019emploi a augment\u00e9 de 37.500 unit\u00e9s en 2015.<\/em><br \/>\n<em> Il y a aussi un effet d\u00e9mographique. La population active et la population en \u00e2ge de travailler augmentent moins qu\u2019auparavant et les d\u00e9parts \u00e0 la pension sont plus nombreux.<\/em><br \/>\n<em> Enfin, il y a l\u2019effet de plusieurs r\u00e9formes, principalement les fins de droits aux allocations d\u2019insertion. Entre le 1er janvier et le 31 d\u00e9cembre 2015, 29.155 personnes sont arriv\u00e9es au terme de leur p\u00e9riode d\u2019indemnisation, soit 3 ans ou 3 ans au-del\u00e0 de 30 ans selon la cat\u00e9gorie familiale. En moyenne annuelle, cela repr\u00e9sente 23.394 personnes.\u00a0\u00bb<\/em><\/p>\n<p>Le ch\u00f4mage temporaire offre par ailleurs une \u00a0indication pr\u00e9cise de notre sant\u00e9 \u00e9conomique. Et le rapport de l&rsquo;ONEM incite \u00e0 l&rsquo;optimisme : <em>\u00ab\u00a0en ce qui concerne le ch\u00f4mage temporaire, on observe une diminution de 10,1% en 2015. Le ch\u00f4mage temporaire pour manque de travail r\u00e9sultant de causes \u00e9conomiques, qui refl\u00e8te de plus pr\u00e8s l\u2019\u00e9volution de la conjoncture, a diminu\u00e9 de mani\u00e8re plus forte encore (-17,9 %).<\/em><\/p>\n<p><em>Le nombre de travailleurs percevant des allocations d\u2019interruption (288.107) a augment\u00e9 de 4,3%. Beaucoup de travailleurs avaient introduit des demandes fin 2014 pour \u00e9chapper aux r\u00e9formes qui ont introduit des conditions d\u2019acc\u00e8s au r\u00e9gime plus strictes en 2015. Le nombre de demandes en 2015 a par cons\u00e9quent sensiblement diminu\u00e9.\u00a0\u00bb<\/em><\/p>\n<p>A souligner enfin la gestion rationnelle des ressources disponibles : <em>\u00ab\u00a0les d\u00e9penses totales de l\u2019ONEM, hors mati\u00e8res transf\u00e9r\u00e9es aux r\u00e9gions, ont diminu\u00e9 de 696,3 millions d\u2019euros en 2015. Sur 2 ans la diminution est de 1,1 milliard d\u2019euros, soit -11,5%.\u00a0\u00bb<\/em><\/p>\n","protected":false},"excerpt":{"rendered":"<p>La publication du rapport annuel de l&rsquo;ONEM, c&rsquo;est en quelque sorte le juge de paix en mati\u00e8re d&rsquo;\u00e9valuation de l&rsquo;efficacit\u00e9 des politiques publiques de l&#8217;emploi. Et cette \u00e9dition 2015 confirme les nombreux indices recueillis au cours de l&rsquo;ann\u00e9e derni\u00e8re.<\/p>\n","protected":false},"author":2,"featured_media":0,"comment_status":"closed","ping_status":"open","sticky":false,"template":"","format":"standard","meta":[],"categories":[65,10],"tags":[92,653,397,687,487],"yoast_head":"<!-- This site is optimized with the Yoast SEO plugin v21.0 - https:\/\/yoast.com\/wordpress\/plugins\/seo\/ -->\n<title>Emploi: l&#039;ONEM confirme le retour des beaux jours. - Peoplesphere<\/title>\n<meta name=\"robots\" content=\"index, follow, max-snippet:-1, max-image-preview:large, max-video-preview:-1\" \/>\n<link rel=\"canonical\" href=\"https:\/\/peoplesphere.be\/fr\/emploi-lonem-confirme-le-retour-des-beaux-jours\/\" \/>\n<meta property=\"og:locale\" content=\"fr_FR\" \/>\n<meta property=\"og:type\" content=\"article\" \/>\n<meta property=\"og:title\" content=\"Emploi: l&#039;ONEM confirme le retour des beaux jours. - Peoplesphere\" \/>\n<meta property=\"og:description\" content=\"La publication du rapport annuel de l&rsquo;ONEM, c&rsquo;est en quelque sorte le juge de paix en mati\u00e8re d&rsquo;\u00e9valuation de l&rsquo;efficacit\u00e9 des politiques publiques de l&#8217;emploi. Et cette \u00e9dition 2015 confirme les nombreux indices recueillis au cours de l&rsquo;ann\u00e9e derni\u00e8re.\" \/>\n<meta property=\"og:url\" content=\"https:\/\/peoplesphere.be\/fr\/emploi-lonem-confirme-le-retour-des-beaux-jours\/\" \/>\n<meta property=\"og:site_name\" content=\"Peoplesphere\" \/>\n<meta property=\"article:publisher\" content=\"https:\/\/www.facebook.com\/peoplesphere\" \/>\n<meta property=\"article:published_time\" content=\"2016-03-23T20:34:28+00:00\" \/>\n<meta property=\"og:image\" content=\"http:\/\/www.peoplesphere.be\/fr\/wp-content\/uploads\/2016\/07\/facebook-default-posting-1200x628px.jpg\" \/>\n<meta name=\"author\" content=\"Jean-Paul Erhard\" \/>\n<meta name=\"twitter:card\" content=\"summary_large_image\" \/>\n<meta name=\"twitter:creator\" content=\"@PeoplesphereMag\" \/>\n<meta name=\"twitter:site\" content=\"@PeoplesphereMag\" \/>\n<meta name=\"twitter:label1\" content=\"\u00c9crit par\" \/>\n\t<meta name=\"twitter:data1\" content=\"Jean-Paul Erhard\" \/>\n\t<meta name=\"twitter:label2\" content=\"Dur\u00e9e de lecture estim\u00e9e\" \/>\n\t<meta name=\"twitter:data2\" content=\"2 minutes\" \/>\n<script type=\"application\/ld+json\" class=\"yoast-schema-graph\">{\"@context\":\"https:\/\/schema.org\",\"@graph\":[{\"@type\":\"Article\",\"@id\":\"https:\/\/peoplesphere.be\/fr\/emploi-lonem-confirme-le-retour-des-beaux-jours\/#article\",\"isPartOf\":{\"@id\":\"https:\/\/peoplesphere.be\/fr\/emploi-lonem-confirme-le-retour-des-beaux-jours\/\"},\"author\":{\"name\":\"Jean-Paul Erhard\",\"@id\":\"https:\/\/peoplesphere.be\/fr\/#\/schema\/person\/7976225ff17988604334abb7b3536a7e\"},\"headline\":\"Emploi: l&rsquo;ONEM confirme le retour des beaux jours.\",\"datePublished\":\"2016-03-23T20:34:28+00:00\",\"dateModified\":\"2016-03-23T20:34:28+00:00\",\"mainEntityOfPage\":{\"@id\":\"https:\/\/peoplesphere.be\/fr\/emploi-lonem-confirme-le-retour-des-beaux-jours\/\"},\"wordCount\":486,\"publisher\":{\"@id\":\"https:\/\/peoplesphere.be\/fr\/#organization\"},\"keywords\":[\"ch\u00f4mage\",\"demandeurs d'emploi\",\"ONEM\",\"r\u00e9forme\",\"reprise \u00e9conomique\"],\"articleSection\":[\"Actualit\u00e9s\",\"Digital\"],\"inLanguage\":\"fr-FR\"},{\"@type\":\"WebPage\",\"@id\":\"https:\/\/peoplesphere.be\/fr\/emploi-lonem-confirme-le-retour-des-beaux-jours\/\",\"url\":\"https:\/\/peoplesphere.be\/fr\/emploi-lonem-confirme-le-retour-des-beaux-jours\/\",\"name\":\"Emploi: l'ONEM confirme le retour des beaux jours. - Peoplesphere\",\"isPartOf\":{\"@id\":\"https:\/\/peoplesphere.be\/fr\/#website\"},\"datePublished\":\"2016-03-23T20:34:28+00:00\",\"dateModified\":\"2016-03-23T20:34:28+00:00\",\"breadcrumb\":{\"@id\":\"https:\/\/peoplesphere.be\/fr\/emploi-lonem-confirme-le-retour-des-beaux-jours\/#breadcrumb\"},\"inLanguage\":\"fr-FR\",\"potentialAction\":[{\"@type\":\"ReadAction\",\"target\":[\"https:\/\/peoplesphere.be\/fr\/emploi-lonem-confirme-le-retour-des-beaux-jours\/\"]}]},{\"@type\":\"BreadcrumbList\",\"@id\":\"https:\/\/peoplesphere.be\/fr\/emploi-lonem-confirme-le-retour-des-beaux-jours\/#breadcrumb\",\"itemListElement\":[{\"@type\":\"ListItem\",\"position\":1,\"name\":\"Accueil\",\"item\":\"https:\/\/peoplesphere.be\/fr\/\"},{\"@type\":\"ListItem\",\"position\":2,\"name\":\"Emploi: l&rsquo;ONEM confirme le retour des beaux jours.\"}]},{\"@type\":\"WebSite\",\"@id\":\"https:\/\/peoplesphere.be\/fr\/#website\",\"url\":\"https:\/\/peoplesphere.be\/fr\/\",\"name\":\"Peoplesphere\",\"description\":\"The People Managers Magazine\",\"publisher\":{\"@id\":\"https:\/\/peoplesphere.be\/fr\/#organization\"},\"potentialAction\":[{\"@type\":\"SearchAction\",\"target\":{\"@type\":\"EntryPoint\",\"urlTemplate\":\"https:\/\/peoplesphere.be\/fr\/?s={search_term_string}\"},\"query-input\":\"required name=search_term_string\"}],\"inLanguage\":\"fr-FR\"},{\"@type\":\"Organization\",\"@id\":\"https:\/\/peoplesphere.be\/fr\/#organization\",\"name\":\"Peoplesphere Company srl\",\"url\":\"https:\/\/peoplesphere.be\/fr\/\",\"logo\":{\"@type\":\"ImageObject\",\"inLanguage\":\"fr-FR\",\"@id\":\"https:\/\/peoplesphere.be\/fr\/#\/schema\/logo\/image\/\",\"url\":\"https:\/\/peoplesphere.be\/fr\/wp-content\/uploads\/2023\/07\/peoplesphere-lgo-new-generik.jpg\",\"contentUrl\":\"https:\/\/peoplesphere.be\/fr\/wp-content\/uploads\/2023\/07\/peoplesphere-lgo-new-generik.jpg\",\"width\":1031,\"height\":1479,\"caption\":\"Peoplesphere Company srl\"},\"image\":{\"@id\":\"https:\/\/peoplesphere.be\/fr\/#\/schema\/logo\/image\/\"},\"sameAs\":[\"https:\/\/www.facebook.com\/peoplesphere\",\"https:\/\/twitter.com\/PeoplesphereMag\",\"https:\/\/www.linkedin.com\/company\/7587361?trk\",\"http:\/\/youtube.com\/peoplesphere\"]},{\"@type\":\"Person\",\"@id\":\"https:\/\/peoplesphere.be\/fr\/#\/schema\/person\/7976225ff17988604334abb7b3536a7e\",\"name\":\"Jean-Paul Erhard\",\"image\":{\"@type\":\"ImageObject\",\"inLanguage\":\"fr-FR\",\"@id\":\"https:\/\/peoplesphere.be\/fr\/#\/schema\/person\/image\/\",\"url\":\"https:\/\/secure.gravatar.com\/avatar\/f941e681460179738071629a51574930?s=96&d=mm&r=g\",\"contentUrl\":\"https:\/\/secure.gravatar.com\/avatar\/f941e681460179738071629a51574930?s=96&d=mm&r=g\",\"caption\":\"Jean-Paul Erhard\"},\"url\":\"https:\/\/peoplesphere.be\/fr\/author\/jpe\/\"}]}<\/script>\n<!-- \/ Yoast SEO plugin. -->","yoast_head_json":{"title":"Emploi: l'ONEM confirme le retour des beaux jours. - Peoplesphere","robots":{"index":"index","follow":"follow","max-snippet":"max-snippet:-1","max-image-preview":"max-image-preview:large","max-video-preview":"max-video-preview:-1"},"canonical":"https:\/\/peoplesphere.be\/fr\/emploi-lonem-confirme-le-retour-des-beaux-jours\/","og_locale":"fr_FR","og_type":"article","og_title":"Emploi: l'ONEM confirme le retour des beaux jours. - Peoplesphere","og_description":"La publication du rapport annuel de l&rsquo;ONEM, c&rsquo;est en quelque sorte le juge de paix en mati\u00e8re d&rsquo;\u00e9valuation de l&rsquo;efficacit\u00e9 des politiques publiques de l&#8217;emploi. Et cette \u00e9dition 2015 confirme les nombreux indices recueillis au cours de l&rsquo;ann\u00e9e derni\u00e8re.","og_url":"https:\/\/peoplesphere.be\/fr\/emploi-lonem-confirme-le-retour-des-beaux-jours\/","og_site_name":"Peoplesphere","article_publisher":"https:\/\/www.facebook.com\/peoplesphere","article_published_time":"2016-03-23T20:34:28+00:00","og_image":[{"url":"http:\/\/www.peoplesphere.be\/fr\/wp-content\/uploads\/2016\/07\/facebook-default-posting-1200x628px.jpg"}],"author":"Jean-Paul Erhard","twitter_card":"summary_large_image","twitter_creator":"@PeoplesphereMag","twitter_site":"@PeoplesphereMag","twitter_misc":{"\u00c9crit par":"Jean-Paul Erhard","Dur\u00e9e de lecture estim\u00e9e":"2 minutes"},"schema":{"@context":"https:\/\/schema.org","@graph":[{"@type":"Article","@id":"https:\/\/peoplesphere.be\/fr\/emploi-lonem-confirme-le-retour-des-beaux-jours\/#article","isPartOf":{"@id":"https:\/\/peoplesphere.be\/fr\/emploi-lonem-confirme-le-retour-des-beaux-jours\/"},"author":{"name":"Jean-Paul Erhard","@id":"https:\/\/peoplesphere.be\/fr\/#\/schema\/person\/7976225ff17988604334abb7b3536a7e"},"headline":"Emploi: l&rsquo;ONEM confirme le retour des beaux jours.","datePublished":"2016-03-23T20:34:28+00:00","dateModified":"2016-03-23T20:34:28+00:00","mainEntityOfPage":{"@id":"https:\/\/peoplesphere.be\/fr\/emploi-lonem-confirme-le-retour-des-beaux-jours\/"},"wordCount":486,"publisher":{"@id":"https:\/\/peoplesphere.be\/fr\/#organization"},"keywords":["ch\u00f4mage","demandeurs d'emploi","ONEM","r\u00e9forme","reprise \u00e9conomique"],"articleSection":["Actualit\u00e9s","Digital"],"inLanguage":"fr-FR"},{"@type":"WebPage","@id":"https:\/\/peoplesphere.be\/fr\/emploi-lonem-confirme-le-retour-des-beaux-jours\/","url":"https:\/\/peoplesphere.be\/fr\/emploi-lonem-confirme-le-retour-des-beaux-jours\/","name":"Emploi: l'ONEM confirme le retour des beaux jours. - Peoplesphere","isPartOf":{"@id":"https:\/\/peoplesphere.be\/fr\/#website"},"datePublished":"2016-03-23T20:34:28+00:00","dateModified":"2016-03-23T20:34:28+00:00","breadcrumb":{"@id":"https:\/\/peoplesphere.be\/fr\/emploi-lonem-confirme-le-retour-des-beaux-jours\/#breadcrumb"},"inLanguage":"fr-FR","potentialAction":[{"@type":"ReadAction","target":["https:\/\/peoplesphere.be\/fr\/emploi-lonem-confirme-le-retour-des-beaux-jours\/"]}]},{"@type":"BreadcrumbList","@id":"https:\/\/peoplesphere.be\/fr\/emploi-lonem-confirme-le-retour-des-beaux-jours\/#breadcrumb","itemListElement":[{"@type":"ListItem","position":1,"name":"Accueil","item":"https:\/\/peoplesphere.be\/fr\/"},{"@type":"ListItem","position":2,"name":"Emploi: l&rsquo;ONEM confirme le retour des beaux jours."}]},{"@type":"WebSite","@id":"https:\/\/peoplesphere.be\/fr\/#website","url":"https:\/\/peoplesphere.be\/fr\/","name":"Peoplesphere","description":"The People Managers Magazine","publisher":{"@id":"https:\/\/peoplesphere.be\/fr\/#organization"},"potentialAction":[{"@type":"SearchAction","target":{"@type":"EntryPoint","urlTemplate":"https:\/\/peoplesphere.be\/fr\/?s={search_term_string}"},"query-input":"required name=search_term_string"}],"inLanguage":"fr-FR"},{"@type":"Organization","@id":"https:\/\/peoplesphere.be\/fr\/#organization","name":"Peoplesphere Company srl","url":"https:\/\/peoplesphere.be\/fr\/","logo":{"@type":"ImageObject","inLanguage":"fr-FR","@id":"https:\/\/peoplesphere.be\/fr\/#\/schema\/logo\/image\/","url":"https:\/\/peoplesphere.be\/fr\/wp-content\/uploads\/2023\/07\/peoplesphere-lgo-new-generik.jpg","contentUrl":"https:\/\/peoplesphere.be\/fr\/wp-content\/uploads\/2023\/07\/peoplesphere-lgo-new-generik.jpg","width":1031,"height":1479,"caption":"Peoplesphere Company srl"},"image":{"@id":"https:\/\/peoplesphere.be\/fr\/#\/schema\/logo\/image\/"},"sameAs":["https:\/\/www.facebook.com\/peoplesphere","https:\/\/twitter.com\/PeoplesphereMag","https:\/\/www.linkedin.com\/company\/7587361?trk","http:\/\/youtube.com\/peoplesphere"]},{"@type":"Person","@id":"https:\/\/peoplesphere.be\/fr\/#\/schema\/person\/7976225ff17988604334abb7b3536a7e","name":"Jean-Paul Erhard","image":{"@type":"ImageObject","inLanguage":"fr-FR","@id":"https:\/\/peoplesphere.be\/fr\/#\/schema\/person\/image\/","url":"https:\/\/secure.gravatar.com\/avatar\/f941e681460179738071629a51574930?s=96&d=mm&r=g","contentUrl":"https:\/\/secure.gravatar.com\/avatar\/f941e681460179738071629a51574930?s=96&d=mm&r=g","caption":"Jean-Paul Erhard"},"url":"https:\/\/peoplesphere.be\/fr\/author\/jpe\/"}]}},"_links":{"self":[{"href":"https:\/\/peoplesphere.be\/fr\/wp-json\/wp\/v2\/posts\/2626"}],"collection":[{"href":"https:\/\/peoplesphere.be\/fr\/wp-json\/wp\/v2\/posts"}],"about":[{"href":"https:\/\/peoplesphere.be\/fr\/wp-json\/wp\/v2\/types\/post"}],"author":[{"embeddable":true,"href":"https:\/\/peoplesphere.be\/fr\/wp-json\/wp\/v2\/users\/2"}],"replies":[{"embeddable":true,"href":"https:\/\/peoplesphere.be\/fr\/wp-json\/wp\/v2\/comments?post=2626"}],"version-history":[{"count":1,"href":"https:\/\/peoplesphere.be\/fr\/wp-json\/wp\/v2\/posts\/2626\/revisions"}],"predecessor-version":[{"id":2627,"href":"https:\/\/peoplesphere.be\/fr\/wp-json\/wp\/v2\/posts\/2626\/revisions\/2627"}],"wp:attachment":[{"href":"https:\/\/peoplesphere.be\/fr\/wp-json\/wp\/v2\/media?parent=2626"}],"wp:term":[{"taxonomy":"category","embeddable":true,"href":"https:\/\/peoplesphere.be\/fr\/wp-json\/wp\/v2\/categories?post=2626"},{"taxonomy":"post_tag","embeddable":true,"href":"https:\/\/peoplesphere.be\/fr\/wp-json\/wp\/v2\/tags?post=2626"}],"curies":[{"name":"wp","href":"https:\/\/api.w.org\/{rel}","templated":true}]}}