









{"id":263,"date":"2014-09-04T15:17:48","date_gmt":"2014-09-04T13:17:48","guid":{"rendered":"http:\/\/www.peoplesphere.be\/wp\/?p=263"},"modified":"2014-10-03T15:18:42","modified_gmt":"2014-10-03T13:18:42","slug":"noubliez-pas-de-prendre-soin-de-votre-cfo","status":"publish","type":"post","link":"https:\/\/peoplesphere.be\/fr\/noubliez-pas-de-prendre-soin-de-votre-cfo\/","title":{"rendered":"N\u2019oubliez pas de prendre soin de votre CFO!"},"content":{"rendered":"<div class=\"chapeau\">Une enqu\u00eate * r\u00e9cente men\u00e9e par Robert Half aupr\u00e8s de 200 directeurs financiers belges nous livre un nouvel indicateur d\u2019estompement des fronti\u00e8res entre vie priv\u00e9e et vie professionnelle. Il apparait en effet que nos directeurs financiers travaillent trois week-ends sur quatre.<!--more--><\/div>\n<p>\u00ab\u00a0Gr\u00e2ce aux technologies actuelles, nous sommes accessibles \u00e0 tout moment et en tout lieu, pour notre travail. L\u2019enqu\u00eate d\u00e9montre que, cette ann\u00e9e, 80% des directeurs financiers belges se sont rendus plus disponibles pour leur travail en dehors des heures de bureau. Seuls 20% d\u2019entre eux d\u00e9clarent ne pas avoir augment\u00e9 leur disponibilit\u00e9.\u00a0\u00bb indique la soci\u00e9t\u00e9 de recrutement.<br \/>\n\u00ab\u00a0Cette disponibilit\u00e9 se traduit principalement par le fait de laisser son t\u00e9l\u00e9phone allum\u00e9 ou de v\u00e9rifier ses e-mails. 40% des personnes interrog\u00e9es ont d\u00e9clar\u00e9 qu\u2019elles laissent toujours leur t\u00e9l\u00e9phone allum\u00e9 et qu\u2019elles v\u00e9rifient toujours leurs e-mails en dehors des heures de bureau. 51% d\u00e9clarent ne le faire que lorsqu\u2019elles ont un d\u00e9lai \u00e0 tenir. Seule une petite minorit\u00e9 (9%) \u00e9teint toujours son t\u00e9l\u00e9phone d\u00e8s la sortie du bureau.<br \/>\nPlus d\u2019un directeur financier sur 3 (34%) affirme consacrer 30 minutes par jour maximum \u00e0 la v\u00e9rification de ses messages professionnels en dehors des heures de bureau.<br \/>\nM\u00eame pendant le week-end, ils laissent fr\u00e9quemment leurs ordinateurs et smartphones allum\u00e9s. 29% des directeurs financiers d\u00e9clarent travailler un week-end sur deux, tandis que 24% d&rsquo;entre eux travaillent trois week-ends sur quatre. Seuls 20% des directeurs financiers d\u00e9clarent ne jamais travailler le week-end. \u00a0\u00bb<\/p>\n<p>Pendant ce temps, nous voyons \u00e9merger nombre de r\u00e9flexions et initiatives \u00e0 l\u2019\u00e9chelon l\u00e9gislatif quant \u00e0 l\u2019adoption de mesures de pr\u00e9vention contre le stress. En Allemagne par exemple, le Ministre du Travail de l\u2019\u00c9tat f\u00e9d\u00e9r\u00e9 allemand de Rh\u00e9nanie-du-Nord-Westphalie, a d\u00e9clar\u00e9, en ao\u00fbt 2014, qu\u2019il souhaitait faire adopter une loi visant \u00e0 limiter l\u00e9galement la disponibilit\u00e9 du personnel pendant son temps libre et r\u00e9duire la charge de travail. M\u00eame si nous n\u2019en sommes pas encore l\u00e0 en Belgique, force est de constater que les employ\u00e9s belges consacrent n\u00e9anmoins beaucoup de temps \u00e0 leur travail en dehors des heures de bureau. <\/p>\n<p>* Cette enqu\u00eate enti\u00e8rement anonyme a \u00e9t\u00e9 men\u00e9e aux mois de juin et juillet 2014 par Market Probe, un bureau d\u2019\u00e9tude ind\u00e9pendant, aupr\u00e8s de 200 directeurs financiers de toute la Belgique. Cette enqu\u00eate semestrielle fait partie de l\u2019enqu\u00eate internationale \u2019Workplace Survey\u2019 dans le cadre de laquelle des cadres sup\u00e9rieurs sont interrog\u00e9s sur les tendances du terrain et la vie au sein de leur entreprise.<\/p>\n","protected":false},"excerpt":{"rendered":"<p>Une enqu\u00eate * r\u00e9cente men\u00e9e par Robert Half aupr\u00e8s de 200 directeurs financiers belges nous livre un nouvel indicateur d\u2019estompement des fronti\u00e8res entre vie priv\u00e9e et vie professionnelle. Il apparait en effet que nos directeurs financiers travaillent trois week-ends sur [&hellip;]<\/p>\n","protected":false},"author":1,"featured_media":0,"comment_status":"closed","ping_status":"open","sticky":false,"template":"","format":"standard","meta":[],"categories":[65],"tags":[],"yoast_head":"<!-- This site is optimized with the Yoast SEO plugin v21.0 - https:\/\/yoast.com\/wordpress\/plugins\/seo\/ -->\n<title>N\u2019oubliez pas de prendre soin de votre CFO! - Peoplesphere<\/title>\n<meta name=\"robots\" content=\"index, follow, max-snippet:-1, max-image-preview:large, max-video-preview:-1\" \/>\n<link rel=\"canonical\" href=\"https:\/\/peoplesphere.be\/fr\/noubliez-pas-de-prendre-soin-de-votre-cfo\/\" \/>\n<meta property=\"og:locale\" content=\"fr_FR\" \/>\n<meta property=\"og:type\" content=\"article\" \/>\n<meta property=\"og:title\" content=\"N\u2019oubliez pas de prendre soin de votre CFO! - Peoplesphere\" \/>\n<meta property=\"og:description\" content=\"Une enqu\u00eate * r\u00e9cente men\u00e9e par Robert Half aupr\u00e8s de 200 directeurs financiers belges nous livre un nouvel indicateur d\u2019estompement des fronti\u00e8res entre vie priv\u00e9e et vie professionnelle. Il apparait en effet que nos directeurs financiers travaillent trois week-ends sur [&hellip;]\" \/>\n<meta property=\"og:url\" content=\"https:\/\/peoplesphere.be\/fr\/noubliez-pas-de-prendre-soin-de-votre-cfo\/\" \/>\n<meta property=\"og:site_name\" content=\"Peoplesphere\" \/>\n<meta property=\"article:publisher\" content=\"https:\/\/www.facebook.com\/peoplesphere\" \/>\n<meta property=\"article:published_time\" content=\"2014-09-04T13:17:48+00:00\" \/>\n<meta property=\"article:modified_time\" content=\"2014-10-03T13:18:42+00:00\" \/>\n<meta property=\"og:image\" content=\"http:\/\/www.peoplesphere.be\/fr\/wp-content\/uploads\/2016\/07\/facebook-default-posting-1200x628px.jpg\" \/>\n<meta name=\"author\" content=\"admin\" \/>\n<meta name=\"twitter:card\" content=\"summary_large_image\" \/>\n<meta name=\"twitter:creator\" content=\"@PeoplesphereMag\" \/>\n<meta name=\"twitter:site\" content=\"@PeoplesphereMag\" \/>\n<meta name=\"twitter:label1\" content=\"\u00c9crit par\" \/>\n\t<meta name=\"twitter:data1\" content=\"admin\" \/>\n\t<meta name=\"twitter:label2\" content=\"Dur\u00e9e de lecture estim\u00e9e\" \/>\n\t<meta name=\"twitter:data2\" content=\"2 minutes\" \/>\n<script type=\"application\/ld+json\" class=\"yoast-schema-graph\">{\"@context\":\"https:\/\/schema.org\",\"@graph\":[{\"@type\":\"Article\",\"@id\":\"https:\/\/peoplesphere.be\/fr\/noubliez-pas-de-prendre-soin-de-votre-cfo\/#article\",\"isPartOf\":{\"@id\":\"https:\/\/peoplesphere.be\/fr\/noubliez-pas-de-prendre-soin-de-votre-cfo\/\"},\"author\":{\"name\":\"admin\",\"@id\":\"https:\/\/peoplesphere.be\/fr\/#\/schema\/person\/31e983479d7c6c2adc52372e64a85ae6\"},\"headline\":\"N\u2019oubliez pas de prendre soin de votre CFO!\",\"datePublished\":\"2014-09-04T13:17:48+00:00\",\"dateModified\":\"2014-10-03T13:18:42+00:00\",\"mainEntityOfPage\":{\"@id\":\"https:\/\/peoplesphere.be\/fr\/noubliez-pas-de-prendre-soin-de-votre-cfo\/\"},\"wordCount\":451,\"publisher\":{\"@id\":\"https:\/\/peoplesphere.be\/fr\/#organization\"},\"articleSection\":[\"Actualit\u00e9s\"],\"inLanguage\":\"fr-FR\"},{\"@type\":\"WebPage\",\"@id\":\"https:\/\/peoplesphere.be\/fr\/noubliez-pas-de-prendre-soin-de-votre-cfo\/\",\"url\":\"https:\/\/peoplesphere.be\/fr\/noubliez-pas-de-prendre-soin-de-votre-cfo\/\",\"name\":\"N\u2019oubliez pas de prendre soin de votre CFO! - Peoplesphere\",\"isPartOf\":{\"@id\":\"https:\/\/peoplesphere.be\/fr\/#website\"},\"datePublished\":\"2014-09-04T13:17:48+00:00\",\"dateModified\":\"2014-10-03T13:18:42+00:00\",\"breadcrumb\":{\"@id\":\"https:\/\/peoplesphere.be\/fr\/noubliez-pas-de-prendre-soin-de-votre-cfo\/#breadcrumb\"},\"inLanguage\":\"fr-FR\",\"potentialAction\":[{\"@type\":\"ReadAction\",\"target\":[\"https:\/\/peoplesphere.be\/fr\/noubliez-pas-de-prendre-soin-de-votre-cfo\/\"]}]},{\"@type\":\"BreadcrumbList\",\"@id\":\"https:\/\/peoplesphere.be\/fr\/noubliez-pas-de-prendre-soin-de-votre-cfo\/#breadcrumb\",\"itemListElement\":[{\"@type\":\"ListItem\",\"position\":1,\"name\":\"Accueil\",\"item\":\"https:\/\/peoplesphere.be\/fr\/\"},{\"@type\":\"ListItem\",\"position\":2,\"name\":\"N\u2019oubliez pas de prendre soin de votre CFO!\"}]},{\"@type\":\"WebSite\",\"@id\":\"https:\/\/peoplesphere.be\/fr\/#website\",\"url\":\"https:\/\/peoplesphere.be\/fr\/\",\"name\":\"Peoplesphere\",\"description\":\"The People Managers Magazine\",\"publisher\":{\"@id\":\"https:\/\/peoplesphere.be\/fr\/#organization\"},\"potentialAction\":[{\"@type\":\"SearchAction\",\"target\":{\"@type\":\"EntryPoint\",\"urlTemplate\":\"https:\/\/peoplesphere.be\/fr\/?s={search_term_string}\"},\"query-input\":\"required name=search_term_string\"}],\"inLanguage\":\"fr-FR\"},{\"@type\":\"Organization\",\"@id\":\"https:\/\/peoplesphere.be\/fr\/#organization\",\"name\":\"Peoplesphere Company srl\",\"url\":\"https:\/\/peoplesphere.be\/fr\/\",\"logo\":{\"@type\":\"ImageObject\",\"inLanguage\":\"fr-FR\",\"@id\":\"https:\/\/peoplesphere.be\/fr\/#\/schema\/logo\/image\/\",\"url\":\"https:\/\/peoplesphere.be\/fr\/wp-content\/uploads\/2023\/07\/peoplesphere-lgo-new-generik.jpg\",\"contentUrl\":\"https:\/\/peoplesphere.be\/fr\/wp-content\/uploads\/2023\/07\/peoplesphere-lgo-new-generik.jpg\",\"width\":1031,\"height\":1479,\"caption\":\"Peoplesphere Company srl\"},\"image\":{\"@id\":\"https:\/\/peoplesphere.be\/fr\/#\/schema\/logo\/image\/\"},\"sameAs\":[\"https:\/\/www.facebook.com\/peoplesphere\",\"https:\/\/twitter.com\/PeoplesphereMag\",\"https:\/\/www.linkedin.com\/company\/7587361?trk\",\"http:\/\/youtube.com\/peoplesphere\"]},{\"@type\":\"Person\",\"@id\":\"https:\/\/peoplesphere.be\/fr\/#\/schema\/person\/31e983479d7c6c2adc52372e64a85ae6\",\"name\":\"admin\",\"image\":{\"@type\":\"ImageObject\",\"inLanguage\":\"fr-FR\",\"@id\":\"https:\/\/peoplesphere.be\/fr\/#\/schema\/person\/image\/\",\"url\":\"https:\/\/secure.gravatar.com\/avatar\/d20f4a44ec8508c3a90cb5021a329512?s=96&d=mm&r=g\",\"contentUrl\":\"https:\/\/secure.gravatar.com\/avatar\/d20f4a44ec8508c3a90cb5021a329512?s=96&d=mm&r=g\",\"caption\":\"admin\"},\"url\":\"https:\/\/peoplesphere.be\/fr\/author\/admin\/\"}]}<\/script>\n<!-- \/ Yoast SEO plugin. -->","yoast_head_json":{"title":"N\u2019oubliez pas de prendre soin de votre CFO! - Peoplesphere","robots":{"index":"index","follow":"follow","max-snippet":"max-snippet:-1","max-image-preview":"max-image-preview:large","max-video-preview":"max-video-preview:-1"},"canonical":"https:\/\/peoplesphere.be\/fr\/noubliez-pas-de-prendre-soin-de-votre-cfo\/","og_locale":"fr_FR","og_type":"article","og_title":"N\u2019oubliez pas de prendre soin de votre CFO! - Peoplesphere","og_description":"Une enqu\u00eate * r\u00e9cente men\u00e9e par Robert Half aupr\u00e8s de 200 directeurs financiers belges nous livre un nouvel indicateur d\u2019estompement des fronti\u00e8res entre vie priv\u00e9e et vie professionnelle. Il apparait en effet que nos directeurs financiers travaillent trois week-ends sur [&hellip;]","og_url":"https:\/\/peoplesphere.be\/fr\/noubliez-pas-de-prendre-soin-de-votre-cfo\/","og_site_name":"Peoplesphere","article_publisher":"https:\/\/www.facebook.com\/peoplesphere","article_published_time":"2014-09-04T13:17:48+00:00","article_modified_time":"2014-10-03T13:18:42+00:00","og_image":[{"url":"http:\/\/www.peoplesphere.be\/fr\/wp-content\/uploads\/2016\/07\/facebook-default-posting-1200x628px.jpg"}],"author":"admin","twitter_card":"summary_large_image","twitter_creator":"@PeoplesphereMag","twitter_site":"@PeoplesphereMag","twitter_misc":{"\u00c9crit par":"admin","Dur\u00e9e de lecture estim\u00e9e":"2 minutes"},"schema":{"@context":"https:\/\/schema.org","@graph":[{"@type":"Article","@id":"https:\/\/peoplesphere.be\/fr\/noubliez-pas-de-prendre-soin-de-votre-cfo\/#article","isPartOf":{"@id":"https:\/\/peoplesphere.be\/fr\/noubliez-pas-de-prendre-soin-de-votre-cfo\/"},"author":{"name":"admin","@id":"https:\/\/peoplesphere.be\/fr\/#\/schema\/person\/31e983479d7c6c2adc52372e64a85ae6"},"headline":"N\u2019oubliez pas de prendre soin de votre CFO!","datePublished":"2014-09-04T13:17:48+00:00","dateModified":"2014-10-03T13:18:42+00:00","mainEntityOfPage":{"@id":"https:\/\/peoplesphere.be\/fr\/noubliez-pas-de-prendre-soin-de-votre-cfo\/"},"wordCount":451,"publisher":{"@id":"https:\/\/peoplesphere.be\/fr\/#organization"},"articleSection":["Actualit\u00e9s"],"inLanguage":"fr-FR"},{"@type":"WebPage","@id":"https:\/\/peoplesphere.be\/fr\/noubliez-pas-de-prendre-soin-de-votre-cfo\/","url":"https:\/\/peoplesphere.be\/fr\/noubliez-pas-de-prendre-soin-de-votre-cfo\/","name":"N\u2019oubliez pas de prendre soin de votre CFO! - Peoplesphere","isPartOf":{"@id":"https:\/\/peoplesphere.be\/fr\/#website"},"datePublished":"2014-09-04T13:17:48+00:00","dateModified":"2014-10-03T13:18:42+00:00","breadcrumb":{"@id":"https:\/\/peoplesphere.be\/fr\/noubliez-pas-de-prendre-soin-de-votre-cfo\/#breadcrumb"},"inLanguage":"fr-FR","potentialAction":[{"@type":"ReadAction","target":["https:\/\/peoplesphere.be\/fr\/noubliez-pas-de-prendre-soin-de-votre-cfo\/"]}]},{"@type":"BreadcrumbList","@id":"https:\/\/peoplesphere.be\/fr\/noubliez-pas-de-prendre-soin-de-votre-cfo\/#breadcrumb","itemListElement":[{"@type":"ListItem","position":1,"name":"Accueil","item":"https:\/\/peoplesphere.be\/fr\/"},{"@type":"ListItem","position":2,"name":"N\u2019oubliez pas de prendre soin de votre CFO!"}]},{"@type":"WebSite","@id":"https:\/\/peoplesphere.be\/fr\/#website","url":"https:\/\/peoplesphere.be\/fr\/","name":"Peoplesphere","description":"The People Managers Magazine","publisher":{"@id":"https:\/\/peoplesphere.be\/fr\/#organization"},"potentialAction":[{"@type":"SearchAction","target":{"@type":"EntryPoint","urlTemplate":"https:\/\/peoplesphere.be\/fr\/?s={search_term_string}"},"query-input":"required name=search_term_string"}],"inLanguage":"fr-FR"},{"@type":"Organization","@id":"https:\/\/peoplesphere.be\/fr\/#organization","name":"Peoplesphere Company srl","url":"https:\/\/peoplesphere.be\/fr\/","logo":{"@type":"ImageObject","inLanguage":"fr-FR","@id":"https:\/\/peoplesphere.be\/fr\/#\/schema\/logo\/image\/","url":"https:\/\/peoplesphere.be\/fr\/wp-content\/uploads\/2023\/07\/peoplesphere-lgo-new-generik.jpg","contentUrl":"https:\/\/peoplesphere.be\/fr\/wp-content\/uploads\/2023\/07\/peoplesphere-lgo-new-generik.jpg","width":1031,"height":1479,"caption":"Peoplesphere Company srl"},"image":{"@id":"https:\/\/peoplesphere.be\/fr\/#\/schema\/logo\/image\/"},"sameAs":["https:\/\/www.facebook.com\/peoplesphere","https:\/\/twitter.com\/PeoplesphereMag","https:\/\/www.linkedin.com\/company\/7587361?trk","http:\/\/youtube.com\/peoplesphere"]},{"@type":"Person","@id":"https:\/\/peoplesphere.be\/fr\/#\/schema\/person\/31e983479d7c6c2adc52372e64a85ae6","name":"admin","image":{"@type":"ImageObject","inLanguage":"fr-FR","@id":"https:\/\/peoplesphere.be\/fr\/#\/schema\/person\/image\/","url":"https:\/\/secure.gravatar.com\/avatar\/d20f4a44ec8508c3a90cb5021a329512?s=96&d=mm&r=g","contentUrl":"https:\/\/secure.gravatar.com\/avatar\/d20f4a44ec8508c3a90cb5021a329512?s=96&d=mm&r=g","caption":"admin"},"url":"https:\/\/peoplesphere.be\/fr\/author\/admin\/"}]}},"_links":{"self":[{"href":"https:\/\/peoplesphere.be\/fr\/wp-json\/wp\/v2\/posts\/263"}],"collection":[{"href":"https:\/\/peoplesphere.be\/fr\/wp-json\/wp\/v2\/posts"}],"about":[{"href":"https:\/\/peoplesphere.be\/fr\/wp-json\/wp\/v2\/types\/post"}],"author":[{"embeddable":true,"href":"https:\/\/peoplesphere.be\/fr\/wp-json\/wp\/v2\/users\/1"}],"replies":[{"embeddable":true,"href":"https:\/\/peoplesphere.be\/fr\/wp-json\/wp\/v2\/comments?post=263"}],"version-history":[{"count":2,"href":"https:\/\/peoplesphere.be\/fr\/wp-json\/wp\/v2\/posts\/263\/revisions"}],"predecessor-version":[{"id":265,"href":"https:\/\/peoplesphere.be\/fr\/wp-json\/wp\/v2\/posts\/263\/revisions\/265"}],"wp:attachment":[{"href":"https:\/\/peoplesphere.be\/fr\/wp-json\/wp\/v2\/media?parent=263"}],"wp:term":[{"taxonomy":"category","embeddable":true,"href":"https:\/\/peoplesphere.be\/fr\/wp-json\/wp\/v2\/categories?post=263"},{"taxonomy":"post_tag","embeddable":true,"href":"https:\/\/peoplesphere.be\/fr\/wp-json\/wp\/v2\/tags?post=263"}],"curies":[{"name":"wp","href":"https:\/\/api.w.org\/{rel}","templated":true}]}}