









{"id":2630,"date":"2016-03-24T09:57:31","date_gmt":"2016-03-24T07:57:31","guid":{"rendered":"http:\/\/www.peoplesphere.be\/fr\/?p=2630"},"modified":"2016-03-24T09:59:04","modified_gmt":"2016-03-24T07:59:04","slug":"la-27th-hrm-night-se-tiendra-le-mardi-12-avril-prochain-a-lautoworld-a-bruxelles","status":"publish","type":"post","link":"https:\/\/peoplesphere.be\/fr\/la-27th-hrm-night-se-tiendra-le-mardi-12-avril-prochain-a-lautoworld-a-bruxelles\/","title":{"rendered":"La 27th HRM Night se tiendra le mardi 12 avril prochain \u00e0 l\u2019Autoworld \u00e0 Bruxelles."},"content":{"rendered":"<div style=\"color: #000000;\">Suite aux \u00e9v\u00e9nements tragiques survenus ce mardi 22 mars, nous avons d\u00e9cid\u00e9 de reprogrammer la tenue de notre rendez-vous annuel pr\u00e9vu initialement pour ce jeudi 24 mars.<\/div>\n<div style=\"color: #000000;\">Nous nous retrouverons donc le 12 avril, \u00e0 partir de 18h30 et d\u00e9couvrirons ensemble qui sont les HR Manager, HR Team et Young HR Talent of the Year.<\/div>\n<p><!--more--><\/p>\n<div style=\"color: #000000;\">Gr\u00e2ce au soutien de tous nos partenaires, nous reprendrons ensemble le cours des activit\u00e9s qui contribuent \u00e0 dynamiser nos pratiques dans le domaine du People Management. Nous nous r\u00e9jouissons de vous revoir \u00e0 l\u2019occasion d\u2019une soir\u00e9e plac\u00e9e sous le signe de l\u2019amiti\u00e9 envers toutes celles et tous ceux qui ont \u00e9t\u00e9 touch\u00e9s par les \u00e9v\u00e9nements\u2026 et d\u2019une d\u00e9termination plus forte encore en mati\u00e8re de lutte contre toute forme d\u2019obscurantisme et de violence.<\/div>\n<div style=\"color: #000000;\"><\/div>\n<div style=\"color: #000000;\">Tous les participants d\u2019ores et d\u00e9j\u00e0 inscrits \u00e0 la 27th HRM Night seront invit\u00e9s \u00e0 re-confirmer leur pr\u00e9sence.<\/div>\n<div style=\"color: #000000;\">N\u2019h\u00e9sitez pas \u00e0 nous contacter via email (<a href=\"mailto:info@peoplesphere.be\">info@peoplesphere.be<\/a>) si vous souhaitez nous rejoindre.<\/div>\n<div style=\"color: #000000;\"><\/div>\n<div style=\"color: #000000;\">Bien cordialement<\/div>\n<div style=\"color: #000000;\"><\/div>\n<div style=\"color: #000000;\">Jean-Paul ERHARD, managing partner<\/div>\n","protected":false},"excerpt":{"rendered":"<p>Suite aux \u00e9v\u00e9nements tragiques survenus ce mardi 22 mars, nous avons d\u00e9cid\u00e9 de reprogrammer la tenue de notre rendez-vous annuel pr\u00e9vu initialement pour ce jeudi 24 mars. Nous nous retrouverons donc le 12 avril, \u00e0 partir de 18h30 et d\u00e9couvrirons [&hellip;]<\/p>\n","protected":false},"author":2,"featured_media":0,"comment_status":"closed","ping_status":"open","sticky":false,"template":"","format":"standard","meta":[],"categories":[65,67,10,8],"tags":[690,628,683,691],"yoast_head":"<!-- This site is optimized with the Yoast SEO plugin v21.0 - https:\/\/yoast.com\/wordpress\/plugins\/seo\/ -->\n<title>La 27th HRM Night se tiendra le mardi 12 avril prochain \u00e0 l\u2019Autoworld \u00e0 Bruxelles. - Peoplesphere<\/title>\n<meta name=\"robots\" content=\"index, follow, max-snippet:-1, max-image-preview:large, max-video-preview:-1\" \/>\n<link rel=\"canonical\" href=\"https:\/\/peoplesphere.be\/fr\/la-27th-hrm-night-se-tiendra-le-mardi-12-avril-prochain-a-lautoworld-a-bruxelles\/\" \/>\n<meta property=\"og:locale\" content=\"fr_FR\" \/>\n<meta property=\"og:type\" content=\"article\" \/>\n<meta property=\"og:title\" content=\"La 27th HRM Night se tiendra le mardi 12 avril prochain \u00e0 l\u2019Autoworld \u00e0 Bruxelles. - Peoplesphere\" \/>\n<meta property=\"og:description\" content=\"Suite aux \u00e9v\u00e9nements tragiques survenus ce mardi 22 mars, nous avons d\u00e9cid\u00e9 de reprogrammer la tenue de notre rendez-vous annuel pr\u00e9vu initialement pour ce jeudi 24 mars. Nous nous retrouverons donc le 12 avril, \u00e0 partir de 18h30 et d\u00e9couvrirons [&hellip;]\" \/>\n<meta property=\"og:url\" content=\"https:\/\/peoplesphere.be\/fr\/la-27th-hrm-night-se-tiendra-le-mardi-12-avril-prochain-a-lautoworld-a-bruxelles\/\" \/>\n<meta property=\"og:site_name\" content=\"Peoplesphere\" \/>\n<meta property=\"article:publisher\" content=\"https:\/\/www.facebook.com\/peoplesphere\" \/>\n<meta property=\"article:published_time\" content=\"2016-03-24T07:57:31+00:00\" \/>\n<meta property=\"article:modified_time\" content=\"2016-03-24T07:59:04+00:00\" \/>\n<meta property=\"og:image\" content=\"http:\/\/www.peoplesphere.be\/fr\/wp-content\/uploads\/2016\/07\/facebook-default-posting-1200x628px.jpg\" \/>\n<meta name=\"author\" content=\"Jean-Paul Erhard\" \/>\n<meta name=\"twitter:card\" content=\"summary_large_image\" \/>\n<meta name=\"twitter:creator\" content=\"@PeoplesphereMag\" \/>\n<meta name=\"twitter:site\" content=\"@PeoplesphereMag\" \/>\n<meta name=\"twitter:label1\" content=\"\u00c9crit par\" \/>\n\t<meta name=\"twitter:data1\" content=\"Jean-Paul Erhard\" \/>\n\t<meta name=\"twitter:label2\" content=\"Dur\u00e9e de lecture estim\u00e9e\" \/>\n\t<meta name=\"twitter:data2\" content=\"1 minute\" \/>\n<script type=\"application\/ld+json\" class=\"yoast-schema-graph\">{\"@context\":\"https:\/\/schema.org\",\"@graph\":[{\"@type\":\"Article\",\"@id\":\"https:\/\/peoplesphere.be\/fr\/la-27th-hrm-night-se-tiendra-le-mardi-12-avril-prochain-a-lautoworld-a-bruxelles\/#article\",\"isPartOf\":{\"@id\":\"https:\/\/peoplesphere.be\/fr\/la-27th-hrm-night-se-tiendra-le-mardi-12-avril-prochain-a-lautoworld-a-bruxelles\/\"},\"author\":{\"name\":\"Jean-Paul Erhard\",\"@id\":\"https:\/\/peoplesphere.be\/fr\/#\/schema\/person\/7976225ff17988604334abb7b3536a7e\"},\"headline\":\"La 27th HRM Night se tiendra le mardi 12 avril prochain \u00e0 l\u2019Autoworld \u00e0 Bruxelles.\",\"datePublished\":\"2016-03-24T07:57:31+00:00\",\"dateModified\":\"2016-03-24T07:59:04+00:00\",\"mainEntityOfPage\":{\"@id\":\"https:\/\/peoplesphere.be\/fr\/la-27th-hrm-night-se-tiendra-le-mardi-12-avril-prochain-a-lautoworld-a-bruxelles\/\"},\"wordCount\":194,\"publisher\":{\"@id\":\"https:\/\/peoplesphere.be\/fr\/#organization\"},\"keywords\":[\"hr manager of the year\",\"HR Team of the Year\",\"HRM Night\",\"young hr talent of the year\"],\"articleSection\":[\"Actualit\u00e9s\",\"Calendrier\",\"Digital\",\"Events\"],\"inLanguage\":\"fr-FR\"},{\"@type\":\"WebPage\",\"@id\":\"https:\/\/peoplesphere.be\/fr\/la-27th-hrm-night-se-tiendra-le-mardi-12-avril-prochain-a-lautoworld-a-bruxelles\/\",\"url\":\"https:\/\/peoplesphere.be\/fr\/la-27th-hrm-night-se-tiendra-le-mardi-12-avril-prochain-a-lautoworld-a-bruxelles\/\",\"name\":\"La 27th HRM Night se tiendra le mardi 12 avril prochain \u00e0 l\u2019Autoworld \u00e0 Bruxelles. - Peoplesphere\",\"isPartOf\":{\"@id\":\"https:\/\/peoplesphere.be\/fr\/#website\"},\"datePublished\":\"2016-03-24T07:57:31+00:00\",\"dateModified\":\"2016-03-24T07:59:04+00:00\",\"breadcrumb\":{\"@id\":\"https:\/\/peoplesphere.be\/fr\/la-27th-hrm-night-se-tiendra-le-mardi-12-avril-prochain-a-lautoworld-a-bruxelles\/#breadcrumb\"},\"inLanguage\":\"fr-FR\",\"potentialAction\":[{\"@type\":\"ReadAction\",\"target\":[\"https:\/\/peoplesphere.be\/fr\/la-27th-hrm-night-se-tiendra-le-mardi-12-avril-prochain-a-lautoworld-a-bruxelles\/\"]}]},{\"@type\":\"BreadcrumbList\",\"@id\":\"https:\/\/peoplesphere.be\/fr\/la-27th-hrm-night-se-tiendra-le-mardi-12-avril-prochain-a-lautoworld-a-bruxelles\/#breadcrumb\",\"itemListElement\":[{\"@type\":\"ListItem\",\"position\":1,\"name\":\"Accueil\",\"item\":\"https:\/\/peoplesphere.be\/fr\/\"},{\"@type\":\"ListItem\",\"position\":2,\"name\":\"La 27th HRM Night se tiendra le mardi 12 avril prochain \u00e0 l\u2019Autoworld \u00e0 Bruxelles.\"}]},{\"@type\":\"WebSite\",\"@id\":\"https:\/\/peoplesphere.be\/fr\/#website\",\"url\":\"https:\/\/peoplesphere.be\/fr\/\",\"name\":\"Peoplesphere\",\"description\":\"The People Managers Magazine\",\"publisher\":{\"@id\":\"https:\/\/peoplesphere.be\/fr\/#organization\"},\"potentialAction\":[{\"@type\":\"SearchAction\",\"target\":{\"@type\":\"EntryPoint\",\"urlTemplate\":\"https:\/\/peoplesphere.be\/fr\/?s={search_term_string}\"},\"query-input\":\"required name=search_term_string\"}],\"inLanguage\":\"fr-FR\"},{\"@type\":\"Organization\",\"@id\":\"https:\/\/peoplesphere.be\/fr\/#organization\",\"name\":\"Peoplesphere Company srl\",\"url\":\"https:\/\/peoplesphere.be\/fr\/\",\"logo\":{\"@type\":\"ImageObject\",\"inLanguage\":\"fr-FR\",\"@id\":\"https:\/\/peoplesphere.be\/fr\/#\/schema\/logo\/image\/\",\"url\":\"https:\/\/peoplesphere.be\/fr\/wp-content\/uploads\/2023\/07\/peoplesphere-lgo-new-generik.jpg\",\"contentUrl\":\"https:\/\/peoplesphere.be\/fr\/wp-content\/uploads\/2023\/07\/peoplesphere-lgo-new-generik.jpg\",\"width\":1031,\"height\":1479,\"caption\":\"Peoplesphere Company srl\"},\"image\":{\"@id\":\"https:\/\/peoplesphere.be\/fr\/#\/schema\/logo\/image\/\"},\"sameAs\":[\"https:\/\/www.facebook.com\/peoplesphere\",\"https:\/\/twitter.com\/PeoplesphereMag\",\"https:\/\/www.linkedin.com\/company\/7587361?trk\",\"http:\/\/youtube.com\/peoplesphere\"]},{\"@type\":\"Person\",\"@id\":\"https:\/\/peoplesphere.be\/fr\/#\/schema\/person\/7976225ff17988604334abb7b3536a7e\",\"name\":\"Jean-Paul Erhard\",\"image\":{\"@type\":\"ImageObject\",\"inLanguage\":\"fr-FR\",\"@id\":\"https:\/\/peoplesphere.be\/fr\/#\/schema\/person\/image\/\",\"url\":\"https:\/\/secure.gravatar.com\/avatar\/f941e681460179738071629a51574930?s=96&d=mm&r=g\",\"contentUrl\":\"https:\/\/secure.gravatar.com\/avatar\/f941e681460179738071629a51574930?s=96&d=mm&r=g\",\"caption\":\"Jean-Paul Erhard\"},\"url\":\"https:\/\/peoplesphere.be\/fr\/author\/jpe\/\"}]}<\/script>\n<!-- \/ Yoast SEO plugin. -->","yoast_head_json":{"title":"La 27th HRM Night se tiendra le mardi 12 avril prochain \u00e0 l\u2019Autoworld \u00e0 Bruxelles. - Peoplesphere","robots":{"index":"index","follow":"follow","max-snippet":"max-snippet:-1","max-image-preview":"max-image-preview:large","max-video-preview":"max-video-preview:-1"},"canonical":"https:\/\/peoplesphere.be\/fr\/la-27th-hrm-night-se-tiendra-le-mardi-12-avril-prochain-a-lautoworld-a-bruxelles\/","og_locale":"fr_FR","og_type":"article","og_title":"La 27th HRM Night se tiendra le mardi 12 avril prochain \u00e0 l\u2019Autoworld \u00e0 Bruxelles. - Peoplesphere","og_description":"Suite aux \u00e9v\u00e9nements tragiques survenus ce mardi 22 mars, nous avons d\u00e9cid\u00e9 de reprogrammer la tenue de notre rendez-vous annuel pr\u00e9vu initialement pour ce jeudi 24 mars. Nous nous retrouverons donc le 12 avril, \u00e0 partir de 18h30 et d\u00e9couvrirons [&hellip;]","og_url":"https:\/\/peoplesphere.be\/fr\/la-27th-hrm-night-se-tiendra-le-mardi-12-avril-prochain-a-lautoworld-a-bruxelles\/","og_site_name":"Peoplesphere","article_publisher":"https:\/\/www.facebook.com\/peoplesphere","article_published_time":"2016-03-24T07:57:31+00:00","article_modified_time":"2016-03-24T07:59:04+00:00","og_image":[{"url":"http:\/\/www.peoplesphere.be\/fr\/wp-content\/uploads\/2016\/07\/facebook-default-posting-1200x628px.jpg"}],"author":"Jean-Paul Erhard","twitter_card":"summary_large_image","twitter_creator":"@PeoplesphereMag","twitter_site":"@PeoplesphereMag","twitter_misc":{"\u00c9crit par":"Jean-Paul Erhard","Dur\u00e9e de lecture estim\u00e9e":"1 minute"},"schema":{"@context":"https:\/\/schema.org","@graph":[{"@type":"Article","@id":"https:\/\/peoplesphere.be\/fr\/la-27th-hrm-night-se-tiendra-le-mardi-12-avril-prochain-a-lautoworld-a-bruxelles\/#article","isPartOf":{"@id":"https:\/\/peoplesphere.be\/fr\/la-27th-hrm-night-se-tiendra-le-mardi-12-avril-prochain-a-lautoworld-a-bruxelles\/"},"author":{"name":"Jean-Paul Erhard","@id":"https:\/\/peoplesphere.be\/fr\/#\/schema\/person\/7976225ff17988604334abb7b3536a7e"},"headline":"La 27th HRM Night se tiendra le mardi 12 avril prochain \u00e0 l\u2019Autoworld \u00e0 Bruxelles.","datePublished":"2016-03-24T07:57:31+00:00","dateModified":"2016-03-24T07:59:04+00:00","mainEntityOfPage":{"@id":"https:\/\/peoplesphere.be\/fr\/la-27th-hrm-night-se-tiendra-le-mardi-12-avril-prochain-a-lautoworld-a-bruxelles\/"},"wordCount":194,"publisher":{"@id":"https:\/\/peoplesphere.be\/fr\/#organization"},"keywords":["hr manager of the year","HR Team of the Year","HRM Night","young hr talent of the year"],"articleSection":["Actualit\u00e9s","Calendrier","Digital","Events"],"inLanguage":"fr-FR"},{"@type":"WebPage","@id":"https:\/\/peoplesphere.be\/fr\/la-27th-hrm-night-se-tiendra-le-mardi-12-avril-prochain-a-lautoworld-a-bruxelles\/","url":"https:\/\/peoplesphere.be\/fr\/la-27th-hrm-night-se-tiendra-le-mardi-12-avril-prochain-a-lautoworld-a-bruxelles\/","name":"La 27th HRM Night se tiendra le mardi 12 avril prochain \u00e0 l\u2019Autoworld \u00e0 Bruxelles. - Peoplesphere","isPartOf":{"@id":"https:\/\/peoplesphere.be\/fr\/#website"},"datePublished":"2016-03-24T07:57:31+00:00","dateModified":"2016-03-24T07:59:04+00:00","breadcrumb":{"@id":"https:\/\/peoplesphere.be\/fr\/la-27th-hrm-night-se-tiendra-le-mardi-12-avril-prochain-a-lautoworld-a-bruxelles\/#breadcrumb"},"inLanguage":"fr-FR","potentialAction":[{"@type":"ReadAction","target":["https:\/\/peoplesphere.be\/fr\/la-27th-hrm-night-se-tiendra-le-mardi-12-avril-prochain-a-lautoworld-a-bruxelles\/"]}]},{"@type":"BreadcrumbList","@id":"https:\/\/peoplesphere.be\/fr\/la-27th-hrm-night-se-tiendra-le-mardi-12-avril-prochain-a-lautoworld-a-bruxelles\/#breadcrumb","itemListElement":[{"@type":"ListItem","position":1,"name":"Accueil","item":"https:\/\/peoplesphere.be\/fr\/"},{"@type":"ListItem","position":2,"name":"La 27th HRM Night se tiendra le mardi 12 avril prochain \u00e0 l\u2019Autoworld \u00e0 Bruxelles."}]},{"@type":"WebSite","@id":"https:\/\/peoplesphere.be\/fr\/#website","url":"https:\/\/peoplesphere.be\/fr\/","name":"Peoplesphere","description":"The People Managers Magazine","publisher":{"@id":"https:\/\/peoplesphere.be\/fr\/#organization"},"potentialAction":[{"@type":"SearchAction","target":{"@type":"EntryPoint","urlTemplate":"https:\/\/peoplesphere.be\/fr\/?s={search_term_string}"},"query-input":"required name=search_term_string"}],"inLanguage":"fr-FR"},{"@type":"Organization","@id":"https:\/\/peoplesphere.be\/fr\/#organization","name":"Peoplesphere Company srl","url":"https:\/\/peoplesphere.be\/fr\/","logo":{"@type":"ImageObject","inLanguage":"fr-FR","@id":"https:\/\/peoplesphere.be\/fr\/#\/schema\/logo\/image\/","url":"https:\/\/peoplesphere.be\/fr\/wp-content\/uploads\/2023\/07\/peoplesphere-lgo-new-generik.jpg","contentUrl":"https:\/\/peoplesphere.be\/fr\/wp-content\/uploads\/2023\/07\/peoplesphere-lgo-new-generik.jpg","width":1031,"height":1479,"caption":"Peoplesphere Company srl"},"image":{"@id":"https:\/\/peoplesphere.be\/fr\/#\/schema\/logo\/image\/"},"sameAs":["https:\/\/www.facebook.com\/peoplesphere","https:\/\/twitter.com\/PeoplesphereMag","https:\/\/www.linkedin.com\/company\/7587361?trk","http:\/\/youtube.com\/peoplesphere"]},{"@type":"Person","@id":"https:\/\/peoplesphere.be\/fr\/#\/schema\/person\/7976225ff17988604334abb7b3536a7e","name":"Jean-Paul Erhard","image":{"@type":"ImageObject","inLanguage":"fr-FR","@id":"https:\/\/peoplesphere.be\/fr\/#\/schema\/person\/image\/","url":"https:\/\/secure.gravatar.com\/avatar\/f941e681460179738071629a51574930?s=96&d=mm&r=g","contentUrl":"https:\/\/secure.gravatar.com\/avatar\/f941e681460179738071629a51574930?s=96&d=mm&r=g","caption":"Jean-Paul Erhard"},"url":"https:\/\/peoplesphere.be\/fr\/author\/jpe\/"}]}},"_links":{"self":[{"href":"https:\/\/peoplesphere.be\/fr\/wp-json\/wp\/v2\/posts\/2630"}],"collection":[{"href":"https:\/\/peoplesphere.be\/fr\/wp-json\/wp\/v2\/posts"}],"about":[{"href":"https:\/\/peoplesphere.be\/fr\/wp-json\/wp\/v2\/types\/post"}],"author":[{"embeddable":true,"href":"https:\/\/peoplesphere.be\/fr\/wp-json\/wp\/v2\/users\/2"}],"replies":[{"embeddable":true,"href":"https:\/\/peoplesphere.be\/fr\/wp-json\/wp\/v2\/comments?post=2630"}],"version-history":[{"count":2,"href":"https:\/\/peoplesphere.be\/fr\/wp-json\/wp\/v2\/posts\/2630\/revisions"}],"predecessor-version":[{"id":2632,"href":"https:\/\/peoplesphere.be\/fr\/wp-json\/wp\/v2\/posts\/2630\/revisions\/2632"}],"wp:attachment":[{"href":"https:\/\/peoplesphere.be\/fr\/wp-json\/wp\/v2\/media?parent=2630"}],"wp:term":[{"taxonomy":"category","embeddable":true,"href":"https:\/\/peoplesphere.be\/fr\/wp-json\/wp\/v2\/categories?post=2630"},{"taxonomy":"post_tag","embeddable":true,"href":"https:\/\/peoplesphere.be\/fr\/wp-json\/wp\/v2\/tags?post=2630"}],"curies":[{"name":"wp","href":"https:\/\/api.w.org\/{rel}","templated":true}]}}