









{"id":2643,"date":"2016-03-31T05:51:47","date_gmt":"2016-03-31T03:51:47","guid":{"rendered":"http:\/\/www.peoplesphere.be\/fr\/?p=2643"},"modified":"2016-03-31T05:53:37","modified_gmt":"2016-03-31T03:53:37","slug":"nouvelle-direction-rh-chez-proximus-jan-van-acoleyen-succedera-a-michel-georgis-en-mai-2016","status":"publish","type":"post","link":"https:\/\/peoplesphere.be\/fr\/nouvelle-direction-rh-chez-proximus-jan-van-acoleyen-succedera-a-michel-georgis-en-mai-2016\/","title":{"rendered":"Nouvelle direction RH chez Proximus: Jan Van Acoleyen succ\u00e8dera \u00e0 Michel Georgis en mai 2016."},"content":{"rendered":"<h1>Le Conseil d\u2019Administration de Proximus a d\u00e9cid\u00e9, sur proposition de l\u2019Administrateur D\u00e9l\u00e9gu\u00e9 soutenue par l\u2019ensemble du Comit\u00e9 Ex\u00e9cutif, de d\u00e9signer Jan Van Acoleyen en qualit\u00e9 de Chief HR Officer et membre du Comit\u00e9 Ex\u00e9cutif. Il rejoindra Proximus \u00e0 la mi-mai pour succ\u00e9der \u00e0 Michel Georgis, qui a d\u00e9cid\u00e9 de de prendre sa retraite.<!--more--><\/h1>\n<p>Titulaire d\u2019une ma\u00eetrise en sciences de l\u2019\u00e9ducation et d\u2019un Executive MBA, Jan Van Acoleyen occupe depuis plus de 28 ans des fonctions \u00e0 hautes responsabilit\u00e9s dans le domaine des ressources humaines. Durant sa carri\u00e8re, il a pu explorer en profondeur les diverses facettes des ressources humaines, essentiellement au niveau international, dans des soci\u00e9t\u00e9s sp\u00e9cialis\u00e9es en technologies de pointe telles qu\u2019Alcatel et Agfa-Gevaert. Il occupe actuellement le poste de Chief HR Officer chez Barco, une soci\u00e9t\u00e9 de technologie internationale qui con\u00e7oit et d\u00e9veloppe des produits de visualisation.<\/p>\n<p>Expert reconnu disposant d\u2019excellentes r\u00e9f\u00e9rences, Jan Van Acoleyen poss\u00e8de une connaissance approfondie des questions complexes li\u00e9es \u00e0 la gestion du capital humain. Il a principalement acquis son exp\u00e9rience lors de p\u00e9riodes de transformation organisationnelle et culturelle. Il aidera Proximus \u00e0 relever les d\u00e9fis et opportunit\u00e9s qui se pr\u00e9sentent \u00e0 elle, tout en lui apportant le soutien n\u00e9cessaire dans le cadre de la profonde transformation qu\u2019elle traverse. Son r\u00f4le en tant que Chief HR Officer et membre du Comit\u00e9 Ex\u00e9cutif sera d\u2019une importance cruciale.<\/p>\n<p><em>Source : Proximus<\/em><\/p>\n<p>Pour relire notre cover story consacr\u00e9e \u00e0 la strat\u00e9gie RH mise en place par Michel Georgis au sein du premier op\u00e9rateur t\u00e9l\u00e9com du pays (Peoplesphere n\u00b0198), cliquez ici :\u00a0<a href=\"http:\/\/www.peoplesphere.be\/fr\/psfr198\/\">http:\/\/www.peoplesphere.be\/fr\/psfr198\/<\/a><\/p>\n","protected":false},"excerpt":{"rendered":"<p>Le Conseil d\u2019Administration de Proximus a d\u00e9cid\u00e9, sur proposition de l\u2019Administrateur D\u00e9l\u00e9gu\u00e9 soutenue par l\u2019ensemble du Comit\u00e9 Ex\u00e9cutif, de d\u00e9signer Jan Van Acoleyen en qualit\u00e9 de Chief HR Officer et membre du Comit\u00e9 Ex\u00e9cutif. Il rejoindra Proximus \u00e0 la mi-mai [&hellip;]<\/p>\n","protected":false},"author":2,"featured_media":2645,"comment_status":"closed","ping_status":"open","sticky":false,"template":"","format":"standard","meta":[],"categories":[65,10],"tags":[695,104,658],"yoast_head":"<!-- This site is optimized with the Yoast SEO plugin v21.0 - https:\/\/yoast.com\/wordpress\/plugins\/seo\/ -->\n<title>Nouvelle direction RH chez Proximus: Jan Van Acoleyen succ\u00e8dera \u00e0 Michel Georgis en mai 2016. - Peoplesphere<\/title>\n<meta name=\"robots\" content=\"index, follow, max-snippet:-1, max-image-preview:large, max-video-preview:-1\" \/>\n<link rel=\"canonical\" href=\"https:\/\/peoplesphere.be\/fr\/nouvelle-direction-rh-chez-proximus-jan-van-acoleyen-succedera-a-michel-georgis-en-mai-2016\/\" \/>\n<meta property=\"og:locale\" content=\"fr_FR\" \/>\n<meta property=\"og:type\" content=\"article\" \/>\n<meta property=\"og:title\" content=\"Nouvelle direction RH chez Proximus: Jan Van Acoleyen succ\u00e8dera \u00e0 Michel Georgis en mai 2016. - Peoplesphere\" \/>\n<meta property=\"og:description\" content=\"Le Conseil d\u2019Administration de Proximus a d\u00e9cid\u00e9, sur proposition de l\u2019Administrateur D\u00e9l\u00e9gu\u00e9 soutenue par l\u2019ensemble du Comit\u00e9 Ex\u00e9cutif, de d\u00e9signer Jan Van Acoleyen en qualit\u00e9 de Chief HR Officer et membre du Comit\u00e9 Ex\u00e9cutif. Il rejoindra Proximus \u00e0 la mi-mai [&hellip;]\" \/>\n<meta property=\"og:url\" content=\"https:\/\/peoplesphere.be\/fr\/nouvelle-direction-rh-chez-proximus-jan-van-acoleyen-succedera-a-michel-georgis-en-mai-2016\/\" \/>\n<meta property=\"og:site_name\" content=\"Peoplesphere\" \/>\n<meta property=\"article:publisher\" content=\"https:\/\/www.facebook.com\/peoplesphere\" \/>\n<meta property=\"article:published_time\" content=\"2016-03-31T03:51:47+00:00\" \/>\n<meta property=\"article:modified_time\" content=\"2016-03-31T03:53:37+00:00\" \/>\n<meta property=\"og:image\" content=\"https:\/\/peoplesphere.be\/fr\/wp-content\/uploads\/2016\/03\/Jan-Van-Acoleyen.jpg\" \/>\n\t<meta property=\"og:image:width\" content=\"1200\" \/>\n\t<meta property=\"og:image:height\" content=\"800\" \/>\n\t<meta property=\"og:image:type\" content=\"image\/jpeg\" \/>\n<meta name=\"author\" content=\"Jean-Paul Erhard\" \/>\n<meta name=\"twitter:card\" content=\"summary_large_image\" \/>\n<meta name=\"twitter:creator\" content=\"@PeoplesphereMag\" \/>\n<meta name=\"twitter:site\" content=\"@PeoplesphereMag\" \/>\n<meta name=\"twitter:label1\" content=\"\u00c9crit par\" \/>\n\t<meta name=\"twitter:data1\" content=\"Jean-Paul Erhard\" \/>\n\t<meta name=\"twitter:label2\" content=\"Dur\u00e9e de lecture estim\u00e9e\" \/>\n\t<meta name=\"twitter:data2\" content=\"1 minute\" \/>\n<script type=\"application\/ld+json\" class=\"yoast-schema-graph\">{\"@context\":\"https:\/\/schema.org\",\"@graph\":[{\"@type\":\"Article\",\"@id\":\"https:\/\/peoplesphere.be\/fr\/nouvelle-direction-rh-chez-proximus-jan-van-acoleyen-succedera-a-michel-georgis-en-mai-2016\/#article\",\"isPartOf\":{\"@id\":\"https:\/\/peoplesphere.be\/fr\/nouvelle-direction-rh-chez-proximus-jan-van-acoleyen-succedera-a-michel-georgis-en-mai-2016\/\"},\"author\":{\"name\":\"Jean-Paul Erhard\",\"@id\":\"https:\/\/peoplesphere.be\/fr\/#\/schema\/person\/7976225ff17988604334abb7b3536a7e\"},\"headline\":\"Nouvelle direction RH chez Proximus: Jan Van Acoleyen succ\u00e8dera \u00e0 Michel Georgis en mai 2016.\",\"datePublished\":\"2016-03-31T03:51:47+00:00\",\"dateModified\":\"2016-03-31T03:53:37+00:00\",\"mainEntityOfPage\":{\"@id\":\"https:\/\/peoplesphere.be\/fr\/nouvelle-direction-rh-chez-proximus-jan-van-acoleyen-succedera-a-michel-georgis-en-mai-2016\/\"},\"wordCount\":309,\"publisher\":{\"@id\":\"https:\/\/peoplesphere.be\/fr\/#organization\"},\"keywords\":[\"chief HR officer\",\"nomination\",\"proximus\"],\"articleSection\":[\"Actualit\u00e9s\",\"Digital\"],\"inLanguage\":\"fr-FR\"},{\"@type\":\"WebPage\",\"@id\":\"https:\/\/peoplesphere.be\/fr\/nouvelle-direction-rh-chez-proximus-jan-van-acoleyen-succedera-a-michel-georgis-en-mai-2016\/\",\"url\":\"https:\/\/peoplesphere.be\/fr\/nouvelle-direction-rh-chez-proximus-jan-van-acoleyen-succedera-a-michel-georgis-en-mai-2016\/\",\"name\":\"Nouvelle direction RH chez Proximus: Jan Van Acoleyen succ\u00e8dera \u00e0 Michel Georgis en mai 2016. - Peoplesphere\",\"isPartOf\":{\"@id\":\"https:\/\/peoplesphere.be\/fr\/#website\"},\"datePublished\":\"2016-03-31T03:51:47+00:00\",\"dateModified\":\"2016-03-31T03:53:37+00:00\",\"breadcrumb\":{\"@id\":\"https:\/\/peoplesphere.be\/fr\/nouvelle-direction-rh-chez-proximus-jan-van-acoleyen-succedera-a-michel-georgis-en-mai-2016\/#breadcrumb\"},\"inLanguage\":\"fr-FR\",\"potentialAction\":[{\"@type\":\"ReadAction\",\"target\":[\"https:\/\/peoplesphere.be\/fr\/nouvelle-direction-rh-chez-proximus-jan-van-acoleyen-succedera-a-michel-georgis-en-mai-2016\/\"]}]},{\"@type\":\"BreadcrumbList\",\"@id\":\"https:\/\/peoplesphere.be\/fr\/nouvelle-direction-rh-chez-proximus-jan-van-acoleyen-succedera-a-michel-georgis-en-mai-2016\/#breadcrumb\",\"itemListElement\":[{\"@type\":\"ListItem\",\"position\":1,\"name\":\"Accueil\",\"item\":\"https:\/\/peoplesphere.be\/fr\/\"},{\"@type\":\"ListItem\",\"position\":2,\"name\":\"Nouvelle direction RH chez Proximus: Jan Van Acoleyen succ\u00e8dera \u00e0 Michel Georgis en mai 2016.\"}]},{\"@type\":\"WebSite\",\"@id\":\"https:\/\/peoplesphere.be\/fr\/#website\",\"url\":\"https:\/\/peoplesphere.be\/fr\/\",\"name\":\"Peoplesphere\",\"description\":\"The People Managers Magazine\",\"publisher\":{\"@id\":\"https:\/\/peoplesphere.be\/fr\/#organization\"},\"potentialAction\":[{\"@type\":\"SearchAction\",\"target\":{\"@type\":\"EntryPoint\",\"urlTemplate\":\"https:\/\/peoplesphere.be\/fr\/?s={search_term_string}\"},\"query-input\":\"required name=search_term_string\"}],\"inLanguage\":\"fr-FR\"},{\"@type\":\"Organization\",\"@id\":\"https:\/\/peoplesphere.be\/fr\/#organization\",\"name\":\"Peoplesphere Company srl\",\"url\":\"https:\/\/peoplesphere.be\/fr\/\",\"logo\":{\"@type\":\"ImageObject\",\"inLanguage\":\"fr-FR\",\"@id\":\"https:\/\/peoplesphere.be\/fr\/#\/schema\/logo\/image\/\",\"url\":\"https:\/\/peoplesphere.be\/fr\/wp-content\/uploads\/2023\/07\/peoplesphere-lgo-new-generik.jpg\",\"contentUrl\":\"https:\/\/peoplesphere.be\/fr\/wp-content\/uploads\/2023\/07\/peoplesphere-lgo-new-generik.jpg\",\"width\":1031,\"height\":1479,\"caption\":\"Peoplesphere Company srl\"},\"image\":{\"@id\":\"https:\/\/peoplesphere.be\/fr\/#\/schema\/logo\/image\/\"},\"sameAs\":[\"https:\/\/www.facebook.com\/peoplesphere\",\"https:\/\/twitter.com\/PeoplesphereMag\",\"https:\/\/www.linkedin.com\/company\/7587361?trk\",\"http:\/\/youtube.com\/peoplesphere\"]},{\"@type\":\"Person\",\"@id\":\"https:\/\/peoplesphere.be\/fr\/#\/schema\/person\/7976225ff17988604334abb7b3536a7e\",\"name\":\"Jean-Paul Erhard\",\"image\":{\"@type\":\"ImageObject\",\"inLanguage\":\"fr-FR\",\"@id\":\"https:\/\/peoplesphere.be\/fr\/#\/schema\/person\/image\/\",\"url\":\"https:\/\/secure.gravatar.com\/avatar\/f941e681460179738071629a51574930?s=96&d=mm&r=g\",\"contentUrl\":\"https:\/\/secure.gravatar.com\/avatar\/f941e681460179738071629a51574930?s=96&d=mm&r=g\",\"caption\":\"Jean-Paul Erhard\"},\"url\":\"https:\/\/peoplesphere.be\/fr\/author\/jpe\/\"}]}<\/script>\n<!-- \/ Yoast SEO plugin. -->","yoast_head_json":{"title":"Nouvelle direction RH chez Proximus: Jan Van Acoleyen succ\u00e8dera \u00e0 Michel Georgis en mai 2016. - Peoplesphere","robots":{"index":"index","follow":"follow","max-snippet":"max-snippet:-1","max-image-preview":"max-image-preview:large","max-video-preview":"max-video-preview:-1"},"canonical":"https:\/\/peoplesphere.be\/fr\/nouvelle-direction-rh-chez-proximus-jan-van-acoleyen-succedera-a-michel-georgis-en-mai-2016\/","og_locale":"fr_FR","og_type":"article","og_title":"Nouvelle direction RH chez Proximus: Jan Van Acoleyen succ\u00e8dera \u00e0 Michel Georgis en mai 2016. - Peoplesphere","og_description":"Le Conseil d\u2019Administration de Proximus a d\u00e9cid\u00e9, sur proposition de l\u2019Administrateur D\u00e9l\u00e9gu\u00e9 soutenue par l\u2019ensemble du Comit\u00e9 Ex\u00e9cutif, de d\u00e9signer Jan Van Acoleyen en qualit\u00e9 de Chief HR Officer et membre du Comit\u00e9 Ex\u00e9cutif. Il rejoindra Proximus \u00e0 la mi-mai [&hellip;]","og_url":"https:\/\/peoplesphere.be\/fr\/nouvelle-direction-rh-chez-proximus-jan-van-acoleyen-succedera-a-michel-georgis-en-mai-2016\/","og_site_name":"Peoplesphere","article_publisher":"https:\/\/www.facebook.com\/peoplesphere","article_published_time":"2016-03-31T03:51:47+00:00","article_modified_time":"2016-03-31T03:53:37+00:00","og_image":[{"width":1200,"height":800,"url":"https:\/\/peoplesphere.be\/fr\/wp-content\/uploads\/2016\/03\/Jan-Van-Acoleyen.jpg","type":"image\/jpeg"}],"author":"Jean-Paul Erhard","twitter_card":"summary_large_image","twitter_creator":"@PeoplesphereMag","twitter_site":"@PeoplesphereMag","twitter_misc":{"\u00c9crit par":"Jean-Paul Erhard","Dur\u00e9e de lecture estim\u00e9e":"1 minute"},"schema":{"@context":"https:\/\/schema.org","@graph":[{"@type":"Article","@id":"https:\/\/peoplesphere.be\/fr\/nouvelle-direction-rh-chez-proximus-jan-van-acoleyen-succedera-a-michel-georgis-en-mai-2016\/#article","isPartOf":{"@id":"https:\/\/peoplesphere.be\/fr\/nouvelle-direction-rh-chez-proximus-jan-van-acoleyen-succedera-a-michel-georgis-en-mai-2016\/"},"author":{"name":"Jean-Paul Erhard","@id":"https:\/\/peoplesphere.be\/fr\/#\/schema\/person\/7976225ff17988604334abb7b3536a7e"},"headline":"Nouvelle direction RH chez Proximus: Jan Van Acoleyen succ\u00e8dera \u00e0 Michel Georgis en mai 2016.","datePublished":"2016-03-31T03:51:47+00:00","dateModified":"2016-03-31T03:53:37+00:00","mainEntityOfPage":{"@id":"https:\/\/peoplesphere.be\/fr\/nouvelle-direction-rh-chez-proximus-jan-van-acoleyen-succedera-a-michel-georgis-en-mai-2016\/"},"wordCount":309,"publisher":{"@id":"https:\/\/peoplesphere.be\/fr\/#organization"},"keywords":["chief HR officer","nomination","proximus"],"articleSection":["Actualit\u00e9s","Digital"],"inLanguage":"fr-FR"},{"@type":"WebPage","@id":"https:\/\/peoplesphere.be\/fr\/nouvelle-direction-rh-chez-proximus-jan-van-acoleyen-succedera-a-michel-georgis-en-mai-2016\/","url":"https:\/\/peoplesphere.be\/fr\/nouvelle-direction-rh-chez-proximus-jan-van-acoleyen-succedera-a-michel-georgis-en-mai-2016\/","name":"Nouvelle direction RH chez Proximus: Jan Van Acoleyen succ\u00e8dera \u00e0 Michel Georgis en mai 2016. - Peoplesphere","isPartOf":{"@id":"https:\/\/peoplesphere.be\/fr\/#website"},"datePublished":"2016-03-31T03:51:47+00:00","dateModified":"2016-03-31T03:53:37+00:00","breadcrumb":{"@id":"https:\/\/peoplesphere.be\/fr\/nouvelle-direction-rh-chez-proximus-jan-van-acoleyen-succedera-a-michel-georgis-en-mai-2016\/#breadcrumb"},"inLanguage":"fr-FR","potentialAction":[{"@type":"ReadAction","target":["https:\/\/peoplesphere.be\/fr\/nouvelle-direction-rh-chez-proximus-jan-van-acoleyen-succedera-a-michel-georgis-en-mai-2016\/"]}]},{"@type":"BreadcrumbList","@id":"https:\/\/peoplesphere.be\/fr\/nouvelle-direction-rh-chez-proximus-jan-van-acoleyen-succedera-a-michel-georgis-en-mai-2016\/#breadcrumb","itemListElement":[{"@type":"ListItem","position":1,"name":"Accueil","item":"https:\/\/peoplesphere.be\/fr\/"},{"@type":"ListItem","position":2,"name":"Nouvelle direction RH chez Proximus: Jan Van Acoleyen succ\u00e8dera \u00e0 Michel Georgis en mai 2016."}]},{"@type":"WebSite","@id":"https:\/\/peoplesphere.be\/fr\/#website","url":"https:\/\/peoplesphere.be\/fr\/","name":"Peoplesphere","description":"The People Managers Magazine","publisher":{"@id":"https:\/\/peoplesphere.be\/fr\/#organization"},"potentialAction":[{"@type":"SearchAction","target":{"@type":"EntryPoint","urlTemplate":"https:\/\/peoplesphere.be\/fr\/?s={search_term_string}"},"query-input":"required name=search_term_string"}],"inLanguage":"fr-FR"},{"@type":"Organization","@id":"https:\/\/peoplesphere.be\/fr\/#organization","name":"Peoplesphere Company srl","url":"https:\/\/peoplesphere.be\/fr\/","logo":{"@type":"ImageObject","inLanguage":"fr-FR","@id":"https:\/\/peoplesphere.be\/fr\/#\/schema\/logo\/image\/","url":"https:\/\/peoplesphere.be\/fr\/wp-content\/uploads\/2023\/07\/peoplesphere-lgo-new-generik.jpg","contentUrl":"https:\/\/peoplesphere.be\/fr\/wp-content\/uploads\/2023\/07\/peoplesphere-lgo-new-generik.jpg","width":1031,"height":1479,"caption":"Peoplesphere Company srl"},"image":{"@id":"https:\/\/peoplesphere.be\/fr\/#\/schema\/logo\/image\/"},"sameAs":["https:\/\/www.facebook.com\/peoplesphere","https:\/\/twitter.com\/PeoplesphereMag","https:\/\/www.linkedin.com\/company\/7587361?trk","http:\/\/youtube.com\/peoplesphere"]},{"@type":"Person","@id":"https:\/\/peoplesphere.be\/fr\/#\/schema\/person\/7976225ff17988604334abb7b3536a7e","name":"Jean-Paul Erhard","image":{"@type":"ImageObject","inLanguage":"fr-FR","@id":"https:\/\/peoplesphere.be\/fr\/#\/schema\/person\/image\/","url":"https:\/\/secure.gravatar.com\/avatar\/f941e681460179738071629a51574930?s=96&d=mm&r=g","contentUrl":"https:\/\/secure.gravatar.com\/avatar\/f941e681460179738071629a51574930?s=96&d=mm&r=g","caption":"Jean-Paul Erhard"},"url":"https:\/\/peoplesphere.be\/fr\/author\/jpe\/"}]}},"_links":{"self":[{"href":"https:\/\/peoplesphere.be\/fr\/wp-json\/wp\/v2\/posts\/2643"}],"collection":[{"href":"https:\/\/peoplesphere.be\/fr\/wp-json\/wp\/v2\/posts"}],"about":[{"href":"https:\/\/peoplesphere.be\/fr\/wp-json\/wp\/v2\/types\/post"}],"author":[{"embeddable":true,"href":"https:\/\/peoplesphere.be\/fr\/wp-json\/wp\/v2\/users\/2"}],"replies":[{"embeddable":true,"href":"https:\/\/peoplesphere.be\/fr\/wp-json\/wp\/v2\/comments?post=2643"}],"version-history":[{"count":1,"href":"https:\/\/peoplesphere.be\/fr\/wp-json\/wp\/v2\/posts\/2643\/revisions"}],"predecessor-version":[{"id":2644,"href":"https:\/\/peoplesphere.be\/fr\/wp-json\/wp\/v2\/posts\/2643\/revisions\/2644"}],"wp:featuredmedia":[{"embeddable":true,"href":"https:\/\/peoplesphere.be\/fr\/wp-json\/wp\/v2\/media\/2645"}],"wp:attachment":[{"href":"https:\/\/peoplesphere.be\/fr\/wp-json\/wp\/v2\/media?parent=2643"}],"wp:term":[{"taxonomy":"category","embeddable":true,"href":"https:\/\/peoplesphere.be\/fr\/wp-json\/wp\/v2\/categories?post=2643"},{"taxonomy":"post_tag","embeddable":true,"href":"https:\/\/peoplesphere.be\/fr\/wp-json\/wp\/v2\/tags?post=2643"}],"curies":[{"name":"wp","href":"https:\/\/api.w.org\/{rel}","templated":true}]}}