









{"id":273,"date":"2014-09-11T16:41:11","date_gmt":"2014-09-11T14:41:11","guid":{"rendered":"http:\/\/www.peoplesphere.be\/wp\/?p=273"},"modified":"2014-10-03T16:43:41","modified_gmt":"2014-10-03T14:43:41","slug":"il-ne-faut-pas-toujours-de-bons-yeux-pour-faire-du-bon-travail","status":"publish","type":"post","link":"https:\/\/peoplesphere.be\/fr\/il-ne-faut-pas-toujours-de-bons-yeux-pour-faire-du-bon-travail\/","title":{"rendered":"Il ne faut pas toujours de bons yeux pour faire du bon travail\u00a0!"},"content":{"rendered":"<div class=\"chapeau\">Travailler, gagner sa vie et \u00eatre ainsi inclus pleinement dans la soci\u00e9t\u00e9, voil\u00e0 un droit auquel tout le monde doit pouvoir pr\u00e9tendre, y compris les personnes aveugles et malvoyantes ! Du 12 au 30 septembre, la Ligue Braille fait campagne pour passer le message au plus grand nombre.<!--more--><\/div>\n<p>Le slogan de la Semaine de la Ligue Braille est clair : \u00ab Il ne faut pas toujours de bons yeux pour faire du bon travail. \u00bb. Pour de nombreux m\u00e9tiers, les personnes d\u00e9ficientes visuelles disposent des m\u00eames comp\u00e9tences que les personnes voyantes. Pourtant, pr\u00e9jug\u00e9s et autres pi\u00e8ges l\u00e9gislatifs mettent \u00e0 mal leurs chances de trouver un travail. La Ligue Braille a donc d\u00e9cid\u00e9 de sensibiliser chacun d&rsquo;entre nous sur cette th\u00e9matique.<\/p>\n<h2>Promouvoir l&#8217;emploi des personnes aveugles et malvoyantes: tout un programme!<\/h2>\n<p>La campagne de la Ligue Braille se d\u00e9cline sous diverses formes.<br \/>\nUn spot TV \u2013 diffus\u00e9 sur La Une, La Deux, E\u00e9n et Canvas \u2013 ainsi que des affiches \u2013 plac\u00e9es dans le m\u00e9tro bruxellois et dans les locaux des communes, ophtalmologues, f\u00e9d\u00e9rations d&#8217;employeurs, acteurs de l&#8217;emploi, etc. de tout le pays \u2013 interpelleront le grand public.<\/p>\n<p>Pour encourager tant les personnes d\u00e9ficientes visuelles \u00e0 chercher un emploi que les employeurs \u00e0 les engager, la Ligue Braille a confectionn\u00e9 une brochure \u00e0 double entr\u00e9e visant \u00e0 r\u00e9pondre \u00e0 leurs questions. Bien entendu, la Ligue Braille ira aussi \u00e0 leur rencontre. Le salon Talentum \u2013 Li\u00e8ge, 17 septembre \u2013 et une soir\u00e9e organis\u00e9e en collaboration avec le VOKA \u2013 Anvers, 16 septembre \u2013 permettront de toucher de nombreux employeurs. Quant aux personnes aveugles et malvoyantes \u00e0 la recherche d&rsquo;un emploi, une matin\u00e9e d&rsquo;information leur a \u00e9t\u00e9 sp\u00e9cialement consacr\u00e9e le 30 septembre \u00e0 Bruxelles.<br \/>\nSur le site web de la campagne : <a href=\"http:\/\/www.semaineliguebraille.be\" target=\"_blank\">www.semaineliguebraille.be<\/a>, chacun pourra visionner des vid\u00e9os pour comprendre comment une personne aveugle ou malvoyante travaille, d\u00e9couvrir le making-of du spot dont la musique a \u00e9t\u00e9 con\u00e7ue par Soldout \u00e0 partir des sons de bureaux et consulter des CV de chercheurs d&#8217;emploi aveugles et malvoyants.<\/p>\n<p>Enfin, en vue de faire \u00e9voluer notre soci\u00e9t\u00e9 vers plus d&rsquo;ouverture et de reconnaissance des comp\u00e9tences de chacun, des revendications seront adress\u00e9es aux responsables politiques.<\/p>\n<h2>Formations et coaching pour personnes d\u00e9ficientes visuelles<\/h2>\n<p>L&rsquo;objectif de la Ligue Braille est de permettre aux personnes aveugles et malvoyantes d&rsquo;\u00eatre les plus autonomes possible et de participer activement \u00e0 la vie en soci\u00e9t\u00e9. Ceci passe notamment par l&rsquo;exercice d&rsquo;une profession et l&rsquo;obtention d&rsquo;un salaire. Ainsi, le Centre de formation professionnelle et le Service d&rsquo;insertion professionnelle de la Ligue Braille forment et coachent les personnes d\u00e9ficientes visuelles pour faciliter leur entr\u00e9e sur le march\u00e9 de l&#8217;emploi. \u00c0 travers sa campagne, la Ligue Braille invite donc toutes les personnes handicap\u00e9s visuelles \u00e0 la recherche d&rsquo;un job \u00e0 se tourner vers ces deux services qui leur feront gagner du temps et leur \u00e9viteront bien des obstacles !<\/p>\n<h2>Convaincre les employeurs<\/h2>\n<p>Pour motiver les employeurs \u00e0 engager des personnes d\u00e9ficientes visuelles, la Semaine de la Ligue mettra l&rsquo;accent sur une s\u00e9rie d&rsquo;avantages : diversit\u00e9 au sein des travailleurs, image sociale et positive de l&rsquo;entreprise, diminution de la charge salariale gr\u00e2ce au soutien financier octroy\u00e9 par les fonds d&rsquo;aide aux personnes handicap\u00e9es, etc. Les employeurs n&rsquo;ont m\u00eame pas de souci \u00e0 se faire pour les d\u00e9marches \u00e0 entreprendre, la Ligue Braille s&rsquo;en occupe ! Elle pr\u00e9pare \u00e9galement la personne d\u00e9ficiente visuelle \u00e0 son nouveau poste, d\u00e9finit quel mat\u00e9riel adapt\u00e9 lui permettra d&rsquo;\u00eatre tout aussi efficace que les autres collaborateurs et entreprend les d\u00e9marches pratiques pour l&rsquo;obtenir, le financer et l&rsquo;installer. La sensibilisation du personnel est \u00e9galement un incontournable dans la r\u00e9ussite d&rsquo;une mise \u00e0 l&#8217;emploi. C&rsquo;est ce qui se d\u00e9roulera au Port de Bruxelles le 23 septembre. Une trentaine d&#8217;employ\u00e9s seront immerg\u00e9s dans le monde des personnes handicap\u00e9es visuelles afin de mieux comprendre leur univers. <\/p>\n<h2>Quelques chiffres<\/h2>\n<p>En Belgique, il n&rsquo;existe pas de statistiques pr\u00e9cises concernant les personnes handicap\u00e9es. En recoupant plusieurs sources, il est toutefois possible de d\u00e9gager certains chiffres-cl\u00e9s.<\/p>\n<h2>Nombre de personnes d\u00e9ficientes visuelles en Belgique:<\/h2>\n<p>Le taux de personnes aveugles ou gravement malvoyantes dans les pays occidentaux serait de 1,4 pour 1000. Chez nous, cela revient donc \u00e0 15 000 personnes.<\/p>\n<h2>Taux d&#8217;emploi et de ch\u00f4mage des personnes handicap\u00e9es (chiffres 2011):<\/h2>\n<p>Nombre de personnes handicap\u00e9es occup\u00e9es par rapport \u00e0 l\u2019ensemble de celles en \u00e2ge de travailler : 34,6 %, contre 66,5 % pour la population sans handicap.<\/p>\n<p>Nombre de ch\u00f4meurs par rapport \u00e0 l\u2019ensemble des personnes handicap\u00e9es pr\u00e9sentes sur le march\u00e9 de l\u2019emploi : 13,7 %, contre 6,6 % pour les ch\u00f4meurs sans handicap.<\/p>\n<h2>Fonction publique:<\/h2>\n<p>Toutes les administrations publiques sont tenues de recruter un certain quota de personnes handicap\u00e9es (de 2,5 % \u00e0 5 % de leur effectif, selon le service public). Dans les services publics f\u00e9d\u00e9raux, l&rsquo;objectif a \u00e9t\u00e9 fix\u00e9 \u00e0 3%. Malgr\u00e9 une progression chaque ann\u00e9e, ce taux ne s&rsquo;\u00e9levait en 2013 qu&rsquo;\u00e0 1,57 %.<\/p>\n<h2>L&rsquo;action de la Ligue Braille:<\/h2>\n<p>Entre 2008 \u00e0 2013, la Ligue Braille a accompagn\u00e9 chaque ann\u00e9e en moyenne 217 personnes en situation de handicap visuel dans leur projet professionnel. Gr\u00e2ce \u00e0 cette aide, en six ans, 362 personnes aveugles ou malvoyantes ont \u00e9t\u00e9 engag\u00e9es ou maintenues dans l&#8217;emploi.<\/p>\n<p><em>Cette campagne est rendue possible gr\u00e2ce au soutien de la Loterie Nationale et de Kluwer.<\/em><\/p>\n","protected":false},"excerpt":{"rendered":"<p>Travailler, gagner sa vie et \u00eatre ainsi inclus pleinement dans la soci\u00e9t\u00e9, voil\u00e0 un droit auquel tout le monde doit pouvoir pr\u00e9tendre, y compris les personnes aveugles et malvoyantes ! Du 12 au 30 septembre, la Ligue Braille fait campagne [&hellip;]<\/p>\n","protected":false},"author":1,"featured_media":0,"comment_status":"closed","ping_status":"open","sticky":false,"template":"","format":"standard","meta":[],"categories":[65],"tags":[],"yoast_head":"<!-- This site is optimized with the Yoast SEO plugin v21.0 - https:\/\/yoast.com\/wordpress\/plugins\/seo\/ -->\n<title>Il ne faut pas toujours de bons yeux pour faire du bon travail\u00a0! - Peoplesphere<\/title>\n<meta name=\"robots\" content=\"index, follow, max-snippet:-1, max-image-preview:large, max-video-preview:-1\" \/>\n<link rel=\"canonical\" href=\"https:\/\/peoplesphere.be\/fr\/il-ne-faut-pas-toujours-de-bons-yeux-pour-faire-du-bon-travail\/\" \/>\n<meta property=\"og:locale\" content=\"fr_FR\" \/>\n<meta property=\"og:type\" content=\"article\" \/>\n<meta property=\"og:title\" content=\"Il ne faut pas toujours de bons yeux pour faire du bon travail\u00a0! - Peoplesphere\" \/>\n<meta property=\"og:description\" content=\"Travailler, gagner sa vie et \u00eatre ainsi inclus pleinement dans la soci\u00e9t\u00e9, voil\u00e0 un droit auquel tout le monde doit pouvoir pr\u00e9tendre, y compris les personnes aveugles et malvoyantes ! Du 12 au 30 septembre, la Ligue Braille fait campagne [&hellip;]\" \/>\n<meta property=\"og:url\" content=\"https:\/\/peoplesphere.be\/fr\/il-ne-faut-pas-toujours-de-bons-yeux-pour-faire-du-bon-travail\/\" \/>\n<meta property=\"og:site_name\" content=\"Peoplesphere\" \/>\n<meta property=\"article:publisher\" content=\"https:\/\/www.facebook.com\/peoplesphere\" \/>\n<meta property=\"article:published_time\" content=\"2014-09-11T14:41:11+00:00\" \/>\n<meta property=\"article:modified_time\" content=\"2014-10-03T14:43:41+00:00\" \/>\n<meta property=\"og:image\" content=\"http:\/\/www.peoplesphere.be\/fr\/wp-content\/uploads\/2016\/07\/facebook-default-posting-1200x628px.jpg\" \/>\n<meta name=\"author\" content=\"admin\" \/>\n<meta name=\"twitter:card\" content=\"summary_large_image\" \/>\n<meta name=\"twitter:creator\" content=\"@PeoplesphereMag\" \/>\n<meta name=\"twitter:site\" content=\"@PeoplesphereMag\" \/>\n<meta name=\"twitter:label1\" content=\"\u00c9crit par\" \/>\n\t<meta name=\"twitter:data1\" content=\"admin\" \/>\n\t<meta name=\"twitter:label2\" content=\"Dur\u00e9e de lecture estim\u00e9e\" \/>\n\t<meta name=\"twitter:data2\" content=\"4 minutes\" \/>\n<script type=\"application\/ld+json\" class=\"yoast-schema-graph\">{\"@context\":\"https:\/\/schema.org\",\"@graph\":[{\"@type\":\"Article\",\"@id\":\"https:\/\/peoplesphere.be\/fr\/il-ne-faut-pas-toujours-de-bons-yeux-pour-faire-du-bon-travail\/#article\",\"isPartOf\":{\"@id\":\"https:\/\/peoplesphere.be\/fr\/il-ne-faut-pas-toujours-de-bons-yeux-pour-faire-du-bon-travail\/\"},\"author\":{\"name\":\"admin\",\"@id\":\"https:\/\/peoplesphere.be\/fr\/#\/schema\/person\/31e983479d7c6c2adc52372e64a85ae6\"},\"headline\":\"Il ne faut pas toujours de bons yeux pour faire du bon travail\u00a0!\",\"datePublished\":\"2014-09-11T14:41:11+00:00\",\"dateModified\":\"2014-10-03T14:43:41+00:00\",\"mainEntityOfPage\":{\"@id\":\"https:\/\/peoplesphere.be\/fr\/il-ne-faut-pas-toujours-de-bons-yeux-pour-faire-du-bon-travail\/\"},\"wordCount\":890,\"publisher\":{\"@id\":\"https:\/\/peoplesphere.be\/fr\/#organization\"},\"articleSection\":[\"Actualit\u00e9s\"],\"inLanguage\":\"fr-FR\"},{\"@type\":\"WebPage\",\"@id\":\"https:\/\/peoplesphere.be\/fr\/il-ne-faut-pas-toujours-de-bons-yeux-pour-faire-du-bon-travail\/\",\"url\":\"https:\/\/peoplesphere.be\/fr\/il-ne-faut-pas-toujours-de-bons-yeux-pour-faire-du-bon-travail\/\",\"name\":\"Il ne faut pas toujours de bons yeux pour faire du bon travail\u00a0! - Peoplesphere\",\"isPartOf\":{\"@id\":\"https:\/\/peoplesphere.be\/fr\/#website\"},\"datePublished\":\"2014-09-11T14:41:11+00:00\",\"dateModified\":\"2014-10-03T14:43:41+00:00\",\"breadcrumb\":{\"@id\":\"https:\/\/peoplesphere.be\/fr\/il-ne-faut-pas-toujours-de-bons-yeux-pour-faire-du-bon-travail\/#breadcrumb\"},\"inLanguage\":\"fr-FR\",\"potentialAction\":[{\"@type\":\"ReadAction\",\"target\":[\"https:\/\/peoplesphere.be\/fr\/il-ne-faut-pas-toujours-de-bons-yeux-pour-faire-du-bon-travail\/\"]}]},{\"@type\":\"BreadcrumbList\",\"@id\":\"https:\/\/peoplesphere.be\/fr\/il-ne-faut-pas-toujours-de-bons-yeux-pour-faire-du-bon-travail\/#breadcrumb\",\"itemListElement\":[{\"@type\":\"ListItem\",\"position\":1,\"name\":\"Accueil\",\"item\":\"https:\/\/peoplesphere.be\/fr\/\"},{\"@type\":\"ListItem\",\"position\":2,\"name\":\"Il ne faut pas toujours de bons yeux pour faire du bon travail\u00a0!\"}]},{\"@type\":\"WebSite\",\"@id\":\"https:\/\/peoplesphere.be\/fr\/#website\",\"url\":\"https:\/\/peoplesphere.be\/fr\/\",\"name\":\"Peoplesphere\",\"description\":\"The People Managers Magazine\",\"publisher\":{\"@id\":\"https:\/\/peoplesphere.be\/fr\/#organization\"},\"potentialAction\":[{\"@type\":\"SearchAction\",\"target\":{\"@type\":\"EntryPoint\",\"urlTemplate\":\"https:\/\/peoplesphere.be\/fr\/?s={search_term_string}\"},\"query-input\":\"required name=search_term_string\"}],\"inLanguage\":\"fr-FR\"},{\"@type\":\"Organization\",\"@id\":\"https:\/\/peoplesphere.be\/fr\/#organization\",\"name\":\"Peoplesphere Company srl\",\"url\":\"https:\/\/peoplesphere.be\/fr\/\",\"logo\":{\"@type\":\"ImageObject\",\"inLanguage\":\"fr-FR\",\"@id\":\"https:\/\/peoplesphere.be\/fr\/#\/schema\/logo\/image\/\",\"url\":\"https:\/\/peoplesphere.be\/fr\/wp-content\/uploads\/2023\/07\/peoplesphere-lgo-new-generik.jpg\",\"contentUrl\":\"https:\/\/peoplesphere.be\/fr\/wp-content\/uploads\/2023\/07\/peoplesphere-lgo-new-generik.jpg\",\"width\":1031,\"height\":1479,\"caption\":\"Peoplesphere Company srl\"},\"image\":{\"@id\":\"https:\/\/peoplesphere.be\/fr\/#\/schema\/logo\/image\/\"},\"sameAs\":[\"https:\/\/www.facebook.com\/peoplesphere\",\"https:\/\/twitter.com\/PeoplesphereMag\",\"https:\/\/www.linkedin.com\/company\/7587361?trk\",\"http:\/\/youtube.com\/peoplesphere\"]},{\"@type\":\"Person\",\"@id\":\"https:\/\/peoplesphere.be\/fr\/#\/schema\/person\/31e983479d7c6c2adc52372e64a85ae6\",\"name\":\"admin\",\"image\":{\"@type\":\"ImageObject\",\"inLanguage\":\"fr-FR\",\"@id\":\"https:\/\/peoplesphere.be\/fr\/#\/schema\/person\/image\/\",\"url\":\"https:\/\/secure.gravatar.com\/avatar\/d20f4a44ec8508c3a90cb5021a329512?s=96&d=mm&r=g\",\"contentUrl\":\"https:\/\/secure.gravatar.com\/avatar\/d20f4a44ec8508c3a90cb5021a329512?s=96&d=mm&r=g\",\"caption\":\"admin\"},\"url\":\"https:\/\/peoplesphere.be\/fr\/author\/admin\/\"}]}<\/script>\n<!-- \/ Yoast SEO plugin. -->","yoast_head_json":{"title":"Il ne faut pas toujours de bons yeux pour faire du bon travail\u00a0! - Peoplesphere","robots":{"index":"index","follow":"follow","max-snippet":"max-snippet:-1","max-image-preview":"max-image-preview:large","max-video-preview":"max-video-preview:-1"},"canonical":"https:\/\/peoplesphere.be\/fr\/il-ne-faut-pas-toujours-de-bons-yeux-pour-faire-du-bon-travail\/","og_locale":"fr_FR","og_type":"article","og_title":"Il ne faut pas toujours de bons yeux pour faire du bon travail\u00a0! - Peoplesphere","og_description":"Travailler, gagner sa vie et \u00eatre ainsi inclus pleinement dans la soci\u00e9t\u00e9, voil\u00e0 un droit auquel tout le monde doit pouvoir pr\u00e9tendre, y compris les personnes aveugles et malvoyantes ! Du 12 au 30 septembre, la Ligue Braille fait campagne [&hellip;]","og_url":"https:\/\/peoplesphere.be\/fr\/il-ne-faut-pas-toujours-de-bons-yeux-pour-faire-du-bon-travail\/","og_site_name":"Peoplesphere","article_publisher":"https:\/\/www.facebook.com\/peoplesphere","article_published_time":"2014-09-11T14:41:11+00:00","article_modified_time":"2014-10-03T14:43:41+00:00","og_image":[{"url":"http:\/\/www.peoplesphere.be\/fr\/wp-content\/uploads\/2016\/07\/facebook-default-posting-1200x628px.jpg"}],"author":"admin","twitter_card":"summary_large_image","twitter_creator":"@PeoplesphereMag","twitter_site":"@PeoplesphereMag","twitter_misc":{"\u00c9crit par":"admin","Dur\u00e9e de lecture estim\u00e9e":"4 minutes"},"schema":{"@context":"https:\/\/schema.org","@graph":[{"@type":"Article","@id":"https:\/\/peoplesphere.be\/fr\/il-ne-faut-pas-toujours-de-bons-yeux-pour-faire-du-bon-travail\/#article","isPartOf":{"@id":"https:\/\/peoplesphere.be\/fr\/il-ne-faut-pas-toujours-de-bons-yeux-pour-faire-du-bon-travail\/"},"author":{"name":"admin","@id":"https:\/\/peoplesphere.be\/fr\/#\/schema\/person\/31e983479d7c6c2adc52372e64a85ae6"},"headline":"Il ne faut pas toujours de bons yeux pour faire du bon travail\u00a0!","datePublished":"2014-09-11T14:41:11+00:00","dateModified":"2014-10-03T14:43:41+00:00","mainEntityOfPage":{"@id":"https:\/\/peoplesphere.be\/fr\/il-ne-faut-pas-toujours-de-bons-yeux-pour-faire-du-bon-travail\/"},"wordCount":890,"publisher":{"@id":"https:\/\/peoplesphere.be\/fr\/#organization"},"articleSection":["Actualit\u00e9s"],"inLanguage":"fr-FR"},{"@type":"WebPage","@id":"https:\/\/peoplesphere.be\/fr\/il-ne-faut-pas-toujours-de-bons-yeux-pour-faire-du-bon-travail\/","url":"https:\/\/peoplesphere.be\/fr\/il-ne-faut-pas-toujours-de-bons-yeux-pour-faire-du-bon-travail\/","name":"Il ne faut pas toujours de bons yeux pour faire du bon travail\u00a0! - Peoplesphere","isPartOf":{"@id":"https:\/\/peoplesphere.be\/fr\/#website"},"datePublished":"2014-09-11T14:41:11+00:00","dateModified":"2014-10-03T14:43:41+00:00","breadcrumb":{"@id":"https:\/\/peoplesphere.be\/fr\/il-ne-faut-pas-toujours-de-bons-yeux-pour-faire-du-bon-travail\/#breadcrumb"},"inLanguage":"fr-FR","potentialAction":[{"@type":"ReadAction","target":["https:\/\/peoplesphere.be\/fr\/il-ne-faut-pas-toujours-de-bons-yeux-pour-faire-du-bon-travail\/"]}]},{"@type":"BreadcrumbList","@id":"https:\/\/peoplesphere.be\/fr\/il-ne-faut-pas-toujours-de-bons-yeux-pour-faire-du-bon-travail\/#breadcrumb","itemListElement":[{"@type":"ListItem","position":1,"name":"Accueil","item":"https:\/\/peoplesphere.be\/fr\/"},{"@type":"ListItem","position":2,"name":"Il ne faut pas toujours de bons yeux pour faire du bon travail\u00a0!"}]},{"@type":"WebSite","@id":"https:\/\/peoplesphere.be\/fr\/#website","url":"https:\/\/peoplesphere.be\/fr\/","name":"Peoplesphere","description":"The People Managers Magazine","publisher":{"@id":"https:\/\/peoplesphere.be\/fr\/#organization"},"potentialAction":[{"@type":"SearchAction","target":{"@type":"EntryPoint","urlTemplate":"https:\/\/peoplesphere.be\/fr\/?s={search_term_string}"},"query-input":"required name=search_term_string"}],"inLanguage":"fr-FR"},{"@type":"Organization","@id":"https:\/\/peoplesphere.be\/fr\/#organization","name":"Peoplesphere Company srl","url":"https:\/\/peoplesphere.be\/fr\/","logo":{"@type":"ImageObject","inLanguage":"fr-FR","@id":"https:\/\/peoplesphere.be\/fr\/#\/schema\/logo\/image\/","url":"https:\/\/peoplesphere.be\/fr\/wp-content\/uploads\/2023\/07\/peoplesphere-lgo-new-generik.jpg","contentUrl":"https:\/\/peoplesphere.be\/fr\/wp-content\/uploads\/2023\/07\/peoplesphere-lgo-new-generik.jpg","width":1031,"height":1479,"caption":"Peoplesphere Company srl"},"image":{"@id":"https:\/\/peoplesphere.be\/fr\/#\/schema\/logo\/image\/"},"sameAs":["https:\/\/www.facebook.com\/peoplesphere","https:\/\/twitter.com\/PeoplesphereMag","https:\/\/www.linkedin.com\/company\/7587361?trk","http:\/\/youtube.com\/peoplesphere"]},{"@type":"Person","@id":"https:\/\/peoplesphere.be\/fr\/#\/schema\/person\/31e983479d7c6c2adc52372e64a85ae6","name":"admin","image":{"@type":"ImageObject","inLanguage":"fr-FR","@id":"https:\/\/peoplesphere.be\/fr\/#\/schema\/person\/image\/","url":"https:\/\/secure.gravatar.com\/avatar\/d20f4a44ec8508c3a90cb5021a329512?s=96&d=mm&r=g","contentUrl":"https:\/\/secure.gravatar.com\/avatar\/d20f4a44ec8508c3a90cb5021a329512?s=96&d=mm&r=g","caption":"admin"},"url":"https:\/\/peoplesphere.be\/fr\/author\/admin\/"}]}},"_links":{"self":[{"href":"https:\/\/peoplesphere.be\/fr\/wp-json\/wp\/v2\/posts\/273"}],"collection":[{"href":"https:\/\/peoplesphere.be\/fr\/wp-json\/wp\/v2\/posts"}],"about":[{"href":"https:\/\/peoplesphere.be\/fr\/wp-json\/wp\/v2\/types\/post"}],"author":[{"embeddable":true,"href":"https:\/\/peoplesphere.be\/fr\/wp-json\/wp\/v2\/users\/1"}],"replies":[{"embeddable":true,"href":"https:\/\/peoplesphere.be\/fr\/wp-json\/wp\/v2\/comments?post=273"}],"version-history":[{"count":1,"href":"https:\/\/peoplesphere.be\/fr\/wp-json\/wp\/v2\/posts\/273\/revisions"}],"predecessor-version":[{"id":274,"href":"https:\/\/peoplesphere.be\/fr\/wp-json\/wp\/v2\/posts\/273\/revisions\/274"}],"wp:attachment":[{"href":"https:\/\/peoplesphere.be\/fr\/wp-json\/wp\/v2\/media?parent=273"}],"wp:term":[{"taxonomy":"category","embeddable":true,"href":"https:\/\/peoplesphere.be\/fr\/wp-json\/wp\/v2\/categories?post=273"},{"taxonomy":"post_tag","embeddable":true,"href":"https:\/\/peoplesphere.be\/fr\/wp-json\/wp\/v2\/tags?post=273"}],"curies":[{"name":"wp","href":"https:\/\/api.w.org\/{rel}","templated":true}]}}