









{"id":2783,"date":"2016-04-27T14:50:59","date_gmt":"2016-04-27T12:50:59","guid":{"rendered":"http:\/\/www.peoplesphere.be\/fr\/?p=2783"},"modified":"2016-04-27T14:50:59","modified_gmt":"2016-04-27T12:50:59","slug":"les-acteurs-de-leconomie-circulaire-narrivent-pas-a-recruter-et-pointent-le-probleme-de-lattitude","status":"publish","type":"post","link":"https:\/\/peoplesphere.be\/fr\/les-acteurs-de-leconomie-circulaire-narrivent-pas-a-recruter-et-pointent-le-probleme-de-lattitude\/","title":{"rendered":"Les acteurs de l&rsquo;\u00e9conomie circulaire n&rsquo;arrivent pas \u00e0 recruter et pointent le probl\u00e8me de l&rsquo;attitude."},"content":{"rendered":"<h1>L\u2019asbl FEGE, la f\u00e9d\u00e9ration des entreprises actives dans l\u2019\u00e9conomie circulaire, a r\u00e9cemment r\u00e9alis\u00e9 une enqu\u00eate de conjoncture parmi les administrateurs de la f\u00e9d\u00e9ration. Conclusion: un grand sens de l\u2019investissement, mais une situation \u00e9conomique qui reste pr\u00e9caire.<!--more--><\/h1>\n<p>Le secteur mise sur l\u2019investissement, l&rsquo;innovation et l&rsquo;extension de ses activit\u00e9s&#8230; c\u2019est ce qui ressort de l\u2019enqu\u00eate de conjoncture de la FEGE. D\u2019une part, dans l\u2019extension des activit\u00e9s, de par l\u2019achat de nouveaux v\u00e9hicules par exemple, ou encore de capacit\u00e9s de traitement suppl\u00e9mentaires pour le recyclage des d\u00e9chets. D\u2019autre part, des moyens additionnels sont \u00e9galement inject\u00e9s dans des projets de recherche et d\u00e9veloppement priv\u00e9s. Werner Annaert, Directeur G\u00e9n\u00e9ral de la FEGE: <em>\u201cDans l\u2019\u00e9conomie circulaire, l\u2019objectif est de cr\u00e9er une plus-value maximale au d\u00e9part de d\u00e9chets. Le tout est donc de poursuivre les d\u00e9veloppements sur le plan technologique et de d\u00e9couvrir de nouvelles possibilit\u00e9s d\u2019utilisation des mati\u00e8res recycl\u00e9es.\u201d<\/em><\/p>\n<p><strong><em>Des postes vacants toujours libres<\/em><\/strong><br \/>\nLes nouveaux investissements ne vont pas directement r\u00e9sulter en du personnel suppl\u00e9mentaire. D\u2019apr\u00e8s les pr\u00e9visions, l\u2019effectif de personnel dans le secteur (8000 pers. environ actuellement) ne devrait pas conna\u00eetre de changements drastiques au cours des prochains mois. Par ailleurs, le secteur rencontre souvent des difficult\u00e9s \u00e0 remplir des postes vacants. Werner Annaert: <em>\u201cNous demeurons un secteur employant de nombreux travailleurs faiblement qualifi\u00e9s. Mais trouver des collaborateurs dot\u00e9s d\u2019une bonne attitude \u00e0 l\u2019\u00e9gard du travail n\u2019est pas une sin\u00e9cure.\u201d<\/em><\/p>\n<p><strong><em>Les nouvelles initiatives l\u00e9gislatives entravent le bon fonctionnement du secteur<\/em><\/strong><br \/>\nAu cours des six derniers mois, de nouvelles dispositions l\u00e9gales ont vu le jour en Belgique, compliquant la vie des entreprises actives dans l\u2019\u00e9conomie circulaire. La nouvelle taxe kilom\u00e9trique, par exemple, a entrain\u00e9 une hausse des co\u00fbts essentiellement de la collecte s\u00e9lective des d\u00e9chets.<\/p>\n<p><em><strong>Collecte des terres pollu\u00e9es: pas la moindre am\u00e9lioration<\/strong><\/em><br \/>\nCette enqu\u00eate a \u00e9galement d\u00e9voil\u00e9 que le secteur s\u2019attendait \u00e0 peu de grands changements dans la collecte et le traitement des d\u00e9chets. En ce qui concerne la gestion des terres pollu\u00e9es, le secteur se montre moins positif. Werner Annaert: <em>\u201cIl est dommage que nous ne parvenions pas \u00e0 traiter plus de terres pollu\u00e9es. Au contraire m\u00eame, le traitement des terres dans ce pays doit faire face \u00e0 une tendance n\u00e9gative. Heureusement que notre pays accueille davantage de terres de l\u2019\u00e9tranger pour les traiter.\u201d<\/em><\/p>\n<p>L\u2019asbl FEGE est la F\u00e9d\u00e9ration des entreprises actives dans l\u2019\u00e9conomie circulaire (www.febem-fege.be). Elle repr\u00e9sente quelque 220 entreprises de droit priv\u00e9 actives dans la gestion des mat\u00e9riaux et la production d\u2019\u00e9nergie verte au d\u00e9part de mat\u00e9riaux. Les entreprises repr\u00e9sent\u00e9es par la FEGE emploient ensemble plus de 8000 personnes et g\u00e9n\u00e8rent un chiffre d&rsquo;affaires annuel de 2,8 milliards d\u2019euros.<\/p>\n<p><em>Source : Belga<\/em><\/p>\n","protected":false},"excerpt":{"rendered":"<p>L\u2019asbl FEGE, la f\u00e9d\u00e9ration des entreprises actives dans l\u2019\u00e9conomie circulaire, a r\u00e9cemment r\u00e9alis\u00e9 une enqu\u00eate de conjoncture parmi les administrateurs de la f\u00e9d\u00e9ration. Conclusion: un grand sens de l\u2019investissement, mais une situation \u00e9conomique qui reste pr\u00e9caire.<\/p>\n","protected":false},"author":2,"featured_media":0,"comment_status":"closed","ping_status":"open","sticky":false,"template":"","format":"standard","meta":[],"categories":[65,10],"tags":[737,736,72,383],"yoast_head":"<!-- This site is optimized with the Yoast SEO plugin v21.0 - https:\/\/yoast.com\/wordpress\/plugins\/seo\/ -->\n<title>Les acteurs de l&#039;\u00e9conomie circulaire n&#039;arrivent pas \u00e0 recruter et pointent le probl\u00e8me de l&#039;attitude. - Peoplesphere<\/title>\n<meta name=\"robots\" content=\"index, follow, max-snippet:-1, max-image-preview:large, max-video-preview:-1\" \/>\n<link rel=\"canonical\" href=\"https:\/\/peoplesphere.be\/fr\/les-acteurs-de-leconomie-circulaire-narrivent-pas-a-recruter-et-pointent-le-probleme-de-lattitude\/\" \/>\n<meta property=\"og:locale\" content=\"fr_FR\" \/>\n<meta property=\"og:type\" content=\"article\" \/>\n<meta property=\"og:title\" content=\"Les acteurs de l&#039;\u00e9conomie circulaire n&#039;arrivent pas \u00e0 recruter et pointent le probl\u00e8me de l&#039;attitude. - Peoplesphere\" \/>\n<meta property=\"og:description\" content=\"L\u2019asbl FEGE, la f\u00e9d\u00e9ration des entreprises actives dans l\u2019\u00e9conomie circulaire, a r\u00e9cemment r\u00e9alis\u00e9 une enqu\u00eate de conjoncture parmi les administrateurs de la f\u00e9d\u00e9ration. Conclusion: un grand sens de l\u2019investissement, mais une situation \u00e9conomique qui reste pr\u00e9caire.\" \/>\n<meta property=\"og:url\" content=\"https:\/\/peoplesphere.be\/fr\/les-acteurs-de-leconomie-circulaire-narrivent-pas-a-recruter-et-pointent-le-probleme-de-lattitude\/\" \/>\n<meta property=\"og:site_name\" content=\"Peoplesphere\" \/>\n<meta property=\"article:publisher\" content=\"https:\/\/www.facebook.com\/peoplesphere\" \/>\n<meta property=\"article:published_time\" content=\"2016-04-27T12:50:59+00:00\" \/>\n<meta property=\"og:image\" content=\"http:\/\/www.peoplesphere.be\/fr\/wp-content\/uploads\/2016\/07\/facebook-default-posting-1200x628px.jpg\" \/>\n<meta name=\"author\" content=\"Jean-Paul Erhard\" \/>\n<meta name=\"twitter:card\" content=\"summary_large_image\" \/>\n<meta name=\"twitter:creator\" content=\"@PeoplesphereMag\" \/>\n<meta name=\"twitter:site\" content=\"@PeoplesphereMag\" \/>\n<meta name=\"twitter:label1\" content=\"\u00c9crit par\" \/>\n\t<meta name=\"twitter:data1\" content=\"Jean-Paul Erhard\" \/>\n\t<meta name=\"twitter:label2\" content=\"Dur\u00e9e de lecture estim\u00e9e\" \/>\n\t<meta name=\"twitter:data2\" content=\"3 minutes\" \/>\n<script type=\"application\/ld+json\" class=\"yoast-schema-graph\">{\"@context\":\"https:\/\/schema.org\",\"@graph\":[{\"@type\":\"Article\",\"@id\":\"https:\/\/peoplesphere.be\/fr\/les-acteurs-de-leconomie-circulaire-narrivent-pas-a-recruter-et-pointent-le-probleme-de-lattitude\/#article\",\"isPartOf\":{\"@id\":\"https:\/\/peoplesphere.be\/fr\/les-acteurs-de-leconomie-circulaire-narrivent-pas-a-recruter-et-pointent-le-probleme-de-lattitude\/\"},\"author\":{\"name\":\"Jean-Paul Erhard\",\"@id\":\"https:\/\/peoplesphere.be\/fr\/#\/schema\/person\/7976225ff17988604334abb7b3536a7e\"},\"headline\":\"Les acteurs de l&rsquo;\u00e9conomie circulaire n&rsquo;arrivent pas \u00e0 recruter et pointent le probl\u00e8me de l&rsquo;attitude.\",\"datePublished\":\"2016-04-27T12:50:59+00:00\",\"dateModified\":\"2016-04-27T12:50:59+00:00\",\"mainEntityOfPage\":{\"@id\":\"https:\/\/peoplesphere.be\/fr\/les-acteurs-de-leconomie-circulaire-narrivent-pas-a-recruter-et-pointent-le-probleme-de-lattitude\/\"},\"wordCount\":526,\"publisher\":{\"@id\":\"https:\/\/peoplesphere.be\/fr\/#organization\"},\"keywords\":[\"attitude\",\"\u00e9conomie circulaire\",\"recrutement\",\"valeurs\"],\"articleSection\":[\"Actualit\u00e9s\",\"Digital\"],\"inLanguage\":\"fr-FR\"},{\"@type\":\"WebPage\",\"@id\":\"https:\/\/peoplesphere.be\/fr\/les-acteurs-de-leconomie-circulaire-narrivent-pas-a-recruter-et-pointent-le-probleme-de-lattitude\/\",\"url\":\"https:\/\/peoplesphere.be\/fr\/les-acteurs-de-leconomie-circulaire-narrivent-pas-a-recruter-et-pointent-le-probleme-de-lattitude\/\",\"name\":\"Les acteurs de l'\u00e9conomie circulaire n'arrivent pas \u00e0 recruter et pointent le probl\u00e8me de l'attitude. - Peoplesphere\",\"isPartOf\":{\"@id\":\"https:\/\/peoplesphere.be\/fr\/#website\"},\"datePublished\":\"2016-04-27T12:50:59+00:00\",\"dateModified\":\"2016-04-27T12:50:59+00:00\",\"breadcrumb\":{\"@id\":\"https:\/\/peoplesphere.be\/fr\/les-acteurs-de-leconomie-circulaire-narrivent-pas-a-recruter-et-pointent-le-probleme-de-lattitude\/#breadcrumb\"},\"inLanguage\":\"fr-FR\",\"potentialAction\":[{\"@type\":\"ReadAction\",\"target\":[\"https:\/\/peoplesphere.be\/fr\/les-acteurs-de-leconomie-circulaire-narrivent-pas-a-recruter-et-pointent-le-probleme-de-lattitude\/\"]}]},{\"@type\":\"BreadcrumbList\",\"@id\":\"https:\/\/peoplesphere.be\/fr\/les-acteurs-de-leconomie-circulaire-narrivent-pas-a-recruter-et-pointent-le-probleme-de-lattitude\/#breadcrumb\",\"itemListElement\":[{\"@type\":\"ListItem\",\"position\":1,\"name\":\"Accueil\",\"item\":\"https:\/\/peoplesphere.be\/fr\/\"},{\"@type\":\"ListItem\",\"position\":2,\"name\":\"Les acteurs de l&rsquo;\u00e9conomie circulaire n&rsquo;arrivent pas \u00e0 recruter et pointent le probl\u00e8me de l&rsquo;attitude.\"}]},{\"@type\":\"WebSite\",\"@id\":\"https:\/\/peoplesphere.be\/fr\/#website\",\"url\":\"https:\/\/peoplesphere.be\/fr\/\",\"name\":\"Peoplesphere\",\"description\":\"The People Managers Magazine\",\"publisher\":{\"@id\":\"https:\/\/peoplesphere.be\/fr\/#organization\"},\"potentialAction\":[{\"@type\":\"SearchAction\",\"target\":{\"@type\":\"EntryPoint\",\"urlTemplate\":\"https:\/\/peoplesphere.be\/fr\/?s={search_term_string}\"},\"query-input\":\"required name=search_term_string\"}],\"inLanguage\":\"fr-FR\"},{\"@type\":\"Organization\",\"@id\":\"https:\/\/peoplesphere.be\/fr\/#organization\",\"name\":\"Peoplesphere Company srl\",\"url\":\"https:\/\/peoplesphere.be\/fr\/\",\"logo\":{\"@type\":\"ImageObject\",\"inLanguage\":\"fr-FR\",\"@id\":\"https:\/\/peoplesphere.be\/fr\/#\/schema\/logo\/image\/\",\"url\":\"https:\/\/peoplesphere.be\/fr\/wp-content\/uploads\/2023\/07\/peoplesphere-lgo-new-generik.jpg\",\"contentUrl\":\"https:\/\/peoplesphere.be\/fr\/wp-content\/uploads\/2023\/07\/peoplesphere-lgo-new-generik.jpg\",\"width\":1031,\"height\":1479,\"caption\":\"Peoplesphere Company srl\"},\"image\":{\"@id\":\"https:\/\/peoplesphere.be\/fr\/#\/schema\/logo\/image\/\"},\"sameAs\":[\"https:\/\/www.facebook.com\/peoplesphere\",\"https:\/\/twitter.com\/PeoplesphereMag\",\"https:\/\/www.linkedin.com\/company\/7587361?trk\",\"http:\/\/youtube.com\/peoplesphere\"]},{\"@type\":\"Person\",\"@id\":\"https:\/\/peoplesphere.be\/fr\/#\/schema\/person\/7976225ff17988604334abb7b3536a7e\",\"name\":\"Jean-Paul Erhard\",\"image\":{\"@type\":\"ImageObject\",\"inLanguage\":\"fr-FR\",\"@id\":\"https:\/\/peoplesphere.be\/fr\/#\/schema\/person\/image\/\",\"url\":\"https:\/\/secure.gravatar.com\/avatar\/f941e681460179738071629a51574930?s=96&d=mm&r=g\",\"contentUrl\":\"https:\/\/secure.gravatar.com\/avatar\/f941e681460179738071629a51574930?s=96&d=mm&r=g\",\"caption\":\"Jean-Paul Erhard\"},\"url\":\"https:\/\/peoplesphere.be\/fr\/author\/jpe\/\"}]}<\/script>\n<!-- \/ Yoast SEO plugin. -->","yoast_head_json":{"title":"Les acteurs de l'\u00e9conomie circulaire n'arrivent pas \u00e0 recruter et pointent le probl\u00e8me de l'attitude. - Peoplesphere","robots":{"index":"index","follow":"follow","max-snippet":"max-snippet:-1","max-image-preview":"max-image-preview:large","max-video-preview":"max-video-preview:-1"},"canonical":"https:\/\/peoplesphere.be\/fr\/les-acteurs-de-leconomie-circulaire-narrivent-pas-a-recruter-et-pointent-le-probleme-de-lattitude\/","og_locale":"fr_FR","og_type":"article","og_title":"Les acteurs de l'\u00e9conomie circulaire n'arrivent pas \u00e0 recruter et pointent le probl\u00e8me de l'attitude. - Peoplesphere","og_description":"L\u2019asbl FEGE, la f\u00e9d\u00e9ration des entreprises actives dans l\u2019\u00e9conomie circulaire, a r\u00e9cemment r\u00e9alis\u00e9 une enqu\u00eate de conjoncture parmi les administrateurs de la f\u00e9d\u00e9ration. Conclusion: un grand sens de l\u2019investissement, mais une situation \u00e9conomique qui reste pr\u00e9caire.","og_url":"https:\/\/peoplesphere.be\/fr\/les-acteurs-de-leconomie-circulaire-narrivent-pas-a-recruter-et-pointent-le-probleme-de-lattitude\/","og_site_name":"Peoplesphere","article_publisher":"https:\/\/www.facebook.com\/peoplesphere","article_published_time":"2016-04-27T12:50:59+00:00","og_image":[{"url":"http:\/\/www.peoplesphere.be\/fr\/wp-content\/uploads\/2016\/07\/facebook-default-posting-1200x628px.jpg"}],"author":"Jean-Paul Erhard","twitter_card":"summary_large_image","twitter_creator":"@PeoplesphereMag","twitter_site":"@PeoplesphereMag","twitter_misc":{"\u00c9crit par":"Jean-Paul Erhard","Dur\u00e9e de lecture estim\u00e9e":"3 minutes"},"schema":{"@context":"https:\/\/schema.org","@graph":[{"@type":"Article","@id":"https:\/\/peoplesphere.be\/fr\/les-acteurs-de-leconomie-circulaire-narrivent-pas-a-recruter-et-pointent-le-probleme-de-lattitude\/#article","isPartOf":{"@id":"https:\/\/peoplesphere.be\/fr\/les-acteurs-de-leconomie-circulaire-narrivent-pas-a-recruter-et-pointent-le-probleme-de-lattitude\/"},"author":{"name":"Jean-Paul Erhard","@id":"https:\/\/peoplesphere.be\/fr\/#\/schema\/person\/7976225ff17988604334abb7b3536a7e"},"headline":"Les acteurs de l&rsquo;\u00e9conomie circulaire n&rsquo;arrivent pas \u00e0 recruter et pointent le probl\u00e8me de l&rsquo;attitude.","datePublished":"2016-04-27T12:50:59+00:00","dateModified":"2016-04-27T12:50:59+00:00","mainEntityOfPage":{"@id":"https:\/\/peoplesphere.be\/fr\/les-acteurs-de-leconomie-circulaire-narrivent-pas-a-recruter-et-pointent-le-probleme-de-lattitude\/"},"wordCount":526,"publisher":{"@id":"https:\/\/peoplesphere.be\/fr\/#organization"},"keywords":["attitude","\u00e9conomie circulaire","recrutement","valeurs"],"articleSection":["Actualit\u00e9s","Digital"],"inLanguage":"fr-FR"},{"@type":"WebPage","@id":"https:\/\/peoplesphere.be\/fr\/les-acteurs-de-leconomie-circulaire-narrivent-pas-a-recruter-et-pointent-le-probleme-de-lattitude\/","url":"https:\/\/peoplesphere.be\/fr\/les-acteurs-de-leconomie-circulaire-narrivent-pas-a-recruter-et-pointent-le-probleme-de-lattitude\/","name":"Les acteurs de l'\u00e9conomie circulaire n'arrivent pas \u00e0 recruter et pointent le probl\u00e8me de l'attitude. - Peoplesphere","isPartOf":{"@id":"https:\/\/peoplesphere.be\/fr\/#website"},"datePublished":"2016-04-27T12:50:59+00:00","dateModified":"2016-04-27T12:50:59+00:00","breadcrumb":{"@id":"https:\/\/peoplesphere.be\/fr\/les-acteurs-de-leconomie-circulaire-narrivent-pas-a-recruter-et-pointent-le-probleme-de-lattitude\/#breadcrumb"},"inLanguage":"fr-FR","potentialAction":[{"@type":"ReadAction","target":["https:\/\/peoplesphere.be\/fr\/les-acteurs-de-leconomie-circulaire-narrivent-pas-a-recruter-et-pointent-le-probleme-de-lattitude\/"]}]},{"@type":"BreadcrumbList","@id":"https:\/\/peoplesphere.be\/fr\/les-acteurs-de-leconomie-circulaire-narrivent-pas-a-recruter-et-pointent-le-probleme-de-lattitude\/#breadcrumb","itemListElement":[{"@type":"ListItem","position":1,"name":"Accueil","item":"https:\/\/peoplesphere.be\/fr\/"},{"@type":"ListItem","position":2,"name":"Les acteurs de l&rsquo;\u00e9conomie circulaire n&rsquo;arrivent pas \u00e0 recruter et pointent le probl\u00e8me de l&rsquo;attitude."}]},{"@type":"WebSite","@id":"https:\/\/peoplesphere.be\/fr\/#website","url":"https:\/\/peoplesphere.be\/fr\/","name":"Peoplesphere","description":"The People Managers Magazine","publisher":{"@id":"https:\/\/peoplesphere.be\/fr\/#organization"},"potentialAction":[{"@type":"SearchAction","target":{"@type":"EntryPoint","urlTemplate":"https:\/\/peoplesphere.be\/fr\/?s={search_term_string}"},"query-input":"required name=search_term_string"}],"inLanguage":"fr-FR"},{"@type":"Organization","@id":"https:\/\/peoplesphere.be\/fr\/#organization","name":"Peoplesphere Company srl","url":"https:\/\/peoplesphere.be\/fr\/","logo":{"@type":"ImageObject","inLanguage":"fr-FR","@id":"https:\/\/peoplesphere.be\/fr\/#\/schema\/logo\/image\/","url":"https:\/\/peoplesphere.be\/fr\/wp-content\/uploads\/2023\/07\/peoplesphere-lgo-new-generik.jpg","contentUrl":"https:\/\/peoplesphere.be\/fr\/wp-content\/uploads\/2023\/07\/peoplesphere-lgo-new-generik.jpg","width":1031,"height":1479,"caption":"Peoplesphere Company srl"},"image":{"@id":"https:\/\/peoplesphere.be\/fr\/#\/schema\/logo\/image\/"},"sameAs":["https:\/\/www.facebook.com\/peoplesphere","https:\/\/twitter.com\/PeoplesphereMag","https:\/\/www.linkedin.com\/company\/7587361?trk","http:\/\/youtube.com\/peoplesphere"]},{"@type":"Person","@id":"https:\/\/peoplesphere.be\/fr\/#\/schema\/person\/7976225ff17988604334abb7b3536a7e","name":"Jean-Paul Erhard","image":{"@type":"ImageObject","inLanguage":"fr-FR","@id":"https:\/\/peoplesphere.be\/fr\/#\/schema\/person\/image\/","url":"https:\/\/secure.gravatar.com\/avatar\/f941e681460179738071629a51574930?s=96&d=mm&r=g","contentUrl":"https:\/\/secure.gravatar.com\/avatar\/f941e681460179738071629a51574930?s=96&d=mm&r=g","caption":"Jean-Paul Erhard"},"url":"https:\/\/peoplesphere.be\/fr\/author\/jpe\/"}]}},"_links":{"self":[{"href":"https:\/\/peoplesphere.be\/fr\/wp-json\/wp\/v2\/posts\/2783"}],"collection":[{"href":"https:\/\/peoplesphere.be\/fr\/wp-json\/wp\/v2\/posts"}],"about":[{"href":"https:\/\/peoplesphere.be\/fr\/wp-json\/wp\/v2\/types\/post"}],"author":[{"embeddable":true,"href":"https:\/\/peoplesphere.be\/fr\/wp-json\/wp\/v2\/users\/2"}],"replies":[{"embeddable":true,"href":"https:\/\/peoplesphere.be\/fr\/wp-json\/wp\/v2\/comments?post=2783"}],"version-history":[{"count":1,"href":"https:\/\/peoplesphere.be\/fr\/wp-json\/wp\/v2\/posts\/2783\/revisions"}],"predecessor-version":[{"id":2784,"href":"https:\/\/peoplesphere.be\/fr\/wp-json\/wp\/v2\/posts\/2783\/revisions\/2784"}],"wp:attachment":[{"href":"https:\/\/peoplesphere.be\/fr\/wp-json\/wp\/v2\/media?parent=2783"}],"wp:term":[{"taxonomy":"category","embeddable":true,"href":"https:\/\/peoplesphere.be\/fr\/wp-json\/wp\/v2\/categories?post=2783"},{"taxonomy":"post_tag","embeddable":true,"href":"https:\/\/peoplesphere.be\/fr\/wp-json\/wp\/v2\/tags?post=2783"}],"curies":[{"name":"wp","href":"https:\/\/api.w.org\/{rel}","templated":true}]}}