









{"id":2785,"date":"2016-04-27T15:54:51","date_gmt":"2016-04-27T13:54:51","guid":{"rendered":"http:\/\/www.peoplesphere.be\/fr\/?p=2785"},"modified":"2016-04-27T15:54:51","modified_gmt":"2016-04-27T13:54:51","slug":"emploi-des-travailleurs-ages-en-nette-amelioration","status":"publish","type":"post","link":"https:\/\/peoplesphere.be\/fr\/emploi-des-travailleurs-ages-en-nette-amelioration\/","title":{"rendered":"Emploi des travailleurs \u00e2g\u00e9s : en nette am\u00e9lioration."},"content":{"rendered":"<h1>A la fin de l&rsquo;ann\u00e9e 2015, le taux d&#8217;emploi des travailleurs \u00e2g\u00e9s atteignait 44%. L&rsquo;\u00e9volution est positive dans la mesure o\u00f9 il s&rsquo;\u00e9levait \u00e0 31,8% en 2005, lorsque les partenaires sociaux ont conclu le Pacte des g\u00e9n\u00e9rations.<!--more--><\/h1>\n<p>Comme l&rsquo;indique la FEB, <em>\u00ab\u00a0cette augmentation, plut\u00f4t g\u00e9n\u00e9rale \u00e0 l&rsquo;\u00e9chelle europ\u00e9enne, constitue une \u00e9volution remarquable pour notre pays. Cependant, nous continuons \u00e0 nous situer tout en bas du classement au niveau europ\u00e9en, juste devant la Gr\u00e8ce et le Luxembourg. Il y a encore du chemin \u00e0 parcourir. Nous sommes loin de l&rsquo;objectif (fix\u00e9 pour 2020) de 50% de taux d&#8217;emploi. Les r\u00e9formes d\u00e9j\u00e0 prises (au niveau des conditions d&rsquo;acc\u00e8s au r\u00e9gime de ch\u00f4mage avec compl\u00e9ment d&rsquo;entreprise et \u00e0 la pension anticip\u00e9e) portent leurs fruits. Elles sont primordiales et doivent \u00eatre poursuivies. L&rsquo;activation et l&rsquo;accompagnement sont \u00e9galement importants. Les freins \u00e0 l&#8217;emploi des travailleurs \u00e2g\u00e9s &#8211; notamment les bar\u00e8mes li\u00e9s \u00e0 l&rsquo;\u00e2ge &#8211; doivent absolument \u00eatre \u00e9limin\u00e9s.\u00a0\u00bb<\/em><\/p>\n<p>La Belgique fait en effet partie des rares pays dans lesquels la r\u00e9mun\u00e9ration continue d&rsquo;\u00e9voluer avec l&rsquo;anciennet\u00e9. Les tensions salariales entre r\u00e9mun\u00e9rations des plus \u00e2g\u00e9s et des plus jeunes sont \u00e9lev\u00e9es et p\u00e8sent sur l&#8217;emploi des travailleurs \u00e2g\u00e9s.<\/p>\n<p>La FEB souligne aussi\u00a0le r\u00f4le n\u00e9gatif des dispositifs de pr\u00e9pension dans le processus d&#8217;embauche des travailleurs \u00e2g\u00e9s. <em>\u00ab\u00a0Entre 2005 et 2011, le nombre de b\u00e9n\u00e9ficiaires a augment\u00e9 alors que l&rsquo;objectif initial \u00e9tait de r\u00e9duire l&rsquo;acc\u00e8s \u00e0 la pr\u00e9pension. Depuis lors, on observe une l\u00e9g\u00e8re \u00e9volution positive. Cependant, l&rsquo;\u00e2ge moyen de d\u00e9part en pr\u00e9pension n&rsquo;a que tr\u00e8s peu augment\u00e9 et est pass\u00e9 de 57,2 ans en 2005 \u00e0 58,2 ans en 2012.\u00a0\u00bb<\/em><\/p>\n<p><em>Source : FEB Radar<\/em><\/p>\n<p>&nbsp;<\/p>\n<p>&nbsp;<\/p>\n","protected":false},"excerpt":{"rendered":"<p>A la fin de l&rsquo;ann\u00e9e 2015, le taux d&#8217;emploi des travailleurs \u00e2g\u00e9s atteignait 44%. L&rsquo;\u00e9volution est positive dans la mesure o\u00f9 il s&rsquo;\u00e9levait \u00e0 31,8% en 2005, lorsque les partenaires sociaux ont conclu le Pacte des g\u00e9n\u00e9rations.<\/p>\n","protected":false},"author":2,"featured_media":0,"comment_status":"closed","ping_status":"open","sticky":false,"template":"","format":"standard","meta":[],"categories":[65,10],"tags":[92,11,739,123,738],"yoast_head":"<!-- This site is optimized with the Yoast SEO plugin v21.0 - https:\/\/yoast.com\/wordpress\/plugins\/seo\/ -->\n<title>Emploi des travailleurs \u00e2g\u00e9s : en nette am\u00e9lioration. - Peoplesphere<\/title>\n<meta name=\"robots\" content=\"index, follow, max-snippet:-1, max-image-preview:large, max-video-preview:-1\" \/>\n<link rel=\"canonical\" href=\"https:\/\/peoplesphere.be\/fr\/emploi-des-travailleurs-ages-en-nette-amelioration\/\" \/>\n<meta property=\"og:locale\" content=\"fr_FR\" \/>\n<meta property=\"og:type\" content=\"article\" \/>\n<meta property=\"og:title\" content=\"Emploi des travailleurs \u00e2g\u00e9s : en nette am\u00e9lioration. - Peoplesphere\" \/>\n<meta property=\"og:description\" content=\"A la fin de l&rsquo;ann\u00e9e 2015, le taux d&#8217;emploi des travailleurs \u00e2g\u00e9s atteignait 44%. L&rsquo;\u00e9volution est positive dans la mesure o\u00f9 il s&rsquo;\u00e9levait \u00e0 31,8% en 2005, lorsque les partenaires sociaux ont conclu le Pacte des g\u00e9n\u00e9rations.\" \/>\n<meta property=\"og:url\" content=\"https:\/\/peoplesphere.be\/fr\/emploi-des-travailleurs-ages-en-nette-amelioration\/\" \/>\n<meta property=\"og:site_name\" content=\"Peoplesphere\" \/>\n<meta property=\"article:publisher\" content=\"https:\/\/www.facebook.com\/peoplesphere\" \/>\n<meta property=\"article:published_time\" content=\"2016-04-27T13:54:51+00:00\" \/>\n<meta property=\"og:image\" content=\"http:\/\/www.peoplesphere.be\/fr\/wp-content\/uploads\/2016\/07\/facebook-default-posting-1200x628px.jpg\" \/>\n<meta name=\"author\" content=\"Jean-Paul Erhard\" \/>\n<meta name=\"twitter:card\" content=\"summary_large_image\" \/>\n<meta name=\"twitter:creator\" content=\"@PeoplesphereMag\" \/>\n<meta name=\"twitter:site\" content=\"@PeoplesphereMag\" \/>\n<meta name=\"twitter:label1\" content=\"\u00c9crit par\" \/>\n\t<meta name=\"twitter:data1\" content=\"Jean-Paul Erhard\" \/>\n\t<meta name=\"twitter:label2\" content=\"Dur\u00e9e de lecture estim\u00e9e\" \/>\n\t<meta name=\"twitter:data2\" content=\"1 minute\" \/>\n<script type=\"application\/ld+json\" class=\"yoast-schema-graph\">{\"@context\":\"https:\/\/schema.org\",\"@graph\":[{\"@type\":\"Article\",\"@id\":\"https:\/\/peoplesphere.be\/fr\/emploi-des-travailleurs-ages-en-nette-amelioration\/#article\",\"isPartOf\":{\"@id\":\"https:\/\/peoplesphere.be\/fr\/emploi-des-travailleurs-ages-en-nette-amelioration\/\"},\"author\":{\"name\":\"Jean-Paul Erhard\",\"@id\":\"https:\/\/peoplesphere.be\/fr\/#\/schema\/person\/7976225ff17988604334abb7b3536a7e\"},\"headline\":\"Emploi des travailleurs \u00e2g\u00e9s : en nette am\u00e9lioration.\",\"datePublished\":\"2016-04-27T13:54:51+00:00\",\"dateModified\":\"2016-04-27T13:54:51+00:00\",\"mainEntityOfPage\":{\"@id\":\"https:\/\/peoplesphere.be\/fr\/emploi-des-travailleurs-ages-en-nette-amelioration\/\"},\"wordCount\":305,\"publisher\":{\"@id\":\"https:\/\/peoplesphere.be\/fr\/#organization\"},\"keywords\":[\"ch\u00f4mage\",\"emploi\",\"pr\u00e9pension\",\"seniors\",\"travailleurs \u00e2g\u00e9s\"],\"articleSection\":[\"Actualit\u00e9s\",\"Digital\"],\"inLanguage\":\"fr-FR\"},{\"@type\":\"WebPage\",\"@id\":\"https:\/\/peoplesphere.be\/fr\/emploi-des-travailleurs-ages-en-nette-amelioration\/\",\"url\":\"https:\/\/peoplesphere.be\/fr\/emploi-des-travailleurs-ages-en-nette-amelioration\/\",\"name\":\"Emploi des travailleurs \u00e2g\u00e9s : en nette am\u00e9lioration. - Peoplesphere\",\"isPartOf\":{\"@id\":\"https:\/\/peoplesphere.be\/fr\/#website\"},\"datePublished\":\"2016-04-27T13:54:51+00:00\",\"dateModified\":\"2016-04-27T13:54:51+00:00\",\"breadcrumb\":{\"@id\":\"https:\/\/peoplesphere.be\/fr\/emploi-des-travailleurs-ages-en-nette-amelioration\/#breadcrumb\"},\"inLanguage\":\"fr-FR\",\"potentialAction\":[{\"@type\":\"ReadAction\",\"target\":[\"https:\/\/peoplesphere.be\/fr\/emploi-des-travailleurs-ages-en-nette-amelioration\/\"]}]},{\"@type\":\"BreadcrumbList\",\"@id\":\"https:\/\/peoplesphere.be\/fr\/emploi-des-travailleurs-ages-en-nette-amelioration\/#breadcrumb\",\"itemListElement\":[{\"@type\":\"ListItem\",\"position\":1,\"name\":\"Accueil\",\"item\":\"https:\/\/peoplesphere.be\/fr\/\"},{\"@type\":\"ListItem\",\"position\":2,\"name\":\"Emploi des travailleurs \u00e2g\u00e9s : en nette am\u00e9lioration.\"}]},{\"@type\":\"WebSite\",\"@id\":\"https:\/\/peoplesphere.be\/fr\/#website\",\"url\":\"https:\/\/peoplesphere.be\/fr\/\",\"name\":\"Peoplesphere\",\"description\":\"The People Managers Magazine\",\"publisher\":{\"@id\":\"https:\/\/peoplesphere.be\/fr\/#organization\"},\"potentialAction\":[{\"@type\":\"SearchAction\",\"target\":{\"@type\":\"EntryPoint\",\"urlTemplate\":\"https:\/\/peoplesphere.be\/fr\/?s={search_term_string}\"},\"query-input\":\"required name=search_term_string\"}],\"inLanguage\":\"fr-FR\"},{\"@type\":\"Organization\",\"@id\":\"https:\/\/peoplesphere.be\/fr\/#organization\",\"name\":\"Peoplesphere Company srl\",\"url\":\"https:\/\/peoplesphere.be\/fr\/\",\"logo\":{\"@type\":\"ImageObject\",\"inLanguage\":\"fr-FR\",\"@id\":\"https:\/\/peoplesphere.be\/fr\/#\/schema\/logo\/image\/\",\"url\":\"https:\/\/peoplesphere.be\/fr\/wp-content\/uploads\/2023\/07\/peoplesphere-lgo-new-generik.jpg\",\"contentUrl\":\"https:\/\/peoplesphere.be\/fr\/wp-content\/uploads\/2023\/07\/peoplesphere-lgo-new-generik.jpg\",\"width\":1031,\"height\":1479,\"caption\":\"Peoplesphere Company srl\"},\"image\":{\"@id\":\"https:\/\/peoplesphere.be\/fr\/#\/schema\/logo\/image\/\"},\"sameAs\":[\"https:\/\/www.facebook.com\/peoplesphere\",\"https:\/\/twitter.com\/PeoplesphereMag\",\"https:\/\/www.linkedin.com\/company\/7587361?trk\",\"http:\/\/youtube.com\/peoplesphere\"]},{\"@type\":\"Person\",\"@id\":\"https:\/\/peoplesphere.be\/fr\/#\/schema\/person\/7976225ff17988604334abb7b3536a7e\",\"name\":\"Jean-Paul Erhard\",\"image\":{\"@type\":\"ImageObject\",\"inLanguage\":\"fr-FR\",\"@id\":\"https:\/\/peoplesphere.be\/fr\/#\/schema\/person\/image\/\",\"url\":\"https:\/\/secure.gravatar.com\/avatar\/f941e681460179738071629a51574930?s=96&d=mm&r=g\",\"contentUrl\":\"https:\/\/secure.gravatar.com\/avatar\/f941e681460179738071629a51574930?s=96&d=mm&r=g\",\"caption\":\"Jean-Paul Erhard\"},\"url\":\"https:\/\/peoplesphere.be\/fr\/author\/jpe\/\"}]}<\/script>\n<!-- \/ Yoast SEO plugin. -->","yoast_head_json":{"title":"Emploi des travailleurs \u00e2g\u00e9s : en nette am\u00e9lioration. - Peoplesphere","robots":{"index":"index","follow":"follow","max-snippet":"max-snippet:-1","max-image-preview":"max-image-preview:large","max-video-preview":"max-video-preview:-1"},"canonical":"https:\/\/peoplesphere.be\/fr\/emploi-des-travailleurs-ages-en-nette-amelioration\/","og_locale":"fr_FR","og_type":"article","og_title":"Emploi des travailleurs \u00e2g\u00e9s : en nette am\u00e9lioration. - Peoplesphere","og_description":"A la fin de l&rsquo;ann\u00e9e 2015, le taux d&#8217;emploi des travailleurs \u00e2g\u00e9s atteignait 44%. L&rsquo;\u00e9volution est positive dans la mesure o\u00f9 il s&rsquo;\u00e9levait \u00e0 31,8% en 2005, lorsque les partenaires sociaux ont conclu le Pacte des g\u00e9n\u00e9rations.","og_url":"https:\/\/peoplesphere.be\/fr\/emploi-des-travailleurs-ages-en-nette-amelioration\/","og_site_name":"Peoplesphere","article_publisher":"https:\/\/www.facebook.com\/peoplesphere","article_published_time":"2016-04-27T13:54:51+00:00","og_image":[{"url":"http:\/\/www.peoplesphere.be\/fr\/wp-content\/uploads\/2016\/07\/facebook-default-posting-1200x628px.jpg"}],"author":"Jean-Paul Erhard","twitter_card":"summary_large_image","twitter_creator":"@PeoplesphereMag","twitter_site":"@PeoplesphereMag","twitter_misc":{"\u00c9crit par":"Jean-Paul Erhard","Dur\u00e9e de lecture estim\u00e9e":"1 minute"},"schema":{"@context":"https:\/\/schema.org","@graph":[{"@type":"Article","@id":"https:\/\/peoplesphere.be\/fr\/emploi-des-travailleurs-ages-en-nette-amelioration\/#article","isPartOf":{"@id":"https:\/\/peoplesphere.be\/fr\/emploi-des-travailleurs-ages-en-nette-amelioration\/"},"author":{"name":"Jean-Paul Erhard","@id":"https:\/\/peoplesphere.be\/fr\/#\/schema\/person\/7976225ff17988604334abb7b3536a7e"},"headline":"Emploi des travailleurs \u00e2g\u00e9s : en nette am\u00e9lioration.","datePublished":"2016-04-27T13:54:51+00:00","dateModified":"2016-04-27T13:54:51+00:00","mainEntityOfPage":{"@id":"https:\/\/peoplesphere.be\/fr\/emploi-des-travailleurs-ages-en-nette-amelioration\/"},"wordCount":305,"publisher":{"@id":"https:\/\/peoplesphere.be\/fr\/#organization"},"keywords":["ch\u00f4mage","emploi","pr\u00e9pension","seniors","travailleurs \u00e2g\u00e9s"],"articleSection":["Actualit\u00e9s","Digital"],"inLanguage":"fr-FR"},{"@type":"WebPage","@id":"https:\/\/peoplesphere.be\/fr\/emploi-des-travailleurs-ages-en-nette-amelioration\/","url":"https:\/\/peoplesphere.be\/fr\/emploi-des-travailleurs-ages-en-nette-amelioration\/","name":"Emploi des travailleurs \u00e2g\u00e9s : en nette am\u00e9lioration. - Peoplesphere","isPartOf":{"@id":"https:\/\/peoplesphere.be\/fr\/#website"},"datePublished":"2016-04-27T13:54:51+00:00","dateModified":"2016-04-27T13:54:51+00:00","breadcrumb":{"@id":"https:\/\/peoplesphere.be\/fr\/emploi-des-travailleurs-ages-en-nette-amelioration\/#breadcrumb"},"inLanguage":"fr-FR","potentialAction":[{"@type":"ReadAction","target":["https:\/\/peoplesphere.be\/fr\/emploi-des-travailleurs-ages-en-nette-amelioration\/"]}]},{"@type":"BreadcrumbList","@id":"https:\/\/peoplesphere.be\/fr\/emploi-des-travailleurs-ages-en-nette-amelioration\/#breadcrumb","itemListElement":[{"@type":"ListItem","position":1,"name":"Accueil","item":"https:\/\/peoplesphere.be\/fr\/"},{"@type":"ListItem","position":2,"name":"Emploi des travailleurs \u00e2g\u00e9s : en nette am\u00e9lioration."}]},{"@type":"WebSite","@id":"https:\/\/peoplesphere.be\/fr\/#website","url":"https:\/\/peoplesphere.be\/fr\/","name":"Peoplesphere","description":"The People Managers Magazine","publisher":{"@id":"https:\/\/peoplesphere.be\/fr\/#organization"},"potentialAction":[{"@type":"SearchAction","target":{"@type":"EntryPoint","urlTemplate":"https:\/\/peoplesphere.be\/fr\/?s={search_term_string}"},"query-input":"required name=search_term_string"}],"inLanguage":"fr-FR"},{"@type":"Organization","@id":"https:\/\/peoplesphere.be\/fr\/#organization","name":"Peoplesphere Company srl","url":"https:\/\/peoplesphere.be\/fr\/","logo":{"@type":"ImageObject","inLanguage":"fr-FR","@id":"https:\/\/peoplesphere.be\/fr\/#\/schema\/logo\/image\/","url":"https:\/\/peoplesphere.be\/fr\/wp-content\/uploads\/2023\/07\/peoplesphere-lgo-new-generik.jpg","contentUrl":"https:\/\/peoplesphere.be\/fr\/wp-content\/uploads\/2023\/07\/peoplesphere-lgo-new-generik.jpg","width":1031,"height":1479,"caption":"Peoplesphere Company srl"},"image":{"@id":"https:\/\/peoplesphere.be\/fr\/#\/schema\/logo\/image\/"},"sameAs":["https:\/\/www.facebook.com\/peoplesphere","https:\/\/twitter.com\/PeoplesphereMag","https:\/\/www.linkedin.com\/company\/7587361?trk","http:\/\/youtube.com\/peoplesphere"]},{"@type":"Person","@id":"https:\/\/peoplesphere.be\/fr\/#\/schema\/person\/7976225ff17988604334abb7b3536a7e","name":"Jean-Paul Erhard","image":{"@type":"ImageObject","inLanguage":"fr-FR","@id":"https:\/\/peoplesphere.be\/fr\/#\/schema\/person\/image\/","url":"https:\/\/secure.gravatar.com\/avatar\/f941e681460179738071629a51574930?s=96&d=mm&r=g","contentUrl":"https:\/\/secure.gravatar.com\/avatar\/f941e681460179738071629a51574930?s=96&d=mm&r=g","caption":"Jean-Paul Erhard"},"url":"https:\/\/peoplesphere.be\/fr\/author\/jpe\/"}]}},"_links":{"self":[{"href":"https:\/\/peoplesphere.be\/fr\/wp-json\/wp\/v2\/posts\/2785"}],"collection":[{"href":"https:\/\/peoplesphere.be\/fr\/wp-json\/wp\/v2\/posts"}],"about":[{"href":"https:\/\/peoplesphere.be\/fr\/wp-json\/wp\/v2\/types\/post"}],"author":[{"embeddable":true,"href":"https:\/\/peoplesphere.be\/fr\/wp-json\/wp\/v2\/users\/2"}],"replies":[{"embeddable":true,"href":"https:\/\/peoplesphere.be\/fr\/wp-json\/wp\/v2\/comments?post=2785"}],"version-history":[{"count":1,"href":"https:\/\/peoplesphere.be\/fr\/wp-json\/wp\/v2\/posts\/2785\/revisions"}],"predecessor-version":[{"id":2786,"href":"https:\/\/peoplesphere.be\/fr\/wp-json\/wp\/v2\/posts\/2785\/revisions\/2786"}],"wp:attachment":[{"href":"https:\/\/peoplesphere.be\/fr\/wp-json\/wp\/v2\/media?parent=2785"}],"wp:term":[{"taxonomy":"category","embeddable":true,"href":"https:\/\/peoplesphere.be\/fr\/wp-json\/wp\/v2\/categories?post=2785"},{"taxonomy":"post_tag","embeddable":true,"href":"https:\/\/peoplesphere.be\/fr\/wp-json\/wp\/v2\/tags?post=2785"}],"curies":[{"name":"wp","href":"https:\/\/api.w.org\/{rel}","templated":true}]}}