









{"id":2787,"date":"2016-04-27T18:36:19","date_gmt":"2016-04-27T16:36:19","guid":{"rendered":"http:\/\/www.peoplesphere.be\/fr\/?p=2787"},"modified":"2016-04-27T18:36:19","modified_gmt":"2016-04-27T16:36:19","slug":"la-societe-mactac-implantee-notamment-a-soignies-rachetee-par-avery-dennison","status":"publish","type":"post","link":"https:\/\/peoplesphere.be\/fr\/la-societe-mactac-implantee-notamment-a-soignies-rachetee-par-avery-dennison\/","title":{"rendered":"La soci\u00e9t\u00e9 Mactac, implant\u00e9e notamment \u00e0 Soignies, rachet\u00e9e par Avery Dennison."},"content":{"rendered":"<h1>Avery Dennison (NYSE:AVY) a annonc\u00e9 aujourd\u2019hui un accord d\u00e9finitif visant \u00e0 acqu\u00e9rir les activit\u00e9s europ\u00e9ennes de Mactac aupr\u00e8s de Platinum Equity, un fonds d\u2019investissement priv\u00e9 bas\u00e9 en Californie, pour un prix d\u2019achat de 200 millions d\u2019euros , en ce compris les dettes op\u00e9rationnelles et sociales.<!--more--><\/h1>\n<p>Avec un chiffre d\u2019affaires normalis\u00e9 de 147 millions d\u2019euros, soit environ 170 millions de dollars \u00e0 la fin de l\u2019exercice 2015, et quelque 470 employ\u00e9s, l\u2019entreprise est un fabricant majeur de produits auto-adh\u00e9sifs de qualit\u00e9 sup\u00e9rieure, destin\u00e9s \u00e0 des segments de march\u00e9 \u00e0 haute valeur comme les produits graphiques, les \u00e9tiquettes de sp\u00e9cialit\u00e9s et les tapes industriels. Les gammes de produits principales de Mactac sont compl\u00e9mentaires au portefeuille actuel de produits graphiques d\u2019Avery Dennison.<br \/>\n<em>\u00a0\u00bbL\u2019acquisition de Mactac renforce notre comp\u00e9titivit\u00e9 dans le secteur des produits graphiques \u00e0 haute valeur, dans lequel nous avons connu une croissance sup\u00e9rieure \u00e0 la moyenne au cours des derni\u00e8res ann\u00e9es\u00a0\u00bb<\/em>, explique Dean Scarborough, Pr\u00e9sident et CEO d\u2019Avery Dennison. <em>\u00ab\u00a0Connue pour ses produits de qualit\u00e9 sup\u00e9rieure et son excellent service, Mactac compl\u00e8te nos activit\u00e9s existantes, avec une marque solide et une base de clients fid\u00e8les, nous permettant ainsi d\u2019\u00e9tendre notre offre de produits, nos capacit\u00e9s et notre r\u00e9seau de distributeurs\u00a0\u00bb.<\/em><\/p>\n<p>Avec un site de production situ\u00e9 \u00e0 Soignies et plusieurs bureaux de vente et entrep\u00f4ts en Europe et en Asie, ces activit\u00e9s \u00e9largissent l\u2019empreinte mondiale d\u2019Avery Dennison et apportent la capacit\u00e9 n\u00e9cessaire pour soutenir sa croissance. L\u2019acquisition devrait contribuer modestement aux b\u00e9n\u00e9fices de l\u2019exercice 2017 et permettre d\u2019obtenir un rendement annuel sur le capital total sup\u00e9rieur \u00e0 10 pour cent dans les 24 mois suivant la cl\u00f4ture de la transaction. Avery Dennison conservera la marque Mactac pour les films graphiques, en capitalisant sur ses forces et ses relations clients.<\/p>\n<p>\u00ab\u00a0Nous envisageons de poursuivre l\u2019exploitation du site de production de Mactac situ\u00e9 \u00e0 Soignies, en Belgique, et de faire de ce site et de son personnel un \u00e9l\u00e9ment moteur de l\u2019innovation et de la croissance future d\u2019Avery Dennison en Europe.\u00a0\u00bb Selon les anciens propri\u00e9taires, les activit\u00e9s europ\u00e9ennes de Mactac ont fait du chemin en restructurant avec succ\u00e8s le portefeuille de produits et le p\u00e9rim\u00e8tre des activit\u00e9s. Aujourd\u2019hui, la soci\u00e9t\u00e9 est fondamentalement solide et bien positionn\u00e9e pour rejoindre Avery Dennison et passer \u00e0 une \u00e9tape suivante de son l\u2019\u00e9volution.<\/p>\n<p>L\u2019acquisition devrait \u00eatre cl\u00f4tur\u00e9e dans les trois mois, sujette aux conditions et approbations usuelles.<\/p>\n","protected":false},"excerpt":{"rendered":"<p>Avery Dennison (NYSE:AVY) a annonc\u00e9 aujourd\u2019hui un accord d\u00e9finitif visant \u00e0 acqu\u00e9rir les activit\u00e9s europ\u00e9ennes de Mactac aupr\u00e8s de Platinum Equity, un fonds d\u2019investissement priv\u00e9 bas\u00e9 en Californie, pour un prix d\u2019achat de 200 millions d\u2019euros , en ce compris [&hellip;]<\/p>\n","protected":false},"author":2,"featured_media":0,"comment_status":"closed","ping_status":"open","sticky":false,"template":"","format":"standard","meta":[],"categories":[65,10],"tags":[741,740],"yoast_head":"<!-- This site is optimized with the Yoast SEO plugin v21.0 - https:\/\/yoast.com\/wordpress\/plugins\/seo\/ -->\n<title>La soci\u00e9t\u00e9 Mactac, implant\u00e9e notamment \u00e0 Soignies, rachet\u00e9e par Avery Dennison. - Peoplesphere<\/title>\n<meta name=\"robots\" content=\"index, follow, max-snippet:-1, max-image-preview:large, max-video-preview:-1\" \/>\n<link rel=\"canonical\" href=\"https:\/\/peoplesphere.be\/fr\/la-societe-mactac-implantee-notamment-a-soignies-rachetee-par-avery-dennison\/\" \/>\n<meta property=\"og:locale\" content=\"fr_FR\" \/>\n<meta property=\"og:type\" content=\"article\" \/>\n<meta property=\"og:title\" content=\"La soci\u00e9t\u00e9 Mactac, implant\u00e9e notamment \u00e0 Soignies, rachet\u00e9e par Avery Dennison. - Peoplesphere\" \/>\n<meta property=\"og:description\" content=\"Avery Dennison (NYSE:AVY) a annonc\u00e9 aujourd\u2019hui un accord d\u00e9finitif visant \u00e0 acqu\u00e9rir les activit\u00e9s europ\u00e9ennes de Mactac aupr\u00e8s de Platinum Equity, un fonds d\u2019investissement priv\u00e9 bas\u00e9 en Californie, pour un prix d\u2019achat de 200 millions d\u2019euros , en ce compris [&hellip;]\" \/>\n<meta property=\"og:url\" content=\"https:\/\/peoplesphere.be\/fr\/la-societe-mactac-implantee-notamment-a-soignies-rachetee-par-avery-dennison\/\" \/>\n<meta property=\"og:site_name\" content=\"Peoplesphere\" \/>\n<meta property=\"article:publisher\" content=\"https:\/\/www.facebook.com\/peoplesphere\" \/>\n<meta property=\"article:published_time\" content=\"2016-04-27T16:36:19+00:00\" \/>\n<meta property=\"og:image\" content=\"http:\/\/www.peoplesphere.be\/fr\/wp-content\/uploads\/2016\/07\/facebook-default-posting-1200x628px.jpg\" \/>\n<meta name=\"author\" content=\"Jean-Paul Erhard\" \/>\n<meta name=\"twitter:card\" content=\"summary_large_image\" \/>\n<meta name=\"twitter:creator\" content=\"@PeoplesphereMag\" \/>\n<meta name=\"twitter:site\" content=\"@PeoplesphereMag\" \/>\n<meta name=\"twitter:label1\" content=\"\u00c9crit par\" \/>\n\t<meta name=\"twitter:data1\" content=\"Jean-Paul Erhard\" \/>\n\t<meta name=\"twitter:label2\" content=\"Dur\u00e9e de lecture estim\u00e9e\" \/>\n\t<meta name=\"twitter:data2\" content=\"2 minutes\" \/>\n<script type=\"application\/ld+json\" class=\"yoast-schema-graph\">{\"@context\":\"https:\/\/schema.org\",\"@graph\":[{\"@type\":\"Article\",\"@id\":\"https:\/\/peoplesphere.be\/fr\/la-societe-mactac-implantee-notamment-a-soignies-rachetee-par-avery-dennison\/#article\",\"isPartOf\":{\"@id\":\"https:\/\/peoplesphere.be\/fr\/la-societe-mactac-implantee-notamment-a-soignies-rachetee-par-avery-dennison\/\"},\"author\":{\"name\":\"Jean-Paul Erhard\",\"@id\":\"https:\/\/peoplesphere.be\/fr\/#\/schema\/person\/7976225ff17988604334abb7b3536a7e\"},\"headline\":\"La soci\u00e9t\u00e9 Mactac, implant\u00e9e notamment \u00e0 Soignies, rachet\u00e9e par Avery Dennison.\",\"datePublished\":\"2016-04-27T16:36:19+00:00\",\"dateModified\":\"2016-04-27T16:36:19+00:00\",\"mainEntityOfPage\":{\"@id\":\"https:\/\/peoplesphere.be\/fr\/la-societe-mactac-implantee-notamment-a-soignies-rachetee-par-avery-dennison\/\"},\"wordCount\":451,\"publisher\":{\"@id\":\"https:\/\/peoplesphere.be\/fr\/#organization\"},\"keywords\":[\"consolidation\",\"fusion - acquisition\"],\"articleSection\":[\"Actualit\u00e9s\",\"Digital\"],\"inLanguage\":\"fr-FR\"},{\"@type\":\"WebPage\",\"@id\":\"https:\/\/peoplesphere.be\/fr\/la-societe-mactac-implantee-notamment-a-soignies-rachetee-par-avery-dennison\/\",\"url\":\"https:\/\/peoplesphere.be\/fr\/la-societe-mactac-implantee-notamment-a-soignies-rachetee-par-avery-dennison\/\",\"name\":\"La soci\u00e9t\u00e9 Mactac, implant\u00e9e notamment \u00e0 Soignies, rachet\u00e9e par Avery Dennison. - Peoplesphere\",\"isPartOf\":{\"@id\":\"https:\/\/peoplesphere.be\/fr\/#website\"},\"datePublished\":\"2016-04-27T16:36:19+00:00\",\"dateModified\":\"2016-04-27T16:36:19+00:00\",\"breadcrumb\":{\"@id\":\"https:\/\/peoplesphere.be\/fr\/la-societe-mactac-implantee-notamment-a-soignies-rachetee-par-avery-dennison\/#breadcrumb\"},\"inLanguage\":\"fr-FR\",\"potentialAction\":[{\"@type\":\"ReadAction\",\"target\":[\"https:\/\/peoplesphere.be\/fr\/la-societe-mactac-implantee-notamment-a-soignies-rachetee-par-avery-dennison\/\"]}]},{\"@type\":\"BreadcrumbList\",\"@id\":\"https:\/\/peoplesphere.be\/fr\/la-societe-mactac-implantee-notamment-a-soignies-rachetee-par-avery-dennison\/#breadcrumb\",\"itemListElement\":[{\"@type\":\"ListItem\",\"position\":1,\"name\":\"Accueil\",\"item\":\"https:\/\/peoplesphere.be\/fr\/\"},{\"@type\":\"ListItem\",\"position\":2,\"name\":\"La soci\u00e9t\u00e9 Mactac, implant\u00e9e notamment \u00e0 Soignies, rachet\u00e9e par Avery Dennison.\"}]},{\"@type\":\"WebSite\",\"@id\":\"https:\/\/peoplesphere.be\/fr\/#website\",\"url\":\"https:\/\/peoplesphere.be\/fr\/\",\"name\":\"Peoplesphere\",\"description\":\"The People Managers Magazine\",\"publisher\":{\"@id\":\"https:\/\/peoplesphere.be\/fr\/#organization\"},\"potentialAction\":[{\"@type\":\"SearchAction\",\"target\":{\"@type\":\"EntryPoint\",\"urlTemplate\":\"https:\/\/peoplesphere.be\/fr\/?s={search_term_string}\"},\"query-input\":\"required name=search_term_string\"}],\"inLanguage\":\"fr-FR\"},{\"@type\":\"Organization\",\"@id\":\"https:\/\/peoplesphere.be\/fr\/#organization\",\"name\":\"Peoplesphere Company srl\",\"url\":\"https:\/\/peoplesphere.be\/fr\/\",\"logo\":{\"@type\":\"ImageObject\",\"inLanguage\":\"fr-FR\",\"@id\":\"https:\/\/peoplesphere.be\/fr\/#\/schema\/logo\/image\/\",\"url\":\"https:\/\/peoplesphere.be\/fr\/wp-content\/uploads\/2023\/07\/peoplesphere-lgo-new-generik.jpg\",\"contentUrl\":\"https:\/\/peoplesphere.be\/fr\/wp-content\/uploads\/2023\/07\/peoplesphere-lgo-new-generik.jpg\",\"width\":1031,\"height\":1479,\"caption\":\"Peoplesphere Company srl\"},\"image\":{\"@id\":\"https:\/\/peoplesphere.be\/fr\/#\/schema\/logo\/image\/\"},\"sameAs\":[\"https:\/\/www.facebook.com\/peoplesphere\",\"https:\/\/twitter.com\/PeoplesphereMag\",\"https:\/\/www.linkedin.com\/company\/7587361?trk\",\"http:\/\/youtube.com\/peoplesphere\"]},{\"@type\":\"Person\",\"@id\":\"https:\/\/peoplesphere.be\/fr\/#\/schema\/person\/7976225ff17988604334abb7b3536a7e\",\"name\":\"Jean-Paul Erhard\",\"image\":{\"@type\":\"ImageObject\",\"inLanguage\":\"fr-FR\",\"@id\":\"https:\/\/peoplesphere.be\/fr\/#\/schema\/person\/image\/\",\"url\":\"https:\/\/secure.gravatar.com\/avatar\/f941e681460179738071629a51574930?s=96&d=mm&r=g\",\"contentUrl\":\"https:\/\/secure.gravatar.com\/avatar\/f941e681460179738071629a51574930?s=96&d=mm&r=g\",\"caption\":\"Jean-Paul Erhard\"},\"url\":\"https:\/\/peoplesphere.be\/fr\/author\/jpe\/\"}]}<\/script>\n<!-- \/ Yoast SEO plugin. -->","yoast_head_json":{"title":"La soci\u00e9t\u00e9 Mactac, implant\u00e9e notamment \u00e0 Soignies, rachet\u00e9e par Avery Dennison. - Peoplesphere","robots":{"index":"index","follow":"follow","max-snippet":"max-snippet:-1","max-image-preview":"max-image-preview:large","max-video-preview":"max-video-preview:-1"},"canonical":"https:\/\/peoplesphere.be\/fr\/la-societe-mactac-implantee-notamment-a-soignies-rachetee-par-avery-dennison\/","og_locale":"fr_FR","og_type":"article","og_title":"La soci\u00e9t\u00e9 Mactac, implant\u00e9e notamment \u00e0 Soignies, rachet\u00e9e par Avery Dennison. - Peoplesphere","og_description":"Avery Dennison (NYSE:AVY) a annonc\u00e9 aujourd\u2019hui un accord d\u00e9finitif visant \u00e0 acqu\u00e9rir les activit\u00e9s europ\u00e9ennes de Mactac aupr\u00e8s de Platinum Equity, un fonds d\u2019investissement priv\u00e9 bas\u00e9 en Californie, pour un prix d\u2019achat de 200 millions d\u2019euros , en ce compris [&hellip;]","og_url":"https:\/\/peoplesphere.be\/fr\/la-societe-mactac-implantee-notamment-a-soignies-rachetee-par-avery-dennison\/","og_site_name":"Peoplesphere","article_publisher":"https:\/\/www.facebook.com\/peoplesphere","article_published_time":"2016-04-27T16:36:19+00:00","og_image":[{"url":"http:\/\/www.peoplesphere.be\/fr\/wp-content\/uploads\/2016\/07\/facebook-default-posting-1200x628px.jpg"}],"author":"Jean-Paul Erhard","twitter_card":"summary_large_image","twitter_creator":"@PeoplesphereMag","twitter_site":"@PeoplesphereMag","twitter_misc":{"\u00c9crit par":"Jean-Paul Erhard","Dur\u00e9e de lecture estim\u00e9e":"2 minutes"},"schema":{"@context":"https:\/\/schema.org","@graph":[{"@type":"Article","@id":"https:\/\/peoplesphere.be\/fr\/la-societe-mactac-implantee-notamment-a-soignies-rachetee-par-avery-dennison\/#article","isPartOf":{"@id":"https:\/\/peoplesphere.be\/fr\/la-societe-mactac-implantee-notamment-a-soignies-rachetee-par-avery-dennison\/"},"author":{"name":"Jean-Paul Erhard","@id":"https:\/\/peoplesphere.be\/fr\/#\/schema\/person\/7976225ff17988604334abb7b3536a7e"},"headline":"La soci\u00e9t\u00e9 Mactac, implant\u00e9e notamment \u00e0 Soignies, rachet\u00e9e par Avery Dennison.","datePublished":"2016-04-27T16:36:19+00:00","dateModified":"2016-04-27T16:36:19+00:00","mainEntityOfPage":{"@id":"https:\/\/peoplesphere.be\/fr\/la-societe-mactac-implantee-notamment-a-soignies-rachetee-par-avery-dennison\/"},"wordCount":451,"publisher":{"@id":"https:\/\/peoplesphere.be\/fr\/#organization"},"keywords":["consolidation","fusion - acquisition"],"articleSection":["Actualit\u00e9s","Digital"],"inLanguage":"fr-FR"},{"@type":"WebPage","@id":"https:\/\/peoplesphere.be\/fr\/la-societe-mactac-implantee-notamment-a-soignies-rachetee-par-avery-dennison\/","url":"https:\/\/peoplesphere.be\/fr\/la-societe-mactac-implantee-notamment-a-soignies-rachetee-par-avery-dennison\/","name":"La soci\u00e9t\u00e9 Mactac, implant\u00e9e notamment \u00e0 Soignies, rachet\u00e9e par Avery Dennison. - Peoplesphere","isPartOf":{"@id":"https:\/\/peoplesphere.be\/fr\/#website"},"datePublished":"2016-04-27T16:36:19+00:00","dateModified":"2016-04-27T16:36:19+00:00","breadcrumb":{"@id":"https:\/\/peoplesphere.be\/fr\/la-societe-mactac-implantee-notamment-a-soignies-rachetee-par-avery-dennison\/#breadcrumb"},"inLanguage":"fr-FR","potentialAction":[{"@type":"ReadAction","target":["https:\/\/peoplesphere.be\/fr\/la-societe-mactac-implantee-notamment-a-soignies-rachetee-par-avery-dennison\/"]}]},{"@type":"BreadcrumbList","@id":"https:\/\/peoplesphere.be\/fr\/la-societe-mactac-implantee-notamment-a-soignies-rachetee-par-avery-dennison\/#breadcrumb","itemListElement":[{"@type":"ListItem","position":1,"name":"Accueil","item":"https:\/\/peoplesphere.be\/fr\/"},{"@type":"ListItem","position":2,"name":"La soci\u00e9t\u00e9 Mactac, implant\u00e9e notamment \u00e0 Soignies, rachet\u00e9e par Avery Dennison."}]},{"@type":"WebSite","@id":"https:\/\/peoplesphere.be\/fr\/#website","url":"https:\/\/peoplesphere.be\/fr\/","name":"Peoplesphere","description":"The People Managers Magazine","publisher":{"@id":"https:\/\/peoplesphere.be\/fr\/#organization"},"potentialAction":[{"@type":"SearchAction","target":{"@type":"EntryPoint","urlTemplate":"https:\/\/peoplesphere.be\/fr\/?s={search_term_string}"},"query-input":"required name=search_term_string"}],"inLanguage":"fr-FR"},{"@type":"Organization","@id":"https:\/\/peoplesphere.be\/fr\/#organization","name":"Peoplesphere Company srl","url":"https:\/\/peoplesphere.be\/fr\/","logo":{"@type":"ImageObject","inLanguage":"fr-FR","@id":"https:\/\/peoplesphere.be\/fr\/#\/schema\/logo\/image\/","url":"https:\/\/peoplesphere.be\/fr\/wp-content\/uploads\/2023\/07\/peoplesphere-lgo-new-generik.jpg","contentUrl":"https:\/\/peoplesphere.be\/fr\/wp-content\/uploads\/2023\/07\/peoplesphere-lgo-new-generik.jpg","width":1031,"height":1479,"caption":"Peoplesphere Company srl"},"image":{"@id":"https:\/\/peoplesphere.be\/fr\/#\/schema\/logo\/image\/"},"sameAs":["https:\/\/www.facebook.com\/peoplesphere","https:\/\/twitter.com\/PeoplesphereMag","https:\/\/www.linkedin.com\/company\/7587361?trk","http:\/\/youtube.com\/peoplesphere"]},{"@type":"Person","@id":"https:\/\/peoplesphere.be\/fr\/#\/schema\/person\/7976225ff17988604334abb7b3536a7e","name":"Jean-Paul Erhard","image":{"@type":"ImageObject","inLanguage":"fr-FR","@id":"https:\/\/peoplesphere.be\/fr\/#\/schema\/person\/image\/","url":"https:\/\/secure.gravatar.com\/avatar\/f941e681460179738071629a51574930?s=96&d=mm&r=g","contentUrl":"https:\/\/secure.gravatar.com\/avatar\/f941e681460179738071629a51574930?s=96&d=mm&r=g","caption":"Jean-Paul Erhard"},"url":"https:\/\/peoplesphere.be\/fr\/author\/jpe\/"}]}},"_links":{"self":[{"href":"https:\/\/peoplesphere.be\/fr\/wp-json\/wp\/v2\/posts\/2787"}],"collection":[{"href":"https:\/\/peoplesphere.be\/fr\/wp-json\/wp\/v2\/posts"}],"about":[{"href":"https:\/\/peoplesphere.be\/fr\/wp-json\/wp\/v2\/types\/post"}],"author":[{"embeddable":true,"href":"https:\/\/peoplesphere.be\/fr\/wp-json\/wp\/v2\/users\/2"}],"replies":[{"embeddable":true,"href":"https:\/\/peoplesphere.be\/fr\/wp-json\/wp\/v2\/comments?post=2787"}],"version-history":[{"count":1,"href":"https:\/\/peoplesphere.be\/fr\/wp-json\/wp\/v2\/posts\/2787\/revisions"}],"predecessor-version":[{"id":2788,"href":"https:\/\/peoplesphere.be\/fr\/wp-json\/wp\/v2\/posts\/2787\/revisions\/2788"}],"wp:attachment":[{"href":"https:\/\/peoplesphere.be\/fr\/wp-json\/wp\/v2\/media?parent=2787"}],"wp:term":[{"taxonomy":"category","embeddable":true,"href":"https:\/\/peoplesphere.be\/fr\/wp-json\/wp\/v2\/categories?post=2787"},{"taxonomy":"post_tag","embeddable":true,"href":"https:\/\/peoplesphere.be\/fr\/wp-json\/wp\/v2\/tags?post=2787"}],"curies":[{"name":"wp","href":"https:\/\/api.w.org\/{rel}","templated":true}]}}