









{"id":2893,"date":"2016-05-09T20:46:16","date_gmt":"2016-05-09T18:46:16","guid":{"rendered":"http:\/\/www.peoplesphere.be\/fr\/?p=2893"},"modified":"2016-05-10T06:58:21","modified_gmt":"2016-05-10T04:58:21","slug":"les-statistiques-du-chomage-economique-confirment-la-reprise-economique","status":"publish","type":"post","link":"https:\/\/peoplesphere.be\/fr\/les-statistiques-du-chomage-economique-confirment-la-reprise-economique\/","title":{"rendered":"Les statistiques du ch\u00f4mage \u00e9conomique confirment la reprise."},"content":{"rendered":"<h1>Les mesures du tax shift semblent avoir des effets positifs sur les engagements des premiers travailleurs. L\u2019\u00e9volution du ch\u00f4mage \u00e9conomique dans le premier trimestre le montre \u00e9galement. Apr\u00e8s la communication de Federgon selon laquelle le travail int\u00e9rimaire enregistre une croissance soutenue, le ch\u00f4mage \u00e9conomique conna\u00eet \u00e9galement une bonne nouvelle, selon les chiffres collect\u00e9s par la secr\u00e9tariat social Acerta.<!--more--><\/h1>\n<p><em>\u00ab\u00a0Durant les trois premiers mois de 2015, nous avons d\u00e9j\u00e0 pu constater que les entreprises belges pr\u00e9sentaient moins de ch\u00f4mage \u00e9conomique que pendant la m\u00eame p\u00e9riode en 2014. En 2016, les circonstances \u00e9conomiques semblent \u00e0 nouveau s\u2019\u00eatre am\u00e9lior\u00e9es. Le nombre de jours de ch\u00f4mage \u00e9conomique comme le nombre de travailleurs mis au ch\u00f4mage \u00e9conomique continuent \u00e0 baisser\u00a0\u00bb<\/em>, selon Philippe Depaepe, directeur g\u00e9n\u00e9ral d&rsquo;Acerta pour Bruxelles et la Wallonie.<\/p>\n<p>Le nombre de jours de ch\u00f4mage \u00e9conomique des ouvriers s\u2019\u00e9l\u00e8ve encore uniquement \u00e0 1,81 % du nombre de jours ouvrables (contre respectivement 2,48 % et 2,22 % en 2014 et 2015 ou une diminution de pratiquement 27 % par rapport \u00e0 l\u2019ann\u00e9e pass\u00e9e). Au niveau r\u00e9gional, le recours au ch\u00f4mage \u00e9conomique est encore plus \u00e9lev\u00e9 en Wallonie et \u00e0 Bruxelles qu\u2019en Flandre. Les ouvriers occup\u00e9s dans des entreprises wallonnes sont mis au ch\u00f4mage technique en moyenne 2,56 % de leurs jours de travail. Ce chiffre passe \u00e0 2,19 % du nombre de jours ouvrables \u00e0 Bruxelles et \u00e0 1,81 % en Flandre.<\/p>\n<p><em>\u00ab\u00a0Cependant, la situation semble s\u2019am\u00e9liorer davantage en Wallonie qu\u2019en Flandre\u00a0\u00bb<\/em>, affirme Philippe Depaepe. <em>\u00ab\u00a0Le ch\u00f4mage \u00e9conomique dans les soci\u00e9t\u00e9s wallonnes affili\u00e9es aupr\u00e8s d\u2019Acerta a baiss\u00e9 de quelque 43 % par rapport au premier trimestre 2015. Pour la Flandre, la diminution correspond \u00e0 24 % et Bruxelles affiche un status quo.\u00a0\u00bb<\/em><\/p>\n<p><strong><em>Les petites entreprises \u00e0 l&rsquo;honneur<\/em><\/strong><\/p>\n<p>Ce sont principalement les plus petites soci\u00e9t\u00e9s qui obtiendraient de meilleurs r\u00e9sultats que l\u2019ann\u00e9e pass\u00e9e, avec une augmentation de 31 % en termes du nombre de jours de ch\u00f4mage \u00e9conomique dans les entreprises de moins de 10 travailleurs. Pour les soci\u00e9t\u00e9s de moins de 50 travailleurs, la baisse atteint m\u00eame 37 %. Elles mettent leurs ouvriers au ch\u00f4mage \u00e9conomique environ 2 % de leur temps de travail.<\/p>\n<p>Dans les moyennes entreprises (entre 100 et 500 travailleurs), les chiffres en mati\u00e8re de ch\u00f4mage \u00e9conomique refl\u00e8tent moins la reprise \u00e9conomique. En effet, le nombre de jours s\u2019y \u00e9l\u00e8ve encore \u00e0 quelque 1,73 %. Le premier trimestre 2016 affiche une l\u00e9g\u00e8re hausse par rapport \u00e0 la m\u00eame p\u00e9riode en 2015.<\/p>\n<p>Pour leur part, les soci\u00e9t\u00e9s de plus de 500 travailleurs connaissent proportionnellement encore moins de ch\u00f4mage \u00e9conomique : environ 1,55 % du nombre de jours de travail des ouvriers y est consacr\u00e9, soit un recul de 7 % en comparaison avec 2015.<\/p>\n<p><strong><em>De bons \u00e9l\u00e8ves ?<\/em><\/strong><\/p>\n<p>Des diff\u00e9rences manifestes surviennent \u00e9galement entre les secteurs. L\u2019industrie m\u00e9tallurgique t\u00e9moigne de la relance \u00e9conomique la plus notable : il est actuellement question de 2,19 % de ch\u00f4mage \u00e9conomique, ou une am\u00e9lioration de quelque 47 % par rapport \u00e0 2015.<\/p>\n<p>La situation se d\u00e9grade temporairement dans d\u2019autres secteurs industriels : dans l\u2019industrie alimentaire, le recours au ch\u00f4mage \u00e9conomique passe \u00e0 2,24 %, ce qui signifie une hausse de 20 % \u00e0 l\u2019\u00e9gard de 2015. L\u2019industrie chimique enregistre 1,26 % de ch\u00f4mage \u00e9conomique de plus, soit une progression de 11 %.<\/p>\n<p>Dans l\u2019industrie alimentaire, on constate par contre une baisse prononc\u00e9e de 30 %, pour atteindre 0,86 % du nombre de jours de travail.<\/p>\n<p>Apr\u00e8s la chute du ch\u00f4mage temporaire pour motifs \u00e9conomiques au printemps 2015 (-40 % par rapport au printemps 2014, les trois premiers mois de 2016 observent une nouvelle diminution de 22 %. N\u00e9anmoins, avec 2,56 jours de travail au ch\u00f4mage \u00e9conomique sur 100, le secteur de la construction conserve des r\u00e9sultats relativement \u00e9lev\u00e9s.<\/p>\n<p>Le secteur du transport obtient pour sa part un faible pourcentage de ch\u00f4mage : 1,65 %. En comparaison avec les ann\u00e9es pr\u00e9c\u00e9dentes, la situation se d\u00e9t\u00e9riore toutefois pendant le premier trimestre 2016.<\/p>\n<p>Le gouvernement a d\u00e9cid\u00e9 de faire payer davantage aux utilisateurs r\u00e9guliers du ch\u00f4mage \u00e9conomique qu\u2019aujourd\u2019hui. \u00c0 ce jour, cette mesure n\u2019a pas encore \u00e9t\u00e9 transcrite dans la l\u00e9gislation. <em>\u00ab\u00a0Nous remarquons tout de m\u00eame que les employeurs introduisent moins de ch\u00f4mage \u00e9conomique. D\u00e8s lors, nous pouvons prudemment affirmer que cette baisse annonce que l\u2019activit\u00e9 \u00e9conomique dans l\u2019industrie manufacturi\u00e8re a connu une am\u00e9lioration pendant le premier trimestre 2016 par rapport au d\u00e9but 2015\u00a0\u00bb<\/em>, explique Philippe Depaepe. Les chiffres temporaires d\u2019avril 2016 indiquent une poursuite du recul du ch\u00f4mage \u00e9conomique. Les effets sur le ch\u00f4mage temporaire \u00e0 la suite des attentats de Bruxelles ne sont pas encore visibles dans ces r\u00e9sultats. Les chiffres les refl\u00e8teront uniquement \u00e0 partir d\u2019avril.<\/p>\n","protected":false},"excerpt":{"rendered":"<p>Les mesures du tax shift semblent avoir des effets positifs sur les engagements des premiers travailleurs. L\u2019\u00e9volution du ch\u00f4mage \u00e9conomique dans le premier trimestre le montre \u00e9galement. Apr\u00e8s la communication de Federgon selon laquelle le travail int\u00e9rimaire enregistre une croissance [&hellip;]<\/p>\n","protected":false},"author":2,"featured_media":0,"comment_status":"closed","ping_status":"open","sticky":false,"template":"","format":"standard","meta":[],"categories":[65,10],"tags":[502,11,487],"yoast_head":"<!-- This site is optimized with the Yoast SEO plugin v21.0 - https:\/\/yoast.com\/wordpress\/plugins\/seo\/ -->\n<title>Les statistiques du ch\u00f4mage \u00e9conomique confirment la reprise. - Peoplesphere<\/title>\n<meta name=\"robots\" content=\"index, follow, max-snippet:-1, max-image-preview:large, max-video-preview:-1\" \/>\n<link rel=\"canonical\" href=\"https:\/\/peoplesphere.be\/fr\/les-statistiques-du-chomage-economique-confirment-la-reprise-economique\/\" \/>\n<meta property=\"og:locale\" content=\"fr_FR\" \/>\n<meta property=\"og:type\" content=\"article\" \/>\n<meta property=\"og:title\" content=\"Les statistiques du ch\u00f4mage \u00e9conomique confirment la reprise. - Peoplesphere\" \/>\n<meta property=\"og:description\" content=\"Les mesures du tax shift semblent avoir des effets positifs sur les engagements des premiers travailleurs. L\u2019\u00e9volution du ch\u00f4mage \u00e9conomique dans le premier trimestre le montre \u00e9galement. Apr\u00e8s la communication de Federgon selon laquelle le travail int\u00e9rimaire enregistre une croissance [&hellip;]\" \/>\n<meta property=\"og:url\" content=\"https:\/\/peoplesphere.be\/fr\/les-statistiques-du-chomage-economique-confirment-la-reprise-economique\/\" \/>\n<meta property=\"og:site_name\" content=\"Peoplesphere\" \/>\n<meta property=\"article:publisher\" content=\"https:\/\/www.facebook.com\/peoplesphere\" \/>\n<meta property=\"article:published_time\" content=\"2016-05-09T18:46:16+00:00\" \/>\n<meta property=\"article:modified_time\" content=\"2016-05-10T04:58:21+00:00\" \/>\n<meta property=\"og:image\" content=\"http:\/\/www.peoplesphere.be\/fr\/wp-content\/uploads\/2016\/07\/facebook-default-posting-1200x628px.jpg\" \/>\n<meta name=\"author\" content=\"Jean-Paul Erhard\" \/>\n<meta name=\"twitter:card\" content=\"summary_large_image\" \/>\n<meta name=\"twitter:creator\" content=\"@PeoplesphereMag\" \/>\n<meta name=\"twitter:site\" content=\"@PeoplesphereMag\" \/>\n<meta name=\"twitter:label1\" content=\"\u00c9crit par\" \/>\n\t<meta name=\"twitter:data1\" content=\"Jean-Paul Erhard\" \/>\n\t<meta name=\"twitter:label2\" content=\"Dur\u00e9e de lecture estim\u00e9e\" \/>\n\t<meta name=\"twitter:data2\" content=\"4 minutes\" \/>\n<script type=\"application\/ld+json\" class=\"yoast-schema-graph\">{\"@context\":\"https:\/\/schema.org\",\"@graph\":[{\"@type\":\"Article\",\"@id\":\"https:\/\/peoplesphere.be\/fr\/les-statistiques-du-chomage-economique-confirment-la-reprise-economique\/#article\",\"isPartOf\":{\"@id\":\"https:\/\/peoplesphere.be\/fr\/les-statistiques-du-chomage-economique-confirment-la-reprise-economique\/\"},\"author\":{\"name\":\"Jean-Paul Erhard\",\"@id\":\"https:\/\/peoplesphere.be\/fr\/#\/schema\/person\/7976225ff17988604334abb7b3536a7e\"},\"headline\":\"Les statistiques du ch\u00f4mage \u00e9conomique confirment la reprise.\",\"datePublished\":\"2016-05-09T18:46:16+00:00\",\"dateModified\":\"2016-05-10T04:58:21+00:00\",\"mainEntityOfPage\":{\"@id\":\"https:\/\/peoplesphere.be\/fr\/les-statistiques-du-chomage-economique-confirment-la-reprise-economique\/\"},\"wordCount\":782,\"publisher\":{\"@id\":\"https:\/\/peoplesphere.be\/fr\/#organization\"},\"keywords\":[\"ch\u00f4mage \u00e9conomique\",\"emploi\",\"reprise \u00e9conomique\"],\"articleSection\":[\"Actualit\u00e9s\",\"Digital\"],\"inLanguage\":\"fr-FR\"},{\"@type\":\"WebPage\",\"@id\":\"https:\/\/peoplesphere.be\/fr\/les-statistiques-du-chomage-economique-confirment-la-reprise-economique\/\",\"url\":\"https:\/\/peoplesphere.be\/fr\/les-statistiques-du-chomage-economique-confirment-la-reprise-economique\/\",\"name\":\"Les statistiques du ch\u00f4mage \u00e9conomique confirment la reprise. - Peoplesphere\",\"isPartOf\":{\"@id\":\"https:\/\/peoplesphere.be\/fr\/#website\"},\"datePublished\":\"2016-05-09T18:46:16+00:00\",\"dateModified\":\"2016-05-10T04:58:21+00:00\",\"breadcrumb\":{\"@id\":\"https:\/\/peoplesphere.be\/fr\/les-statistiques-du-chomage-economique-confirment-la-reprise-economique\/#breadcrumb\"},\"inLanguage\":\"fr-FR\",\"potentialAction\":[{\"@type\":\"ReadAction\",\"target\":[\"https:\/\/peoplesphere.be\/fr\/les-statistiques-du-chomage-economique-confirment-la-reprise-economique\/\"]}]},{\"@type\":\"BreadcrumbList\",\"@id\":\"https:\/\/peoplesphere.be\/fr\/les-statistiques-du-chomage-economique-confirment-la-reprise-economique\/#breadcrumb\",\"itemListElement\":[{\"@type\":\"ListItem\",\"position\":1,\"name\":\"Accueil\",\"item\":\"https:\/\/peoplesphere.be\/fr\/\"},{\"@type\":\"ListItem\",\"position\":2,\"name\":\"Les statistiques du ch\u00f4mage \u00e9conomique confirment la reprise.\"}]},{\"@type\":\"WebSite\",\"@id\":\"https:\/\/peoplesphere.be\/fr\/#website\",\"url\":\"https:\/\/peoplesphere.be\/fr\/\",\"name\":\"Peoplesphere\",\"description\":\"The People Managers Magazine\",\"publisher\":{\"@id\":\"https:\/\/peoplesphere.be\/fr\/#organization\"},\"potentialAction\":[{\"@type\":\"SearchAction\",\"target\":{\"@type\":\"EntryPoint\",\"urlTemplate\":\"https:\/\/peoplesphere.be\/fr\/?s={search_term_string}\"},\"query-input\":\"required name=search_term_string\"}],\"inLanguage\":\"fr-FR\"},{\"@type\":\"Organization\",\"@id\":\"https:\/\/peoplesphere.be\/fr\/#organization\",\"name\":\"Peoplesphere Company srl\",\"url\":\"https:\/\/peoplesphere.be\/fr\/\",\"logo\":{\"@type\":\"ImageObject\",\"inLanguage\":\"fr-FR\",\"@id\":\"https:\/\/peoplesphere.be\/fr\/#\/schema\/logo\/image\/\",\"url\":\"https:\/\/peoplesphere.be\/fr\/wp-content\/uploads\/2023\/07\/peoplesphere-lgo-new-generik.jpg\",\"contentUrl\":\"https:\/\/peoplesphere.be\/fr\/wp-content\/uploads\/2023\/07\/peoplesphere-lgo-new-generik.jpg\",\"width\":1031,\"height\":1479,\"caption\":\"Peoplesphere Company srl\"},\"image\":{\"@id\":\"https:\/\/peoplesphere.be\/fr\/#\/schema\/logo\/image\/\"},\"sameAs\":[\"https:\/\/www.facebook.com\/peoplesphere\",\"https:\/\/twitter.com\/PeoplesphereMag\",\"https:\/\/www.linkedin.com\/company\/7587361?trk\",\"http:\/\/youtube.com\/peoplesphere\"]},{\"@type\":\"Person\",\"@id\":\"https:\/\/peoplesphere.be\/fr\/#\/schema\/person\/7976225ff17988604334abb7b3536a7e\",\"name\":\"Jean-Paul Erhard\",\"image\":{\"@type\":\"ImageObject\",\"inLanguage\":\"fr-FR\",\"@id\":\"https:\/\/peoplesphere.be\/fr\/#\/schema\/person\/image\/\",\"url\":\"https:\/\/secure.gravatar.com\/avatar\/f941e681460179738071629a51574930?s=96&d=mm&r=g\",\"contentUrl\":\"https:\/\/secure.gravatar.com\/avatar\/f941e681460179738071629a51574930?s=96&d=mm&r=g\",\"caption\":\"Jean-Paul Erhard\"},\"url\":\"https:\/\/peoplesphere.be\/fr\/author\/jpe\/\"}]}<\/script>\n<!-- \/ Yoast SEO plugin. -->","yoast_head_json":{"title":"Les statistiques du ch\u00f4mage \u00e9conomique confirment la reprise. - Peoplesphere","robots":{"index":"index","follow":"follow","max-snippet":"max-snippet:-1","max-image-preview":"max-image-preview:large","max-video-preview":"max-video-preview:-1"},"canonical":"https:\/\/peoplesphere.be\/fr\/les-statistiques-du-chomage-economique-confirment-la-reprise-economique\/","og_locale":"fr_FR","og_type":"article","og_title":"Les statistiques du ch\u00f4mage \u00e9conomique confirment la reprise. - Peoplesphere","og_description":"Les mesures du tax shift semblent avoir des effets positifs sur les engagements des premiers travailleurs. L\u2019\u00e9volution du ch\u00f4mage \u00e9conomique dans le premier trimestre le montre \u00e9galement. Apr\u00e8s la communication de Federgon selon laquelle le travail int\u00e9rimaire enregistre une croissance [&hellip;]","og_url":"https:\/\/peoplesphere.be\/fr\/les-statistiques-du-chomage-economique-confirment-la-reprise-economique\/","og_site_name":"Peoplesphere","article_publisher":"https:\/\/www.facebook.com\/peoplesphere","article_published_time":"2016-05-09T18:46:16+00:00","article_modified_time":"2016-05-10T04:58:21+00:00","og_image":[{"url":"http:\/\/www.peoplesphere.be\/fr\/wp-content\/uploads\/2016\/07\/facebook-default-posting-1200x628px.jpg"}],"author":"Jean-Paul Erhard","twitter_card":"summary_large_image","twitter_creator":"@PeoplesphereMag","twitter_site":"@PeoplesphereMag","twitter_misc":{"\u00c9crit par":"Jean-Paul Erhard","Dur\u00e9e de lecture estim\u00e9e":"4 minutes"},"schema":{"@context":"https:\/\/schema.org","@graph":[{"@type":"Article","@id":"https:\/\/peoplesphere.be\/fr\/les-statistiques-du-chomage-economique-confirment-la-reprise-economique\/#article","isPartOf":{"@id":"https:\/\/peoplesphere.be\/fr\/les-statistiques-du-chomage-economique-confirment-la-reprise-economique\/"},"author":{"name":"Jean-Paul Erhard","@id":"https:\/\/peoplesphere.be\/fr\/#\/schema\/person\/7976225ff17988604334abb7b3536a7e"},"headline":"Les statistiques du ch\u00f4mage \u00e9conomique confirment la reprise.","datePublished":"2016-05-09T18:46:16+00:00","dateModified":"2016-05-10T04:58:21+00:00","mainEntityOfPage":{"@id":"https:\/\/peoplesphere.be\/fr\/les-statistiques-du-chomage-economique-confirment-la-reprise-economique\/"},"wordCount":782,"publisher":{"@id":"https:\/\/peoplesphere.be\/fr\/#organization"},"keywords":["ch\u00f4mage \u00e9conomique","emploi","reprise \u00e9conomique"],"articleSection":["Actualit\u00e9s","Digital"],"inLanguage":"fr-FR"},{"@type":"WebPage","@id":"https:\/\/peoplesphere.be\/fr\/les-statistiques-du-chomage-economique-confirment-la-reprise-economique\/","url":"https:\/\/peoplesphere.be\/fr\/les-statistiques-du-chomage-economique-confirment-la-reprise-economique\/","name":"Les statistiques du ch\u00f4mage \u00e9conomique confirment la reprise. - Peoplesphere","isPartOf":{"@id":"https:\/\/peoplesphere.be\/fr\/#website"},"datePublished":"2016-05-09T18:46:16+00:00","dateModified":"2016-05-10T04:58:21+00:00","breadcrumb":{"@id":"https:\/\/peoplesphere.be\/fr\/les-statistiques-du-chomage-economique-confirment-la-reprise-economique\/#breadcrumb"},"inLanguage":"fr-FR","potentialAction":[{"@type":"ReadAction","target":["https:\/\/peoplesphere.be\/fr\/les-statistiques-du-chomage-economique-confirment-la-reprise-economique\/"]}]},{"@type":"BreadcrumbList","@id":"https:\/\/peoplesphere.be\/fr\/les-statistiques-du-chomage-economique-confirment-la-reprise-economique\/#breadcrumb","itemListElement":[{"@type":"ListItem","position":1,"name":"Accueil","item":"https:\/\/peoplesphere.be\/fr\/"},{"@type":"ListItem","position":2,"name":"Les statistiques du ch\u00f4mage \u00e9conomique confirment la reprise."}]},{"@type":"WebSite","@id":"https:\/\/peoplesphere.be\/fr\/#website","url":"https:\/\/peoplesphere.be\/fr\/","name":"Peoplesphere","description":"The People Managers Magazine","publisher":{"@id":"https:\/\/peoplesphere.be\/fr\/#organization"},"potentialAction":[{"@type":"SearchAction","target":{"@type":"EntryPoint","urlTemplate":"https:\/\/peoplesphere.be\/fr\/?s={search_term_string}"},"query-input":"required name=search_term_string"}],"inLanguage":"fr-FR"},{"@type":"Organization","@id":"https:\/\/peoplesphere.be\/fr\/#organization","name":"Peoplesphere Company srl","url":"https:\/\/peoplesphere.be\/fr\/","logo":{"@type":"ImageObject","inLanguage":"fr-FR","@id":"https:\/\/peoplesphere.be\/fr\/#\/schema\/logo\/image\/","url":"https:\/\/peoplesphere.be\/fr\/wp-content\/uploads\/2023\/07\/peoplesphere-lgo-new-generik.jpg","contentUrl":"https:\/\/peoplesphere.be\/fr\/wp-content\/uploads\/2023\/07\/peoplesphere-lgo-new-generik.jpg","width":1031,"height":1479,"caption":"Peoplesphere Company srl"},"image":{"@id":"https:\/\/peoplesphere.be\/fr\/#\/schema\/logo\/image\/"},"sameAs":["https:\/\/www.facebook.com\/peoplesphere","https:\/\/twitter.com\/PeoplesphereMag","https:\/\/www.linkedin.com\/company\/7587361?trk","http:\/\/youtube.com\/peoplesphere"]},{"@type":"Person","@id":"https:\/\/peoplesphere.be\/fr\/#\/schema\/person\/7976225ff17988604334abb7b3536a7e","name":"Jean-Paul Erhard","image":{"@type":"ImageObject","inLanguage":"fr-FR","@id":"https:\/\/peoplesphere.be\/fr\/#\/schema\/person\/image\/","url":"https:\/\/secure.gravatar.com\/avatar\/f941e681460179738071629a51574930?s=96&d=mm&r=g","contentUrl":"https:\/\/secure.gravatar.com\/avatar\/f941e681460179738071629a51574930?s=96&d=mm&r=g","caption":"Jean-Paul Erhard"},"url":"https:\/\/peoplesphere.be\/fr\/author\/jpe\/"}]}},"_links":{"self":[{"href":"https:\/\/peoplesphere.be\/fr\/wp-json\/wp\/v2\/posts\/2893"}],"collection":[{"href":"https:\/\/peoplesphere.be\/fr\/wp-json\/wp\/v2\/posts"}],"about":[{"href":"https:\/\/peoplesphere.be\/fr\/wp-json\/wp\/v2\/types\/post"}],"author":[{"embeddable":true,"href":"https:\/\/peoplesphere.be\/fr\/wp-json\/wp\/v2\/users\/2"}],"replies":[{"embeddable":true,"href":"https:\/\/peoplesphere.be\/fr\/wp-json\/wp\/v2\/comments?post=2893"}],"version-history":[{"count":2,"href":"https:\/\/peoplesphere.be\/fr\/wp-json\/wp\/v2\/posts\/2893\/revisions"}],"predecessor-version":[{"id":2897,"href":"https:\/\/peoplesphere.be\/fr\/wp-json\/wp\/v2\/posts\/2893\/revisions\/2897"}],"wp:attachment":[{"href":"https:\/\/peoplesphere.be\/fr\/wp-json\/wp\/v2\/media?parent=2893"}],"wp:term":[{"taxonomy":"category","embeddable":true,"href":"https:\/\/peoplesphere.be\/fr\/wp-json\/wp\/v2\/categories?post=2893"},{"taxonomy":"post_tag","embeddable":true,"href":"https:\/\/peoplesphere.be\/fr\/wp-json\/wp\/v2\/tags?post=2893"}],"curies":[{"name":"wp","href":"https:\/\/api.w.org\/{rel}","templated":true}]}}