









{"id":2898,"date":"2016-05-11T11:07:13","date_gmt":"2016-05-11T09:07:13","guid":{"rendered":"http:\/\/www.peoplesphere.be\/fr\/?p=2898"},"modified":"2016-05-12T05:29:58","modified_gmt":"2016-05-12T03:29:58","slug":"pourquoi-les-dirigeants-privilegient-ils-desormais-le-collectif","status":"publish","type":"post","link":"https:\/\/peoplesphere.be\/fr\/pourquoi-les-dirigeants-privilegient-ils-desormais-le-collectif\/","title":{"rendered":"Pourquoi les dirigeants privil\u00e9gient-ils d\u00e9sormais le collectif ?"},"content":{"rendered":"<h1><em>\u00ab\u00a0La libert\u00e9 d\u2019entreprendre, le d\u00e9sir d\u2019\u00eatre ensemble\u2026\u00a0\u00bb<\/em> Tel est le titre de notre \u00e9ditorial du dossier Peoplesphere n\u00b0203 consacr\u00e9 au renforcement de la dimension collective au sein de nos entreprises. Jusqu&rsquo;\u00e0 promouvoir le principe de la solidarit\u00e9 au sein des \u00e9quipes et aupr\u00e8s de tous les talents ?\u00a0<!--more--><\/h1>\n<p>Est-il na\u00eff de penser aujourd\u2019hui que l\u2019entreprise devient de plus en plus solidaire?<\/p>\n<p>Les patrons et dirigeants qui d\u00e9cident aujourd\u2019hui de partager leurs actions \u2013 ils sont encore peu nombreux il est vrai -, les dividendes ou les enveloppes de r\u00e9mun\u00e9rations avec tous leurs collaborateurs sont-ils des illumin\u00e9s ? En agissant de la sorte, ne seraient-ils pas simplement en train d\u2019acheter la loyaut\u00e9 et l\u2019engagement de leurs travailleurs?<\/p>\n<p>Pour proposer une r\u00e9ponse possible \u00e0 cette question, nous avions envie de vous proposer la collision de deux id\u00e9es que nous n\u2019avons peut-\u00eatre pas encore confront\u00e9es.<\/p>\n<p>La premi\u00e8re concerne la solitude des sommets, celle \u00e9prouv\u00e9e par celles et ceux qui occupent le sommet de nos organisations (et qui en souffrent g\u00e9n\u00e9ralement). La seconde porte sur le retour au premier plan du collectif dans une soci\u00e9t\u00e9 qui est all\u00e9e assez loin dans le culte de l\u2019individu(alisme) et qui, par effet de balancier, replace les valeurs du groupe au centre de son fonctionnement.<\/p>\n<p>Quel est le ressort de cette contradiction? Il faut essayer de comprendre car, au fond, plus un patron agrandit son organisation et, en cons\u00e9quence, s\u2019entoure d\u2019un nombre important de collaborateurs, plus il se trouve isol\u00e9 dans sa propre entreprise (qu\u2019il en soit propri\u00e9taire ou pas, ce n\u2019est pas la question ici). Pour quelles raisons donc les dirigeants seraint-ils enclins \u00e0 promouvoir les valeurs du collectif et \u00e0 proposer chaque jour \u00e0 de nouveaux collaborateurs de les rejoindre alors qu\u2019au final, c\u2019est un isolement de plus en plus profond qui leur est promis?<\/p>\n<p>Hypoth\u00e8se gauchiste : pour maximiser le profit, \u00e9videmment ! Rendons-nous compte que cette option, m\u00eame si elle a \u00e9t\u00e9 tangible au cours des si\u00e8cles pass\u00e9s, manque de pertinence aujourd\u2019hui. L\u2019automatisation d\u2019une part, et l\u2019inflation des co\u00fbts associ\u00e9s \u00e0 l\u2019emploi sont des r\u00e9alit\u00e9s du 21\u00e8me si\u00e8cle qui vont \u00e0 l\u2019encontre de cette hypoth\u00e8se.<\/p>\n<p>Hypoth\u00e8se romantique : parce que les patrons aiment les gens (et j\u2019ai failli \u00e9crire \u201cpeuple\u201d au lieu de \u201cgens\u201d, par ironie j\u2019en conviens). Le r\u00eave n\u2019est pas interdit. Les drogues, par contre, sont illicites. Bref, ce n\u2019est sans doute pas la r\u00e9ponse.<\/p>\n<p>L\u2019hypoth\u00e8se que nous souhaitons privil\u00e9gier est la suivante : si les patrons et dirigeants oeuvrent chaque jour pour que leurs entreprises deviennent de plus en plus collectives, voire de plus en plus solidaires, c\u2019est parce qu\u2019ils savent que chaque personne se r\u00e9alise ne premier lieu au travers de relations de qualit\u00e9 avec autrui et que ceci s\u2019applique \u00e9galement \u00e0 eux!. Nous sommes des animaux sociaux. Nous avons besoin d\u2019\u00eatre aim\u00e9s, quel que soit notre niveau de responsabilit\u00e9 au sein de l\u2019organisation qui nous r\u00e9unit. Nous pensons qu\u2019il est l\u00e0, le moteur qui nous pousse \u00e0 travailler ensemble.<\/p>\n<p>Mais attention\u2026 Il y a une condition indispensable pour que ce d\u00e9sir d\u2019\u00eatre ensemble et cette ambition collective puissent s\u2019exercer. C\u2019est la libert\u00e9.<br \/>\nLorsqu\u2019on enl\u00e8ve &#8211; au travers d\u2019obligations multiples, vari\u00e9es et absurdes &#8211; la libert\u00e9 \u00e0 l\u2019entrepreneur-travailleur, et bien celui-ci perd simplement tout sens de l\u2019initiative! C\u2019est comme le priver d\u2019oxyg\u00e8ne. Lorsque la contrainte est plus pr\u00e9gnante que la libert\u00e9, il fuit ou il s\u2019\u00e9teint&#8230; Et cesse automatiquement de d\u00e9fendre la solidarit\u00e9 dont nous avons tant besoin.<\/p>\n<p>Jean-Paul ERHARD<\/p>\n<p><strong><em style=\"font-weight: inherit;\">Lire plus ?<\/em><\/strong>\u00a0L\u2019article complet vient de para\u00eetre\u00a0dans l\u2019\u00e9dition print n\u00b0203 de Peoplesphere (FR), dont le dossier th\u00e9matique est consacr\u00e9 \u00e0 l&rsquo;entreprise + collective et + solidaire.<\/p>\n<p>Pour lire le dossier dans son int\u00e9gralit\u00e9, abonnez-vous au magazine (<a style=\"font-style: inherit; color: #9f6960;\" href=\"http:\/\/www.peoplesphere.be\/fr\/abo\/\">http:\/\/www.peoplesphere.be\/fr\/abo\/<\/a>) ou commandez votre \u00e9dition (print ou pdf \u2013 15 euros tvac) via email \u00e0 l\u2019adresse :\u00a0<a style=\"font-style: inherit; color: #9f6960;\" href=\"mailto:info@peoplesphere.be\">info@peoplesphere.be<\/a><\/p>\n<p>&nbsp;<\/p>\n","protected":false},"excerpt":{"rendered":"<p>\u00ab\u00a0La libert\u00e9 d\u2019entreprendre, le d\u00e9sir d\u2019\u00eatre ensemble\u2026\u00a0\u00bb Tel est le titre de notre \u00e9ditorial du dossier Peoplesphere n\u00b0203 consacr\u00e9 au renforcement de la dimension collective au sein de nos entreprises. Jusqu&rsquo;\u00e0 promouvoir le principe de la solidarit\u00e9 au sein des [&hellip;]<\/p>\n","protected":false},"author":2,"featured_media":0,"comment_status":"closed","ping_status":"open","sticky":false,"template":"","format":"standard","meta":[],"categories":[62,2],"tags":[757,756,208,232,758,759],"yoast_head":"<!-- This site is optimized with the Yoast SEO plugin v21.0 - https:\/\/yoast.com\/wordpress\/plugins\/seo\/ -->\n<title>Pourquoi les dirigeants privil\u00e9gient-ils d\u00e9sormais le collectif ? - Peoplesphere<\/title>\n<meta name=\"robots\" content=\"index, follow, max-snippet:-1, max-image-preview:large, max-video-preview:-1\" \/>\n<link rel=\"canonical\" href=\"https:\/\/peoplesphere.be\/fr\/pourquoi-les-dirigeants-privilegient-ils-desormais-le-collectif\/\" \/>\n<meta property=\"og:locale\" content=\"fr_FR\" \/>\n<meta property=\"og:type\" content=\"article\" \/>\n<meta property=\"og:title\" content=\"Pourquoi les dirigeants privil\u00e9gient-ils d\u00e9sormais le collectif ? - Peoplesphere\" \/>\n<meta property=\"og:description\" content=\"\u00ab\u00a0La libert\u00e9 d\u2019entreprendre, le d\u00e9sir d\u2019\u00eatre ensemble\u2026\u00a0\u00bb Tel est le titre de notre \u00e9ditorial du dossier Peoplesphere n\u00b0203 consacr\u00e9 au renforcement de la dimension collective au sein de nos entreprises. Jusqu&rsquo;\u00e0 promouvoir le principe de la solidarit\u00e9 au sein des [&hellip;]\" \/>\n<meta property=\"og:url\" content=\"https:\/\/peoplesphere.be\/fr\/pourquoi-les-dirigeants-privilegient-ils-desormais-le-collectif\/\" \/>\n<meta property=\"og:site_name\" content=\"Peoplesphere\" \/>\n<meta property=\"article:publisher\" content=\"https:\/\/www.facebook.com\/peoplesphere\" \/>\n<meta property=\"article:published_time\" content=\"2016-05-11T09:07:13+00:00\" \/>\n<meta property=\"article:modified_time\" content=\"2016-05-12T03:29:58+00:00\" \/>\n<meta property=\"og:image\" content=\"http:\/\/www.peoplesphere.be\/fr\/wp-content\/uploads\/2016\/07\/facebook-default-posting-1200x628px.jpg\" \/>\n<meta name=\"author\" content=\"Jean-Paul Erhard\" \/>\n<meta name=\"twitter:card\" content=\"summary_large_image\" \/>\n<meta name=\"twitter:creator\" content=\"@PeoplesphereMag\" \/>\n<meta name=\"twitter:site\" content=\"@PeoplesphereMag\" \/>\n<meta name=\"twitter:label1\" content=\"\u00c9crit par\" \/>\n\t<meta name=\"twitter:data1\" content=\"Jean-Paul Erhard\" \/>\n\t<meta name=\"twitter:label2\" content=\"Dur\u00e9e de lecture estim\u00e9e\" \/>\n\t<meta name=\"twitter:data2\" content=\"4 minutes\" \/>\n<script type=\"application\/ld+json\" class=\"yoast-schema-graph\">{\"@context\":\"https:\/\/schema.org\",\"@graph\":[{\"@type\":\"Article\",\"@id\":\"https:\/\/peoplesphere.be\/fr\/pourquoi-les-dirigeants-privilegient-ils-desormais-le-collectif\/#article\",\"isPartOf\":{\"@id\":\"https:\/\/peoplesphere.be\/fr\/pourquoi-les-dirigeants-privilegient-ils-desormais-le-collectif\/\"},\"author\":{\"name\":\"Jean-Paul Erhard\",\"@id\":\"https:\/\/peoplesphere.be\/fr\/#\/schema\/person\/7976225ff17988604334abb7b3536a7e\"},\"headline\":\"Pourquoi les dirigeants privil\u00e9gient-ils d\u00e9sormais le collectif ?\",\"datePublished\":\"2016-05-11T09:07:13+00:00\",\"dateModified\":\"2016-05-12T03:29:58+00:00\",\"mainEntityOfPage\":{\"@id\":\"https:\/\/peoplesphere.be\/fr\/pourquoi-les-dirigeants-privilegient-ils-desormais-le-collectif\/\"},\"wordCount\":711,\"publisher\":{\"@id\":\"https:\/\/peoplesphere.be\/fr\/#organization\"},\"keywords\":[\"collectif\",\"\u00e9ditorial\",\"engagement\",\"people management\",\"solidarit\u00e9\",\"teamwork\"],\"articleSection\":[\"Articles\",\"Magazine\"],\"inLanguage\":\"fr-FR\"},{\"@type\":\"WebPage\",\"@id\":\"https:\/\/peoplesphere.be\/fr\/pourquoi-les-dirigeants-privilegient-ils-desormais-le-collectif\/\",\"url\":\"https:\/\/peoplesphere.be\/fr\/pourquoi-les-dirigeants-privilegient-ils-desormais-le-collectif\/\",\"name\":\"Pourquoi les dirigeants privil\u00e9gient-ils d\u00e9sormais le collectif ? - Peoplesphere\",\"isPartOf\":{\"@id\":\"https:\/\/peoplesphere.be\/fr\/#website\"},\"datePublished\":\"2016-05-11T09:07:13+00:00\",\"dateModified\":\"2016-05-12T03:29:58+00:00\",\"breadcrumb\":{\"@id\":\"https:\/\/peoplesphere.be\/fr\/pourquoi-les-dirigeants-privilegient-ils-desormais-le-collectif\/#breadcrumb\"},\"inLanguage\":\"fr-FR\",\"potentialAction\":[{\"@type\":\"ReadAction\",\"target\":[\"https:\/\/peoplesphere.be\/fr\/pourquoi-les-dirigeants-privilegient-ils-desormais-le-collectif\/\"]}]},{\"@type\":\"BreadcrumbList\",\"@id\":\"https:\/\/peoplesphere.be\/fr\/pourquoi-les-dirigeants-privilegient-ils-desormais-le-collectif\/#breadcrumb\",\"itemListElement\":[{\"@type\":\"ListItem\",\"position\":1,\"name\":\"Accueil\",\"item\":\"https:\/\/peoplesphere.be\/fr\/\"},{\"@type\":\"ListItem\",\"position\":2,\"name\":\"Pourquoi les dirigeants privil\u00e9gient-ils d\u00e9sormais le collectif ?\"}]},{\"@type\":\"WebSite\",\"@id\":\"https:\/\/peoplesphere.be\/fr\/#website\",\"url\":\"https:\/\/peoplesphere.be\/fr\/\",\"name\":\"Peoplesphere\",\"description\":\"The People Managers Magazine\",\"publisher\":{\"@id\":\"https:\/\/peoplesphere.be\/fr\/#organization\"},\"potentialAction\":[{\"@type\":\"SearchAction\",\"target\":{\"@type\":\"EntryPoint\",\"urlTemplate\":\"https:\/\/peoplesphere.be\/fr\/?s={search_term_string}\"},\"query-input\":\"required name=search_term_string\"}],\"inLanguage\":\"fr-FR\"},{\"@type\":\"Organization\",\"@id\":\"https:\/\/peoplesphere.be\/fr\/#organization\",\"name\":\"Peoplesphere Company srl\",\"url\":\"https:\/\/peoplesphere.be\/fr\/\",\"logo\":{\"@type\":\"ImageObject\",\"inLanguage\":\"fr-FR\",\"@id\":\"https:\/\/peoplesphere.be\/fr\/#\/schema\/logo\/image\/\",\"url\":\"https:\/\/peoplesphere.be\/fr\/wp-content\/uploads\/2023\/07\/peoplesphere-lgo-new-generik.jpg\",\"contentUrl\":\"https:\/\/peoplesphere.be\/fr\/wp-content\/uploads\/2023\/07\/peoplesphere-lgo-new-generik.jpg\",\"width\":1031,\"height\":1479,\"caption\":\"Peoplesphere Company srl\"},\"image\":{\"@id\":\"https:\/\/peoplesphere.be\/fr\/#\/schema\/logo\/image\/\"},\"sameAs\":[\"https:\/\/www.facebook.com\/peoplesphere\",\"https:\/\/twitter.com\/PeoplesphereMag\",\"https:\/\/www.linkedin.com\/company\/7587361?trk\",\"http:\/\/youtube.com\/peoplesphere\"]},{\"@type\":\"Person\",\"@id\":\"https:\/\/peoplesphere.be\/fr\/#\/schema\/person\/7976225ff17988604334abb7b3536a7e\",\"name\":\"Jean-Paul Erhard\",\"image\":{\"@type\":\"ImageObject\",\"inLanguage\":\"fr-FR\",\"@id\":\"https:\/\/peoplesphere.be\/fr\/#\/schema\/person\/image\/\",\"url\":\"https:\/\/secure.gravatar.com\/avatar\/f941e681460179738071629a51574930?s=96&d=mm&r=g\",\"contentUrl\":\"https:\/\/secure.gravatar.com\/avatar\/f941e681460179738071629a51574930?s=96&d=mm&r=g\",\"caption\":\"Jean-Paul Erhard\"},\"url\":\"https:\/\/peoplesphere.be\/fr\/author\/jpe\/\"}]}<\/script>\n<!-- \/ Yoast SEO plugin. -->","yoast_head_json":{"title":"Pourquoi les dirigeants privil\u00e9gient-ils d\u00e9sormais le collectif ? - Peoplesphere","robots":{"index":"index","follow":"follow","max-snippet":"max-snippet:-1","max-image-preview":"max-image-preview:large","max-video-preview":"max-video-preview:-1"},"canonical":"https:\/\/peoplesphere.be\/fr\/pourquoi-les-dirigeants-privilegient-ils-desormais-le-collectif\/","og_locale":"fr_FR","og_type":"article","og_title":"Pourquoi les dirigeants privil\u00e9gient-ils d\u00e9sormais le collectif ? - Peoplesphere","og_description":"\u00ab\u00a0La libert\u00e9 d\u2019entreprendre, le d\u00e9sir d\u2019\u00eatre ensemble\u2026\u00a0\u00bb Tel est le titre de notre \u00e9ditorial du dossier Peoplesphere n\u00b0203 consacr\u00e9 au renforcement de la dimension collective au sein de nos entreprises. Jusqu&rsquo;\u00e0 promouvoir le principe de la solidarit\u00e9 au sein des [&hellip;]","og_url":"https:\/\/peoplesphere.be\/fr\/pourquoi-les-dirigeants-privilegient-ils-desormais-le-collectif\/","og_site_name":"Peoplesphere","article_publisher":"https:\/\/www.facebook.com\/peoplesphere","article_published_time":"2016-05-11T09:07:13+00:00","article_modified_time":"2016-05-12T03:29:58+00:00","og_image":[{"url":"http:\/\/www.peoplesphere.be\/fr\/wp-content\/uploads\/2016\/07\/facebook-default-posting-1200x628px.jpg"}],"author":"Jean-Paul Erhard","twitter_card":"summary_large_image","twitter_creator":"@PeoplesphereMag","twitter_site":"@PeoplesphereMag","twitter_misc":{"\u00c9crit par":"Jean-Paul Erhard","Dur\u00e9e de lecture estim\u00e9e":"4 minutes"},"schema":{"@context":"https:\/\/schema.org","@graph":[{"@type":"Article","@id":"https:\/\/peoplesphere.be\/fr\/pourquoi-les-dirigeants-privilegient-ils-desormais-le-collectif\/#article","isPartOf":{"@id":"https:\/\/peoplesphere.be\/fr\/pourquoi-les-dirigeants-privilegient-ils-desormais-le-collectif\/"},"author":{"name":"Jean-Paul Erhard","@id":"https:\/\/peoplesphere.be\/fr\/#\/schema\/person\/7976225ff17988604334abb7b3536a7e"},"headline":"Pourquoi les dirigeants privil\u00e9gient-ils d\u00e9sormais le collectif ?","datePublished":"2016-05-11T09:07:13+00:00","dateModified":"2016-05-12T03:29:58+00:00","mainEntityOfPage":{"@id":"https:\/\/peoplesphere.be\/fr\/pourquoi-les-dirigeants-privilegient-ils-desormais-le-collectif\/"},"wordCount":711,"publisher":{"@id":"https:\/\/peoplesphere.be\/fr\/#organization"},"keywords":["collectif","\u00e9ditorial","engagement","people management","solidarit\u00e9","teamwork"],"articleSection":["Articles","Magazine"],"inLanguage":"fr-FR"},{"@type":"WebPage","@id":"https:\/\/peoplesphere.be\/fr\/pourquoi-les-dirigeants-privilegient-ils-desormais-le-collectif\/","url":"https:\/\/peoplesphere.be\/fr\/pourquoi-les-dirigeants-privilegient-ils-desormais-le-collectif\/","name":"Pourquoi les dirigeants privil\u00e9gient-ils d\u00e9sormais le collectif ? - Peoplesphere","isPartOf":{"@id":"https:\/\/peoplesphere.be\/fr\/#website"},"datePublished":"2016-05-11T09:07:13+00:00","dateModified":"2016-05-12T03:29:58+00:00","breadcrumb":{"@id":"https:\/\/peoplesphere.be\/fr\/pourquoi-les-dirigeants-privilegient-ils-desormais-le-collectif\/#breadcrumb"},"inLanguage":"fr-FR","potentialAction":[{"@type":"ReadAction","target":["https:\/\/peoplesphere.be\/fr\/pourquoi-les-dirigeants-privilegient-ils-desormais-le-collectif\/"]}]},{"@type":"BreadcrumbList","@id":"https:\/\/peoplesphere.be\/fr\/pourquoi-les-dirigeants-privilegient-ils-desormais-le-collectif\/#breadcrumb","itemListElement":[{"@type":"ListItem","position":1,"name":"Accueil","item":"https:\/\/peoplesphere.be\/fr\/"},{"@type":"ListItem","position":2,"name":"Pourquoi les dirigeants privil\u00e9gient-ils d\u00e9sormais le collectif ?"}]},{"@type":"WebSite","@id":"https:\/\/peoplesphere.be\/fr\/#website","url":"https:\/\/peoplesphere.be\/fr\/","name":"Peoplesphere","description":"The People Managers Magazine","publisher":{"@id":"https:\/\/peoplesphere.be\/fr\/#organization"},"potentialAction":[{"@type":"SearchAction","target":{"@type":"EntryPoint","urlTemplate":"https:\/\/peoplesphere.be\/fr\/?s={search_term_string}"},"query-input":"required name=search_term_string"}],"inLanguage":"fr-FR"},{"@type":"Organization","@id":"https:\/\/peoplesphere.be\/fr\/#organization","name":"Peoplesphere Company srl","url":"https:\/\/peoplesphere.be\/fr\/","logo":{"@type":"ImageObject","inLanguage":"fr-FR","@id":"https:\/\/peoplesphere.be\/fr\/#\/schema\/logo\/image\/","url":"https:\/\/peoplesphere.be\/fr\/wp-content\/uploads\/2023\/07\/peoplesphere-lgo-new-generik.jpg","contentUrl":"https:\/\/peoplesphere.be\/fr\/wp-content\/uploads\/2023\/07\/peoplesphere-lgo-new-generik.jpg","width":1031,"height":1479,"caption":"Peoplesphere Company srl"},"image":{"@id":"https:\/\/peoplesphere.be\/fr\/#\/schema\/logo\/image\/"},"sameAs":["https:\/\/www.facebook.com\/peoplesphere","https:\/\/twitter.com\/PeoplesphereMag","https:\/\/www.linkedin.com\/company\/7587361?trk","http:\/\/youtube.com\/peoplesphere"]},{"@type":"Person","@id":"https:\/\/peoplesphere.be\/fr\/#\/schema\/person\/7976225ff17988604334abb7b3536a7e","name":"Jean-Paul Erhard","image":{"@type":"ImageObject","inLanguage":"fr-FR","@id":"https:\/\/peoplesphere.be\/fr\/#\/schema\/person\/image\/","url":"https:\/\/secure.gravatar.com\/avatar\/f941e681460179738071629a51574930?s=96&d=mm&r=g","contentUrl":"https:\/\/secure.gravatar.com\/avatar\/f941e681460179738071629a51574930?s=96&d=mm&r=g","caption":"Jean-Paul Erhard"},"url":"https:\/\/peoplesphere.be\/fr\/author\/jpe\/"}]}},"_links":{"self":[{"href":"https:\/\/peoplesphere.be\/fr\/wp-json\/wp\/v2\/posts\/2898"}],"collection":[{"href":"https:\/\/peoplesphere.be\/fr\/wp-json\/wp\/v2\/posts"}],"about":[{"href":"https:\/\/peoplesphere.be\/fr\/wp-json\/wp\/v2\/types\/post"}],"author":[{"embeddable":true,"href":"https:\/\/peoplesphere.be\/fr\/wp-json\/wp\/v2\/users\/2"}],"replies":[{"embeddable":true,"href":"https:\/\/peoplesphere.be\/fr\/wp-json\/wp\/v2\/comments?post=2898"}],"version-history":[{"count":2,"href":"https:\/\/peoplesphere.be\/fr\/wp-json\/wp\/v2\/posts\/2898\/revisions"}],"predecessor-version":[{"id":2900,"href":"https:\/\/peoplesphere.be\/fr\/wp-json\/wp\/v2\/posts\/2898\/revisions\/2900"}],"wp:attachment":[{"href":"https:\/\/peoplesphere.be\/fr\/wp-json\/wp\/v2\/media?parent=2898"}],"wp:term":[{"taxonomy":"category","embeddable":true,"href":"https:\/\/peoplesphere.be\/fr\/wp-json\/wp\/v2\/categories?post=2898"},{"taxonomy":"post_tag","embeddable":true,"href":"https:\/\/peoplesphere.be\/fr\/wp-json\/wp\/v2\/tags?post=2898"}],"curies":[{"name":"wp","href":"https:\/\/api.w.org\/{rel}","templated":true}]}}