









{"id":300,"date":"2014-09-18T11:40:16","date_gmt":"2014-09-18T09:40:16","guid":{"rendered":"http:\/\/www.peoplesphere.be\/wp\/?p=300"},"modified":"2014-10-06T11:43:06","modified_gmt":"2014-10-06T09:43:06","slug":"semaine-de-mobilite-un-point-de-situation-est-necessaire","status":"publish","type":"post","link":"https:\/\/peoplesphere.be\/fr\/semaine-de-mobilite-un-point-de-situation-est-necessaire\/","title":{"rendered":"Semaine de mobilit\u00e9: un point de situation est n\u00e9cessaire"},"content":{"rendered":"<div class=\"chapeau\">Pas de secret entre nous. Franchement, on peut se poser la question du ramdam suscit\u00e9 par la semaine de la mobilit\u00e9 cette ann\u00e9e. En effet, sauf erreur de notre part, il n\u2019y a tout simplement rien de nouveau sous le soleil. Pendant qu\u2019un secr\u00e9tariat social majeur se penche sur la mobilit\u00e9 des travailleurs belges, la f\u00e9d\u00e9ration des employeurs utilise le momentum politique pour revendiquer un pacte de mobilit\u00e9 interf\u00e9d\u00e9ral. Quelle est donc la situation ?<!--more--><\/div>\n<p><em>\u00ab\u00a0La mobilit\u00e9 dans notre pays reste tr\u00e8s pr\u00e9caire\u00a0\u00bb<\/em>, nous indique SD Worx. <em>\u00ab\u00a0Pas moins de 90% de nos entreprises se plaignent de leur acc\u00e8s difficile, tant avec la voiture qu\u2019avec les transports en commun. Pr\u00e8s de la moiti\u00e9 des entreprises belges (46%) disent \u00eatre difficilement accessibles en voiture en raison des files. Le pourcentage grimpe m\u00eame jusqu\u2019\u00e0 75% \u00e0 Bruxelles.\u00a0\u00bb<\/em> De quoi s\u2019interroger sur l\u2019utilit\u00e9 du dispositif puisqu\u2019aucune am\u00e9lioration notable n\u2019est en vue.<\/p>\n<p>Le secr\u00e9tariat social a interrog\u00e9 2500 travailleurs quant \u00e0 leurs pr\u00e9f\u00e9rences de mobilit\u00e9. Il en ressort que plus de 60% de ceux-ci opteraient davantage pour le budget mobilit\u00e9 (leur offrant la possibilit\u00e9 de \u2018\u2019panacher\u2019\u2019 les moyens de transport mais la proposition de loi reste encore \u00e0 l\u2019\u00e9tude pour le moment) au lieu de la voiture de soci\u00e9t\u00e9. Cette tendance est d\u2019autant plus marqu\u00e9e lorsque les probl\u00e8mes de mobilit\u00e9 sont importants &#8211; en r\u00e9gion bruxelloise donc ! Le t\u00e9l\u00e9travail est \u00e9galement pl\u00e9biscit\u00e9 comme une option par 56% des personnes interrog\u00e9es.<br \/>\nInt\u00e9ressant \u00e0 signaler : 50% des entreprises bruxelloises, 35% des entreprises en Flandre et seulement 11% des entreprises en Wallonie indiquent que le t\u00e9l\u00e9travail est int\u00e9gr\u00e9 dans les solutions de mobilit\u00e9 propos\u00e9es. Un retard important du c\u00f4t\u00e9 francophone, \u00e0 nouveau\u2026<\/p>\n<p>Dans le m\u00eame temps, la FEB pointe les chiffres qui font mal : <em>\u00ab\u00a0Le Conseil europ\u00e9en et l\u2019OCDE estiment les co\u00fbts de la congestion \u00e0 2% du produit int\u00e9rieur brut belge. Cela signifie que les files co\u00fbteraient chaque ann\u00e9e 8 milliards EUR dans notre pays. Et ce montant ne tient pas compte de nombreux co\u00fbts indirects bien plus difficiles \u00e0 chiffrer, comme l\u2019influence des embouteillages sur la sant\u00e9 humaine. Les m\u00e9tropoles belges arrivent par ailleurs en t\u00eate du top trois des villes les plus congestionn\u00e9es du monde. L\u2019impact n\u00e9gatif de ces embarras de circulation se fait sentir dans toutes les composantes de l\u2019\u00e9conomie.\u00a0\u00bb<\/em> La semaine de la mobilit\u00e9 constitue donc l\u2019occasion de demander avec insistance aux diff\u00e9rentes autorit\u00e9s d&rsquo;entreprendre conjointement tous les efforts n\u00e9cessaires en vue d&rsquo;\u00e9viter la saturation du r\u00e9seau routier.<br \/>\nEn vrac parmi les \u00e9l\u00e9ments \u00e0 repenser dans une logique de mobilit\u00e9 durable : <em>\u00ab\u00a0le r\u00f4le du rail et des ports tant pour le transport de marchandises que pour le transport de personnes; le concept de p\u00e9age kilom\u00e9trique pour r\u00e9duire la densit\u00e9 du trafic; l\u2019am\u00e9lioration de l\u2019infrastructure qui est souvent insuffisante pour les flux de trafic actuels; et l\u2019offre de transports en commun qui n\u2019est pas aujourd\u2019hui une alternative valable \u00e0 la voiture et doit \u00eatre beaucoup mieux adapt\u00e9e aux besoins \u00e9conomiques.\u00a0\u00bb<\/em><\/p>\n<p>Depuis 2002, ann\u00e9e de cr\u00e9ation de la semaine europ\u00e9enne de la mobilit\u00e9, sommes-nous en position d\u2019affirmer que la situation s\u2019est am\u00e9lior\u00e9e concr\u00e8tement ? Le reality check quotidien de bon nombre d\u2019entre nous et de nos collaborateurs est sans doute tr\u00e8s cruel\u2026 Qu\u2019en pensez-vous ? Dites le nous via email \u00e0 l\u2019adresse : <a href=\"mailto:redaction@peoplesphere.be\">redaction@peoplesphere.be<\/a><\/p>\n","protected":false},"excerpt":{"rendered":"<p>Pas de secret entre nous. Franchement, on peut se poser la question du ramdam suscit\u00e9 par la semaine de la mobilit\u00e9 cette ann\u00e9e. En effet, sauf erreur de notre part, il n\u2019y a tout simplement rien de nouveau sous le [&hellip;]<\/p>\n","protected":false},"author":1,"featured_media":0,"comment_status":"closed","ping_status":"open","sticky":false,"template":"","format":"standard","meta":[],"categories":[65],"tags":[],"yoast_head":"<!-- This site is optimized with the Yoast SEO plugin v21.0 - https:\/\/yoast.com\/wordpress\/plugins\/seo\/ -->\n<title>Semaine de mobilit\u00e9: un point de situation est n\u00e9cessaire - Peoplesphere<\/title>\n<meta name=\"robots\" content=\"index, follow, max-snippet:-1, max-image-preview:large, max-video-preview:-1\" \/>\n<link rel=\"canonical\" href=\"https:\/\/peoplesphere.be\/fr\/semaine-de-mobilite-un-point-de-situation-est-necessaire\/\" \/>\n<meta property=\"og:locale\" content=\"fr_FR\" \/>\n<meta property=\"og:type\" content=\"article\" \/>\n<meta property=\"og:title\" content=\"Semaine de mobilit\u00e9: un point de situation est n\u00e9cessaire - Peoplesphere\" \/>\n<meta property=\"og:description\" content=\"Pas de secret entre nous. Franchement, on peut se poser la question du ramdam suscit\u00e9 par la semaine de la mobilit\u00e9 cette ann\u00e9e. En effet, sauf erreur de notre part, il n\u2019y a tout simplement rien de nouveau sous le [&hellip;]\" \/>\n<meta property=\"og:url\" content=\"https:\/\/peoplesphere.be\/fr\/semaine-de-mobilite-un-point-de-situation-est-necessaire\/\" \/>\n<meta property=\"og:site_name\" content=\"Peoplesphere\" \/>\n<meta property=\"article:publisher\" content=\"https:\/\/www.facebook.com\/peoplesphere\" \/>\n<meta property=\"article:published_time\" content=\"2014-09-18T09:40:16+00:00\" \/>\n<meta property=\"article:modified_time\" content=\"2014-10-06T09:43:06+00:00\" \/>\n<meta property=\"og:image\" content=\"http:\/\/www.peoplesphere.be\/fr\/wp-content\/uploads\/2016\/07\/facebook-default-posting-1200x628px.jpg\" \/>\n<meta name=\"author\" content=\"admin\" \/>\n<meta name=\"twitter:card\" content=\"summary_large_image\" \/>\n<meta name=\"twitter:creator\" content=\"@PeoplesphereMag\" \/>\n<meta name=\"twitter:site\" content=\"@PeoplesphereMag\" \/>\n<meta name=\"twitter:label1\" content=\"\u00c9crit par\" \/>\n\t<meta name=\"twitter:data1\" content=\"admin\" \/>\n\t<meta name=\"twitter:label2\" content=\"Dur\u00e9e de lecture estim\u00e9e\" \/>\n\t<meta name=\"twitter:data2\" content=\"3 minutes\" \/>\n<script type=\"application\/ld+json\" class=\"yoast-schema-graph\">{\"@context\":\"https:\/\/schema.org\",\"@graph\":[{\"@type\":\"Article\",\"@id\":\"https:\/\/peoplesphere.be\/fr\/semaine-de-mobilite-un-point-de-situation-est-necessaire\/#article\",\"isPartOf\":{\"@id\":\"https:\/\/peoplesphere.be\/fr\/semaine-de-mobilite-un-point-de-situation-est-necessaire\/\"},\"author\":{\"name\":\"admin\",\"@id\":\"https:\/\/peoplesphere.be\/fr\/#\/schema\/person\/31e983479d7c6c2adc52372e64a85ae6\"},\"headline\":\"Semaine de mobilit\u00e9: un point de situation est n\u00e9cessaire\",\"datePublished\":\"2014-09-18T09:40:16+00:00\",\"dateModified\":\"2014-10-06T09:43:06+00:00\",\"mainEntityOfPage\":{\"@id\":\"https:\/\/peoplesphere.be\/fr\/semaine-de-mobilite-un-point-de-situation-est-necessaire\/\"},\"wordCount\":609,\"publisher\":{\"@id\":\"https:\/\/peoplesphere.be\/fr\/#organization\"},\"articleSection\":[\"Actualit\u00e9s\"],\"inLanguage\":\"fr-FR\"},{\"@type\":\"WebPage\",\"@id\":\"https:\/\/peoplesphere.be\/fr\/semaine-de-mobilite-un-point-de-situation-est-necessaire\/\",\"url\":\"https:\/\/peoplesphere.be\/fr\/semaine-de-mobilite-un-point-de-situation-est-necessaire\/\",\"name\":\"Semaine de mobilit\u00e9: un point de situation est n\u00e9cessaire - Peoplesphere\",\"isPartOf\":{\"@id\":\"https:\/\/peoplesphere.be\/fr\/#website\"},\"datePublished\":\"2014-09-18T09:40:16+00:00\",\"dateModified\":\"2014-10-06T09:43:06+00:00\",\"breadcrumb\":{\"@id\":\"https:\/\/peoplesphere.be\/fr\/semaine-de-mobilite-un-point-de-situation-est-necessaire\/#breadcrumb\"},\"inLanguage\":\"fr-FR\",\"potentialAction\":[{\"@type\":\"ReadAction\",\"target\":[\"https:\/\/peoplesphere.be\/fr\/semaine-de-mobilite-un-point-de-situation-est-necessaire\/\"]}]},{\"@type\":\"BreadcrumbList\",\"@id\":\"https:\/\/peoplesphere.be\/fr\/semaine-de-mobilite-un-point-de-situation-est-necessaire\/#breadcrumb\",\"itemListElement\":[{\"@type\":\"ListItem\",\"position\":1,\"name\":\"Accueil\",\"item\":\"https:\/\/peoplesphere.be\/fr\/\"},{\"@type\":\"ListItem\",\"position\":2,\"name\":\"Semaine de mobilit\u00e9: un point de situation est n\u00e9cessaire\"}]},{\"@type\":\"WebSite\",\"@id\":\"https:\/\/peoplesphere.be\/fr\/#website\",\"url\":\"https:\/\/peoplesphere.be\/fr\/\",\"name\":\"Peoplesphere\",\"description\":\"The People Managers Magazine\",\"publisher\":{\"@id\":\"https:\/\/peoplesphere.be\/fr\/#organization\"},\"potentialAction\":[{\"@type\":\"SearchAction\",\"target\":{\"@type\":\"EntryPoint\",\"urlTemplate\":\"https:\/\/peoplesphere.be\/fr\/?s={search_term_string}\"},\"query-input\":\"required name=search_term_string\"}],\"inLanguage\":\"fr-FR\"},{\"@type\":\"Organization\",\"@id\":\"https:\/\/peoplesphere.be\/fr\/#organization\",\"name\":\"Peoplesphere Company srl\",\"url\":\"https:\/\/peoplesphere.be\/fr\/\",\"logo\":{\"@type\":\"ImageObject\",\"inLanguage\":\"fr-FR\",\"@id\":\"https:\/\/peoplesphere.be\/fr\/#\/schema\/logo\/image\/\",\"url\":\"https:\/\/peoplesphere.be\/fr\/wp-content\/uploads\/2023\/07\/peoplesphere-lgo-new-generik.jpg\",\"contentUrl\":\"https:\/\/peoplesphere.be\/fr\/wp-content\/uploads\/2023\/07\/peoplesphere-lgo-new-generik.jpg\",\"width\":1031,\"height\":1479,\"caption\":\"Peoplesphere Company srl\"},\"image\":{\"@id\":\"https:\/\/peoplesphere.be\/fr\/#\/schema\/logo\/image\/\"},\"sameAs\":[\"https:\/\/www.facebook.com\/peoplesphere\",\"https:\/\/twitter.com\/PeoplesphereMag\",\"https:\/\/www.linkedin.com\/company\/7587361?trk\",\"http:\/\/youtube.com\/peoplesphere\"]},{\"@type\":\"Person\",\"@id\":\"https:\/\/peoplesphere.be\/fr\/#\/schema\/person\/31e983479d7c6c2adc52372e64a85ae6\",\"name\":\"admin\",\"image\":{\"@type\":\"ImageObject\",\"inLanguage\":\"fr-FR\",\"@id\":\"https:\/\/peoplesphere.be\/fr\/#\/schema\/person\/image\/\",\"url\":\"https:\/\/secure.gravatar.com\/avatar\/d20f4a44ec8508c3a90cb5021a329512?s=96&d=mm&r=g\",\"contentUrl\":\"https:\/\/secure.gravatar.com\/avatar\/d20f4a44ec8508c3a90cb5021a329512?s=96&d=mm&r=g\",\"caption\":\"admin\"},\"url\":\"https:\/\/peoplesphere.be\/fr\/author\/admin\/\"}]}<\/script>\n<!-- \/ Yoast SEO plugin. -->","yoast_head_json":{"title":"Semaine de mobilit\u00e9: un point de situation est n\u00e9cessaire - Peoplesphere","robots":{"index":"index","follow":"follow","max-snippet":"max-snippet:-1","max-image-preview":"max-image-preview:large","max-video-preview":"max-video-preview:-1"},"canonical":"https:\/\/peoplesphere.be\/fr\/semaine-de-mobilite-un-point-de-situation-est-necessaire\/","og_locale":"fr_FR","og_type":"article","og_title":"Semaine de mobilit\u00e9: un point de situation est n\u00e9cessaire - Peoplesphere","og_description":"Pas de secret entre nous. Franchement, on peut se poser la question du ramdam suscit\u00e9 par la semaine de la mobilit\u00e9 cette ann\u00e9e. En effet, sauf erreur de notre part, il n\u2019y a tout simplement rien de nouveau sous le [&hellip;]","og_url":"https:\/\/peoplesphere.be\/fr\/semaine-de-mobilite-un-point-de-situation-est-necessaire\/","og_site_name":"Peoplesphere","article_publisher":"https:\/\/www.facebook.com\/peoplesphere","article_published_time":"2014-09-18T09:40:16+00:00","article_modified_time":"2014-10-06T09:43:06+00:00","og_image":[{"url":"http:\/\/www.peoplesphere.be\/fr\/wp-content\/uploads\/2016\/07\/facebook-default-posting-1200x628px.jpg"}],"author":"admin","twitter_card":"summary_large_image","twitter_creator":"@PeoplesphereMag","twitter_site":"@PeoplesphereMag","twitter_misc":{"\u00c9crit par":"admin","Dur\u00e9e de lecture estim\u00e9e":"3 minutes"},"schema":{"@context":"https:\/\/schema.org","@graph":[{"@type":"Article","@id":"https:\/\/peoplesphere.be\/fr\/semaine-de-mobilite-un-point-de-situation-est-necessaire\/#article","isPartOf":{"@id":"https:\/\/peoplesphere.be\/fr\/semaine-de-mobilite-un-point-de-situation-est-necessaire\/"},"author":{"name":"admin","@id":"https:\/\/peoplesphere.be\/fr\/#\/schema\/person\/31e983479d7c6c2adc52372e64a85ae6"},"headline":"Semaine de mobilit\u00e9: un point de situation est n\u00e9cessaire","datePublished":"2014-09-18T09:40:16+00:00","dateModified":"2014-10-06T09:43:06+00:00","mainEntityOfPage":{"@id":"https:\/\/peoplesphere.be\/fr\/semaine-de-mobilite-un-point-de-situation-est-necessaire\/"},"wordCount":609,"publisher":{"@id":"https:\/\/peoplesphere.be\/fr\/#organization"},"articleSection":["Actualit\u00e9s"],"inLanguage":"fr-FR"},{"@type":"WebPage","@id":"https:\/\/peoplesphere.be\/fr\/semaine-de-mobilite-un-point-de-situation-est-necessaire\/","url":"https:\/\/peoplesphere.be\/fr\/semaine-de-mobilite-un-point-de-situation-est-necessaire\/","name":"Semaine de mobilit\u00e9: un point de situation est n\u00e9cessaire - Peoplesphere","isPartOf":{"@id":"https:\/\/peoplesphere.be\/fr\/#website"},"datePublished":"2014-09-18T09:40:16+00:00","dateModified":"2014-10-06T09:43:06+00:00","breadcrumb":{"@id":"https:\/\/peoplesphere.be\/fr\/semaine-de-mobilite-un-point-de-situation-est-necessaire\/#breadcrumb"},"inLanguage":"fr-FR","potentialAction":[{"@type":"ReadAction","target":["https:\/\/peoplesphere.be\/fr\/semaine-de-mobilite-un-point-de-situation-est-necessaire\/"]}]},{"@type":"BreadcrumbList","@id":"https:\/\/peoplesphere.be\/fr\/semaine-de-mobilite-un-point-de-situation-est-necessaire\/#breadcrumb","itemListElement":[{"@type":"ListItem","position":1,"name":"Accueil","item":"https:\/\/peoplesphere.be\/fr\/"},{"@type":"ListItem","position":2,"name":"Semaine de mobilit\u00e9: un point de situation est n\u00e9cessaire"}]},{"@type":"WebSite","@id":"https:\/\/peoplesphere.be\/fr\/#website","url":"https:\/\/peoplesphere.be\/fr\/","name":"Peoplesphere","description":"The People Managers Magazine","publisher":{"@id":"https:\/\/peoplesphere.be\/fr\/#organization"},"potentialAction":[{"@type":"SearchAction","target":{"@type":"EntryPoint","urlTemplate":"https:\/\/peoplesphere.be\/fr\/?s={search_term_string}"},"query-input":"required name=search_term_string"}],"inLanguage":"fr-FR"},{"@type":"Organization","@id":"https:\/\/peoplesphere.be\/fr\/#organization","name":"Peoplesphere Company srl","url":"https:\/\/peoplesphere.be\/fr\/","logo":{"@type":"ImageObject","inLanguage":"fr-FR","@id":"https:\/\/peoplesphere.be\/fr\/#\/schema\/logo\/image\/","url":"https:\/\/peoplesphere.be\/fr\/wp-content\/uploads\/2023\/07\/peoplesphere-lgo-new-generik.jpg","contentUrl":"https:\/\/peoplesphere.be\/fr\/wp-content\/uploads\/2023\/07\/peoplesphere-lgo-new-generik.jpg","width":1031,"height":1479,"caption":"Peoplesphere Company srl"},"image":{"@id":"https:\/\/peoplesphere.be\/fr\/#\/schema\/logo\/image\/"},"sameAs":["https:\/\/www.facebook.com\/peoplesphere","https:\/\/twitter.com\/PeoplesphereMag","https:\/\/www.linkedin.com\/company\/7587361?trk","http:\/\/youtube.com\/peoplesphere"]},{"@type":"Person","@id":"https:\/\/peoplesphere.be\/fr\/#\/schema\/person\/31e983479d7c6c2adc52372e64a85ae6","name":"admin","image":{"@type":"ImageObject","inLanguage":"fr-FR","@id":"https:\/\/peoplesphere.be\/fr\/#\/schema\/person\/image\/","url":"https:\/\/secure.gravatar.com\/avatar\/d20f4a44ec8508c3a90cb5021a329512?s=96&d=mm&r=g","contentUrl":"https:\/\/secure.gravatar.com\/avatar\/d20f4a44ec8508c3a90cb5021a329512?s=96&d=mm&r=g","caption":"admin"},"url":"https:\/\/peoplesphere.be\/fr\/author\/admin\/"}]}},"_links":{"self":[{"href":"https:\/\/peoplesphere.be\/fr\/wp-json\/wp\/v2\/posts\/300"}],"collection":[{"href":"https:\/\/peoplesphere.be\/fr\/wp-json\/wp\/v2\/posts"}],"about":[{"href":"https:\/\/peoplesphere.be\/fr\/wp-json\/wp\/v2\/types\/post"}],"author":[{"embeddable":true,"href":"https:\/\/peoplesphere.be\/fr\/wp-json\/wp\/v2\/users\/1"}],"replies":[{"embeddable":true,"href":"https:\/\/peoplesphere.be\/fr\/wp-json\/wp\/v2\/comments?post=300"}],"version-history":[{"count":2,"href":"https:\/\/peoplesphere.be\/fr\/wp-json\/wp\/v2\/posts\/300\/revisions"}],"predecessor-version":[{"id":302,"href":"https:\/\/peoplesphere.be\/fr\/wp-json\/wp\/v2\/posts\/300\/revisions\/302"}],"wp:attachment":[{"href":"https:\/\/peoplesphere.be\/fr\/wp-json\/wp\/v2\/media?parent=300"}],"wp:term":[{"taxonomy":"category","embeddable":true,"href":"https:\/\/peoplesphere.be\/fr\/wp-json\/wp\/v2\/categories?post=300"},{"taxonomy":"post_tag","embeddable":true,"href":"https:\/\/peoplesphere.be\/fr\/wp-json\/wp\/v2\/tags?post=300"}],"curies":[{"name":"wp","href":"https:\/\/api.w.org\/{rel}","templated":true}]}}