









{"id":303,"date":"2014-09-18T11:43:44","date_gmt":"2014-09-18T09:43:44","guid":{"rendered":"http:\/\/www.peoplesphere.be\/wp\/?p=303"},"modified":"2015-06-18T15:04:30","modified_gmt":"2015-06-18T13:04:30","slug":"11eme-lsm-hr-day-a-louvain-la-neuve-le-21-octobre-prochain","status":"publish","type":"post","link":"https:\/\/peoplesphere.be\/fr\/11eme-lsm-hr-day-a-louvain-la-neuve-le-21-octobre-prochain\/","title":{"rendered":"11\u00e8me LSM HR Day \u00e0 Louvain-la-Neuve le 21 octobre prochain"},"content":{"rendered":"<p>La journ\u00e9e, organis\u00e9e notamment en hommage \u00e0 Jacques Gold, sera consacr\u00e9e aux liens indispensables entre le management humain et les transformations de notre soci\u00e9t\u00e9.<!--more--><\/p>\n<p>Parmi les th\u00e8mes abord\u00e9s \u00e0 cette occasion: le travail flexible, l\u2019\u00e9volution du p\u00e9rim\u00e8tre RH dans nos entreprises, la transformation du dialogue social, la gestion des paradoxes et tensions organisationnelles\u2026 Plateforme id\u00e9ale visant \u00e0 soutenir le dialogue entre nos acad\u00e9miques et le monde de l\u2019entreprise, le LSM HR Day vous donne rendez-vous le 21 octobre \u00e0 Louvain-la-Neuve. Pour vous inscrire, <a href=\"http:\/\/www.uclouvain.be\/474997.html\" target=\"_blank\">cliquez ici<\/a>.<\/p>\n","protected":false},"excerpt":{"rendered":"<p>La journ\u00e9e, organis\u00e9e notamment en hommage \u00e0 Jacques Gold, sera consacr\u00e9e aux liens indispensables entre le management humain et les transformations de notre soci\u00e9t\u00e9.<\/p>\n","protected":false},"author":1,"featured_media":0,"comment_status":"closed","ping_status":"open","sticky":false,"template":"","format":"standard","meta":[],"categories":[67],"tags":[],"yoast_head":"<!-- This site is optimized with the Yoast SEO plugin v21.0 - https:\/\/yoast.com\/wordpress\/plugins\/seo\/ -->\n<title>11\u00e8me LSM HR Day \u00e0 Louvain-la-Neuve le 21 octobre prochain - Peoplesphere<\/title>\n<meta name=\"robots\" content=\"index, follow, max-snippet:-1, max-image-preview:large, max-video-preview:-1\" \/>\n<link rel=\"canonical\" href=\"https:\/\/peoplesphere.be\/fr\/11eme-lsm-hr-day-a-louvain-la-neuve-le-21-octobre-prochain\/\" \/>\n<meta property=\"og:locale\" content=\"fr_FR\" \/>\n<meta property=\"og:type\" content=\"article\" \/>\n<meta property=\"og:title\" content=\"11\u00e8me LSM HR Day \u00e0 Louvain-la-Neuve le 21 octobre prochain - Peoplesphere\" \/>\n<meta property=\"og:description\" content=\"La journ\u00e9e, organis\u00e9e notamment en hommage \u00e0 Jacques Gold, sera consacr\u00e9e aux liens indispensables entre le management humain et les transformations de notre soci\u00e9t\u00e9.\" \/>\n<meta property=\"og:url\" content=\"https:\/\/peoplesphere.be\/fr\/11eme-lsm-hr-day-a-louvain-la-neuve-le-21-octobre-prochain\/\" \/>\n<meta property=\"og:site_name\" content=\"Peoplesphere\" \/>\n<meta property=\"article:publisher\" content=\"https:\/\/www.facebook.com\/peoplesphere\" \/>\n<meta property=\"article:published_time\" content=\"2014-09-18T09:43:44+00:00\" \/>\n<meta property=\"article:modified_time\" content=\"2015-06-18T13:04:30+00:00\" \/>\n<meta property=\"og:image\" content=\"http:\/\/www.peoplesphere.be\/fr\/wp-content\/uploads\/2016\/07\/facebook-default-posting-1200x628px.jpg\" \/>\n<meta name=\"author\" content=\"admin\" \/>\n<meta name=\"twitter:card\" content=\"summary_large_image\" \/>\n<meta name=\"twitter:creator\" content=\"@PeoplesphereMag\" \/>\n<meta name=\"twitter:site\" content=\"@PeoplesphereMag\" \/>\n<meta name=\"twitter:label1\" content=\"\u00c9crit par\" \/>\n\t<meta name=\"twitter:data1\" content=\"admin\" \/>\n<script type=\"application\/ld+json\" class=\"yoast-schema-graph\">{\"@context\":\"https:\/\/schema.org\",\"@graph\":[{\"@type\":\"Article\",\"@id\":\"https:\/\/peoplesphere.be\/fr\/11eme-lsm-hr-day-a-louvain-la-neuve-le-21-octobre-prochain\/#article\",\"isPartOf\":{\"@id\":\"https:\/\/peoplesphere.be\/fr\/11eme-lsm-hr-day-a-louvain-la-neuve-le-21-octobre-prochain\/\"},\"author\":{\"name\":\"admin\",\"@id\":\"https:\/\/peoplesphere.be\/fr\/#\/schema\/person\/31e983479d7c6c2adc52372e64a85ae6\"},\"headline\":\"11\u00e8me LSM HR Day \u00e0 Louvain-la-Neuve le 21 octobre prochain\",\"datePublished\":\"2014-09-18T09:43:44+00:00\",\"dateModified\":\"2015-06-18T13:04:30+00:00\",\"mainEntityOfPage\":{\"@id\":\"https:\/\/peoplesphere.be\/fr\/11eme-lsm-hr-day-a-louvain-la-neuve-le-21-octobre-prochain\/\"},\"wordCount\":100,\"publisher\":{\"@id\":\"https:\/\/peoplesphere.be\/fr\/#organization\"},\"articleSection\":[\"Calendrier\"],\"inLanguage\":\"fr-FR\"},{\"@type\":\"WebPage\",\"@id\":\"https:\/\/peoplesphere.be\/fr\/11eme-lsm-hr-day-a-louvain-la-neuve-le-21-octobre-prochain\/\",\"url\":\"https:\/\/peoplesphere.be\/fr\/11eme-lsm-hr-day-a-louvain-la-neuve-le-21-octobre-prochain\/\",\"name\":\"11\u00e8me LSM HR Day \u00e0 Louvain-la-Neuve le 21 octobre prochain - Peoplesphere\",\"isPartOf\":{\"@id\":\"https:\/\/peoplesphere.be\/fr\/#website\"},\"datePublished\":\"2014-09-18T09:43:44+00:00\",\"dateModified\":\"2015-06-18T13:04:30+00:00\",\"breadcrumb\":{\"@id\":\"https:\/\/peoplesphere.be\/fr\/11eme-lsm-hr-day-a-louvain-la-neuve-le-21-octobre-prochain\/#breadcrumb\"},\"inLanguage\":\"fr-FR\",\"potentialAction\":[{\"@type\":\"ReadAction\",\"target\":[\"https:\/\/peoplesphere.be\/fr\/11eme-lsm-hr-day-a-louvain-la-neuve-le-21-octobre-prochain\/\"]}]},{\"@type\":\"BreadcrumbList\",\"@id\":\"https:\/\/peoplesphere.be\/fr\/11eme-lsm-hr-day-a-louvain-la-neuve-le-21-octobre-prochain\/#breadcrumb\",\"itemListElement\":[{\"@type\":\"ListItem\",\"position\":1,\"name\":\"Accueil\",\"item\":\"https:\/\/peoplesphere.be\/fr\/\"},{\"@type\":\"ListItem\",\"position\":2,\"name\":\"11\u00e8me LSM HR Day \u00e0 Louvain-la-Neuve le 21 octobre prochain\"}]},{\"@type\":\"WebSite\",\"@id\":\"https:\/\/peoplesphere.be\/fr\/#website\",\"url\":\"https:\/\/peoplesphere.be\/fr\/\",\"name\":\"Peoplesphere\",\"description\":\"The People Managers Magazine\",\"publisher\":{\"@id\":\"https:\/\/peoplesphere.be\/fr\/#organization\"},\"potentialAction\":[{\"@type\":\"SearchAction\",\"target\":{\"@type\":\"EntryPoint\",\"urlTemplate\":\"https:\/\/peoplesphere.be\/fr\/?s={search_term_string}\"},\"query-input\":\"required name=search_term_string\"}],\"inLanguage\":\"fr-FR\"},{\"@type\":\"Organization\",\"@id\":\"https:\/\/peoplesphere.be\/fr\/#organization\",\"name\":\"Peoplesphere Company srl\",\"url\":\"https:\/\/peoplesphere.be\/fr\/\",\"logo\":{\"@type\":\"ImageObject\",\"inLanguage\":\"fr-FR\",\"@id\":\"https:\/\/peoplesphere.be\/fr\/#\/schema\/logo\/image\/\",\"url\":\"https:\/\/peoplesphere.be\/fr\/wp-content\/uploads\/2023\/07\/peoplesphere-lgo-new-generik.jpg\",\"contentUrl\":\"https:\/\/peoplesphere.be\/fr\/wp-content\/uploads\/2023\/07\/peoplesphere-lgo-new-generik.jpg\",\"width\":1031,\"height\":1479,\"caption\":\"Peoplesphere Company srl\"},\"image\":{\"@id\":\"https:\/\/peoplesphere.be\/fr\/#\/schema\/logo\/image\/\"},\"sameAs\":[\"https:\/\/www.facebook.com\/peoplesphere\",\"https:\/\/twitter.com\/PeoplesphereMag\",\"https:\/\/www.linkedin.com\/company\/7587361?trk\",\"http:\/\/youtube.com\/peoplesphere\"]},{\"@type\":\"Person\",\"@id\":\"https:\/\/peoplesphere.be\/fr\/#\/schema\/person\/31e983479d7c6c2adc52372e64a85ae6\",\"name\":\"admin\",\"image\":{\"@type\":\"ImageObject\",\"inLanguage\":\"fr-FR\",\"@id\":\"https:\/\/peoplesphere.be\/fr\/#\/schema\/person\/image\/\",\"url\":\"https:\/\/secure.gravatar.com\/avatar\/d20f4a44ec8508c3a90cb5021a329512?s=96&d=mm&r=g\",\"contentUrl\":\"https:\/\/secure.gravatar.com\/avatar\/d20f4a44ec8508c3a90cb5021a329512?s=96&d=mm&r=g\",\"caption\":\"admin\"},\"url\":\"https:\/\/peoplesphere.be\/fr\/author\/admin\/\"}]}<\/script>\n<!-- \/ Yoast SEO plugin. -->","yoast_head_json":{"title":"11\u00e8me LSM HR Day \u00e0 Louvain-la-Neuve le 21 octobre prochain - Peoplesphere","robots":{"index":"index","follow":"follow","max-snippet":"max-snippet:-1","max-image-preview":"max-image-preview:large","max-video-preview":"max-video-preview:-1"},"canonical":"https:\/\/peoplesphere.be\/fr\/11eme-lsm-hr-day-a-louvain-la-neuve-le-21-octobre-prochain\/","og_locale":"fr_FR","og_type":"article","og_title":"11\u00e8me LSM HR Day \u00e0 Louvain-la-Neuve le 21 octobre prochain - Peoplesphere","og_description":"La journ\u00e9e, organis\u00e9e notamment en hommage \u00e0 Jacques Gold, sera consacr\u00e9e aux liens indispensables entre le management humain et les transformations de notre soci\u00e9t\u00e9.","og_url":"https:\/\/peoplesphere.be\/fr\/11eme-lsm-hr-day-a-louvain-la-neuve-le-21-octobre-prochain\/","og_site_name":"Peoplesphere","article_publisher":"https:\/\/www.facebook.com\/peoplesphere","article_published_time":"2014-09-18T09:43:44+00:00","article_modified_time":"2015-06-18T13:04:30+00:00","og_image":[{"url":"http:\/\/www.peoplesphere.be\/fr\/wp-content\/uploads\/2016\/07\/facebook-default-posting-1200x628px.jpg"}],"author":"admin","twitter_card":"summary_large_image","twitter_creator":"@PeoplesphereMag","twitter_site":"@PeoplesphereMag","twitter_misc":{"\u00c9crit par":"admin"},"schema":{"@context":"https:\/\/schema.org","@graph":[{"@type":"Article","@id":"https:\/\/peoplesphere.be\/fr\/11eme-lsm-hr-day-a-louvain-la-neuve-le-21-octobre-prochain\/#article","isPartOf":{"@id":"https:\/\/peoplesphere.be\/fr\/11eme-lsm-hr-day-a-louvain-la-neuve-le-21-octobre-prochain\/"},"author":{"name":"admin","@id":"https:\/\/peoplesphere.be\/fr\/#\/schema\/person\/31e983479d7c6c2adc52372e64a85ae6"},"headline":"11\u00e8me LSM HR Day \u00e0 Louvain-la-Neuve le 21 octobre prochain","datePublished":"2014-09-18T09:43:44+00:00","dateModified":"2015-06-18T13:04:30+00:00","mainEntityOfPage":{"@id":"https:\/\/peoplesphere.be\/fr\/11eme-lsm-hr-day-a-louvain-la-neuve-le-21-octobre-prochain\/"},"wordCount":100,"publisher":{"@id":"https:\/\/peoplesphere.be\/fr\/#organization"},"articleSection":["Calendrier"],"inLanguage":"fr-FR"},{"@type":"WebPage","@id":"https:\/\/peoplesphere.be\/fr\/11eme-lsm-hr-day-a-louvain-la-neuve-le-21-octobre-prochain\/","url":"https:\/\/peoplesphere.be\/fr\/11eme-lsm-hr-day-a-louvain-la-neuve-le-21-octobre-prochain\/","name":"11\u00e8me LSM HR Day \u00e0 Louvain-la-Neuve le 21 octobre prochain - Peoplesphere","isPartOf":{"@id":"https:\/\/peoplesphere.be\/fr\/#website"},"datePublished":"2014-09-18T09:43:44+00:00","dateModified":"2015-06-18T13:04:30+00:00","breadcrumb":{"@id":"https:\/\/peoplesphere.be\/fr\/11eme-lsm-hr-day-a-louvain-la-neuve-le-21-octobre-prochain\/#breadcrumb"},"inLanguage":"fr-FR","potentialAction":[{"@type":"ReadAction","target":["https:\/\/peoplesphere.be\/fr\/11eme-lsm-hr-day-a-louvain-la-neuve-le-21-octobre-prochain\/"]}]},{"@type":"BreadcrumbList","@id":"https:\/\/peoplesphere.be\/fr\/11eme-lsm-hr-day-a-louvain-la-neuve-le-21-octobre-prochain\/#breadcrumb","itemListElement":[{"@type":"ListItem","position":1,"name":"Accueil","item":"https:\/\/peoplesphere.be\/fr\/"},{"@type":"ListItem","position":2,"name":"11\u00e8me LSM HR Day \u00e0 Louvain-la-Neuve le 21 octobre prochain"}]},{"@type":"WebSite","@id":"https:\/\/peoplesphere.be\/fr\/#website","url":"https:\/\/peoplesphere.be\/fr\/","name":"Peoplesphere","description":"The People Managers Magazine","publisher":{"@id":"https:\/\/peoplesphere.be\/fr\/#organization"},"potentialAction":[{"@type":"SearchAction","target":{"@type":"EntryPoint","urlTemplate":"https:\/\/peoplesphere.be\/fr\/?s={search_term_string}"},"query-input":"required name=search_term_string"}],"inLanguage":"fr-FR"},{"@type":"Organization","@id":"https:\/\/peoplesphere.be\/fr\/#organization","name":"Peoplesphere Company srl","url":"https:\/\/peoplesphere.be\/fr\/","logo":{"@type":"ImageObject","inLanguage":"fr-FR","@id":"https:\/\/peoplesphere.be\/fr\/#\/schema\/logo\/image\/","url":"https:\/\/peoplesphere.be\/fr\/wp-content\/uploads\/2023\/07\/peoplesphere-lgo-new-generik.jpg","contentUrl":"https:\/\/peoplesphere.be\/fr\/wp-content\/uploads\/2023\/07\/peoplesphere-lgo-new-generik.jpg","width":1031,"height":1479,"caption":"Peoplesphere Company srl"},"image":{"@id":"https:\/\/peoplesphere.be\/fr\/#\/schema\/logo\/image\/"},"sameAs":["https:\/\/www.facebook.com\/peoplesphere","https:\/\/twitter.com\/PeoplesphereMag","https:\/\/www.linkedin.com\/company\/7587361?trk","http:\/\/youtube.com\/peoplesphere"]},{"@type":"Person","@id":"https:\/\/peoplesphere.be\/fr\/#\/schema\/person\/31e983479d7c6c2adc52372e64a85ae6","name":"admin","image":{"@type":"ImageObject","inLanguage":"fr-FR","@id":"https:\/\/peoplesphere.be\/fr\/#\/schema\/person\/image\/","url":"https:\/\/secure.gravatar.com\/avatar\/d20f4a44ec8508c3a90cb5021a329512?s=96&d=mm&r=g","contentUrl":"https:\/\/secure.gravatar.com\/avatar\/d20f4a44ec8508c3a90cb5021a329512?s=96&d=mm&r=g","caption":"admin"},"url":"https:\/\/peoplesphere.be\/fr\/author\/admin\/"}]}},"_links":{"self":[{"href":"https:\/\/peoplesphere.be\/fr\/wp-json\/wp\/v2\/posts\/303"}],"collection":[{"href":"https:\/\/peoplesphere.be\/fr\/wp-json\/wp\/v2\/posts"}],"about":[{"href":"https:\/\/peoplesphere.be\/fr\/wp-json\/wp\/v2\/types\/post"}],"author":[{"embeddable":true,"href":"https:\/\/peoplesphere.be\/fr\/wp-json\/wp\/v2\/users\/1"}],"replies":[{"embeddable":true,"href":"https:\/\/peoplesphere.be\/fr\/wp-json\/wp\/v2\/comments?post=303"}],"version-history":[{"count":1,"href":"https:\/\/peoplesphere.be\/fr\/wp-json\/wp\/v2\/posts\/303\/revisions"}],"predecessor-version":[{"id":304,"href":"https:\/\/peoplesphere.be\/fr\/wp-json\/wp\/v2\/posts\/303\/revisions\/304"}],"wp:attachment":[{"href":"https:\/\/peoplesphere.be\/fr\/wp-json\/wp\/v2\/media?parent=303"}],"wp:term":[{"taxonomy":"category","embeddable":true,"href":"https:\/\/peoplesphere.be\/fr\/wp-json\/wp\/v2\/categories?post=303"},{"taxonomy":"post_tag","embeddable":true,"href":"https:\/\/peoplesphere.be\/fr\/wp-json\/wp\/v2\/tags?post=303"}],"curies":[{"name":"wp","href":"https:\/\/api.w.org\/{rel}","templated":true}]}}