









{"id":3031,"date":"2016-06-15T12:07:05","date_gmt":"2016-06-15T10:07:05","guid":{"rendered":"http:\/\/www.peoplesphere.be\/fr\/?p=3031"},"modified":"2016-06-15T12:07:05","modified_gmt":"2016-06-15T10:07:05","slug":"le-respect-du-facteur-humain-le-maillon-faible-de-la-rse","status":"publish","type":"post","link":"https:\/\/peoplesphere.be\/fr\/le-respect-du-facteur-humain-le-maillon-faible-de-la-rse\/","title":{"rendered":"Le respect du facteur humain, le maillon faible de la RSE !"},"content":{"rendered":"<p>Dur \u00e0 entendre mais pourtant&#8230; Selon l&rsquo;\u00e9tude compar\u00e9e men\u00e9e par l&rsquo;institut Vigeo Eiris, sp\u00e9cialis\u00e9 dans l&rsquo;\u00e9valuation des politiques RSE de nos entreprises, la pr\u00e9vention des risques de dumping social et environnemental dans les cha\u00eenes internationales d&rsquo;approvisionnement reste le maillon faible de la responsabilit\u00e9 sociale des entreprises.<!--more--><\/p>\n<p>Vigeo Eiris publie une \u00e9tude compar\u00e9e sur le degr\u00e9 auquel les grandes firmes cot\u00e9es int\u00e8grent le respect des droits humains, sociaux et environnementaux dans la gestion de leurs cha\u00eenes internationales d&rsquo;approvisionnement et de sous-traitance.<\/p>\n<p>La revue porte sur pr\u00e8s de 1300 grandes entreprises cot\u00e9es dans les pays industrialis\u00e9s (Am\u00e9rique du Nord, Asie-Pacifique et Europe). Les entreprises ont \u00e9t\u00e9 \u00e9valu\u00e9es au regard des engagements affich\u00e9s par leurs directions, des processus manag\u00e9riaux qu&rsquo;elles mettent en place et des indicateurs au moyen desquels elles rendent compte de leur volont\u00e9 et de leur capacit\u00e9 \u00e0 pr\u00e9venir les situations de violation ou de complicit\u00e9 de violation des conventions et des normes sociales et environnementales internationales dans la s\u00e9lection de leurs fournisseurs et la gestion de leurs cha\u00eenes de sous-traitance.<\/p>\n<p>L&rsquo;\u00e9tude rapporte plusieurs exemples de controverses dont les entreprises ont \u00e9t\u00e9 l&rsquo;objet sur ces sujets et les mesures correctives auxquelles elles ont donn\u00e9 lieu. L&rsquo;agence publie la liste des entreprises dont les engagements en faveur de la pr\u00e9vention du dumping social et environnemental peuvent \u00eatre consid\u00e9r\u00e9s comme les plus avanc\u00e9s \u00e0 l&rsquo;\u00e9chelle mondiale, ainsi que les bonnes pratiques observ\u00e9es au niveau international.<\/p>\n<p>Cette recherche, issue de la m\u00e9thode exclusive de notation des performances et des risques en responsabilit\u00e9 sociale Equitics*, montre que les marges de progr\u00e8s restent tr\u00e8s importantes \u00e0 combler pour que les dimensions sociales et environnementales soient mieux prises en compte dans le commerce mondial:<\/p>\n<p>&#8211; Malgr\u00e9 la m\u00e9diatisation d&rsquo;\u00e9v\u00e9nements tragiques, \u00a0la performance moyenne en mati\u00e8re de gestion responsable de la cha\u00eene d&rsquo;approvisionnement reste faible, et ce, dans toutes les r\u00e9gions et tous les pays. Seule une minorit\u00e9 d&rsquo;entreprises parvient \u00e0 d\u00e9montrer qu&rsquo;elle assume une gestion responsable de sa cha\u00eene d&rsquo;approvisionnement (score moyen d&rsquo;int\u00e9gration des facteurs sociaux et environnementaux dans la cha\u00eene d&rsquo;approvisionnement : respectivement de 33,8\/100 et de 31,5\/100).<\/p>\n<p>&#8211; L&rsquo;int\u00e9gration des crit\u00e8res sociaux et environnementaux dans les d\u00e9cisions d&rsquo;achats et dans le pilotage des cha\u00eenes d&rsquo;approvisionnement est un des th\u00e8mes au sujet desquels les entreprises cot\u00e9es communiquent le moins et fournissent le moins d&rsquo;indicateurs. Mais c&rsquo;est aussi un des sujets sur lesquels elles sont le moins controvers\u00e9es.<\/p>\n<p>&#8211; M\u00eame si les chiffres semblent sugg\u00e9rer que les enjeux sociaux et environnementaux de la cha\u00eene d&rsquo;approvisionnement demeurent marginaux parmi les facteurs de responsabilit\u00e9 sociale soulev\u00e9s par les parties prenantes, les cas rapport\u00e9s dans cette \u00e9tude montrent des mises en cause retentissantes (d\u00e9forestation li\u00e9es \u00e0 la r\u00e9colte d&rsquo;huile de palme, r\u00e9gime esclavagiste dans le textile et traite des \u00eatres humains sur des navires de p\u00eache, traitements d\u00e9gradants des travailleurs dans la production de biens alimentaires de grande consommation, travail des enfants, harc\u00e8lement sexuel et violences contre les ouvri\u00e8res).<\/p>\n<p>&#8211; L&rsquo;\u00e9tude montre que pour certains secteurs, les controverses sur le th\u00e8me des achats et de la gestion de la cha\u00eene internationale d&rsquo;approvisionnement ont d\u00e9j\u00e0 atteint la cote d&rsquo;alerte. C&rsquo;est le cas des secteurs de la distribution sp\u00e9cialis\u00e9e et de la grande distribution (24% et 13% des controverses sociales), du secteur alimentaire, des produits de luxe et cosm\u00e9tiques et de l&rsquo;\u00e9nergie (31%, 26% et 22% des controverses environnementales).<\/p>\n<p>&#8211; Quand elles rendent compte de leurs engagements en faveur d&rsquo;une gestion responsable de leur cha\u00eene d&rsquo;approvisionnement, les entreprises semblent se concentrer davantage sur la s\u00e9lection et le contr\u00f4le des fournisseurs que sur le d\u00e9veloppement de relations justes et \u00e9quilibr\u00e9es avec eux.<\/p>\n<p>&#8211; Peu d&rsquo;entreprises fournissent des preuves qu&rsquo;elles s&rsquo;engagent avec les parties prenantes (ONG, syndicats) pour promouvoir la prise en compte ou contr\u00f4ler le respect des standards sociaux et environnementaux dans leurs politiques d&rsquo;achats (3% des entreprises d\u00e9clarent cet engagement).<\/p>\n<p>&#8211; Environ 1\/3 des entreprises d\u00e9clare avoir mis en oeuvre des audits mais l&rsquo;information demeure tr\u00e8s pauvre sur les facteurs de risques audit\u00e9s, les m\u00e9thodes utilis\u00e9es et sur l&rsquo;ind\u00e9pendance des auditeurs ou le suivi des incidents et des non-conformit\u00e9s. La majorit\u00e9 ne signale pas si elles ont mis ou non en oeuvre des mesures correctives pour les incidents sociaux ou environnementaux, ce qui mine l&rsquo;utilit\u00e9 des audits et autres mesures.<\/p>\n<p>Fouad Benseddik, Directeur des M\u00e9thodes et des Relations Institutionnelles de Vigeo Eiris, d\u00e9clare <em>\u00ab\u00a0La plupart des secteurs ont encore un long chemin \u00e0 parcourir pour une gestion responsable de leur cha\u00eene d&rsquo;approvisionnement. L&rsquo;achat responsable ne doit pas \u00eatre que d\u00e9fensif. Les acheteurs et les donneurs d&rsquo;ordre peuvent \u00e9galement exercer une responsabilit\u00e9 positive qui doit consister \u00e0 faire progresser leurs sous-traitants et contribuer au d\u00e9veloppement humain de leurs territoires d&rsquo;activit\u00e9\u00a0\u00bb.<\/em><\/p>\n","protected":false},"excerpt":{"rendered":"<p>Dur \u00e0 entendre mais pourtant&#8230; Selon l&rsquo;\u00e9tude compar\u00e9e men\u00e9e par l&rsquo;institut Vigeo Eiris, sp\u00e9cialis\u00e9 dans l&rsquo;\u00e9valuation des politiques RSE de nos entreprises, la pr\u00e9vention des risques de dumping social et environnemental dans les cha\u00eenes internationales d&rsquo;approvisionnement reste le maillon faible [&hellip;]<\/p>\n","protected":false},"author":2,"featured_media":0,"comment_status":"closed","ping_status":"open","sticky":false,"template":"","format":"standard","meta":[],"categories":[65,10],"tags":[817,711,816,344],"yoast_head":"<!-- This site is optimized with the Yoast SEO plugin v21.0 - https:\/\/yoast.com\/wordpress\/plugins\/seo\/ -->\n<title>Le respect du facteur humain, le maillon faible de la RSE ! - Peoplesphere<\/title>\n<meta name=\"robots\" content=\"index, follow, max-snippet:-1, max-image-preview:large, max-video-preview:-1\" \/>\n<link rel=\"canonical\" href=\"https:\/\/peoplesphere.be\/fr\/le-respect-du-facteur-humain-le-maillon-faible-de-la-rse\/\" \/>\n<meta property=\"og:locale\" content=\"fr_FR\" \/>\n<meta property=\"og:type\" content=\"article\" \/>\n<meta property=\"og:title\" content=\"Le respect du facteur humain, le maillon faible de la RSE ! - Peoplesphere\" \/>\n<meta property=\"og:description\" content=\"Dur \u00e0 entendre mais pourtant&#8230; Selon l&rsquo;\u00e9tude compar\u00e9e men\u00e9e par l&rsquo;institut Vigeo Eiris, sp\u00e9cialis\u00e9 dans l&rsquo;\u00e9valuation des politiques RSE de nos entreprises, la pr\u00e9vention des risques de dumping social et environnemental dans les cha\u00eenes internationales d&rsquo;approvisionnement reste le maillon faible [&hellip;]\" \/>\n<meta property=\"og:url\" content=\"https:\/\/peoplesphere.be\/fr\/le-respect-du-facteur-humain-le-maillon-faible-de-la-rse\/\" \/>\n<meta property=\"og:site_name\" content=\"Peoplesphere\" \/>\n<meta property=\"article:publisher\" content=\"https:\/\/www.facebook.com\/peoplesphere\" \/>\n<meta property=\"article:published_time\" content=\"2016-06-15T10:07:05+00:00\" \/>\n<meta property=\"og:image\" content=\"http:\/\/www.peoplesphere.be\/fr\/wp-content\/uploads\/2016\/07\/facebook-default-posting-1200x628px.jpg\" \/>\n<meta name=\"author\" content=\"Jean-Paul Erhard\" \/>\n<meta name=\"twitter:card\" content=\"summary_large_image\" \/>\n<meta name=\"twitter:creator\" content=\"@PeoplesphereMag\" \/>\n<meta name=\"twitter:site\" content=\"@PeoplesphereMag\" \/>\n<meta name=\"twitter:label1\" content=\"\u00c9crit par\" \/>\n\t<meta name=\"twitter:data1\" content=\"Jean-Paul Erhard\" \/>\n\t<meta name=\"twitter:label2\" content=\"Dur\u00e9e de lecture estim\u00e9e\" \/>\n\t<meta name=\"twitter:data2\" content=\"4 minutes\" \/>\n<script type=\"application\/ld+json\" class=\"yoast-schema-graph\">{\"@context\":\"https:\/\/schema.org\",\"@graph\":[{\"@type\":\"Article\",\"@id\":\"https:\/\/peoplesphere.be\/fr\/le-respect-du-facteur-humain-le-maillon-faible-de-la-rse\/#article\",\"isPartOf\":{\"@id\":\"https:\/\/peoplesphere.be\/fr\/le-respect-du-facteur-humain-le-maillon-faible-de-la-rse\/\"},\"author\":{\"name\":\"Jean-Paul Erhard\",\"@id\":\"https:\/\/peoplesphere.be\/fr\/#\/schema\/person\/7976225ff17988604334abb7b3536a7e\"},\"headline\":\"Le respect du facteur humain, le maillon faible de la RSE !\",\"datePublished\":\"2016-06-15T10:07:05+00:00\",\"dateModified\":\"2016-06-15T10:07:05+00:00\",\"mainEntityOfPage\":{\"@id\":\"https:\/\/peoplesphere.be\/fr\/le-respect-du-facteur-humain-le-maillon-faible-de-la-rse\/\"},\"wordCount\":847,\"publisher\":{\"@id\":\"https:\/\/peoplesphere.be\/fr\/#organization\"},\"keywords\":[\"droits humains\",\"dumping social\",\"responsabilit\u00e9 soci\u00e9tale\",\"RSE\"],\"articleSection\":[\"Actualit\u00e9s\",\"Digital\"],\"inLanguage\":\"fr-FR\"},{\"@type\":\"WebPage\",\"@id\":\"https:\/\/peoplesphere.be\/fr\/le-respect-du-facteur-humain-le-maillon-faible-de-la-rse\/\",\"url\":\"https:\/\/peoplesphere.be\/fr\/le-respect-du-facteur-humain-le-maillon-faible-de-la-rse\/\",\"name\":\"Le respect du facteur humain, le maillon faible de la RSE ! - Peoplesphere\",\"isPartOf\":{\"@id\":\"https:\/\/peoplesphere.be\/fr\/#website\"},\"datePublished\":\"2016-06-15T10:07:05+00:00\",\"dateModified\":\"2016-06-15T10:07:05+00:00\",\"breadcrumb\":{\"@id\":\"https:\/\/peoplesphere.be\/fr\/le-respect-du-facteur-humain-le-maillon-faible-de-la-rse\/#breadcrumb\"},\"inLanguage\":\"fr-FR\",\"potentialAction\":[{\"@type\":\"ReadAction\",\"target\":[\"https:\/\/peoplesphere.be\/fr\/le-respect-du-facteur-humain-le-maillon-faible-de-la-rse\/\"]}]},{\"@type\":\"BreadcrumbList\",\"@id\":\"https:\/\/peoplesphere.be\/fr\/le-respect-du-facteur-humain-le-maillon-faible-de-la-rse\/#breadcrumb\",\"itemListElement\":[{\"@type\":\"ListItem\",\"position\":1,\"name\":\"Accueil\",\"item\":\"https:\/\/peoplesphere.be\/fr\/\"},{\"@type\":\"ListItem\",\"position\":2,\"name\":\"Le respect du facteur humain, le maillon faible de la RSE !\"}]},{\"@type\":\"WebSite\",\"@id\":\"https:\/\/peoplesphere.be\/fr\/#website\",\"url\":\"https:\/\/peoplesphere.be\/fr\/\",\"name\":\"Peoplesphere\",\"description\":\"The People Managers Magazine\",\"publisher\":{\"@id\":\"https:\/\/peoplesphere.be\/fr\/#organization\"},\"potentialAction\":[{\"@type\":\"SearchAction\",\"target\":{\"@type\":\"EntryPoint\",\"urlTemplate\":\"https:\/\/peoplesphere.be\/fr\/?s={search_term_string}\"},\"query-input\":\"required name=search_term_string\"}],\"inLanguage\":\"fr-FR\"},{\"@type\":\"Organization\",\"@id\":\"https:\/\/peoplesphere.be\/fr\/#organization\",\"name\":\"Peoplesphere Company srl\",\"url\":\"https:\/\/peoplesphere.be\/fr\/\",\"logo\":{\"@type\":\"ImageObject\",\"inLanguage\":\"fr-FR\",\"@id\":\"https:\/\/peoplesphere.be\/fr\/#\/schema\/logo\/image\/\",\"url\":\"https:\/\/peoplesphere.be\/fr\/wp-content\/uploads\/2023\/07\/peoplesphere-lgo-new-generik.jpg\",\"contentUrl\":\"https:\/\/peoplesphere.be\/fr\/wp-content\/uploads\/2023\/07\/peoplesphere-lgo-new-generik.jpg\",\"width\":1031,\"height\":1479,\"caption\":\"Peoplesphere Company srl\"},\"image\":{\"@id\":\"https:\/\/peoplesphere.be\/fr\/#\/schema\/logo\/image\/\"},\"sameAs\":[\"https:\/\/www.facebook.com\/peoplesphere\",\"https:\/\/twitter.com\/PeoplesphereMag\",\"https:\/\/www.linkedin.com\/company\/7587361?trk\",\"http:\/\/youtube.com\/peoplesphere\"]},{\"@type\":\"Person\",\"@id\":\"https:\/\/peoplesphere.be\/fr\/#\/schema\/person\/7976225ff17988604334abb7b3536a7e\",\"name\":\"Jean-Paul Erhard\",\"image\":{\"@type\":\"ImageObject\",\"inLanguage\":\"fr-FR\",\"@id\":\"https:\/\/peoplesphere.be\/fr\/#\/schema\/person\/image\/\",\"url\":\"https:\/\/secure.gravatar.com\/avatar\/f941e681460179738071629a51574930?s=96&d=mm&r=g\",\"contentUrl\":\"https:\/\/secure.gravatar.com\/avatar\/f941e681460179738071629a51574930?s=96&d=mm&r=g\",\"caption\":\"Jean-Paul Erhard\"},\"url\":\"https:\/\/peoplesphere.be\/fr\/author\/jpe\/\"}]}<\/script>\n<!-- \/ Yoast SEO plugin. -->","yoast_head_json":{"title":"Le respect du facteur humain, le maillon faible de la RSE ! - Peoplesphere","robots":{"index":"index","follow":"follow","max-snippet":"max-snippet:-1","max-image-preview":"max-image-preview:large","max-video-preview":"max-video-preview:-1"},"canonical":"https:\/\/peoplesphere.be\/fr\/le-respect-du-facteur-humain-le-maillon-faible-de-la-rse\/","og_locale":"fr_FR","og_type":"article","og_title":"Le respect du facteur humain, le maillon faible de la RSE ! - Peoplesphere","og_description":"Dur \u00e0 entendre mais pourtant&#8230; Selon l&rsquo;\u00e9tude compar\u00e9e men\u00e9e par l&rsquo;institut Vigeo Eiris, sp\u00e9cialis\u00e9 dans l&rsquo;\u00e9valuation des politiques RSE de nos entreprises, la pr\u00e9vention des risques de dumping social et environnemental dans les cha\u00eenes internationales d&rsquo;approvisionnement reste le maillon faible [&hellip;]","og_url":"https:\/\/peoplesphere.be\/fr\/le-respect-du-facteur-humain-le-maillon-faible-de-la-rse\/","og_site_name":"Peoplesphere","article_publisher":"https:\/\/www.facebook.com\/peoplesphere","article_published_time":"2016-06-15T10:07:05+00:00","og_image":[{"url":"http:\/\/www.peoplesphere.be\/fr\/wp-content\/uploads\/2016\/07\/facebook-default-posting-1200x628px.jpg"}],"author":"Jean-Paul Erhard","twitter_card":"summary_large_image","twitter_creator":"@PeoplesphereMag","twitter_site":"@PeoplesphereMag","twitter_misc":{"\u00c9crit par":"Jean-Paul Erhard","Dur\u00e9e de lecture estim\u00e9e":"4 minutes"},"schema":{"@context":"https:\/\/schema.org","@graph":[{"@type":"Article","@id":"https:\/\/peoplesphere.be\/fr\/le-respect-du-facteur-humain-le-maillon-faible-de-la-rse\/#article","isPartOf":{"@id":"https:\/\/peoplesphere.be\/fr\/le-respect-du-facteur-humain-le-maillon-faible-de-la-rse\/"},"author":{"name":"Jean-Paul Erhard","@id":"https:\/\/peoplesphere.be\/fr\/#\/schema\/person\/7976225ff17988604334abb7b3536a7e"},"headline":"Le respect du facteur humain, le maillon faible de la RSE !","datePublished":"2016-06-15T10:07:05+00:00","dateModified":"2016-06-15T10:07:05+00:00","mainEntityOfPage":{"@id":"https:\/\/peoplesphere.be\/fr\/le-respect-du-facteur-humain-le-maillon-faible-de-la-rse\/"},"wordCount":847,"publisher":{"@id":"https:\/\/peoplesphere.be\/fr\/#organization"},"keywords":["droits humains","dumping social","responsabilit\u00e9 soci\u00e9tale","RSE"],"articleSection":["Actualit\u00e9s","Digital"],"inLanguage":"fr-FR"},{"@type":"WebPage","@id":"https:\/\/peoplesphere.be\/fr\/le-respect-du-facteur-humain-le-maillon-faible-de-la-rse\/","url":"https:\/\/peoplesphere.be\/fr\/le-respect-du-facteur-humain-le-maillon-faible-de-la-rse\/","name":"Le respect du facteur humain, le maillon faible de la RSE ! - Peoplesphere","isPartOf":{"@id":"https:\/\/peoplesphere.be\/fr\/#website"},"datePublished":"2016-06-15T10:07:05+00:00","dateModified":"2016-06-15T10:07:05+00:00","breadcrumb":{"@id":"https:\/\/peoplesphere.be\/fr\/le-respect-du-facteur-humain-le-maillon-faible-de-la-rse\/#breadcrumb"},"inLanguage":"fr-FR","potentialAction":[{"@type":"ReadAction","target":["https:\/\/peoplesphere.be\/fr\/le-respect-du-facteur-humain-le-maillon-faible-de-la-rse\/"]}]},{"@type":"BreadcrumbList","@id":"https:\/\/peoplesphere.be\/fr\/le-respect-du-facteur-humain-le-maillon-faible-de-la-rse\/#breadcrumb","itemListElement":[{"@type":"ListItem","position":1,"name":"Accueil","item":"https:\/\/peoplesphere.be\/fr\/"},{"@type":"ListItem","position":2,"name":"Le respect du facteur humain, le maillon faible de la RSE !"}]},{"@type":"WebSite","@id":"https:\/\/peoplesphere.be\/fr\/#website","url":"https:\/\/peoplesphere.be\/fr\/","name":"Peoplesphere","description":"The People Managers Magazine","publisher":{"@id":"https:\/\/peoplesphere.be\/fr\/#organization"},"potentialAction":[{"@type":"SearchAction","target":{"@type":"EntryPoint","urlTemplate":"https:\/\/peoplesphere.be\/fr\/?s={search_term_string}"},"query-input":"required name=search_term_string"}],"inLanguage":"fr-FR"},{"@type":"Organization","@id":"https:\/\/peoplesphere.be\/fr\/#organization","name":"Peoplesphere Company srl","url":"https:\/\/peoplesphere.be\/fr\/","logo":{"@type":"ImageObject","inLanguage":"fr-FR","@id":"https:\/\/peoplesphere.be\/fr\/#\/schema\/logo\/image\/","url":"https:\/\/peoplesphere.be\/fr\/wp-content\/uploads\/2023\/07\/peoplesphere-lgo-new-generik.jpg","contentUrl":"https:\/\/peoplesphere.be\/fr\/wp-content\/uploads\/2023\/07\/peoplesphere-lgo-new-generik.jpg","width":1031,"height":1479,"caption":"Peoplesphere Company srl"},"image":{"@id":"https:\/\/peoplesphere.be\/fr\/#\/schema\/logo\/image\/"},"sameAs":["https:\/\/www.facebook.com\/peoplesphere","https:\/\/twitter.com\/PeoplesphereMag","https:\/\/www.linkedin.com\/company\/7587361?trk","http:\/\/youtube.com\/peoplesphere"]},{"@type":"Person","@id":"https:\/\/peoplesphere.be\/fr\/#\/schema\/person\/7976225ff17988604334abb7b3536a7e","name":"Jean-Paul Erhard","image":{"@type":"ImageObject","inLanguage":"fr-FR","@id":"https:\/\/peoplesphere.be\/fr\/#\/schema\/person\/image\/","url":"https:\/\/secure.gravatar.com\/avatar\/f941e681460179738071629a51574930?s=96&d=mm&r=g","contentUrl":"https:\/\/secure.gravatar.com\/avatar\/f941e681460179738071629a51574930?s=96&d=mm&r=g","caption":"Jean-Paul Erhard"},"url":"https:\/\/peoplesphere.be\/fr\/author\/jpe\/"}]}},"_links":{"self":[{"href":"https:\/\/peoplesphere.be\/fr\/wp-json\/wp\/v2\/posts\/3031"}],"collection":[{"href":"https:\/\/peoplesphere.be\/fr\/wp-json\/wp\/v2\/posts"}],"about":[{"href":"https:\/\/peoplesphere.be\/fr\/wp-json\/wp\/v2\/types\/post"}],"author":[{"embeddable":true,"href":"https:\/\/peoplesphere.be\/fr\/wp-json\/wp\/v2\/users\/2"}],"replies":[{"embeddable":true,"href":"https:\/\/peoplesphere.be\/fr\/wp-json\/wp\/v2\/comments?post=3031"}],"version-history":[{"count":1,"href":"https:\/\/peoplesphere.be\/fr\/wp-json\/wp\/v2\/posts\/3031\/revisions"}],"predecessor-version":[{"id":3032,"href":"https:\/\/peoplesphere.be\/fr\/wp-json\/wp\/v2\/posts\/3031\/revisions\/3032"}],"wp:attachment":[{"href":"https:\/\/peoplesphere.be\/fr\/wp-json\/wp\/v2\/media?parent=3031"}],"wp:term":[{"taxonomy":"category","embeddable":true,"href":"https:\/\/peoplesphere.be\/fr\/wp-json\/wp\/v2\/categories?post=3031"},{"taxonomy":"post_tag","embeddable":true,"href":"https:\/\/peoplesphere.be\/fr\/wp-json\/wp\/v2\/tags?post=3031"}],"curies":[{"name":"wp","href":"https:\/\/api.w.org\/{rel}","templated":true}]}}