









{"id":3159,"date":"2016-07-28T11:37:14","date_gmt":"2016-07-28T09:37:14","guid":{"rendered":"http:\/\/www.peoplesphere.be\/fr\/?p=3159"},"modified":"2016-07-28T11:37:14","modified_gmt":"2016-07-28T09:37:14","slug":"les-travailleurs-sont-determines-a-utiliser-loffre-doutplacement-a-condition-que-celle-ci-soit-personnalisee","status":"publish","type":"post","link":"https:\/\/peoplesphere.be\/fr\/les-travailleurs-sont-determines-a-utiliser-loffre-doutplacement-a-condition-que-celle-ci-soit-personnalisee\/","title":{"rendered":"Les travailleurs sont d\u00e9termin\u00e9s \u00e0 utiliser l&rsquo;offre d&rsquo;outplacement, \u00e0 condition que celle-ci soit personnalis\u00e9e."},"content":{"rendered":"<p>C&rsquo;est une v\u00e9ritable inversion de tendance que nous annonce le groupe Acerta. Alors que jusqu&rsquo;en 2015, environ trois travailleurs sur quatre refusaient l&rsquo;offre d&rsquo;outplacement, ceux-ci ne sont plus que 5% au premier trimestre 2016. L&rsquo;effet de la modification de la l\u00e9gislation bien entendu. Attention cependant : le groupe sp\u00e9cialis\u00e9 en RH constate \u00e9galement que les candidats \u00e0 l\u2019outplacement se montrent plus critiques : ils demandent plus souvent un programme personnalis\u00e9.<!--more--><\/p>\n<p>Rappelons la teneur de la loi : les travailleurs qui sont licenci\u00e9s avec un d\u00e9lai de pr\u00e9avis de trente semaines ou une rupture de contrat qui couvre la m\u00eame p\u00e9riode, ont droit \u00e0 un outplacement depuis 2014. En cas de rupture de contrat, le travailleur finance lui-m\u00eame une partie de cet outplacement \u00e9tant donn\u00e9 que l\u2019employeur peut r\u00e9duire l\u2019indemnit\u00e9 de rupture de quatre semaines de r\u00e9mun\u00e9ration. Jusqu\u2019au 31 d\u00e9cembre 2015, le travailleur pouvait s\u2019y opposer en refusant l\u2019outplacement. Dans ce cas, l\u2019employeur devait quand m\u00eame verser l\u2019int\u00e9gralit\u00e9 de l\u2019indemnit\u00e9 de rupture, mais il \u00e9tait dispens\u00e9 de proposer un outplacement. Depuis 2016, l\u2019employeur peut toujours imputer les quatre semaines de r\u00e9mun\u00e9ration sur l\u2019indemnit\u00e9 de rupture, que le travailleur accepte ou refuse l\u2019outplacement.<\/p>\n<p>\u00ab\u00a0<em>Cela explique \u00e9videmment la diminution notable du pourcentage de r\u00e9fractaires, qui est pass\u00e9 de 75 % en 2015 \u00e0 5 % au premier trimestre 2016 : m\u00eame si le travailleur refuse l\u2019outplacement, son indemnit\u00e9 de rupture est r\u00e9duite de quatre semaines. Il n\u2019y a donc plus qu\u2019une infime minorit\u00e9 qui refuse l\u2019outplacement\u00a0\u00bb, <\/em>remarque-t-on chez\u00a0Acerta.<\/p>\n<p><strong><em>Changement de mentalit\u00e9<\/em><\/strong><\/p>\n<p>Plus important encore:\u00a0les participants s\u2019approprient beaucoup plus leur programme d\u2019outplacement. <em>\u00ab\u00a0Il s\u2019agit d\u2019un \u00e9l\u00e9ment tr\u00e8s positif puisqu\u2019ils se sentent donc plus impliqu\u00e9s dans leur trajet d\u2019outplacement. Ils demandent un programme personnalis\u00e9 qui est enti\u00e8rement adapt\u00e9 \u00e0 leurs besoins et souhaits individuels dans leur recherche d\u2019une nouvelle orientation professionnelle. De cette mani\u00e8re, ils se pr\u00e9occupent beaucoup plus du contenu du programme et prennent plus en main l\u2019\u00e9volution de leur carri\u00e8re. Ainsi, on constate une demande \u00e9lev\u00e9e d\u2019int\u00e9grer un coaching sp\u00e9cifique dans le trajet. On peut par exemple suivre des s\u00e9ances p\u00e9dagogiques si on veut travailler dans l\u2019enseignement, ou un cours d\u2019ICT pour avoir un meilleur bagage administratif \u00e0 proposer sur le march\u00e9. Et pr\u00e8s de 10 % des clients en outplacement envisagent de se lancer dans une activit\u00e9 ind\u00e9pendante. Dans ce cas, un programme d\u2019outplacement sur mesure est \u00e9galement n\u00e9cessaire. Ils b\u00e9n\u00e9ficient d\u2019une aide lors de la r\u00e9alisation du business plan, re\u00e7oivent les informations n\u00e9cessaires sur le plan administratif et financier, ainsi que des conseils au niveau commercial. D\u00e8s qu\u2019ils ont commenc\u00e9, ils peuvent encore faire appel \u00e0 un coach dans le domaine du business development pendant plusieurs mois\u00a0\u00bb.<\/em><\/p>\n<p><strong><em>Encore des pr\u00e9jug\u00e9s&#8230;<\/em><\/strong><\/p>\n<p>Reste enfin \u00e0 comprendre les raisons pour lesquelles certains travailleurs pr\u00e9f\u00e8rent toujours renoncer \u00e0 la formule&#8230;\u00a0<em>\u00ab\u00a0Ce sont g\u00e9n\u00e9ralement des gens qui ont une image tronqu\u00e9e ou d\u00e9pass\u00e9e de l\u2019outplacement. Ils pensent qu\u2019il s\u2019agit de s\u00e9ances classiques obligatoires o\u00f9 un professeur leur explique comment r\u00e9diger un CV. Nous essayons toujours d\u2019expliquer aux participants que ce sont eux qui orientent le trajet de coaching et qu\u2019ils peuvent b\u00e9n\u00e9ficier d\u2019un soutien \u00e0 la carte pour l\u2019\u00e9volution future de leur carri\u00e8re. De nombreux participants avouent au terme de leur programme d\u2019outplacement qu\u2019ils \u00e9taient tr\u00e8s sceptiques au d\u00e9but parce ce qu\u2019ils ne savaient pas en quoi cela consistait, mais qu\u2019ils ont constat\u00e9 petit \u00e0 petit que le programme les aidait vraiment dans leur recherche d\u2019emploi\u00a0\u00bb.<\/em><\/p>\n","protected":false},"excerpt":{"rendered":"<p>C&rsquo;est une v\u00e9ritable inversion de tendance que nous annonce le groupe Acerta. Alors que jusqu&rsquo;en 2015, environ trois travailleurs sur quatre refusaient l&rsquo;offre d&rsquo;outplacement, ceux-ci ne sont plus que 5% au premier trimestre 2016. L&rsquo;effet de la modification de la [&hellip;]<\/p>\n","protected":false},"author":2,"featured_media":0,"comment_status":"closed","ping_status":"open","sticky":false,"template":"","format":"standard","meta":[],"categories":[65,10],"tags":[693,209,862,863,321],"yoast_head":"<!-- This site is optimized with the Yoast SEO plugin v21.0 - https:\/\/yoast.com\/wordpress\/plugins\/seo\/ -->\n<title>Les travailleurs sont d\u00e9termin\u00e9s \u00e0 utiliser l&#039;offre d&#039;outplacement, \u00e0 condition que celle-ci soit personnalis\u00e9e. - Peoplesphere<\/title>\n<meta name=\"robots\" content=\"index, follow, max-snippet:-1, max-image-preview:large, max-video-preview:-1\" \/>\n<link rel=\"canonical\" href=\"https:\/\/peoplesphere.be\/fr\/les-travailleurs-sont-determines-a-utiliser-loffre-doutplacement-a-condition-que-celle-ci-soit-personnalisee\/\" \/>\n<meta property=\"og:locale\" content=\"fr_FR\" \/>\n<meta property=\"og:type\" content=\"article\" \/>\n<meta property=\"og:title\" content=\"Les travailleurs sont d\u00e9termin\u00e9s \u00e0 utiliser l&#039;offre d&#039;outplacement, \u00e0 condition que celle-ci soit personnalis\u00e9e. - Peoplesphere\" \/>\n<meta property=\"og:description\" content=\"C&rsquo;est une v\u00e9ritable inversion de tendance que nous annonce le groupe Acerta. Alors que jusqu&rsquo;en 2015, environ trois travailleurs sur quatre refusaient l&rsquo;offre d&rsquo;outplacement, ceux-ci ne sont plus que 5% au premier trimestre 2016. L&rsquo;effet de la modification de la [&hellip;]\" \/>\n<meta property=\"og:url\" content=\"https:\/\/peoplesphere.be\/fr\/les-travailleurs-sont-determines-a-utiliser-loffre-doutplacement-a-condition-que-celle-ci-soit-personnalisee\/\" \/>\n<meta property=\"og:site_name\" content=\"Peoplesphere\" \/>\n<meta property=\"article:publisher\" content=\"https:\/\/www.facebook.com\/peoplesphere\" \/>\n<meta property=\"article:published_time\" content=\"2016-07-28T09:37:14+00:00\" \/>\n<meta property=\"og:image\" content=\"http:\/\/www.peoplesphere.be\/fr\/wp-content\/uploads\/2016\/07\/facebook-default-posting-1200x628px.jpg\" \/>\n<meta name=\"author\" content=\"Jean-Paul Erhard\" \/>\n<meta name=\"twitter:card\" content=\"summary_large_image\" \/>\n<meta name=\"twitter:creator\" content=\"@PeoplesphereMag\" \/>\n<meta name=\"twitter:site\" content=\"@PeoplesphereMag\" \/>\n<meta name=\"twitter:label1\" content=\"\u00c9crit par\" \/>\n\t<meta name=\"twitter:data1\" content=\"Jean-Paul Erhard\" \/>\n\t<meta name=\"twitter:label2\" content=\"Dur\u00e9e de lecture estim\u00e9e\" \/>\n\t<meta name=\"twitter:data2\" content=\"3 minutes\" \/>\n<script type=\"application\/ld+json\" class=\"yoast-schema-graph\">{\"@context\":\"https:\/\/schema.org\",\"@graph\":[{\"@type\":\"Article\",\"@id\":\"https:\/\/peoplesphere.be\/fr\/les-travailleurs-sont-determines-a-utiliser-loffre-doutplacement-a-condition-que-celle-ci-soit-personnalisee\/#article\",\"isPartOf\":{\"@id\":\"https:\/\/peoplesphere.be\/fr\/les-travailleurs-sont-determines-a-utiliser-loffre-doutplacement-a-condition-que-celle-ci-soit-personnalisee\/\"},\"author\":{\"name\":\"Jean-Paul Erhard\",\"@id\":\"https:\/\/peoplesphere.be\/fr\/#\/schema\/person\/7976225ff17988604334abb7b3536a7e\"},\"headline\":\"Les travailleurs sont d\u00e9termin\u00e9s \u00e0 utiliser l&rsquo;offre d&rsquo;outplacement, \u00e0 condition que celle-ci soit personnalis\u00e9e.\",\"datePublished\":\"2016-07-28T09:37:14+00:00\",\"dateModified\":\"2016-07-28T09:37:14+00:00\",\"mainEntityOfPage\":{\"@id\":\"https:\/\/peoplesphere.be\/fr\/les-travailleurs-sont-determines-a-utiliser-loffre-doutplacement-a-condition-que-celle-ci-soit-personnalisee\/\"},\"wordCount\":647,\"publisher\":{\"@id\":\"https:\/\/peoplesphere.be\/fr\/#organization\"},\"keywords\":[\"career management\",\"d\u00e9veloppement personnel\",\"gestion de carri\u00e8res\",\"l\u00e9gislation\",\"outplacement\"],\"articleSection\":[\"Actualit\u00e9s\",\"Digital\"],\"inLanguage\":\"fr-FR\"},{\"@type\":\"WebPage\",\"@id\":\"https:\/\/peoplesphere.be\/fr\/les-travailleurs-sont-determines-a-utiliser-loffre-doutplacement-a-condition-que-celle-ci-soit-personnalisee\/\",\"url\":\"https:\/\/peoplesphere.be\/fr\/les-travailleurs-sont-determines-a-utiliser-loffre-doutplacement-a-condition-que-celle-ci-soit-personnalisee\/\",\"name\":\"Les travailleurs sont d\u00e9termin\u00e9s \u00e0 utiliser l'offre d'outplacement, \u00e0 condition que celle-ci soit personnalis\u00e9e. - Peoplesphere\",\"isPartOf\":{\"@id\":\"https:\/\/peoplesphere.be\/fr\/#website\"},\"datePublished\":\"2016-07-28T09:37:14+00:00\",\"dateModified\":\"2016-07-28T09:37:14+00:00\",\"breadcrumb\":{\"@id\":\"https:\/\/peoplesphere.be\/fr\/les-travailleurs-sont-determines-a-utiliser-loffre-doutplacement-a-condition-que-celle-ci-soit-personnalisee\/#breadcrumb\"},\"inLanguage\":\"fr-FR\",\"potentialAction\":[{\"@type\":\"ReadAction\",\"target\":[\"https:\/\/peoplesphere.be\/fr\/les-travailleurs-sont-determines-a-utiliser-loffre-doutplacement-a-condition-que-celle-ci-soit-personnalisee\/\"]}]},{\"@type\":\"BreadcrumbList\",\"@id\":\"https:\/\/peoplesphere.be\/fr\/les-travailleurs-sont-determines-a-utiliser-loffre-doutplacement-a-condition-que-celle-ci-soit-personnalisee\/#breadcrumb\",\"itemListElement\":[{\"@type\":\"ListItem\",\"position\":1,\"name\":\"Accueil\",\"item\":\"https:\/\/peoplesphere.be\/fr\/\"},{\"@type\":\"ListItem\",\"position\":2,\"name\":\"Les travailleurs sont d\u00e9termin\u00e9s \u00e0 utiliser l&rsquo;offre d&rsquo;outplacement, \u00e0 condition que celle-ci soit personnalis\u00e9e.\"}]},{\"@type\":\"WebSite\",\"@id\":\"https:\/\/peoplesphere.be\/fr\/#website\",\"url\":\"https:\/\/peoplesphere.be\/fr\/\",\"name\":\"Peoplesphere\",\"description\":\"The People Managers Magazine\",\"publisher\":{\"@id\":\"https:\/\/peoplesphere.be\/fr\/#organization\"},\"potentialAction\":[{\"@type\":\"SearchAction\",\"target\":{\"@type\":\"EntryPoint\",\"urlTemplate\":\"https:\/\/peoplesphere.be\/fr\/?s={search_term_string}\"},\"query-input\":\"required name=search_term_string\"}],\"inLanguage\":\"fr-FR\"},{\"@type\":\"Organization\",\"@id\":\"https:\/\/peoplesphere.be\/fr\/#organization\",\"name\":\"Peoplesphere Company srl\",\"url\":\"https:\/\/peoplesphere.be\/fr\/\",\"logo\":{\"@type\":\"ImageObject\",\"inLanguage\":\"fr-FR\",\"@id\":\"https:\/\/peoplesphere.be\/fr\/#\/schema\/logo\/image\/\",\"url\":\"https:\/\/peoplesphere.be\/fr\/wp-content\/uploads\/2023\/07\/peoplesphere-lgo-new-generik.jpg\",\"contentUrl\":\"https:\/\/peoplesphere.be\/fr\/wp-content\/uploads\/2023\/07\/peoplesphere-lgo-new-generik.jpg\",\"width\":1031,\"height\":1479,\"caption\":\"Peoplesphere Company srl\"},\"image\":{\"@id\":\"https:\/\/peoplesphere.be\/fr\/#\/schema\/logo\/image\/\"},\"sameAs\":[\"https:\/\/www.facebook.com\/peoplesphere\",\"https:\/\/twitter.com\/PeoplesphereMag\",\"https:\/\/www.linkedin.com\/company\/7587361?trk\",\"http:\/\/youtube.com\/peoplesphere\"]},{\"@type\":\"Person\",\"@id\":\"https:\/\/peoplesphere.be\/fr\/#\/schema\/person\/7976225ff17988604334abb7b3536a7e\",\"name\":\"Jean-Paul Erhard\",\"image\":{\"@type\":\"ImageObject\",\"inLanguage\":\"fr-FR\",\"@id\":\"https:\/\/peoplesphere.be\/fr\/#\/schema\/person\/image\/\",\"url\":\"https:\/\/secure.gravatar.com\/avatar\/f941e681460179738071629a51574930?s=96&d=mm&r=g\",\"contentUrl\":\"https:\/\/secure.gravatar.com\/avatar\/f941e681460179738071629a51574930?s=96&d=mm&r=g\",\"caption\":\"Jean-Paul Erhard\"},\"url\":\"https:\/\/peoplesphere.be\/fr\/author\/jpe\/\"}]}<\/script>\n<!-- \/ Yoast SEO plugin. -->","yoast_head_json":{"title":"Les travailleurs sont d\u00e9termin\u00e9s \u00e0 utiliser l'offre d'outplacement, \u00e0 condition que celle-ci soit personnalis\u00e9e. - Peoplesphere","robots":{"index":"index","follow":"follow","max-snippet":"max-snippet:-1","max-image-preview":"max-image-preview:large","max-video-preview":"max-video-preview:-1"},"canonical":"https:\/\/peoplesphere.be\/fr\/les-travailleurs-sont-determines-a-utiliser-loffre-doutplacement-a-condition-que-celle-ci-soit-personnalisee\/","og_locale":"fr_FR","og_type":"article","og_title":"Les travailleurs sont d\u00e9termin\u00e9s \u00e0 utiliser l'offre d'outplacement, \u00e0 condition que celle-ci soit personnalis\u00e9e. - Peoplesphere","og_description":"C&rsquo;est une v\u00e9ritable inversion de tendance que nous annonce le groupe Acerta. Alors que jusqu&rsquo;en 2015, environ trois travailleurs sur quatre refusaient l&rsquo;offre d&rsquo;outplacement, ceux-ci ne sont plus que 5% au premier trimestre 2016. L&rsquo;effet de la modification de la [&hellip;]","og_url":"https:\/\/peoplesphere.be\/fr\/les-travailleurs-sont-determines-a-utiliser-loffre-doutplacement-a-condition-que-celle-ci-soit-personnalisee\/","og_site_name":"Peoplesphere","article_publisher":"https:\/\/www.facebook.com\/peoplesphere","article_published_time":"2016-07-28T09:37:14+00:00","og_image":[{"url":"http:\/\/www.peoplesphere.be\/fr\/wp-content\/uploads\/2016\/07\/facebook-default-posting-1200x628px.jpg"}],"author":"Jean-Paul Erhard","twitter_card":"summary_large_image","twitter_creator":"@PeoplesphereMag","twitter_site":"@PeoplesphereMag","twitter_misc":{"\u00c9crit par":"Jean-Paul Erhard","Dur\u00e9e de lecture estim\u00e9e":"3 minutes"},"schema":{"@context":"https:\/\/schema.org","@graph":[{"@type":"Article","@id":"https:\/\/peoplesphere.be\/fr\/les-travailleurs-sont-determines-a-utiliser-loffre-doutplacement-a-condition-que-celle-ci-soit-personnalisee\/#article","isPartOf":{"@id":"https:\/\/peoplesphere.be\/fr\/les-travailleurs-sont-determines-a-utiliser-loffre-doutplacement-a-condition-que-celle-ci-soit-personnalisee\/"},"author":{"name":"Jean-Paul Erhard","@id":"https:\/\/peoplesphere.be\/fr\/#\/schema\/person\/7976225ff17988604334abb7b3536a7e"},"headline":"Les travailleurs sont d\u00e9termin\u00e9s \u00e0 utiliser l&rsquo;offre d&rsquo;outplacement, \u00e0 condition que celle-ci soit personnalis\u00e9e.","datePublished":"2016-07-28T09:37:14+00:00","dateModified":"2016-07-28T09:37:14+00:00","mainEntityOfPage":{"@id":"https:\/\/peoplesphere.be\/fr\/les-travailleurs-sont-determines-a-utiliser-loffre-doutplacement-a-condition-que-celle-ci-soit-personnalisee\/"},"wordCount":647,"publisher":{"@id":"https:\/\/peoplesphere.be\/fr\/#organization"},"keywords":["career management","d\u00e9veloppement personnel","gestion de carri\u00e8res","l\u00e9gislation","outplacement"],"articleSection":["Actualit\u00e9s","Digital"],"inLanguage":"fr-FR"},{"@type":"WebPage","@id":"https:\/\/peoplesphere.be\/fr\/les-travailleurs-sont-determines-a-utiliser-loffre-doutplacement-a-condition-que-celle-ci-soit-personnalisee\/","url":"https:\/\/peoplesphere.be\/fr\/les-travailleurs-sont-determines-a-utiliser-loffre-doutplacement-a-condition-que-celle-ci-soit-personnalisee\/","name":"Les travailleurs sont d\u00e9termin\u00e9s \u00e0 utiliser l'offre d'outplacement, \u00e0 condition que celle-ci soit personnalis\u00e9e. - Peoplesphere","isPartOf":{"@id":"https:\/\/peoplesphere.be\/fr\/#website"},"datePublished":"2016-07-28T09:37:14+00:00","dateModified":"2016-07-28T09:37:14+00:00","breadcrumb":{"@id":"https:\/\/peoplesphere.be\/fr\/les-travailleurs-sont-determines-a-utiliser-loffre-doutplacement-a-condition-que-celle-ci-soit-personnalisee\/#breadcrumb"},"inLanguage":"fr-FR","potentialAction":[{"@type":"ReadAction","target":["https:\/\/peoplesphere.be\/fr\/les-travailleurs-sont-determines-a-utiliser-loffre-doutplacement-a-condition-que-celle-ci-soit-personnalisee\/"]}]},{"@type":"BreadcrumbList","@id":"https:\/\/peoplesphere.be\/fr\/les-travailleurs-sont-determines-a-utiliser-loffre-doutplacement-a-condition-que-celle-ci-soit-personnalisee\/#breadcrumb","itemListElement":[{"@type":"ListItem","position":1,"name":"Accueil","item":"https:\/\/peoplesphere.be\/fr\/"},{"@type":"ListItem","position":2,"name":"Les travailleurs sont d\u00e9termin\u00e9s \u00e0 utiliser l&rsquo;offre d&rsquo;outplacement, \u00e0 condition que celle-ci soit personnalis\u00e9e."}]},{"@type":"WebSite","@id":"https:\/\/peoplesphere.be\/fr\/#website","url":"https:\/\/peoplesphere.be\/fr\/","name":"Peoplesphere","description":"The People Managers Magazine","publisher":{"@id":"https:\/\/peoplesphere.be\/fr\/#organization"},"potentialAction":[{"@type":"SearchAction","target":{"@type":"EntryPoint","urlTemplate":"https:\/\/peoplesphere.be\/fr\/?s={search_term_string}"},"query-input":"required name=search_term_string"}],"inLanguage":"fr-FR"},{"@type":"Organization","@id":"https:\/\/peoplesphere.be\/fr\/#organization","name":"Peoplesphere Company srl","url":"https:\/\/peoplesphere.be\/fr\/","logo":{"@type":"ImageObject","inLanguage":"fr-FR","@id":"https:\/\/peoplesphere.be\/fr\/#\/schema\/logo\/image\/","url":"https:\/\/peoplesphere.be\/fr\/wp-content\/uploads\/2023\/07\/peoplesphere-lgo-new-generik.jpg","contentUrl":"https:\/\/peoplesphere.be\/fr\/wp-content\/uploads\/2023\/07\/peoplesphere-lgo-new-generik.jpg","width":1031,"height":1479,"caption":"Peoplesphere Company srl"},"image":{"@id":"https:\/\/peoplesphere.be\/fr\/#\/schema\/logo\/image\/"},"sameAs":["https:\/\/www.facebook.com\/peoplesphere","https:\/\/twitter.com\/PeoplesphereMag","https:\/\/www.linkedin.com\/company\/7587361?trk","http:\/\/youtube.com\/peoplesphere"]},{"@type":"Person","@id":"https:\/\/peoplesphere.be\/fr\/#\/schema\/person\/7976225ff17988604334abb7b3536a7e","name":"Jean-Paul Erhard","image":{"@type":"ImageObject","inLanguage":"fr-FR","@id":"https:\/\/peoplesphere.be\/fr\/#\/schema\/person\/image\/","url":"https:\/\/secure.gravatar.com\/avatar\/f941e681460179738071629a51574930?s=96&d=mm&r=g","contentUrl":"https:\/\/secure.gravatar.com\/avatar\/f941e681460179738071629a51574930?s=96&d=mm&r=g","caption":"Jean-Paul Erhard"},"url":"https:\/\/peoplesphere.be\/fr\/author\/jpe\/"}]}},"_links":{"self":[{"href":"https:\/\/peoplesphere.be\/fr\/wp-json\/wp\/v2\/posts\/3159"}],"collection":[{"href":"https:\/\/peoplesphere.be\/fr\/wp-json\/wp\/v2\/posts"}],"about":[{"href":"https:\/\/peoplesphere.be\/fr\/wp-json\/wp\/v2\/types\/post"}],"author":[{"embeddable":true,"href":"https:\/\/peoplesphere.be\/fr\/wp-json\/wp\/v2\/users\/2"}],"replies":[{"embeddable":true,"href":"https:\/\/peoplesphere.be\/fr\/wp-json\/wp\/v2\/comments?post=3159"}],"version-history":[{"count":1,"href":"https:\/\/peoplesphere.be\/fr\/wp-json\/wp\/v2\/posts\/3159\/revisions"}],"predecessor-version":[{"id":3160,"href":"https:\/\/peoplesphere.be\/fr\/wp-json\/wp\/v2\/posts\/3159\/revisions\/3160"}],"wp:attachment":[{"href":"https:\/\/peoplesphere.be\/fr\/wp-json\/wp\/v2\/media?parent=3159"}],"wp:term":[{"taxonomy":"category","embeddable":true,"href":"https:\/\/peoplesphere.be\/fr\/wp-json\/wp\/v2\/categories?post=3159"},{"taxonomy":"post_tag","embeddable":true,"href":"https:\/\/peoplesphere.be\/fr\/wp-json\/wp\/v2\/tags?post=3159"}],"curies":[{"name":"wp","href":"https:\/\/api.w.org\/{rel}","templated":true}]}}