









{"id":3165,"date":"2016-08-02T14:16:17","date_gmt":"2016-08-02T12:16:17","guid":{"rendered":"http:\/\/www.peoplesphere.be\/fr\/?p=3165"},"modified":"2016-08-02T14:17:05","modified_gmt":"2016-08-02T12:17:05","slug":"la-flexibilite-du-temps-et-du-lieu-de-travail-de-plus-en-plus-decisive-pour-choisir-son-employeur","status":"publish","type":"post","link":"https:\/\/peoplesphere.be\/fr\/la-flexibilite-du-temps-et-du-lieu-de-travail-de-plus-en-plus-decisive-pour-choisir-son-employeur\/","title":{"rendered":"La flexibilit\u00e9 du temps et du lieu de travail, de plus en plus d\u00e9cisive pour choisir son employeur."},"content":{"rendered":"<p>Les r\u00e8gles du jeu ont chang\u00e9. Dans la phase de n\u00e9gociation qui fait partie du processus de recrutement, l&rsquo;octroi de solutions flexibles visant \u00e0 travailler n&rsquo;importe o\u00f9, n&rsquo;importe quand occupe d\u00e9sormais une position pr\u00e9pond\u00e9rante. A un point tel que, selon une enqu\u00eate r\u00e9cente, 3 Belges sur 4 refuseraient un travail sans flexibilit\u00e9.<!--more--><\/p>\n<p>L&rsquo;enqu\u00eate commandit\u00e9e par Regus affirme : <em>\u00ab\u00a0En Belgique, les employ\u00e9s de bureau accordent beaucoup d&rsquo;importance \u00e0 la possibilit\u00e9 de d\u00e9cider eux-m\u00eames o\u00f9 et quand ils travaillent. 74% d&rsquo;entre eux (61% au plan mondial) iraient jusqu&rsquo;\u00e0 refuser un job qui n&rsquo;int\u00e9grerait pas ce type de flexibilit\u00e9. Plus de 40.000 employ\u00e9s, dont pr\u00e8s de 300 Belges, issus de 100 pays diff\u00e9rents, ont \u00e9t\u00e9 interrog\u00e9s.\u00a0\u00bb<\/em><\/p>\n<p>Elle souligne encore : <em>\u00ab\u00a0On profite souvent des vacances d&rsquo;\u00e9t\u00e9 pour prendre du recul et r\u00e9fl\u00e9chir aux avantages et aux inconv\u00e9nients de son job. Une pr\u00e9c\u00e9dente enqu\u00eate a montr\u00e9 que 41% des employ\u00e9s de bureau \u00e9tudient la possibilit\u00e9 de changer de boulot au terme de leurs cong\u00e9s. Et l\u00e0, bien souvent, l&rsquo;initiative est guid\u00e9e par la recherche d&rsquo;un meilleur \u00e9quilibre entre vie priv\u00e9e et professionnelle.\u00a0Les personnes qui b\u00e9n\u00e9ficient de la possibilit\u00e9 de travailler davantage depuis leur domicile \u2013 ou depuis un lieu de travail proche de leur domicile \u2013 sont moins susceptibles de chercher un autre job. Ainsi, 44% des participants \u00e0 l&rsquo;enqu\u00eate (48% dans le monde) indiquent qu&rsquo;ils seraient rest\u00e9s plus longtemps chez leur pr\u00e9c\u00e9dent employeur s&rsquo;ils avaient pu b\u00e9n\u00e9ficier de plus de flexibilit\u00e9. Les entreprises qui souhaitent attirer ou conserver des collaborateurs de talent doivent garder cela \u00e0 l&rsquo;esprit!\u00a0\u00bb.<\/em><\/p>\n<p><strong><em>Quels avantages concrets ? <\/em><\/strong><\/p>\n<p><em>\u00ab\u00a0Pour 73% des r\u00e9pondants (78% au plan mondial) , les \u00ab\u00a0travailleurs flexibles\u00a0\u00bb profitent de plus de temps libre parce qu&rsquo;ils peuvent mieux planifier leur travail. Gr\u00e2ce \u00e0 cela, ils peuvent consacrer davantage de temps \u00e0 leur famille et amis (88% contre 91% dans le monde) ou \u00e0 leurs hobbies (84% contre 83% au plan mondial).<\/em><br \/>\n<em> 4 r\u00e9pondants sur 5 \u2013 une proportion identique en Belgique et dans l&rsquo;ensemble du monde \u2013 consid\u00e8rent que les \u00ab\u00a0travailleurs flexibles\u00a0\u00bb b\u00e9n\u00e9ficient d&rsquo;un meilleur \u00e9quilibre vie priv\u00e9e\/vie professionnelle.<\/em><br \/>\n<em> Selon 63% des r\u00e9pondants (71% dans le monde), les travailleurs flexibles sont mieux repos\u00e9s parce qu&rsquo;ils perdent moins de temps dans les trajets entre leur habitation et leur lieu de travail. Cela leur permet aussi de b\u00e9n\u00e9ficier d&rsquo;une vie plus saine (80% des r\u00e9pondants belges contre 74% au plan mondial).\u00a0\u00bb<\/em><\/p>\n<p>M\u00e9thodologie : presque 40.000 professionnels de plus de 100 pays \u2013 dont pr\u00e8s de 300 Belges &#8211; ont \u00e9t\u00e9 interrog\u00e9s en ligne en janvier 2016. Ces contacts proviennent de la base de donn\u00e9es internationale de Regus, qui comprend plus d\u2019un million de professionnels. Ils constituent un \u00e9chantillon repr\u00e9sentatif de dirigeants et de propri\u00e9taires d\u2019entreprises du monde entier. L\u2019\u00e9tude a \u00e9t\u00e9 conduite par l\u2019organisme ind\u00e9pendant MindMetre.<\/p>\n","protected":false},"excerpt":{"rendered":"<p>Les r\u00e8gles du jeu ont chang\u00e9. Dans la phase de n\u00e9gociation qui fait partie du processus de recrutement, l&rsquo;octroi de solutions flexibles visant \u00e0 travailler n&rsquo;importe o\u00f9, n&rsquo;importe quand occupe d\u00e9sormais une position pr\u00e9pond\u00e9rante. A un point tel que, selon [&hellip;]<\/p>\n","protected":false},"author":2,"featured_media":0,"comment_status":"closed","ping_status":"open","sticky":false,"template":"","format":"standard","meta":[],"categories":[65,10],"tags":[647,220,219,696],"yoast_head":"<!-- This site is optimized with the Yoast SEO plugin v21.0 - https:\/\/yoast.com\/wordpress\/plugins\/seo\/ -->\n<title>La flexibilit\u00e9 du temps et du lieu de travail, de plus en plus d\u00e9cisive pour choisir son employeur. - Peoplesphere<\/title>\n<meta name=\"robots\" content=\"index, follow, max-snippet:-1, max-image-preview:large, max-video-preview:-1\" \/>\n<link rel=\"canonical\" href=\"https:\/\/peoplesphere.be\/fr\/la-flexibilite-du-temps-et-du-lieu-de-travail-de-plus-en-plus-decisive-pour-choisir-son-employeur\/\" \/>\n<meta property=\"og:locale\" content=\"fr_FR\" \/>\n<meta property=\"og:type\" content=\"article\" \/>\n<meta property=\"og:title\" content=\"La flexibilit\u00e9 du temps et du lieu de travail, de plus en plus d\u00e9cisive pour choisir son employeur. - Peoplesphere\" \/>\n<meta property=\"og:description\" content=\"Les r\u00e8gles du jeu ont chang\u00e9. Dans la phase de n\u00e9gociation qui fait partie du processus de recrutement, l&rsquo;octroi de solutions flexibles visant \u00e0 travailler n&rsquo;importe o\u00f9, n&rsquo;importe quand occupe d\u00e9sormais une position pr\u00e9pond\u00e9rante. A un point tel que, selon [&hellip;]\" \/>\n<meta property=\"og:url\" content=\"https:\/\/peoplesphere.be\/fr\/la-flexibilite-du-temps-et-du-lieu-de-travail-de-plus-en-plus-decisive-pour-choisir-son-employeur\/\" \/>\n<meta property=\"og:site_name\" content=\"Peoplesphere\" \/>\n<meta property=\"article:publisher\" content=\"https:\/\/www.facebook.com\/peoplesphere\" \/>\n<meta property=\"article:published_time\" content=\"2016-08-02T12:16:17+00:00\" \/>\n<meta property=\"article:modified_time\" content=\"2016-08-02T12:17:05+00:00\" \/>\n<meta property=\"og:image\" content=\"http:\/\/www.peoplesphere.be\/fr\/wp-content\/uploads\/2016\/07\/facebook-default-posting-1200x628px.jpg\" \/>\n<meta name=\"author\" content=\"Jean-Paul Erhard\" \/>\n<meta name=\"twitter:card\" content=\"summary_large_image\" \/>\n<meta name=\"twitter:creator\" content=\"@PeoplesphereMag\" \/>\n<meta name=\"twitter:site\" content=\"@PeoplesphereMag\" \/>\n<meta name=\"twitter:label1\" content=\"\u00c9crit par\" \/>\n\t<meta name=\"twitter:data1\" content=\"Jean-Paul Erhard\" \/>\n\t<meta name=\"twitter:label2\" content=\"Dur\u00e9e de lecture estim\u00e9e\" \/>\n\t<meta name=\"twitter:data2\" content=\"2 minutes\" \/>\n<script type=\"application\/ld+json\" class=\"yoast-schema-graph\">{\"@context\":\"https:\/\/schema.org\",\"@graph\":[{\"@type\":\"Article\",\"@id\":\"https:\/\/peoplesphere.be\/fr\/la-flexibilite-du-temps-et-du-lieu-de-travail-de-plus-en-plus-decisive-pour-choisir-son-employeur\/#article\",\"isPartOf\":{\"@id\":\"https:\/\/peoplesphere.be\/fr\/la-flexibilite-du-temps-et-du-lieu-de-travail-de-plus-en-plus-decisive-pour-choisir-son-employeur\/\"},\"author\":{\"name\":\"Jean-Paul Erhard\",\"@id\":\"https:\/\/peoplesphere.be\/fr\/#\/schema\/person\/7976225ff17988604334abb7b3536a7e\"},\"headline\":\"La flexibilit\u00e9 du temps et du lieu de travail, de plus en plus d\u00e9cisive pour choisir son employeur.\",\"datePublished\":\"2016-08-02T12:16:17+00:00\",\"dateModified\":\"2016-08-02T12:17:05+00:00\",\"mainEntityOfPage\":{\"@id\":\"https:\/\/peoplesphere.be\/fr\/la-flexibilite-du-temps-et-du-lieu-de-travail-de-plus-en-plus-decisive-pour-choisir-son-employeur\/\"},\"wordCount\":494,\"publisher\":{\"@id\":\"https:\/\/peoplesphere.be\/fr\/#organization\"},\"keywords\":[\"\u00e9quilibre priv\u00e9\/professionnel\",\"flexibilit\u00e9\",\"t\u00e9l\u00e9travail\",\"travail mobile\"],\"articleSection\":[\"Actualit\u00e9s\",\"Digital\"],\"inLanguage\":\"fr-FR\"},{\"@type\":\"WebPage\",\"@id\":\"https:\/\/peoplesphere.be\/fr\/la-flexibilite-du-temps-et-du-lieu-de-travail-de-plus-en-plus-decisive-pour-choisir-son-employeur\/\",\"url\":\"https:\/\/peoplesphere.be\/fr\/la-flexibilite-du-temps-et-du-lieu-de-travail-de-plus-en-plus-decisive-pour-choisir-son-employeur\/\",\"name\":\"La flexibilit\u00e9 du temps et du lieu de travail, de plus en plus d\u00e9cisive pour choisir son employeur. - Peoplesphere\",\"isPartOf\":{\"@id\":\"https:\/\/peoplesphere.be\/fr\/#website\"},\"datePublished\":\"2016-08-02T12:16:17+00:00\",\"dateModified\":\"2016-08-02T12:17:05+00:00\",\"breadcrumb\":{\"@id\":\"https:\/\/peoplesphere.be\/fr\/la-flexibilite-du-temps-et-du-lieu-de-travail-de-plus-en-plus-decisive-pour-choisir-son-employeur\/#breadcrumb\"},\"inLanguage\":\"fr-FR\",\"potentialAction\":[{\"@type\":\"ReadAction\",\"target\":[\"https:\/\/peoplesphere.be\/fr\/la-flexibilite-du-temps-et-du-lieu-de-travail-de-plus-en-plus-decisive-pour-choisir-son-employeur\/\"]}]},{\"@type\":\"BreadcrumbList\",\"@id\":\"https:\/\/peoplesphere.be\/fr\/la-flexibilite-du-temps-et-du-lieu-de-travail-de-plus-en-plus-decisive-pour-choisir-son-employeur\/#breadcrumb\",\"itemListElement\":[{\"@type\":\"ListItem\",\"position\":1,\"name\":\"Accueil\",\"item\":\"https:\/\/peoplesphere.be\/fr\/\"},{\"@type\":\"ListItem\",\"position\":2,\"name\":\"La flexibilit\u00e9 du temps et du lieu de travail, de plus en plus d\u00e9cisive pour choisir son employeur.\"}]},{\"@type\":\"WebSite\",\"@id\":\"https:\/\/peoplesphere.be\/fr\/#website\",\"url\":\"https:\/\/peoplesphere.be\/fr\/\",\"name\":\"Peoplesphere\",\"description\":\"The People Managers Magazine\",\"publisher\":{\"@id\":\"https:\/\/peoplesphere.be\/fr\/#organization\"},\"potentialAction\":[{\"@type\":\"SearchAction\",\"target\":{\"@type\":\"EntryPoint\",\"urlTemplate\":\"https:\/\/peoplesphere.be\/fr\/?s={search_term_string}\"},\"query-input\":\"required name=search_term_string\"}],\"inLanguage\":\"fr-FR\"},{\"@type\":\"Organization\",\"@id\":\"https:\/\/peoplesphere.be\/fr\/#organization\",\"name\":\"Peoplesphere Company srl\",\"url\":\"https:\/\/peoplesphere.be\/fr\/\",\"logo\":{\"@type\":\"ImageObject\",\"inLanguage\":\"fr-FR\",\"@id\":\"https:\/\/peoplesphere.be\/fr\/#\/schema\/logo\/image\/\",\"url\":\"https:\/\/peoplesphere.be\/fr\/wp-content\/uploads\/2023\/07\/peoplesphere-lgo-new-generik.jpg\",\"contentUrl\":\"https:\/\/peoplesphere.be\/fr\/wp-content\/uploads\/2023\/07\/peoplesphere-lgo-new-generik.jpg\",\"width\":1031,\"height\":1479,\"caption\":\"Peoplesphere Company srl\"},\"image\":{\"@id\":\"https:\/\/peoplesphere.be\/fr\/#\/schema\/logo\/image\/\"},\"sameAs\":[\"https:\/\/www.facebook.com\/peoplesphere\",\"https:\/\/twitter.com\/PeoplesphereMag\",\"https:\/\/www.linkedin.com\/company\/7587361?trk\",\"http:\/\/youtube.com\/peoplesphere\"]},{\"@type\":\"Person\",\"@id\":\"https:\/\/peoplesphere.be\/fr\/#\/schema\/person\/7976225ff17988604334abb7b3536a7e\",\"name\":\"Jean-Paul Erhard\",\"image\":{\"@type\":\"ImageObject\",\"inLanguage\":\"fr-FR\",\"@id\":\"https:\/\/peoplesphere.be\/fr\/#\/schema\/person\/image\/\",\"url\":\"https:\/\/secure.gravatar.com\/avatar\/f941e681460179738071629a51574930?s=96&d=mm&r=g\",\"contentUrl\":\"https:\/\/secure.gravatar.com\/avatar\/f941e681460179738071629a51574930?s=96&d=mm&r=g\",\"caption\":\"Jean-Paul Erhard\"},\"url\":\"https:\/\/peoplesphere.be\/fr\/author\/jpe\/\"}]}<\/script>\n<!-- \/ Yoast SEO plugin. -->","yoast_head_json":{"title":"La flexibilit\u00e9 du temps et du lieu de travail, de plus en plus d\u00e9cisive pour choisir son employeur. - Peoplesphere","robots":{"index":"index","follow":"follow","max-snippet":"max-snippet:-1","max-image-preview":"max-image-preview:large","max-video-preview":"max-video-preview:-1"},"canonical":"https:\/\/peoplesphere.be\/fr\/la-flexibilite-du-temps-et-du-lieu-de-travail-de-plus-en-plus-decisive-pour-choisir-son-employeur\/","og_locale":"fr_FR","og_type":"article","og_title":"La flexibilit\u00e9 du temps et du lieu de travail, de plus en plus d\u00e9cisive pour choisir son employeur. - Peoplesphere","og_description":"Les r\u00e8gles du jeu ont chang\u00e9. Dans la phase de n\u00e9gociation qui fait partie du processus de recrutement, l&rsquo;octroi de solutions flexibles visant \u00e0 travailler n&rsquo;importe o\u00f9, n&rsquo;importe quand occupe d\u00e9sormais une position pr\u00e9pond\u00e9rante. A un point tel que, selon [&hellip;]","og_url":"https:\/\/peoplesphere.be\/fr\/la-flexibilite-du-temps-et-du-lieu-de-travail-de-plus-en-plus-decisive-pour-choisir-son-employeur\/","og_site_name":"Peoplesphere","article_publisher":"https:\/\/www.facebook.com\/peoplesphere","article_published_time":"2016-08-02T12:16:17+00:00","article_modified_time":"2016-08-02T12:17:05+00:00","og_image":[{"url":"http:\/\/www.peoplesphere.be\/fr\/wp-content\/uploads\/2016\/07\/facebook-default-posting-1200x628px.jpg"}],"author":"Jean-Paul Erhard","twitter_card":"summary_large_image","twitter_creator":"@PeoplesphereMag","twitter_site":"@PeoplesphereMag","twitter_misc":{"\u00c9crit par":"Jean-Paul Erhard","Dur\u00e9e de lecture estim\u00e9e":"2 minutes"},"schema":{"@context":"https:\/\/schema.org","@graph":[{"@type":"Article","@id":"https:\/\/peoplesphere.be\/fr\/la-flexibilite-du-temps-et-du-lieu-de-travail-de-plus-en-plus-decisive-pour-choisir-son-employeur\/#article","isPartOf":{"@id":"https:\/\/peoplesphere.be\/fr\/la-flexibilite-du-temps-et-du-lieu-de-travail-de-plus-en-plus-decisive-pour-choisir-son-employeur\/"},"author":{"name":"Jean-Paul Erhard","@id":"https:\/\/peoplesphere.be\/fr\/#\/schema\/person\/7976225ff17988604334abb7b3536a7e"},"headline":"La flexibilit\u00e9 du temps et du lieu de travail, de plus en plus d\u00e9cisive pour choisir son employeur.","datePublished":"2016-08-02T12:16:17+00:00","dateModified":"2016-08-02T12:17:05+00:00","mainEntityOfPage":{"@id":"https:\/\/peoplesphere.be\/fr\/la-flexibilite-du-temps-et-du-lieu-de-travail-de-plus-en-plus-decisive-pour-choisir-son-employeur\/"},"wordCount":494,"publisher":{"@id":"https:\/\/peoplesphere.be\/fr\/#organization"},"keywords":["\u00e9quilibre priv\u00e9\/professionnel","flexibilit\u00e9","t\u00e9l\u00e9travail","travail mobile"],"articleSection":["Actualit\u00e9s","Digital"],"inLanguage":"fr-FR"},{"@type":"WebPage","@id":"https:\/\/peoplesphere.be\/fr\/la-flexibilite-du-temps-et-du-lieu-de-travail-de-plus-en-plus-decisive-pour-choisir-son-employeur\/","url":"https:\/\/peoplesphere.be\/fr\/la-flexibilite-du-temps-et-du-lieu-de-travail-de-plus-en-plus-decisive-pour-choisir-son-employeur\/","name":"La flexibilit\u00e9 du temps et du lieu de travail, de plus en plus d\u00e9cisive pour choisir son employeur. - Peoplesphere","isPartOf":{"@id":"https:\/\/peoplesphere.be\/fr\/#website"},"datePublished":"2016-08-02T12:16:17+00:00","dateModified":"2016-08-02T12:17:05+00:00","breadcrumb":{"@id":"https:\/\/peoplesphere.be\/fr\/la-flexibilite-du-temps-et-du-lieu-de-travail-de-plus-en-plus-decisive-pour-choisir-son-employeur\/#breadcrumb"},"inLanguage":"fr-FR","potentialAction":[{"@type":"ReadAction","target":["https:\/\/peoplesphere.be\/fr\/la-flexibilite-du-temps-et-du-lieu-de-travail-de-plus-en-plus-decisive-pour-choisir-son-employeur\/"]}]},{"@type":"BreadcrumbList","@id":"https:\/\/peoplesphere.be\/fr\/la-flexibilite-du-temps-et-du-lieu-de-travail-de-plus-en-plus-decisive-pour-choisir-son-employeur\/#breadcrumb","itemListElement":[{"@type":"ListItem","position":1,"name":"Accueil","item":"https:\/\/peoplesphere.be\/fr\/"},{"@type":"ListItem","position":2,"name":"La flexibilit\u00e9 du temps et du lieu de travail, de plus en plus d\u00e9cisive pour choisir son employeur."}]},{"@type":"WebSite","@id":"https:\/\/peoplesphere.be\/fr\/#website","url":"https:\/\/peoplesphere.be\/fr\/","name":"Peoplesphere","description":"The People Managers Magazine","publisher":{"@id":"https:\/\/peoplesphere.be\/fr\/#organization"},"potentialAction":[{"@type":"SearchAction","target":{"@type":"EntryPoint","urlTemplate":"https:\/\/peoplesphere.be\/fr\/?s={search_term_string}"},"query-input":"required name=search_term_string"}],"inLanguage":"fr-FR"},{"@type":"Organization","@id":"https:\/\/peoplesphere.be\/fr\/#organization","name":"Peoplesphere Company srl","url":"https:\/\/peoplesphere.be\/fr\/","logo":{"@type":"ImageObject","inLanguage":"fr-FR","@id":"https:\/\/peoplesphere.be\/fr\/#\/schema\/logo\/image\/","url":"https:\/\/peoplesphere.be\/fr\/wp-content\/uploads\/2023\/07\/peoplesphere-lgo-new-generik.jpg","contentUrl":"https:\/\/peoplesphere.be\/fr\/wp-content\/uploads\/2023\/07\/peoplesphere-lgo-new-generik.jpg","width":1031,"height":1479,"caption":"Peoplesphere Company srl"},"image":{"@id":"https:\/\/peoplesphere.be\/fr\/#\/schema\/logo\/image\/"},"sameAs":["https:\/\/www.facebook.com\/peoplesphere","https:\/\/twitter.com\/PeoplesphereMag","https:\/\/www.linkedin.com\/company\/7587361?trk","http:\/\/youtube.com\/peoplesphere"]},{"@type":"Person","@id":"https:\/\/peoplesphere.be\/fr\/#\/schema\/person\/7976225ff17988604334abb7b3536a7e","name":"Jean-Paul Erhard","image":{"@type":"ImageObject","inLanguage":"fr-FR","@id":"https:\/\/peoplesphere.be\/fr\/#\/schema\/person\/image\/","url":"https:\/\/secure.gravatar.com\/avatar\/f941e681460179738071629a51574930?s=96&d=mm&r=g","contentUrl":"https:\/\/secure.gravatar.com\/avatar\/f941e681460179738071629a51574930?s=96&d=mm&r=g","caption":"Jean-Paul Erhard"},"url":"https:\/\/peoplesphere.be\/fr\/author\/jpe\/"}]}},"_links":{"self":[{"href":"https:\/\/peoplesphere.be\/fr\/wp-json\/wp\/v2\/posts\/3165"}],"collection":[{"href":"https:\/\/peoplesphere.be\/fr\/wp-json\/wp\/v2\/posts"}],"about":[{"href":"https:\/\/peoplesphere.be\/fr\/wp-json\/wp\/v2\/types\/post"}],"author":[{"embeddable":true,"href":"https:\/\/peoplesphere.be\/fr\/wp-json\/wp\/v2\/users\/2"}],"replies":[{"embeddable":true,"href":"https:\/\/peoplesphere.be\/fr\/wp-json\/wp\/v2\/comments?post=3165"}],"version-history":[{"count":2,"href":"https:\/\/peoplesphere.be\/fr\/wp-json\/wp\/v2\/posts\/3165\/revisions"}],"predecessor-version":[{"id":3167,"href":"https:\/\/peoplesphere.be\/fr\/wp-json\/wp\/v2\/posts\/3165\/revisions\/3167"}],"wp:attachment":[{"href":"https:\/\/peoplesphere.be\/fr\/wp-json\/wp\/v2\/media?parent=3165"}],"wp:term":[{"taxonomy":"category","embeddable":true,"href":"https:\/\/peoplesphere.be\/fr\/wp-json\/wp\/v2\/categories?post=3165"},{"taxonomy":"post_tag","embeddable":true,"href":"https:\/\/peoplesphere.be\/fr\/wp-json\/wp\/v2\/tags?post=3165"}],"curies":[{"name":"wp","href":"https:\/\/api.w.org\/{rel}","templated":true}]}}