









{"id":3186,"date":"2016-08-09T10:21:25","date_gmt":"2016-08-09T08:21:25","guid":{"rendered":"http:\/\/www.peoplesphere.be\/fr\/?p=3186"},"modified":"2016-08-09T10:21:25","modified_gmt":"2016-08-09T08:21:25","slug":"linterview-de-denis-cristol-lecosysteme-numerique-de-la-formation-doit-encore-emerger","status":"publish","type":"post","link":"https:\/\/peoplesphere.be\/fr\/linterview-de-denis-cristol-lecosysteme-numerique-de-la-formation-doit-encore-emerger\/","title":{"rendered":"L&rsquo;interview de Denis Cristol : \u00ab\u00a0L\u2019\u00e9cosyst\u00e8me num\u00e9rique de la formation doit encore \u00e9merger\u2026\u00a0\u00bb"},"content":{"rendered":"<p>Dans le cadre du cycle de conf\u00e9rences-d\u00e9bats organis\u00e9 par FormaForm et consacr\u00e9 \u00e0 l\u2019apprentissage tout au long de la vie, l\u2019analyse concr\u00e8te de l\u2019impact du num\u00e9rique sur la formation a retenu toute notre attention. L\u2019occasion d\u2019une entrevue exclusive avec Denis Cristol qui est en charge, via sa fonction au sein du CNFPT, des dispositifs de formation pour l\u2019ensemble de la fonction publique en France. Quel est son regard sur l\u2019impact du num\u00e9rique dans le domaine de l\u2019apprentissage?<!--more--><\/p>\n<p><strong>Le num\u00e9rique est-il en train de modifier fondamentalement les bases de la formation ?<\/strong><br \/>\nDenis Cristol\u00a0: <em>\u00ab\u00a0Le num\u00e9rique, c\u2019est bien plus qu\u2019un outil donc la r\u00e9ponse est plut\u00f4t positive. Nous assistons \u00e0 la transformation d\u2019un \u00e9cosyst\u00e8me de lecture. Nous apprenons d\u00e9sormais de fa\u00e7on dynamique, par bribes. La mani\u00e8re dont nous prenons en compte les informations est en pleine mutation.\u00a0Il me semble utile de rappeler que le num\u00e9rique repr\u00e9sente aussi une d\u00e9marche, une fa\u00e7on de penser. A l\u2019origine, les premiers hackers \u00e9taient (et restent aujourd\u2019hui encore) porteurs de germes anarchistes et libertaires. Il y a un r\u00e9el esprit de partage.\u00a0N\u2019oublions pas que tous les serveurs sont d\u00e9velopp\u00e9s et administr\u00e9s via des logiciels libres\u2026 Les germes de libert\u00e9 sont toujours l\u00e0.\u00a0Et le num\u00e9rique rapproche aussi les individus entre eux&#8230;\u00a0\u00bb<\/em><\/p>\n<p><strong><em>Lire plus ?<\/em><\/strong>\u00a0Cet article est paru dans le dossier consacr\u00e9 au L\u00e2cher-Prise\u00a0de\u00a0l\u2019\u00e9dition print n\u00b0205 de Peoplesphere (FR).\u00a0Pour lire le dossier dans son int\u00e9gralit\u00e9, abonnez-vous au magazine (<a href=\"http:\/\/www.peoplesphere.be\/fr\/abo\/\">http:\/\/www.peoplesphere.be\/fr\/abo\/<\/a>) ou commandez votre \u00e9dition (print ou pdf \u2013 15 euros tvac) via email \u00e0 l\u2019adresse :\u00a0<a href=\"mailto:info@peoplesphere.be\">info@peoplesphere.be<\/a><\/p>\n<p>&nbsp;<\/p>\n<p>Denis CRISTOL est directeur de l\u2019ing\u00e9nierie et des dispositifs de formation du Centre National de la Fonction Territoriale (CNFPT) qui g\u00e8re, en France, la formation de 1,9 million d\u2019agents publics territoriaux qui sont r\u00e9partis sur 250 m\u00e9tiers. Chaque ann\u00e9e, le CNFPT assure le d\u00e9veloppement de 960.000 fonctionnaires avec le concours de 17.000 intervenants globalement, qui sont 60% d\u2019entre eux des territoriaux.\u00a0La mission principale du Centre ? Diversifier et r\u00e9inventer en permanence les dispositifs de formation et les modalit\u00e9s p\u00e9dagogiques.\u00a0Denis Cristol est docteur en sciences de l\u2019\u00e9ducation de formation. Il est \u00e9galement chercheur invit\u00e9 au CREF, axant ses travaux sur l\u2019innovation en formation et les apprentissages informels des managers.<\/p>\n","protected":false},"excerpt":{"rendered":"<p>Dans le cadre du cycle de conf\u00e9rences-d\u00e9bats organis\u00e9 par FormaForm et consacr\u00e9 \u00e0 l\u2019apprentissage tout au long de la vie, l\u2019analyse concr\u00e8te de l\u2019impact du num\u00e9rique sur la formation a retenu toute notre attention. L\u2019occasion d\u2019une entrevue exclusive avec Denis [&hellip;]<\/p>\n","protected":false},"author":2,"featured_media":0,"comment_status":"closed","ping_status":"open","sticky":false,"template":"","format":"standard","meta":[],"categories":[62,2],"tags":[47,870,77,735,48,120],"yoast_head":"<!-- This site is optimized with the Yoast SEO plugin v21.0 - https:\/\/yoast.com\/wordpress\/plugins\/seo\/ -->\n<title>L&#039;interview de Denis Cristol : &quot;L\u2019\u00e9cosyst\u00e8me num\u00e9rique de la formation doit encore \u00e9merger\u2026&quot; - Peoplesphere<\/title>\n<meta name=\"robots\" content=\"index, follow, max-snippet:-1, max-image-preview:large, max-video-preview:-1\" \/>\n<link rel=\"canonical\" href=\"https:\/\/peoplesphere.be\/fr\/linterview-de-denis-cristol-lecosysteme-numerique-de-la-formation-doit-encore-emerger\/\" \/>\n<meta property=\"og:locale\" content=\"fr_FR\" \/>\n<meta property=\"og:type\" content=\"article\" \/>\n<meta property=\"og:title\" content=\"L&#039;interview de Denis Cristol : &quot;L\u2019\u00e9cosyst\u00e8me num\u00e9rique de la formation doit encore \u00e9merger\u2026&quot; - Peoplesphere\" \/>\n<meta property=\"og:description\" content=\"Dans le cadre du cycle de conf\u00e9rences-d\u00e9bats organis\u00e9 par FormaForm et consacr\u00e9 \u00e0 l\u2019apprentissage tout au long de la vie, l\u2019analyse concr\u00e8te de l\u2019impact du num\u00e9rique sur la formation a retenu toute notre attention. L\u2019occasion d\u2019une entrevue exclusive avec Denis [&hellip;]\" \/>\n<meta property=\"og:url\" content=\"https:\/\/peoplesphere.be\/fr\/linterview-de-denis-cristol-lecosysteme-numerique-de-la-formation-doit-encore-emerger\/\" \/>\n<meta property=\"og:site_name\" content=\"Peoplesphere\" \/>\n<meta property=\"article:publisher\" content=\"https:\/\/www.facebook.com\/peoplesphere\" \/>\n<meta property=\"article:published_time\" content=\"2016-08-09T08:21:25+00:00\" \/>\n<meta property=\"og:image\" content=\"http:\/\/www.peoplesphere.be\/fr\/wp-content\/uploads\/2016\/07\/facebook-default-posting-1200x628px.jpg\" \/>\n<meta name=\"author\" content=\"Jean-Paul Erhard\" \/>\n<meta name=\"twitter:card\" content=\"summary_large_image\" \/>\n<meta name=\"twitter:creator\" content=\"@PeoplesphereMag\" \/>\n<meta name=\"twitter:site\" content=\"@PeoplesphereMag\" \/>\n<meta name=\"twitter:label1\" content=\"\u00c9crit par\" \/>\n\t<meta name=\"twitter:data1\" content=\"Jean-Paul Erhard\" \/>\n\t<meta name=\"twitter:label2\" content=\"Dur\u00e9e de lecture estim\u00e9e\" \/>\n\t<meta name=\"twitter:data2\" content=\"2 minutes\" \/>\n<script type=\"application\/ld+json\" class=\"yoast-schema-graph\">{\"@context\":\"https:\/\/schema.org\",\"@graph\":[{\"@type\":\"Article\",\"@id\":\"https:\/\/peoplesphere.be\/fr\/linterview-de-denis-cristol-lecosysteme-numerique-de-la-formation-doit-encore-emerger\/#article\",\"isPartOf\":{\"@id\":\"https:\/\/peoplesphere.be\/fr\/linterview-de-denis-cristol-lecosysteme-numerique-de-la-formation-doit-encore-emerger\/\"},\"author\":{\"name\":\"Jean-Paul Erhard\",\"@id\":\"https:\/\/peoplesphere.be\/fr\/#\/schema\/person\/7976225ff17988604334abb7b3536a7e\"},\"headline\":\"L&rsquo;interview de Denis Cristol : \u00ab\u00a0L\u2019\u00e9cosyst\u00e8me num\u00e9rique de la formation doit encore \u00e9merger\u2026\u00a0\u00bb\",\"datePublished\":\"2016-08-09T08:21:25+00:00\",\"dateModified\":\"2016-08-09T08:21:25+00:00\",\"mainEntityOfPage\":{\"@id\":\"https:\/\/peoplesphere.be\/fr\/linterview-de-denis-cristol-lecosysteme-numerique-de-la-formation-doit-encore-emerger\/\"},\"wordCount\":428,\"publisher\":{\"@id\":\"https:\/\/peoplesphere.be\/fr\/#organization\"},\"keywords\":[\"Apprentissage\",\"denis cristol\",\"digital\",\"formaform\",\"Formation\",\"transformation\"],\"articleSection\":[\"Articles\",\"Magazine\"],\"inLanguage\":\"fr-FR\"},{\"@type\":\"WebPage\",\"@id\":\"https:\/\/peoplesphere.be\/fr\/linterview-de-denis-cristol-lecosysteme-numerique-de-la-formation-doit-encore-emerger\/\",\"url\":\"https:\/\/peoplesphere.be\/fr\/linterview-de-denis-cristol-lecosysteme-numerique-de-la-formation-doit-encore-emerger\/\",\"name\":\"L'interview de Denis Cristol : \\\"L\u2019\u00e9cosyst\u00e8me num\u00e9rique de la formation doit encore \u00e9merger\u2026\\\" - Peoplesphere\",\"isPartOf\":{\"@id\":\"https:\/\/peoplesphere.be\/fr\/#website\"},\"datePublished\":\"2016-08-09T08:21:25+00:00\",\"dateModified\":\"2016-08-09T08:21:25+00:00\",\"breadcrumb\":{\"@id\":\"https:\/\/peoplesphere.be\/fr\/linterview-de-denis-cristol-lecosysteme-numerique-de-la-formation-doit-encore-emerger\/#breadcrumb\"},\"inLanguage\":\"fr-FR\",\"potentialAction\":[{\"@type\":\"ReadAction\",\"target\":[\"https:\/\/peoplesphere.be\/fr\/linterview-de-denis-cristol-lecosysteme-numerique-de-la-formation-doit-encore-emerger\/\"]}]},{\"@type\":\"BreadcrumbList\",\"@id\":\"https:\/\/peoplesphere.be\/fr\/linterview-de-denis-cristol-lecosysteme-numerique-de-la-formation-doit-encore-emerger\/#breadcrumb\",\"itemListElement\":[{\"@type\":\"ListItem\",\"position\":1,\"name\":\"Accueil\",\"item\":\"https:\/\/peoplesphere.be\/fr\/\"},{\"@type\":\"ListItem\",\"position\":2,\"name\":\"L&rsquo;interview de Denis Cristol : \u00ab\u00a0L\u2019\u00e9cosyst\u00e8me num\u00e9rique de la formation doit encore \u00e9merger\u2026\u00a0\u00bb\"}]},{\"@type\":\"WebSite\",\"@id\":\"https:\/\/peoplesphere.be\/fr\/#website\",\"url\":\"https:\/\/peoplesphere.be\/fr\/\",\"name\":\"Peoplesphere\",\"description\":\"The People Managers Magazine\",\"publisher\":{\"@id\":\"https:\/\/peoplesphere.be\/fr\/#organization\"},\"potentialAction\":[{\"@type\":\"SearchAction\",\"target\":{\"@type\":\"EntryPoint\",\"urlTemplate\":\"https:\/\/peoplesphere.be\/fr\/?s={search_term_string}\"},\"query-input\":\"required name=search_term_string\"}],\"inLanguage\":\"fr-FR\"},{\"@type\":\"Organization\",\"@id\":\"https:\/\/peoplesphere.be\/fr\/#organization\",\"name\":\"Peoplesphere Company srl\",\"url\":\"https:\/\/peoplesphere.be\/fr\/\",\"logo\":{\"@type\":\"ImageObject\",\"inLanguage\":\"fr-FR\",\"@id\":\"https:\/\/peoplesphere.be\/fr\/#\/schema\/logo\/image\/\",\"url\":\"https:\/\/peoplesphere.be\/fr\/wp-content\/uploads\/2023\/07\/peoplesphere-lgo-new-generik.jpg\",\"contentUrl\":\"https:\/\/peoplesphere.be\/fr\/wp-content\/uploads\/2023\/07\/peoplesphere-lgo-new-generik.jpg\",\"width\":1031,\"height\":1479,\"caption\":\"Peoplesphere Company srl\"},\"image\":{\"@id\":\"https:\/\/peoplesphere.be\/fr\/#\/schema\/logo\/image\/\"},\"sameAs\":[\"https:\/\/www.facebook.com\/peoplesphere\",\"https:\/\/twitter.com\/PeoplesphereMag\",\"https:\/\/www.linkedin.com\/company\/7587361?trk\",\"http:\/\/youtube.com\/peoplesphere\"]},{\"@type\":\"Person\",\"@id\":\"https:\/\/peoplesphere.be\/fr\/#\/schema\/person\/7976225ff17988604334abb7b3536a7e\",\"name\":\"Jean-Paul Erhard\",\"image\":{\"@type\":\"ImageObject\",\"inLanguage\":\"fr-FR\",\"@id\":\"https:\/\/peoplesphere.be\/fr\/#\/schema\/person\/image\/\",\"url\":\"https:\/\/secure.gravatar.com\/avatar\/f941e681460179738071629a51574930?s=96&d=mm&r=g\",\"contentUrl\":\"https:\/\/secure.gravatar.com\/avatar\/f941e681460179738071629a51574930?s=96&d=mm&r=g\",\"caption\":\"Jean-Paul Erhard\"},\"url\":\"https:\/\/peoplesphere.be\/fr\/author\/jpe\/\"}]}<\/script>\n<!-- \/ Yoast SEO plugin. -->","yoast_head_json":{"title":"L'interview de Denis Cristol : \"L\u2019\u00e9cosyst\u00e8me num\u00e9rique de la formation doit encore \u00e9merger\u2026\" - Peoplesphere","robots":{"index":"index","follow":"follow","max-snippet":"max-snippet:-1","max-image-preview":"max-image-preview:large","max-video-preview":"max-video-preview:-1"},"canonical":"https:\/\/peoplesphere.be\/fr\/linterview-de-denis-cristol-lecosysteme-numerique-de-la-formation-doit-encore-emerger\/","og_locale":"fr_FR","og_type":"article","og_title":"L'interview de Denis Cristol : \"L\u2019\u00e9cosyst\u00e8me num\u00e9rique de la formation doit encore \u00e9merger\u2026\" - Peoplesphere","og_description":"Dans le cadre du cycle de conf\u00e9rences-d\u00e9bats organis\u00e9 par FormaForm et consacr\u00e9 \u00e0 l\u2019apprentissage tout au long de la vie, l\u2019analyse concr\u00e8te de l\u2019impact du num\u00e9rique sur la formation a retenu toute notre attention. L\u2019occasion d\u2019une entrevue exclusive avec Denis [&hellip;]","og_url":"https:\/\/peoplesphere.be\/fr\/linterview-de-denis-cristol-lecosysteme-numerique-de-la-formation-doit-encore-emerger\/","og_site_name":"Peoplesphere","article_publisher":"https:\/\/www.facebook.com\/peoplesphere","article_published_time":"2016-08-09T08:21:25+00:00","og_image":[{"url":"http:\/\/www.peoplesphere.be\/fr\/wp-content\/uploads\/2016\/07\/facebook-default-posting-1200x628px.jpg"}],"author":"Jean-Paul Erhard","twitter_card":"summary_large_image","twitter_creator":"@PeoplesphereMag","twitter_site":"@PeoplesphereMag","twitter_misc":{"\u00c9crit par":"Jean-Paul Erhard","Dur\u00e9e de lecture estim\u00e9e":"2 minutes"},"schema":{"@context":"https:\/\/schema.org","@graph":[{"@type":"Article","@id":"https:\/\/peoplesphere.be\/fr\/linterview-de-denis-cristol-lecosysteme-numerique-de-la-formation-doit-encore-emerger\/#article","isPartOf":{"@id":"https:\/\/peoplesphere.be\/fr\/linterview-de-denis-cristol-lecosysteme-numerique-de-la-formation-doit-encore-emerger\/"},"author":{"name":"Jean-Paul Erhard","@id":"https:\/\/peoplesphere.be\/fr\/#\/schema\/person\/7976225ff17988604334abb7b3536a7e"},"headline":"L&rsquo;interview de Denis Cristol : \u00ab\u00a0L\u2019\u00e9cosyst\u00e8me num\u00e9rique de la formation doit encore \u00e9merger\u2026\u00a0\u00bb","datePublished":"2016-08-09T08:21:25+00:00","dateModified":"2016-08-09T08:21:25+00:00","mainEntityOfPage":{"@id":"https:\/\/peoplesphere.be\/fr\/linterview-de-denis-cristol-lecosysteme-numerique-de-la-formation-doit-encore-emerger\/"},"wordCount":428,"publisher":{"@id":"https:\/\/peoplesphere.be\/fr\/#organization"},"keywords":["Apprentissage","denis cristol","digital","formaform","Formation","transformation"],"articleSection":["Articles","Magazine"],"inLanguage":"fr-FR"},{"@type":"WebPage","@id":"https:\/\/peoplesphere.be\/fr\/linterview-de-denis-cristol-lecosysteme-numerique-de-la-formation-doit-encore-emerger\/","url":"https:\/\/peoplesphere.be\/fr\/linterview-de-denis-cristol-lecosysteme-numerique-de-la-formation-doit-encore-emerger\/","name":"L'interview de Denis Cristol : \"L\u2019\u00e9cosyst\u00e8me num\u00e9rique de la formation doit encore \u00e9merger\u2026\" - Peoplesphere","isPartOf":{"@id":"https:\/\/peoplesphere.be\/fr\/#website"},"datePublished":"2016-08-09T08:21:25+00:00","dateModified":"2016-08-09T08:21:25+00:00","breadcrumb":{"@id":"https:\/\/peoplesphere.be\/fr\/linterview-de-denis-cristol-lecosysteme-numerique-de-la-formation-doit-encore-emerger\/#breadcrumb"},"inLanguage":"fr-FR","potentialAction":[{"@type":"ReadAction","target":["https:\/\/peoplesphere.be\/fr\/linterview-de-denis-cristol-lecosysteme-numerique-de-la-formation-doit-encore-emerger\/"]}]},{"@type":"BreadcrumbList","@id":"https:\/\/peoplesphere.be\/fr\/linterview-de-denis-cristol-lecosysteme-numerique-de-la-formation-doit-encore-emerger\/#breadcrumb","itemListElement":[{"@type":"ListItem","position":1,"name":"Accueil","item":"https:\/\/peoplesphere.be\/fr\/"},{"@type":"ListItem","position":2,"name":"L&rsquo;interview de Denis Cristol : \u00ab\u00a0L\u2019\u00e9cosyst\u00e8me num\u00e9rique de la formation doit encore \u00e9merger\u2026\u00a0\u00bb"}]},{"@type":"WebSite","@id":"https:\/\/peoplesphere.be\/fr\/#website","url":"https:\/\/peoplesphere.be\/fr\/","name":"Peoplesphere","description":"The People Managers Magazine","publisher":{"@id":"https:\/\/peoplesphere.be\/fr\/#organization"},"potentialAction":[{"@type":"SearchAction","target":{"@type":"EntryPoint","urlTemplate":"https:\/\/peoplesphere.be\/fr\/?s={search_term_string}"},"query-input":"required name=search_term_string"}],"inLanguage":"fr-FR"},{"@type":"Organization","@id":"https:\/\/peoplesphere.be\/fr\/#organization","name":"Peoplesphere Company srl","url":"https:\/\/peoplesphere.be\/fr\/","logo":{"@type":"ImageObject","inLanguage":"fr-FR","@id":"https:\/\/peoplesphere.be\/fr\/#\/schema\/logo\/image\/","url":"https:\/\/peoplesphere.be\/fr\/wp-content\/uploads\/2023\/07\/peoplesphere-lgo-new-generik.jpg","contentUrl":"https:\/\/peoplesphere.be\/fr\/wp-content\/uploads\/2023\/07\/peoplesphere-lgo-new-generik.jpg","width":1031,"height":1479,"caption":"Peoplesphere Company srl"},"image":{"@id":"https:\/\/peoplesphere.be\/fr\/#\/schema\/logo\/image\/"},"sameAs":["https:\/\/www.facebook.com\/peoplesphere","https:\/\/twitter.com\/PeoplesphereMag","https:\/\/www.linkedin.com\/company\/7587361?trk","http:\/\/youtube.com\/peoplesphere"]},{"@type":"Person","@id":"https:\/\/peoplesphere.be\/fr\/#\/schema\/person\/7976225ff17988604334abb7b3536a7e","name":"Jean-Paul Erhard","image":{"@type":"ImageObject","inLanguage":"fr-FR","@id":"https:\/\/peoplesphere.be\/fr\/#\/schema\/person\/image\/","url":"https:\/\/secure.gravatar.com\/avatar\/f941e681460179738071629a51574930?s=96&d=mm&r=g","contentUrl":"https:\/\/secure.gravatar.com\/avatar\/f941e681460179738071629a51574930?s=96&d=mm&r=g","caption":"Jean-Paul Erhard"},"url":"https:\/\/peoplesphere.be\/fr\/author\/jpe\/"}]}},"_links":{"self":[{"href":"https:\/\/peoplesphere.be\/fr\/wp-json\/wp\/v2\/posts\/3186"}],"collection":[{"href":"https:\/\/peoplesphere.be\/fr\/wp-json\/wp\/v2\/posts"}],"about":[{"href":"https:\/\/peoplesphere.be\/fr\/wp-json\/wp\/v2\/types\/post"}],"author":[{"embeddable":true,"href":"https:\/\/peoplesphere.be\/fr\/wp-json\/wp\/v2\/users\/2"}],"replies":[{"embeddable":true,"href":"https:\/\/peoplesphere.be\/fr\/wp-json\/wp\/v2\/comments?post=3186"}],"version-history":[{"count":1,"href":"https:\/\/peoplesphere.be\/fr\/wp-json\/wp\/v2\/posts\/3186\/revisions"}],"predecessor-version":[{"id":3187,"href":"https:\/\/peoplesphere.be\/fr\/wp-json\/wp\/v2\/posts\/3186\/revisions\/3187"}],"wp:attachment":[{"href":"https:\/\/peoplesphere.be\/fr\/wp-json\/wp\/v2\/media?parent=3186"}],"wp:term":[{"taxonomy":"category","embeddable":true,"href":"https:\/\/peoplesphere.be\/fr\/wp-json\/wp\/v2\/categories?post=3186"},{"taxonomy":"post_tag","embeddable":true,"href":"https:\/\/peoplesphere.be\/fr\/wp-json\/wp\/v2\/tags?post=3186"}],"curies":[{"name":"wp","href":"https:\/\/api.w.org\/{rel}","templated":true}]}}