









{"id":3328,"date":"2016-08-25T06:04:02","date_gmt":"2016-08-25T04:04:02","guid":{"rendered":"http:\/\/www.peoplesphere.be\/fr\/?p=3328"},"modified":"2016-08-25T06:04:02","modified_gmt":"2016-08-25T04:04:02","slug":"quand-leurope-finance-les-restructurations-du-secteur-it","status":"publish","type":"post","link":"https:\/\/peoplesphere.be\/fr\/quand-leurope-finance-les-restructurations-du-secteur-it\/","title":{"rendered":"Quand l&rsquo;Europe finance les restructurations du secteur IT&#8230;"},"content":{"rendered":"<p>Au beau milieu de l&rsquo;\u00e9t\u00e9, la Commission europ\u00e9enne a propos\u00e9 d\u2019allouer \u00e0 la Finlande 5,3 millions d\u2019euros du Fonds europ\u00e9en d\u2019ajustement \u00e0 la mondialisation (FEM) pour aider 1 441 anciens travailleurs de Microsoft \u00e0 trouver un nouvel emploi. Surprenant? Oui, l&rsquo;Europe finance les restructurations priv\u00e9es &#8211; en l&rsquo;occurence, il s&rsquo;agit des cons\u00e9quences du rachat de Nokia par Microsoft &#8211; en venant en aide aux pays membres les plus impact\u00e9s par les d\u00e9cisions des multinationales.<!--more--><\/p>\n<p>Marianne Thyssen, commissaire europ\u00e9enne pour l\u2019emploi, les affaires sociales, les comp\u00e9tences et la mobilit\u00e9 des travailleurs, a comment\u00e9: <em>\u00ab\u00a0L\u2019industrie mondiale du logiciel a comme caract\u00e9ristique importante de n\u00e9cessiter constamment une main-d\u2019\u0153uvre nouvelle et qualifi\u00e9e, car le cycle de vie des produits et des solutions logicielles associ\u00e9es est tr\u00e8s court compar\u00e9 au cycle de vie du personnel. De ce fait, une forte concurrence r\u00e8gne entre les travailleurs venant de l\u2019UE et ceux des pays tiers. La d\u00e9cision aidera \u00e0 pr\u00e9parer les anciens travailleurs de Microsoft \u00e0 de nouvelles opportunit\u00e9s d\u2019emploi. Aider ces travailleurs \u00e0 g\u00e9rer cette transition difficile est important et le Fonds europ\u00e9en d\u2019ajustement \u00e0 la mondialisation est un outil qui a fait ses preuves au fil des ann\u00e9es\u00a0\u00bb.<\/em><\/p>\n<p>La Finlande a demand\u00e9 le soutien du FEM \u00e0 la suite du licenciement de 2 161 travailleurs de Microsoft et de huit de ses sous-traitants et producteurs en aval. Les r\u00e9ductions de personnel chez Microsoft s\u2019expliquent principalement par la r\u00e9duction de la part de march\u00e9 de ses t\u00e9l\u00e9phones utilisant le syst\u00e8me d\u2019exploitation Microsoft Windows.<\/p>\n<p>Alors qu\u2019au cours de la premi\u00e8re d\u00e9cennie du XXIe si\u00e8cle Nokia dominait les march\u00e9s, les deux syst\u00e8mes d\u2019exploitation con\u00e7us aux \u00c9tats-Unis, Android et iOS, utilis\u00e9s par plusieurs fabricants install\u00e9s en Asie, ont \u00e9merg\u00e9 et dominent le march\u00e9 ces derni\u00e8res ann\u00e9es. Entre 2012 et 2015, la part de march\u00e9 des t\u00e9l\u00e9phones Windows \u00e9tait inf\u00e9rieure \u00e0 4 % chaque ann\u00e9e.<\/p>\n<p>Les mesures cofinanc\u00e9es par le FEM aideront les 1 441 travailleurs connaissant les plus grandes difficult\u00e9s \u00e0 trouver un emploi, en leur fournissant:<br \/>\n\u2022 un encadrement professionnel et un soutien individualis\u00e9;<br \/>\n\u2022 un emploi et des services aux entreprises;<br \/>\n\u2022 une s\u00e9rie de formations professionnelles;<br \/>\n\u2022 des services pour les nouveaux entrepreneurs et des aides \u00e0 l\u2019installation;<br \/>\n\u2022 des mesures d\u2019incitation \u00e0 l\u2019embauche;<br \/>\n\u2022 des allocations pour la formation;<br \/>\n\u2022 des contributions aux frais de d\u00e9m\u00e9nagement.<\/p>\n<p>Le co\u00fbt total estim\u00e9 du paquet s\u2019\u00e9l\u00e8ve \u00e0 8,9 millions d\u2019euros, dont 5,3 millions d\u2019euros seront pris en charge par le FEM. La proposition a \u00e9t\u00e9\u00a0soumise pour approbation au Parlement europ\u00e9en et au Conseil des ministres de l\u2019UE.<\/p>\n","protected":false},"excerpt":{"rendered":"<p>Au beau milieu de l&rsquo;\u00e9t\u00e9, la Commission europ\u00e9enne a propos\u00e9 d\u2019allouer \u00e0 la Finlande 5,3 millions d\u2019euros du Fonds europ\u00e9en d\u2019ajustement \u00e0 la mondialisation (FEM) pour aider 1 441 anciens travailleurs de Microsoft \u00e0 trouver un nouvel emploi. Surprenant? Oui, [&hellip;]<\/p>\n","protected":false},"author":2,"featured_media":0,"comment_status":"closed","ping_status":"open","sticky":false,"template":"","format":"standard","meta":[],"categories":[65,10],"tags":[130,890,418,321,891,342],"yoast_head":"<!-- This site is optimized with the Yoast SEO plugin v21.0 - https:\/\/yoast.com\/wordpress\/plugins\/seo\/ -->\n<title>Quand l&#039;Europe finance les restructurations du secteur IT... - Peoplesphere<\/title>\n<meta name=\"robots\" content=\"index, follow, max-snippet:-1, max-image-preview:large, max-video-preview:-1\" \/>\n<link rel=\"canonical\" href=\"https:\/\/peoplesphere.be\/fr\/quand-leurope-finance-les-restructurations-du-secteur-it\/\" \/>\n<meta property=\"og:locale\" content=\"fr_FR\" \/>\n<meta property=\"og:type\" content=\"article\" \/>\n<meta property=\"og:title\" content=\"Quand l&#039;Europe finance les restructurations du secteur IT... - Peoplesphere\" \/>\n<meta property=\"og:description\" content=\"Au beau milieu de l&rsquo;\u00e9t\u00e9, la Commission europ\u00e9enne a propos\u00e9 d\u2019allouer \u00e0 la Finlande 5,3 millions d\u2019euros du Fonds europ\u00e9en d\u2019ajustement \u00e0 la mondialisation (FEM) pour aider 1 441 anciens travailleurs de Microsoft \u00e0 trouver un nouvel emploi. Surprenant? Oui, [&hellip;]\" \/>\n<meta property=\"og:url\" content=\"https:\/\/peoplesphere.be\/fr\/quand-leurope-finance-les-restructurations-du-secteur-it\/\" \/>\n<meta property=\"og:site_name\" content=\"Peoplesphere\" \/>\n<meta property=\"article:publisher\" content=\"https:\/\/www.facebook.com\/peoplesphere\" \/>\n<meta property=\"article:published_time\" content=\"2016-08-25T04:04:02+00:00\" \/>\n<meta property=\"og:image\" content=\"http:\/\/www.peoplesphere.be\/fr\/wp-content\/uploads\/2016\/07\/facebook-default-posting-1200x628px.jpg\" \/>\n<meta name=\"author\" content=\"Jean-Paul Erhard\" \/>\n<meta name=\"twitter:card\" content=\"summary_large_image\" \/>\n<meta name=\"twitter:creator\" content=\"@PeoplesphereMag\" \/>\n<meta name=\"twitter:site\" content=\"@PeoplesphereMag\" \/>\n<meta name=\"twitter:label1\" content=\"\u00c9crit par\" \/>\n\t<meta name=\"twitter:data1\" content=\"Jean-Paul Erhard\" \/>\n\t<meta name=\"twitter:label2\" content=\"Dur\u00e9e de lecture estim\u00e9e\" \/>\n\t<meta name=\"twitter:data2\" content=\"2 minutes\" \/>\n<script type=\"application\/ld+json\" class=\"yoast-schema-graph\">{\"@context\":\"https:\/\/schema.org\",\"@graph\":[{\"@type\":\"Article\",\"@id\":\"https:\/\/peoplesphere.be\/fr\/quand-leurope-finance-les-restructurations-du-secteur-it\/#article\",\"isPartOf\":{\"@id\":\"https:\/\/peoplesphere.be\/fr\/quand-leurope-finance-les-restructurations-du-secteur-it\/\"},\"author\":{\"name\":\"Jean-Paul Erhard\",\"@id\":\"https:\/\/peoplesphere.be\/fr\/#\/schema\/person\/7976225ff17988604334abb7b3536a7e\"},\"headline\":\"Quand l&rsquo;Europe finance les restructurations du secteur IT&#8230;\",\"datePublished\":\"2016-08-25T04:04:02+00:00\",\"dateModified\":\"2016-08-25T04:04:02+00:00\",\"mainEntityOfPage\":{\"@id\":\"https:\/\/peoplesphere.be\/fr\/quand-leurope-finance-les-restructurations-du-secteur-it\/\"},\"wordCount\":463,\"publisher\":{\"@id\":\"https:\/\/peoplesphere.be\/fr\/#organization\"},\"keywords\":[\"Europe\",\"fonds europ\u00e9en\",\"mondialisation\",\"outplacement\",\"reclassement\",\"restructuration\"],\"articleSection\":[\"Actualit\u00e9s\",\"Digital\"],\"inLanguage\":\"fr-FR\"},{\"@type\":\"WebPage\",\"@id\":\"https:\/\/peoplesphere.be\/fr\/quand-leurope-finance-les-restructurations-du-secteur-it\/\",\"url\":\"https:\/\/peoplesphere.be\/fr\/quand-leurope-finance-les-restructurations-du-secteur-it\/\",\"name\":\"Quand l'Europe finance les restructurations du secteur IT... - Peoplesphere\",\"isPartOf\":{\"@id\":\"https:\/\/peoplesphere.be\/fr\/#website\"},\"datePublished\":\"2016-08-25T04:04:02+00:00\",\"dateModified\":\"2016-08-25T04:04:02+00:00\",\"breadcrumb\":{\"@id\":\"https:\/\/peoplesphere.be\/fr\/quand-leurope-finance-les-restructurations-du-secteur-it\/#breadcrumb\"},\"inLanguage\":\"fr-FR\",\"potentialAction\":[{\"@type\":\"ReadAction\",\"target\":[\"https:\/\/peoplesphere.be\/fr\/quand-leurope-finance-les-restructurations-du-secteur-it\/\"]}]},{\"@type\":\"BreadcrumbList\",\"@id\":\"https:\/\/peoplesphere.be\/fr\/quand-leurope-finance-les-restructurations-du-secteur-it\/#breadcrumb\",\"itemListElement\":[{\"@type\":\"ListItem\",\"position\":1,\"name\":\"Accueil\",\"item\":\"https:\/\/peoplesphere.be\/fr\/\"},{\"@type\":\"ListItem\",\"position\":2,\"name\":\"Quand l&rsquo;Europe finance les restructurations du secteur IT&#8230;\"}]},{\"@type\":\"WebSite\",\"@id\":\"https:\/\/peoplesphere.be\/fr\/#website\",\"url\":\"https:\/\/peoplesphere.be\/fr\/\",\"name\":\"Peoplesphere\",\"description\":\"The People Managers Magazine\",\"publisher\":{\"@id\":\"https:\/\/peoplesphere.be\/fr\/#organization\"},\"potentialAction\":[{\"@type\":\"SearchAction\",\"target\":{\"@type\":\"EntryPoint\",\"urlTemplate\":\"https:\/\/peoplesphere.be\/fr\/?s={search_term_string}\"},\"query-input\":\"required name=search_term_string\"}],\"inLanguage\":\"fr-FR\"},{\"@type\":\"Organization\",\"@id\":\"https:\/\/peoplesphere.be\/fr\/#organization\",\"name\":\"Peoplesphere Company srl\",\"url\":\"https:\/\/peoplesphere.be\/fr\/\",\"logo\":{\"@type\":\"ImageObject\",\"inLanguage\":\"fr-FR\",\"@id\":\"https:\/\/peoplesphere.be\/fr\/#\/schema\/logo\/image\/\",\"url\":\"https:\/\/peoplesphere.be\/fr\/wp-content\/uploads\/2023\/07\/peoplesphere-lgo-new-generik.jpg\",\"contentUrl\":\"https:\/\/peoplesphere.be\/fr\/wp-content\/uploads\/2023\/07\/peoplesphere-lgo-new-generik.jpg\",\"width\":1031,\"height\":1479,\"caption\":\"Peoplesphere Company srl\"},\"image\":{\"@id\":\"https:\/\/peoplesphere.be\/fr\/#\/schema\/logo\/image\/\"},\"sameAs\":[\"https:\/\/www.facebook.com\/peoplesphere\",\"https:\/\/twitter.com\/PeoplesphereMag\",\"https:\/\/www.linkedin.com\/company\/7587361?trk\",\"http:\/\/youtube.com\/peoplesphere\"]},{\"@type\":\"Person\",\"@id\":\"https:\/\/peoplesphere.be\/fr\/#\/schema\/person\/7976225ff17988604334abb7b3536a7e\",\"name\":\"Jean-Paul Erhard\",\"image\":{\"@type\":\"ImageObject\",\"inLanguage\":\"fr-FR\",\"@id\":\"https:\/\/peoplesphere.be\/fr\/#\/schema\/person\/image\/\",\"url\":\"https:\/\/secure.gravatar.com\/avatar\/f941e681460179738071629a51574930?s=96&d=mm&r=g\",\"contentUrl\":\"https:\/\/secure.gravatar.com\/avatar\/f941e681460179738071629a51574930?s=96&d=mm&r=g\",\"caption\":\"Jean-Paul Erhard\"},\"url\":\"https:\/\/peoplesphere.be\/fr\/author\/jpe\/\"}]}<\/script>\n<!-- \/ Yoast SEO plugin. -->","yoast_head_json":{"title":"Quand l'Europe finance les restructurations du secteur IT... - Peoplesphere","robots":{"index":"index","follow":"follow","max-snippet":"max-snippet:-1","max-image-preview":"max-image-preview:large","max-video-preview":"max-video-preview:-1"},"canonical":"https:\/\/peoplesphere.be\/fr\/quand-leurope-finance-les-restructurations-du-secteur-it\/","og_locale":"fr_FR","og_type":"article","og_title":"Quand l'Europe finance les restructurations du secteur IT... - Peoplesphere","og_description":"Au beau milieu de l&rsquo;\u00e9t\u00e9, la Commission europ\u00e9enne a propos\u00e9 d\u2019allouer \u00e0 la Finlande 5,3 millions d\u2019euros du Fonds europ\u00e9en d\u2019ajustement \u00e0 la mondialisation (FEM) pour aider 1 441 anciens travailleurs de Microsoft \u00e0 trouver un nouvel emploi. Surprenant? Oui, [&hellip;]","og_url":"https:\/\/peoplesphere.be\/fr\/quand-leurope-finance-les-restructurations-du-secteur-it\/","og_site_name":"Peoplesphere","article_publisher":"https:\/\/www.facebook.com\/peoplesphere","article_published_time":"2016-08-25T04:04:02+00:00","og_image":[{"url":"http:\/\/www.peoplesphere.be\/fr\/wp-content\/uploads\/2016\/07\/facebook-default-posting-1200x628px.jpg"}],"author":"Jean-Paul Erhard","twitter_card":"summary_large_image","twitter_creator":"@PeoplesphereMag","twitter_site":"@PeoplesphereMag","twitter_misc":{"\u00c9crit par":"Jean-Paul Erhard","Dur\u00e9e de lecture estim\u00e9e":"2 minutes"},"schema":{"@context":"https:\/\/schema.org","@graph":[{"@type":"Article","@id":"https:\/\/peoplesphere.be\/fr\/quand-leurope-finance-les-restructurations-du-secteur-it\/#article","isPartOf":{"@id":"https:\/\/peoplesphere.be\/fr\/quand-leurope-finance-les-restructurations-du-secteur-it\/"},"author":{"name":"Jean-Paul Erhard","@id":"https:\/\/peoplesphere.be\/fr\/#\/schema\/person\/7976225ff17988604334abb7b3536a7e"},"headline":"Quand l&rsquo;Europe finance les restructurations du secteur IT&#8230;","datePublished":"2016-08-25T04:04:02+00:00","dateModified":"2016-08-25T04:04:02+00:00","mainEntityOfPage":{"@id":"https:\/\/peoplesphere.be\/fr\/quand-leurope-finance-les-restructurations-du-secteur-it\/"},"wordCount":463,"publisher":{"@id":"https:\/\/peoplesphere.be\/fr\/#organization"},"keywords":["Europe","fonds europ\u00e9en","mondialisation","outplacement","reclassement","restructuration"],"articleSection":["Actualit\u00e9s","Digital"],"inLanguage":"fr-FR"},{"@type":"WebPage","@id":"https:\/\/peoplesphere.be\/fr\/quand-leurope-finance-les-restructurations-du-secteur-it\/","url":"https:\/\/peoplesphere.be\/fr\/quand-leurope-finance-les-restructurations-du-secteur-it\/","name":"Quand l'Europe finance les restructurations du secteur IT... - Peoplesphere","isPartOf":{"@id":"https:\/\/peoplesphere.be\/fr\/#website"},"datePublished":"2016-08-25T04:04:02+00:00","dateModified":"2016-08-25T04:04:02+00:00","breadcrumb":{"@id":"https:\/\/peoplesphere.be\/fr\/quand-leurope-finance-les-restructurations-du-secteur-it\/#breadcrumb"},"inLanguage":"fr-FR","potentialAction":[{"@type":"ReadAction","target":["https:\/\/peoplesphere.be\/fr\/quand-leurope-finance-les-restructurations-du-secteur-it\/"]}]},{"@type":"BreadcrumbList","@id":"https:\/\/peoplesphere.be\/fr\/quand-leurope-finance-les-restructurations-du-secteur-it\/#breadcrumb","itemListElement":[{"@type":"ListItem","position":1,"name":"Accueil","item":"https:\/\/peoplesphere.be\/fr\/"},{"@type":"ListItem","position":2,"name":"Quand l&rsquo;Europe finance les restructurations du secteur IT&#8230;"}]},{"@type":"WebSite","@id":"https:\/\/peoplesphere.be\/fr\/#website","url":"https:\/\/peoplesphere.be\/fr\/","name":"Peoplesphere","description":"The People Managers Magazine","publisher":{"@id":"https:\/\/peoplesphere.be\/fr\/#organization"},"potentialAction":[{"@type":"SearchAction","target":{"@type":"EntryPoint","urlTemplate":"https:\/\/peoplesphere.be\/fr\/?s={search_term_string}"},"query-input":"required name=search_term_string"}],"inLanguage":"fr-FR"},{"@type":"Organization","@id":"https:\/\/peoplesphere.be\/fr\/#organization","name":"Peoplesphere Company srl","url":"https:\/\/peoplesphere.be\/fr\/","logo":{"@type":"ImageObject","inLanguage":"fr-FR","@id":"https:\/\/peoplesphere.be\/fr\/#\/schema\/logo\/image\/","url":"https:\/\/peoplesphere.be\/fr\/wp-content\/uploads\/2023\/07\/peoplesphere-lgo-new-generik.jpg","contentUrl":"https:\/\/peoplesphere.be\/fr\/wp-content\/uploads\/2023\/07\/peoplesphere-lgo-new-generik.jpg","width":1031,"height":1479,"caption":"Peoplesphere Company srl"},"image":{"@id":"https:\/\/peoplesphere.be\/fr\/#\/schema\/logo\/image\/"},"sameAs":["https:\/\/www.facebook.com\/peoplesphere","https:\/\/twitter.com\/PeoplesphereMag","https:\/\/www.linkedin.com\/company\/7587361?trk","http:\/\/youtube.com\/peoplesphere"]},{"@type":"Person","@id":"https:\/\/peoplesphere.be\/fr\/#\/schema\/person\/7976225ff17988604334abb7b3536a7e","name":"Jean-Paul Erhard","image":{"@type":"ImageObject","inLanguage":"fr-FR","@id":"https:\/\/peoplesphere.be\/fr\/#\/schema\/person\/image\/","url":"https:\/\/secure.gravatar.com\/avatar\/f941e681460179738071629a51574930?s=96&d=mm&r=g","contentUrl":"https:\/\/secure.gravatar.com\/avatar\/f941e681460179738071629a51574930?s=96&d=mm&r=g","caption":"Jean-Paul Erhard"},"url":"https:\/\/peoplesphere.be\/fr\/author\/jpe\/"}]}},"_links":{"self":[{"href":"https:\/\/peoplesphere.be\/fr\/wp-json\/wp\/v2\/posts\/3328"}],"collection":[{"href":"https:\/\/peoplesphere.be\/fr\/wp-json\/wp\/v2\/posts"}],"about":[{"href":"https:\/\/peoplesphere.be\/fr\/wp-json\/wp\/v2\/types\/post"}],"author":[{"embeddable":true,"href":"https:\/\/peoplesphere.be\/fr\/wp-json\/wp\/v2\/users\/2"}],"replies":[{"embeddable":true,"href":"https:\/\/peoplesphere.be\/fr\/wp-json\/wp\/v2\/comments?post=3328"}],"version-history":[{"count":1,"href":"https:\/\/peoplesphere.be\/fr\/wp-json\/wp\/v2\/posts\/3328\/revisions"}],"predecessor-version":[{"id":3329,"href":"https:\/\/peoplesphere.be\/fr\/wp-json\/wp\/v2\/posts\/3328\/revisions\/3329"}],"wp:attachment":[{"href":"https:\/\/peoplesphere.be\/fr\/wp-json\/wp\/v2\/media?parent=3328"}],"wp:term":[{"taxonomy":"category","embeddable":true,"href":"https:\/\/peoplesphere.be\/fr\/wp-json\/wp\/v2\/categories?post=3328"},{"taxonomy":"post_tag","embeddable":true,"href":"https:\/\/peoplesphere.be\/fr\/wp-json\/wp\/v2\/tags?post=3328"}],"curies":[{"name":"wp","href":"https:\/\/api.w.org\/{rel}","templated":true}]}}