









{"id":3347,"date":"2016-08-30T17:28:11","date_gmt":"2016-08-30T15:28:11","guid":{"rendered":"http:\/\/www.peoplesphere.be\/fr\/?p=3347"},"modified":"2016-08-30T17:48:29","modified_gmt":"2016-08-30T15:48:29","slug":"penibilite-des-metiers-le-processus-de-reconnaissance-est-enclenche","status":"publish","type":"post","link":"https:\/\/peoplesphere.be\/fr\/penibilite-des-metiers-le-processus-de-reconnaissance-est-enclenche\/","title":{"rendered":"P\u00e9nibilit\u00e9 des m\u00e9tiers : le processus de reconnaissance est enclench\u00e9."},"content":{"rendered":"<p>Les partenaires sociaux, r\u00e9unis au sein du Comit\u00e9 national des Pensions (CNP), se sont mis d&rsquo;accord sur un premier rapport relatif \u00e0 la reconnaissance de p\u00e9nibilit\u00e9 en mati\u00e8re de pension, annonce le ministre des Pensions, Daniel Bacquelaine, \u00e9voquant le franchissement d&rsquo;une \u00ab\u00a0premi\u00e8re \u00e9tape\u00a0\u00bb dans un dossier particuli\u00e8rement \u00e9pineux. La CSC insiste d\u00e8s \u00e0 pr\u00e9sent sur le besoin d&rsquo;un financement solide afin de mener ce dossier \u00e0 son terme.<!--more--><\/p>\n<p>La reconnaissance de p\u00e9nibilit\u00e9 est une question cruciale puisqu&rsquo;elle permettra une anticipation du d\u00e9part \u00e0 la retraite et\/ou une valorisation du montant de la pension et ce, alors que le gouvernement f\u00e9d\u00e9ral a d\u00e9cid\u00e9 de relever l&rsquo;\u00e2ge l\u00e9gal de la pension \u00e0 67 ans en 2030.<\/p>\n<p>Les partenaires sociaux, qui se sont \u00e0 nouveau rencontr\u00e9s mardi apr\u00e8s-midi pour avancer dans la d\u00e9finition des m\u00e9tiers p\u00e9nibles, ont d\u00e9cid\u00e9 de poursuivre les discussions dans le cadre d&rsquo;une \u00ab\u00a0d\u00e9marche collective\u00a0\u00bb de reconnaissance de p\u00e9nibilit\u00e9 en mati\u00e8re de pension. <em>\u00ab\u00a0Cette d\u00e9marche consiste \u00e0 d\u00e9finir des crit\u00e8res de p\u00e9nibilit\u00e9, pr\u00e9cis, objectifs, contr\u00f4lables, mesurables et enregistrables qui permettent d&rsquo;identifier les cat\u00e9gories professionnelles qui b\u00e9n\u00e9ficieront de modalit\u00e9s plus favorables en mati\u00e8re de pension\u00a0\u00bb<\/em>, explique un communiqu\u00e9 du ministre des Pensions. Quant \u00e0 l&rsquo;approche dite \u00ab\u00a0individuelle\u00a0\u00bb, qui consiste \u00e0 prendre en compte la situation individuelle du travailleur pour une reconnaissance de p\u00e9nibilit\u00e9, elle est retenue pour les travailleurs souffrant d&rsquo;un handicap ou d&rsquo;une maladie grave. Elle sera \u00e9galement prise en compte pour les ind\u00e9pendants pour lesquels un syst\u00e8me d&rsquo;enregistrement ne peut \u00eatre mis en \u0153uvre.<\/p>\n<p><strong><em>Quatre cat\u00e9gories de crit\u00e8res<\/em><\/strong><\/p>\n<p>La commission \u00ab\u00a0p\u00e9nibilit\u00e9\u00a0\u00bb du CNP a en outre \u00ab\u00a0pris acte des quatre cat\u00e9gories de crit\u00e8res d\u00e9finis dans le cadre des discussions relatives au secteur public\u00a0\u00bb, poursuit le communiqu\u00e9, \u00e0 savoir: la p\u00e9nibilit\u00e9 des circonstances de travail en raison des contraintes physiques li\u00e9es \u00e0 l&rsquo;environnement de travail ou en raison de charges physiques; la p\u00e9nibilit\u00e9 de l&rsquo;organisation du travail; la p\u00e9nibilit\u00e9 en raison de risques de s\u00e9curit\u00e9 \u00e9lev\u00e9s; et la p\u00e9nibilit\u00e9 de nature mentale ou \u00e9motionnelle.<\/p>\n<p>La d\u00e9termination des crit\u00e8res qui seront retenus et mis en \u0153uvre se fera dans le cadre des marges budg\u00e9taires qui seront fix\u00e9es par le gouvernement f\u00e9d\u00e9ral lors du prochain conclave budg\u00e9taire. <em>\u00ab\u00a0Il faut \u00e0 pr\u00e9sent d\u00e9terminer le cadre budg\u00e9taire qui permettra de modaliser les droits de pension en cas de reconnaissance de p\u00e9nibilit\u00e9. Il s&rsquo;agira ensuite de pr\u00e9ciser la mise en \u0153uvre des crit\u00e8res de p\u00e9nibilit\u00e9 et leur impact sur les droits de pensions\u00a0\u00bb<\/em>, conclut M. Bacquelaine.<\/p>\n<p>A la sortie de cette premi\u00e8re rencontre, la CSC a livr\u00e9 son commentaire sur les travaux en cours : <em>\u00ab\u00a0Ce rapport est un important document interm\u00e9diaire. Mais pour entamer la deuxi\u00e8me partie des discussions, la CSC, la FGTB et la CGSLB demandent que le gouvernement d\u00e9gage un financement structurel, durable et solide. Celui-ci doit permettre \u00e0 tous les travailleurs dont la p\u00e9nibilit\u00e9 du travail est une r\u00e9alit\u00e9 de la compenser en mati\u00e8re de pension. C\u2019est pourquoi les trois organisations syndicales demandent \u00e9galement qu\u2019une p\u00e9riode transitoire soit pr\u00e9vue dans la nouvelle r\u00e9forme. Tous les travailleurs doivent pouvoir b\u00e9n\u00e9ficier d\u2019une forme de compensation, y compris pour les ann\u00e9es de travail prest\u00e9es ant\u00e9rieurement au rel\u00e8vement de l\u2019\u00e2ge l\u00e9gal de la pension. Les partenaires sociaux ont accompli une premi\u00e8re \u00e9tape. Le front commun syndical attend maintenant du ministre des Pensions qu\u2019il d\u00e9bloque les moyens n\u00e9cessaires pour finaliser ce dossier.\u00a0\u00bb<\/em><\/p>\n<p><em>Source : Belga<\/em><\/p>\n","protected":false},"excerpt":{"rendered":"<p>Les partenaires sociaux, r\u00e9unis au sein du Comit\u00e9 national des Pensions (CNP), se sont mis d&rsquo;accord sur un premier rapport relatif \u00e0 la reconnaissance de p\u00e9nibilit\u00e9 en mati\u00e8re de pension, annonce le ministre des Pensions, Daniel Bacquelaine, \u00e9voquant le franchissement [&hellip;]<\/p>\n","protected":false},"author":2,"featured_media":0,"comment_status":"closed","ping_status":"open","sticky":false,"template":"","format":"standard","meta":[],"categories":[65,10],"tags":[300,157,621,57],"yoast_head":"<!-- This site is optimized with the Yoast SEO plugin v21.0 - https:\/\/yoast.com\/wordpress\/plugins\/seo\/ -->\n<title>P\u00e9nibilit\u00e9 des m\u00e9tiers : le processus de reconnaissance est enclench\u00e9. - Peoplesphere<\/title>\n<meta name=\"robots\" content=\"index, follow, max-snippet:-1, max-image-preview:large, max-video-preview:-1\" \/>\n<link rel=\"canonical\" href=\"https:\/\/peoplesphere.be\/fr\/penibilite-des-metiers-le-processus-de-reconnaissance-est-enclenche\/\" \/>\n<meta property=\"og:locale\" content=\"fr_FR\" \/>\n<meta property=\"og:type\" content=\"article\" \/>\n<meta property=\"og:title\" content=\"P\u00e9nibilit\u00e9 des m\u00e9tiers : le processus de reconnaissance est enclench\u00e9. - Peoplesphere\" \/>\n<meta property=\"og:description\" content=\"Les partenaires sociaux, r\u00e9unis au sein du Comit\u00e9 national des Pensions (CNP), se sont mis d&rsquo;accord sur un premier rapport relatif \u00e0 la reconnaissance de p\u00e9nibilit\u00e9 en mati\u00e8re de pension, annonce le ministre des Pensions, Daniel Bacquelaine, \u00e9voquant le franchissement [&hellip;]\" \/>\n<meta property=\"og:url\" content=\"https:\/\/peoplesphere.be\/fr\/penibilite-des-metiers-le-processus-de-reconnaissance-est-enclenche\/\" \/>\n<meta property=\"og:site_name\" content=\"Peoplesphere\" \/>\n<meta property=\"article:publisher\" content=\"https:\/\/www.facebook.com\/peoplesphere\" \/>\n<meta property=\"article:published_time\" content=\"2016-08-30T15:28:11+00:00\" \/>\n<meta property=\"article:modified_time\" content=\"2016-08-30T15:48:29+00:00\" \/>\n<meta property=\"og:image\" content=\"http:\/\/www.peoplesphere.be\/fr\/wp-content\/uploads\/2016\/07\/facebook-default-posting-1200x628px.jpg\" \/>\n<meta name=\"author\" content=\"Jean-Paul Erhard\" \/>\n<meta name=\"twitter:card\" content=\"summary_large_image\" \/>\n<meta name=\"twitter:creator\" content=\"@PeoplesphereMag\" \/>\n<meta name=\"twitter:site\" content=\"@PeoplesphereMag\" \/>\n<meta name=\"twitter:label1\" content=\"\u00c9crit par\" \/>\n\t<meta name=\"twitter:data1\" content=\"Jean-Paul Erhard\" \/>\n\t<meta name=\"twitter:label2\" content=\"Dur\u00e9e de lecture estim\u00e9e\" \/>\n\t<meta name=\"twitter:data2\" content=\"3 minutes\" \/>\n<script type=\"application\/ld+json\" class=\"yoast-schema-graph\">{\"@context\":\"https:\/\/schema.org\",\"@graph\":[{\"@type\":\"Article\",\"@id\":\"https:\/\/peoplesphere.be\/fr\/penibilite-des-metiers-le-processus-de-reconnaissance-est-enclenche\/#article\",\"isPartOf\":{\"@id\":\"https:\/\/peoplesphere.be\/fr\/penibilite-des-metiers-le-processus-de-reconnaissance-est-enclenche\/\"},\"author\":{\"name\":\"Jean-Paul Erhard\",\"@id\":\"https:\/\/peoplesphere.be\/fr\/#\/schema\/person\/7976225ff17988604334abb7b3536a7e\"},\"headline\":\"P\u00e9nibilit\u00e9 des m\u00e9tiers : le processus de reconnaissance est enclench\u00e9.\",\"datePublished\":\"2016-08-30T15:28:11+00:00\",\"dateModified\":\"2016-08-30T15:48:29+00:00\",\"mainEntityOfPage\":{\"@id\":\"https:\/\/peoplesphere.be\/fr\/penibilite-des-metiers-le-processus-de-reconnaissance-est-enclenche\/\"},\"wordCount\":633,\"publisher\":{\"@id\":\"https:\/\/peoplesphere.be\/fr\/#organization\"},\"keywords\":[\"charge psycho-sociale\",\"partenaires sociaux\",\"p\u00e9nibilit\u00e9\",\"pensions\"],\"articleSection\":[\"Actualit\u00e9s\",\"Digital\"],\"inLanguage\":\"fr-FR\"},{\"@type\":\"WebPage\",\"@id\":\"https:\/\/peoplesphere.be\/fr\/penibilite-des-metiers-le-processus-de-reconnaissance-est-enclenche\/\",\"url\":\"https:\/\/peoplesphere.be\/fr\/penibilite-des-metiers-le-processus-de-reconnaissance-est-enclenche\/\",\"name\":\"P\u00e9nibilit\u00e9 des m\u00e9tiers : le processus de reconnaissance est enclench\u00e9. - Peoplesphere\",\"isPartOf\":{\"@id\":\"https:\/\/peoplesphere.be\/fr\/#website\"},\"datePublished\":\"2016-08-30T15:28:11+00:00\",\"dateModified\":\"2016-08-30T15:48:29+00:00\",\"breadcrumb\":{\"@id\":\"https:\/\/peoplesphere.be\/fr\/penibilite-des-metiers-le-processus-de-reconnaissance-est-enclenche\/#breadcrumb\"},\"inLanguage\":\"fr-FR\",\"potentialAction\":[{\"@type\":\"ReadAction\",\"target\":[\"https:\/\/peoplesphere.be\/fr\/penibilite-des-metiers-le-processus-de-reconnaissance-est-enclenche\/\"]}]},{\"@type\":\"BreadcrumbList\",\"@id\":\"https:\/\/peoplesphere.be\/fr\/penibilite-des-metiers-le-processus-de-reconnaissance-est-enclenche\/#breadcrumb\",\"itemListElement\":[{\"@type\":\"ListItem\",\"position\":1,\"name\":\"Accueil\",\"item\":\"https:\/\/peoplesphere.be\/fr\/\"},{\"@type\":\"ListItem\",\"position\":2,\"name\":\"P\u00e9nibilit\u00e9 des m\u00e9tiers : le processus de reconnaissance est enclench\u00e9.\"}]},{\"@type\":\"WebSite\",\"@id\":\"https:\/\/peoplesphere.be\/fr\/#website\",\"url\":\"https:\/\/peoplesphere.be\/fr\/\",\"name\":\"Peoplesphere\",\"description\":\"The People Managers Magazine\",\"publisher\":{\"@id\":\"https:\/\/peoplesphere.be\/fr\/#organization\"},\"potentialAction\":[{\"@type\":\"SearchAction\",\"target\":{\"@type\":\"EntryPoint\",\"urlTemplate\":\"https:\/\/peoplesphere.be\/fr\/?s={search_term_string}\"},\"query-input\":\"required name=search_term_string\"}],\"inLanguage\":\"fr-FR\"},{\"@type\":\"Organization\",\"@id\":\"https:\/\/peoplesphere.be\/fr\/#organization\",\"name\":\"Peoplesphere Company srl\",\"url\":\"https:\/\/peoplesphere.be\/fr\/\",\"logo\":{\"@type\":\"ImageObject\",\"inLanguage\":\"fr-FR\",\"@id\":\"https:\/\/peoplesphere.be\/fr\/#\/schema\/logo\/image\/\",\"url\":\"https:\/\/peoplesphere.be\/fr\/wp-content\/uploads\/2023\/07\/peoplesphere-lgo-new-generik.jpg\",\"contentUrl\":\"https:\/\/peoplesphere.be\/fr\/wp-content\/uploads\/2023\/07\/peoplesphere-lgo-new-generik.jpg\",\"width\":1031,\"height\":1479,\"caption\":\"Peoplesphere Company srl\"},\"image\":{\"@id\":\"https:\/\/peoplesphere.be\/fr\/#\/schema\/logo\/image\/\"},\"sameAs\":[\"https:\/\/www.facebook.com\/peoplesphere\",\"https:\/\/twitter.com\/PeoplesphereMag\",\"https:\/\/www.linkedin.com\/company\/7587361?trk\",\"http:\/\/youtube.com\/peoplesphere\"]},{\"@type\":\"Person\",\"@id\":\"https:\/\/peoplesphere.be\/fr\/#\/schema\/person\/7976225ff17988604334abb7b3536a7e\",\"name\":\"Jean-Paul Erhard\",\"image\":{\"@type\":\"ImageObject\",\"inLanguage\":\"fr-FR\",\"@id\":\"https:\/\/peoplesphere.be\/fr\/#\/schema\/person\/image\/\",\"url\":\"https:\/\/secure.gravatar.com\/avatar\/f941e681460179738071629a51574930?s=96&d=mm&r=g\",\"contentUrl\":\"https:\/\/secure.gravatar.com\/avatar\/f941e681460179738071629a51574930?s=96&d=mm&r=g\",\"caption\":\"Jean-Paul Erhard\"},\"url\":\"https:\/\/peoplesphere.be\/fr\/author\/jpe\/\"}]}<\/script>\n<!-- \/ Yoast SEO plugin. -->","yoast_head_json":{"title":"P\u00e9nibilit\u00e9 des m\u00e9tiers : le processus de reconnaissance est enclench\u00e9. - Peoplesphere","robots":{"index":"index","follow":"follow","max-snippet":"max-snippet:-1","max-image-preview":"max-image-preview:large","max-video-preview":"max-video-preview:-1"},"canonical":"https:\/\/peoplesphere.be\/fr\/penibilite-des-metiers-le-processus-de-reconnaissance-est-enclenche\/","og_locale":"fr_FR","og_type":"article","og_title":"P\u00e9nibilit\u00e9 des m\u00e9tiers : le processus de reconnaissance est enclench\u00e9. - Peoplesphere","og_description":"Les partenaires sociaux, r\u00e9unis au sein du Comit\u00e9 national des Pensions (CNP), se sont mis d&rsquo;accord sur un premier rapport relatif \u00e0 la reconnaissance de p\u00e9nibilit\u00e9 en mati\u00e8re de pension, annonce le ministre des Pensions, Daniel Bacquelaine, \u00e9voquant le franchissement [&hellip;]","og_url":"https:\/\/peoplesphere.be\/fr\/penibilite-des-metiers-le-processus-de-reconnaissance-est-enclenche\/","og_site_name":"Peoplesphere","article_publisher":"https:\/\/www.facebook.com\/peoplesphere","article_published_time":"2016-08-30T15:28:11+00:00","article_modified_time":"2016-08-30T15:48:29+00:00","og_image":[{"url":"http:\/\/www.peoplesphere.be\/fr\/wp-content\/uploads\/2016\/07\/facebook-default-posting-1200x628px.jpg"}],"author":"Jean-Paul Erhard","twitter_card":"summary_large_image","twitter_creator":"@PeoplesphereMag","twitter_site":"@PeoplesphereMag","twitter_misc":{"\u00c9crit par":"Jean-Paul Erhard","Dur\u00e9e de lecture estim\u00e9e":"3 minutes"},"schema":{"@context":"https:\/\/schema.org","@graph":[{"@type":"Article","@id":"https:\/\/peoplesphere.be\/fr\/penibilite-des-metiers-le-processus-de-reconnaissance-est-enclenche\/#article","isPartOf":{"@id":"https:\/\/peoplesphere.be\/fr\/penibilite-des-metiers-le-processus-de-reconnaissance-est-enclenche\/"},"author":{"name":"Jean-Paul Erhard","@id":"https:\/\/peoplesphere.be\/fr\/#\/schema\/person\/7976225ff17988604334abb7b3536a7e"},"headline":"P\u00e9nibilit\u00e9 des m\u00e9tiers : le processus de reconnaissance est enclench\u00e9.","datePublished":"2016-08-30T15:28:11+00:00","dateModified":"2016-08-30T15:48:29+00:00","mainEntityOfPage":{"@id":"https:\/\/peoplesphere.be\/fr\/penibilite-des-metiers-le-processus-de-reconnaissance-est-enclenche\/"},"wordCount":633,"publisher":{"@id":"https:\/\/peoplesphere.be\/fr\/#organization"},"keywords":["charge psycho-sociale","partenaires sociaux","p\u00e9nibilit\u00e9","pensions"],"articleSection":["Actualit\u00e9s","Digital"],"inLanguage":"fr-FR"},{"@type":"WebPage","@id":"https:\/\/peoplesphere.be\/fr\/penibilite-des-metiers-le-processus-de-reconnaissance-est-enclenche\/","url":"https:\/\/peoplesphere.be\/fr\/penibilite-des-metiers-le-processus-de-reconnaissance-est-enclenche\/","name":"P\u00e9nibilit\u00e9 des m\u00e9tiers : le processus de reconnaissance est enclench\u00e9. - Peoplesphere","isPartOf":{"@id":"https:\/\/peoplesphere.be\/fr\/#website"},"datePublished":"2016-08-30T15:28:11+00:00","dateModified":"2016-08-30T15:48:29+00:00","breadcrumb":{"@id":"https:\/\/peoplesphere.be\/fr\/penibilite-des-metiers-le-processus-de-reconnaissance-est-enclenche\/#breadcrumb"},"inLanguage":"fr-FR","potentialAction":[{"@type":"ReadAction","target":["https:\/\/peoplesphere.be\/fr\/penibilite-des-metiers-le-processus-de-reconnaissance-est-enclenche\/"]}]},{"@type":"BreadcrumbList","@id":"https:\/\/peoplesphere.be\/fr\/penibilite-des-metiers-le-processus-de-reconnaissance-est-enclenche\/#breadcrumb","itemListElement":[{"@type":"ListItem","position":1,"name":"Accueil","item":"https:\/\/peoplesphere.be\/fr\/"},{"@type":"ListItem","position":2,"name":"P\u00e9nibilit\u00e9 des m\u00e9tiers : le processus de reconnaissance est enclench\u00e9."}]},{"@type":"WebSite","@id":"https:\/\/peoplesphere.be\/fr\/#website","url":"https:\/\/peoplesphere.be\/fr\/","name":"Peoplesphere","description":"The People Managers Magazine","publisher":{"@id":"https:\/\/peoplesphere.be\/fr\/#organization"},"potentialAction":[{"@type":"SearchAction","target":{"@type":"EntryPoint","urlTemplate":"https:\/\/peoplesphere.be\/fr\/?s={search_term_string}"},"query-input":"required name=search_term_string"}],"inLanguage":"fr-FR"},{"@type":"Organization","@id":"https:\/\/peoplesphere.be\/fr\/#organization","name":"Peoplesphere Company srl","url":"https:\/\/peoplesphere.be\/fr\/","logo":{"@type":"ImageObject","inLanguage":"fr-FR","@id":"https:\/\/peoplesphere.be\/fr\/#\/schema\/logo\/image\/","url":"https:\/\/peoplesphere.be\/fr\/wp-content\/uploads\/2023\/07\/peoplesphere-lgo-new-generik.jpg","contentUrl":"https:\/\/peoplesphere.be\/fr\/wp-content\/uploads\/2023\/07\/peoplesphere-lgo-new-generik.jpg","width":1031,"height":1479,"caption":"Peoplesphere Company srl"},"image":{"@id":"https:\/\/peoplesphere.be\/fr\/#\/schema\/logo\/image\/"},"sameAs":["https:\/\/www.facebook.com\/peoplesphere","https:\/\/twitter.com\/PeoplesphereMag","https:\/\/www.linkedin.com\/company\/7587361?trk","http:\/\/youtube.com\/peoplesphere"]},{"@type":"Person","@id":"https:\/\/peoplesphere.be\/fr\/#\/schema\/person\/7976225ff17988604334abb7b3536a7e","name":"Jean-Paul Erhard","image":{"@type":"ImageObject","inLanguage":"fr-FR","@id":"https:\/\/peoplesphere.be\/fr\/#\/schema\/person\/image\/","url":"https:\/\/secure.gravatar.com\/avatar\/f941e681460179738071629a51574930?s=96&d=mm&r=g","contentUrl":"https:\/\/secure.gravatar.com\/avatar\/f941e681460179738071629a51574930?s=96&d=mm&r=g","caption":"Jean-Paul Erhard"},"url":"https:\/\/peoplesphere.be\/fr\/author\/jpe\/"}]}},"_links":{"self":[{"href":"https:\/\/peoplesphere.be\/fr\/wp-json\/wp\/v2\/posts\/3347"}],"collection":[{"href":"https:\/\/peoplesphere.be\/fr\/wp-json\/wp\/v2\/posts"}],"about":[{"href":"https:\/\/peoplesphere.be\/fr\/wp-json\/wp\/v2\/types\/post"}],"author":[{"embeddable":true,"href":"https:\/\/peoplesphere.be\/fr\/wp-json\/wp\/v2\/users\/2"}],"replies":[{"embeddable":true,"href":"https:\/\/peoplesphere.be\/fr\/wp-json\/wp\/v2\/comments?post=3347"}],"version-history":[{"count":3,"href":"https:\/\/peoplesphere.be\/fr\/wp-json\/wp\/v2\/posts\/3347\/revisions"}],"predecessor-version":[{"id":3350,"href":"https:\/\/peoplesphere.be\/fr\/wp-json\/wp\/v2\/posts\/3347\/revisions\/3350"}],"wp:attachment":[{"href":"https:\/\/peoplesphere.be\/fr\/wp-json\/wp\/v2\/media?parent=3347"}],"wp:term":[{"taxonomy":"category","embeddable":true,"href":"https:\/\/peoplesphere.be\/fr\/wp-json\/wp\/v2\/categories?post=3347"},{"taxonomy":"post_tag","embeddable":true,"href":"https:\/\/peoplesphere.be\/fr\/wp-json\/wp\/v2\/tags?post=3347"}],"curies":[{"name":"wp","href":"https:\/\/api.w.org\/{rel}","templated":true}]}}