









{"id":3360,"date":"2016-09-01T08:44:54","date_gmt":"2016-09-01T06:44:54","guid":{"rendered":"http:\/\/www.peoplesphere.be\/fr\/?p=3360"},"modified":"2016-09-01T08:44:54","modified_gmt":"2016-09-01T06:44:54","slug":"le-gouvernement-wallon-revalorise-les-salaires-les-plus-faibles","status":"publish","type":"post","link":"https:\/\/peoplesphere.be\/fr\/le-gouvernement-wallon-revalorise-les-salaires-les-plus-faibles\/","title":{"rendered":"Le gouvernement wallon revalorise les salaires les plus faibles."},"content":{"rendered":"<p>Comme l&rsquo;annonce la RTBF, le ministre wallon de la Fonction publique, Christophe Lacroix (PS), a l&rsquo;intention de soumettre aux syndicats un projet de convention sectorielle dont l&rsquo;objectif consiste \u00e0 revaloriser les r\u00e9mun\u00e9rations les plus faibles et \u00e0 r\u00e9duire le temps de travail des fonctionnaires de plus de 60 ans. Le financement de ces mesures reste apparemment \u00e0 pr\u00e9ciser.<!--more--><\/p>\n<p>Le gouvernement wallon entend \u00e9liminer\u00a0le niveau bar\u00e9mique le plus bas dans l&rsquo;administration. Celui-ci concerne 1.200 agents qui devraient, en cas d&rsquo;accord percevoir 30 euros net par mois en plus au minimum. Dans certains cas, tenant compte du trajet de carri\u00e8re des individus, l&rsquo;augmentation pourrait atteindre 150 voire 250 euros.<\/p>\n<p>Le ministre Lacroix s&rsquo;est vu en outre confier un mandat du gouvernement wallon pour soumettre en vue de la mise en place d&rsquo;une r\u00e9duction du temps de travail pour les fonctionnaires de 60 ans et plus qui occupent des m\u00e9tiers dits \u00ab\u00a0p\u00e9nibles\u00a0\u00bb, comme les ouvriers, chauffeurs, nettoyeuses, \u00e9clusiers.<br \/>\nPlus de 370 travailleurs seraient concern\u00e9s d\u00e8s 2017, d&rsquo;autres ensuite, et leur 1\/5 temps non prest\u00e9 sera en grand partie compens\u00e9 par de nouveaux engagements. La disposition viserait avant tout \u00e0 lutter contre l&rsquo;absent\u00e9isme dans la fonction publique. <em>\u00ab\u00a0On constate que l&rsquo;absent\u00e9isme pour raisons m\u00e9dicales explose au-del\u00e0 de 45 ans\u00a0\u00bb<\/em>, explique Christophe Lacroix \u00e0 La Libre.<\/p>\n<p>Cette mesure semble \u00e0 mettre en perspective de la volont\u00e9 du Parti Socialiste d&rsquo;imposer la r\u00e9duction du temps de travail \u00e0 l&rsquo;agenda politique de la rentr\u00e9e (lire par ailleurs :\u00a0<a href=\"http:\/\/www.peoplesphere.be\/fr\/la-semaine-de-4-jours-sans-perte-de-salaire-au-coeur-de-la-rentree-politique\/\">http:\/\/www.peoplesphere.be\/fr\/la-semaine-de-4-jours-sans-perte-de-salaire-au-coeur-de-la-rentree-politique\/<\/a>).<\/p>\n<p>Le gouvernement wallon ne donne \u00e0 ce jour pas d&rsquo;information quant au financement de ces projets.<\/p>\n<p><em>Source : La Libre<\/em><\/p>\n","protected":false},"excerpt":{"rendered":"<p>Comme l&rsquo;annonce la RTBF, le ministre wallon de la Fonction publique, Christophe Lacroix (PS), a l&rsquo;intention de soumettre aux syndicats un projet de convention sectorielle dont l&rsquo;objectif consiste \u00e0 revaloriser les r\u00e9mun\u00e9rations les plus faibles et \u00e0 r\u00e9duire le temps [&hellip;]<\/p>\n","protected":false},"author":2,"featured_media":0,"comment_status":"closed","ping_status":"open","sticky":false,"template":"","format":"standard","meta":[],"categories":[65,10],"tags":[392,903,30,39],"yoast_head":"<!-- This site is optimized with the Yoast SEO plugin v21.0 - https:\/\/yoast.com\/wordpress\/plugins\/seo\/ -->\n<title>Le gouvernement wallon revalorise les salaires les plus faibles. - Peoplesphere<\/title>\n<meta name=\"robots\" content=\"index, follow, max-snippet:-1, max-image-preview:large, max-video-preview:-1\" \/>\n<link rel=\"canonical\" href=\"https:\/\/peoplesphere.be\/fr\/le-gouvernement-wallon-revalorise-les-salaires-les-plus-faibles\/\" \/>\n<meta property=\"og:locale\" content=\"fr_FR\" \/>\n<meta property=\"og:type\" content=\"article\" \/>\n<meta property=\"og:title\" content=\"Le gouvernement wallon revalorise les salaires les plus faibles. - Peoplesphere\" \/>\n<meta property=\"og:description\" content=\"Comme l&rsquo;annonce la RTBF, le ministre wallon de la Fonction publique, Christophe Lacroix (PS), a l&rsquo;intention de soumettre aux syndicats un projet de convention sectorielle dont l&rsquo;objectif consiste \u00e0 revaloriser les r\u00e9mun\u00e9rations les plus faibles et \u00e0 r\u00e9duire le temps [&hellip;]\" \/>\n<meta property=\"og:url\" content=\"https:\/\/peoplesphere.be\/fr\/le-gouvernement-wallon-revalorise-les-salaires-les-plus-faibles\/\" \/>\n<meta property=\"og:site_name\" content=\"Peoplesphere\" \/>\n<meta property=\"article:publisher\" content=\"https:\/\/www.facebook.com\/peoplesphere\" \/>\n<meta property=\"article:published_time\" content=\"2016-09-01T06:44:54+00:00\" \/>\n<meta property=\"og:image\" content=\"http:\/\/www.peoplesphere.be\/fr\/wp-content\/uploads\/2016\/07\/facebook-default-posting-1200x628px.jpg\" \/>\n<meta name=\"author\" content=\"Jean-Paul Erhard\" \/>\n<meta name=\"twitter:card\" content=\"summary_large_image\" \/>\n<meta name=\"twitter:creator\" content=\"@PeoplesphereMag\" \/>\n<meta name=\"twitter:site\" content=\"@PeoplesphereMag\" \/>\n<meta name=\"twitter:label1\" content=\"\u00c9crit par\" \/>\n\t<meta name=\"twitter:data1\" content=\"Jean-Paul Erhard\" \/>\n\t<meta name=\"twitter:label2\" content=\"Dur\u00e9e de lecture estim\u00e9e\" \/>\n\t<meta name=\"twitter:data2\" content=\"1 minute\" \/>\n<script type=\"application\/ld+json\" class=\"yoast-schema-graph\">{\"@context\":\"https:\/\/schema.org\",\"@graph\":[{\"@type\":\"Article\",\"@id\":\"https:\/\/peoplesphere.be\/fr\/le-gouvernement-wallon-revalorise-les-salaires-les-plus-faibles\/#article\",\"isPartOf\":{\"@id\":\"https:\/\/peoplesphere.be\/fr\/le-gouvernement-wallon-revalorise-les-salaires-les-plus-faibles\/\"},\"author\":{\"name\":\"Jean-Paul Erhard\",\"@id\":\"https:\/\/peoplesphere.be\/fr\/#\/schema\/person\/7976225ff17988604334abb7b3536a7e\"},\"headline\":\"Le gouvernement wallon revalorise les salaires les plus faibles.\",\"datePublished\":\"2016-09-01T06:44:54+00:00\",\"dateModified\":\"2016-09-01T06:44:54+00:00\",\"mainEntityOfPage\":{\"@id\":\"https:\/\/peoplesphere.be\/fr\/le-gouvernement-wallon-revalorise-les-salaires-les-plus-faibles\/\"},\"wordCount\":274,\"publisher\":{\"@id\":\"https:\/\/peoplesphere.be\/fr\/#organization\"},\"keywords\":[\"fonction publique\",\"gouvernement wallon\",\"r\u00e9mun\u00e9ration\",\"temps de travail\"],\"articleSection\":[\"Actualit\u00e9s\",\"Digital\"],\"inLanguage\":\"fr-FR\"},{\"@type\":\"WebPage\",\"@id\":\"https:\/\/peoplesphere.be\/fr\/le-gouvernement-wallon-revalorise-les-salaires-les-plus-faibles\/\",\"url\":\"https:\/\/peoplesphere.be\/fr\/le-gouvernement-wallon-revalorise-les-salaires-les-plus-faibles\/\",\"name\":\"Le gouvernement wallon revalorise les salaires les plus faibles. - Peoplesphere\",\"isPartOf\":{\"@id\":\"https:\/\/peoplesphere.be\/fr\/#website\"},\"datePublished\":\"2016-09-01T06:44:54+00:00\",\"dateModified\":\"2016-09-01T06:44:54+00:00\",\"breadcrumb\":{\"@id\":\"https:\/\/peoplesphere.be\/fr\/le-gouvernement-wallon-revalorise-les-salaires-les-plus-faibles\/#breadcrumb\"},\"inLanguage\":\"fr-FR\",\"potentialAction\":[{\"@type\":\"ReadAction\",\"target\":[\"https:\/\/peoplesphere.be\/fr\/le-gouvernement-wallon-revalorise-les-salaires-les-plus-faibles\/\"]}]},{\"@type\":\"BreadcrumbList\",\"@id\":\"https:\/\/peoplesphere.be\/fr\/le-gouvernement-wallon-revalorise-les-salaires-les-plus-faibles\/#breadcrumb\",\"itemListElement\":[{\"@type\":\"ListItem\",\"position\":1,\"name\":\"Accueil\",\"item\":\"https:\/\/peoplesphere.be\/fr\/\"},{\"@type\":\"ListItem\",\"position\":2,\"name\":\"Le gouvernement wallon revalorise les salaires les plus faibles.\"}]},{\"@type\":\"WebSite\",\"@id\":\"https:\/\/peoplesphere.be\/fr\/#website\",\"url\":\"https:\/\/peoplesphere.be\/fr\/\",\"name\":\"Peoplesphere\",\"description\":\"The People Managers Magazine\",\"publisher\":{\"@id\":\"https:\/\/peoplesphere.be\/fr\/#organization\"},\"potentialAction\":[{\"@type\":\"SearchAction\",\"target\":{\"@type\":\"EntryPoint\",\"urlTemplate\":\"https:\/\/peoplesphere.be\/fr\/?s={search_term_string}\"},\"query-input\":\"required name=search_term_string\"}],\"inLanguage\":\"fr-FR\"},{\"@type\":\"Organization\",\"@id\":\"https:\/\/peoplesphere.be\/fr\/#organization\",\"name\":\"Peoplesphere Company srl\",\"url\":\"https:\/\/peoplesphere.be\/fr\/\",\"logo\":{\"@type\":\"ImageObject\",\"inLanguage\":\"fr-FR\",\"@id\":\"https:\/\/peoplesphere.be\/fr\/#\/schema\/logo\/image\/\",\"url\":\"https:\/\/peoplesphere.be\/fr\/wp-content\/uploads\/2023\/07\/peoplesphere-lgo-new-generik.jpg\",\"contentUrl\":\"https:\/\/peoplesphere.be\/fr\/wp-content\/uploads\/2023\/07\/peoplesphere-lgo-new-generik.jpg\",\"width\":1031,\"height\":1479,\"caption\":\"Peoplesphere Company srl\"},\"image\":{\"@id\":\"https:\/\/peoplesphere.be\/fr\/#\/schema\/logo\/image\/\"},\"sameAs\":[\"https:\/\/www.facebook.com\/peoplesphere\",\"https:\/\/twitter.com\/PeoplesphereMag\",\"https:\/\/www.linkedin.com\/company\/7587361?trk\",\"http:\/\/youtube.com\/peoplesphere\"]},{\"@type\":\"Person\",\"@id\":\"https:\/\/peoplesphere.be\/fr\/#\/schema\/person\/7976225ff17988604334abb7b3536a7e\",\"name\":\"Jean-Paul Erhard\",\"image\":{\"@type\":\"ImageObject\",\"inLanguage\":\"fr-FR\",\"@id\":\"https:\/\/peoplesphere.be\/fr\/#\/schema\/person\/image\/\",\"url\":\"https:\/\/secure.gravatar.com\/avatar\/f941e681460179738071629a51574930?s=96&d=mm&r=g\",\"contentUrl\":\"https:\/\/secure.gravatar.com\/avatar\/f941e681460179738071629a51574930?s=96&d=mm&r=g\",\"caption\":\"Jean-Paul Erhard\"},\"url\":\"https:\/\/peoplesphere.be\/fr\/author\/jpe\/\"}]}<\/script>\n<!-- \/ Yoast SEO plugin. -->","yoast_head_json":{"title":"Le gouvernement wallon revalorise les salaires les plus faibles. - Peoplesphere","robots":{"index":"index","follow":"follow","max-snippet":"max-snippet:-1","max-image-preview":"max-image-preview:large","max-video-preview":"max-video-preview:-1"},"canonical":"https:\/\/peoplesphere.be\/fr\/le-gouvernement-wallon-revalorise-les-salaires-les-plus-faibles\/","og_locale":"fr_FR","og_type":"article","og_title":"Le gouvernement wallon revalorise les salaires les plus faibles. - Peoplesphere","og_description":"Comme l&rsquo;annonce la RTBF, le ministre wallon de la Fonction publique, Christophe Lacroix (PS), a l&rsquo;intention de soumettre aux syndicats un projet de convention sectorielle dont l&rsquo;objectif consiste \u00e0 revaloriser les r\u00e9mun\u00e9rations les plus faibles et \u00e0 r\u00e9duire le temps [&hellip;]","og_url":"https:\/\/peoplesphere.be\/fr\/le-gouvernement-wallon-revalorise-les-salaires-les-plus-faibles\/","og_site_name":"Peoplesphere","article_publisher":"https:\/\/www.facebook.com\/peoplesphere","article_published_time":"2016-09-01T06:44:54+00:00","og_image":[{"url":"http:\/\/www.peoplesphere.be\/fr\/wp-content\/uploads\/2016\/07\/facebook-default-posting-1200x628px.jpg"}],"author":"Jean-Paul Erhard","twitter_card":"summary_large_image","twitter_creator":"@PeoplesphereMag","twitter_site":"@PeoplesphereMag","twitter_misc":{"\u00c9crit par":"Jean-Paul Erhard","Dur\u00e9e de lecture estim\u00e9e":"1 minute"},"schema":{"@context":"https:\/\/schema.org","@graph":[{"@type":"Article","@id":"https:\/\/peoplesphere.be\/fr\/le-gouvernement-wallon-revalorise-les-salaires-les-plus-faibles\/#article","isPartOf":{"@id":"https:\/\/peoplesphere.be\/fr\/le-gouvernement-wallon-revalorise-les-salaires-les-plus-faibles\/"},"author":{"name":"Jean-Paul Erhard","@id":"https:\/\/peoplesphere.be\/fr\/#\/schema\/person\/7976225ff17988604334abb7b3536a7e"},"headline":"Le gouvernement wallon revalorise les salaires les plus faibles.","datePublished":"2016-09-01T06:44:54+00:00","dateModified":"2016-09-01T06:44:54+00:00","mainEntityOfPage":{"@id":"https:\/\/peoplesphere.be\/fr\/le-gouvernement-wallon-revalorise-les-salaires-les-plus-faibles\/"},"wordCount":274,"publisher":{"@id":"https:\/\/peoplesphere.be\/fr\/#organization"},"keywords":["fonction publique","gouvernement wallon","r\u00e9mun\u00e9ration","temps de travail"],"articleSection":["Actualit\u00e9s","Digital"],"inLanguage":"fr-FR"},{"@type":"WebPage","@id":"https:\/\/peoplesphere.be\/fr\/le-gouvernement-wallon-revalorise-les-salaires-les-plus-faibles\/","url":"https:\/\/peoplesphere.be\/fr\/le-gouvernement-wallon-revalorise-les-salaires-les-plus-faibles\/","name":"Le gouvernement wallon revalorise les salaires les plus faibles. - Peoplesphere","isPartOf":{"@id":"https:\/\/peoplesphere.be\/fr\/#website"},"datePublished":"2016-09-01T06:44:54+00:00","dateModified":"2016-09-01T06:44:54+00:00","breadcrumb":{"@id":"https:\/\/peoplesphere.be\/fr\/le-gouvernement-wallon-revalorise-les-salaires-les-plus-faibles\/#breadcrumb"},"inLanguage":"fr-FR","potentialAction":[{"@type":"ReadAction","target":["https:\/\/peoplesphere.be\/fr\/le-gouvernement-wallon-revalorise-les-salaires-les-plus-faibles\/"]}]},{"@type":"BreadcrumbList","@id":"https:\/\/peoplesphere.be\/fr\/le-gouvernement-wallon-revalorise-les-salaires-les-plus-faibles\/#breadcrumb","itemListElement":[{"@type":"ListItem","position":1,"name":"Accueil","item":"https:\/\/peoplesphere.be\/fr\/"},{"@type":"ListItem","position":2,"name":"Le gouvernement wallon revalorise les salaires les plus faibles."}]},{"@type":"WebSite","@id":"https:\/\/peoplesphere.be\/fr\/#website","url":"https:\/\/peoplesphere.be\/fr\/","name":"Peoplesphere","description":"The People Managers Magazine","publisher":{"@id":"https:\/\/peoplesphere.be\/fr\/#organization"},"potentialAction":[{"@type":"SearchAction","target":{"@type":"EntryPoint","urlTemplate":"https:\/\/peoplesphere.be\/fr\/?s={search_term_string}"},"query-input":"required name=search_term_string"}],"inLanguage":"fr-FR"},{"@type":"Organization","@id":"https:\/\/peoplesphere.be\/fr\/#organization","name":"Peoplesphere Company srl","url":"https:\/\/peoplesphere.be\/fr\/","logo":{"@type":"ImageObject","inLanguage":"fr-FR","@id":"https:\/\/peoplesphere.be\/fr\/#\/schema\/logo\/image\/","url":"https:\/\/peoplesphere.be\/fr\/wp-content\/uploads\/2023\/07\/peoplesphere-lgo-new-generik.jpg","contentUrl":"https:\/\/peoplesphere.be\/fr\/wp-content\/uploads\/2023\/07\/peoplesphere-lgo-new-generik.jpg","width":1031,"height":1479,"caption":"Peoplesphere Company srl"},"image":{"@id":"https:\/\/peoplesphere.be\/fr\/#\/schema\/logo\/image\/"},"sameAs":["https:\/\/www.facebook.com\/peoplesphere","https:\/\/twitter.com\/PeoplesphereMag","https:\/\/www.linkedin.com\/company\/7587361?trk","http:\/\/youtube.com\/peoplesphere"]},{"@type":"Person","@id":"https:\/\/peoplesphere.be\/fr\/#\/schema\/person\/7976225ff17988604334abb7b3536a7e","name":"Jean-Paul Erhard","image":{"@type":"ImageObject","inLanguage":"fr-FR","@id":"https:\/\/peoplesphere.be\/fr\/#\/schema\/person\/image\/","url":"https:\/\/secure.gravatar.com\/avatar\/f941e681460179738071629a51574930?s=96&d=mm&r=g","contentUrl":"https:\/\/secure.gravatar.com\/avatar\/f941e681460179738071629a51574930?s=96&d=mm&r=g","caption":"Jean-Paul Erhard"},"url":"https:\/\/peoplesphere.be\/fr\/author\/jpe\/"}]}},"_links":{"self":[{"href":"https:\/\/peoplesphere.be\/fr\/wp-json\/wp\/v2\/posts\/3360"}],"collection":[{"href":"https:\/\/peoplesphere.be\/fr\/wp-json\/wp\/v2\/posts"}],"about":[{"href":"https:\/\/peoplesphere.be\/fr\/wp-json\/wp\/v2\/types\/post"}],"author":[{"embeddable":true,"href":"https:\/\/peoplesphere.be\/fr\/wp-json\/wp\/v2\/users\/2"}],"replies":[{"embeddable":true,"href":"https:\/\/peoplesphere.be\/fr\/wp-json\/wp\/v2\/comments?post=3360"}],"version-history":[{"count":1,"href":"https:\/\/peoplesphere.be\/fr\/wp-json\/wp\/v2\/posts\/3360\/revisions"}],"predecessor-version":[{"id":3361,"href":"https:\/\/peoplesphere.be\/fr\/wp-json\/wp\/v2\/posts\/3360\/revisions\/3361"}],"wp:attachment":[{"href":"https:\/\/peoplesphere.be\/fr\/wp-json\/wp\/v2\/media?parent=3360"}],"wp:term":[{"taxonomy":"category","embeddable":true,"href":"https:\/\/peoplesphere.be\/fr\/wp-json\/wp\/v2\/categories?post=3360"},{"taxonomy":"post_tag","embeddable":true,"href":"https:\/\/peoplesphere.be\/fr\/wp-json\/wp\/v2\/tags?post=3360"}],"curies":[{"name":"wp","href":"https:\/\/api.w.org\/{rel}","templated":true}]}}