









{"id":3367,"date":"2016-09-02T11:19:56","date_gmt":"2016-09-02T09:19:56","guid":{"rendered":"http:\/\/www.peoplesphere.be\/fr\/?p=3367"},"modified":"2016-09-02T11:19:56","modified_gmt":"2016-09-02T09:19:56","slug":"les-services-publics-federaux-veulent-multiplier-le-nombre-de-bureaux-satellites-disponibles","status":"publish","type":"post","link":"https:\/\/peoplesphere.be\/fr\/les-services-publics-federaux-veulent-multiplier-le-nombre-de-bureaux-satellites-disponibles\/","title":{"rendered":"Les services publics f\u00e9d\u00e9raux veulent multiplier le nombre de bureaux satellites disponibles."},"content":{"rendered":"<p>Au terme d&rsquo;une p\u00e9riode test r\u00e9ussie, les ministres en charge de la fonction publique et de la r\u00e9gie des B\u00e2timents se sont accord\u00e9s sur le d\u00e9ploiement de nouveaux bureaux satellites \u00e0 destination des fonctionnaires f\u00e9d\u00e9raux. Avec un triple objectif en vue : le bien-\u00eatre des travailleurs, la r\u00e9duction de l&#8217;empreinte \u00e9cologique et la proximit\u00e9 avec le citoyen.<!--more--><br \/>\nSur proposition du ministre charg\u00e9 de la Fonction publique Steven Vandeput et du ministre charg\u00e9 de la R\u00e9gie des b\u00e2timents Jan Jambon, le Conseil des ministres soutient la promotion du projet visant \u00e0 metre \u00e0 disposition des espaces de bureau afin de les utiliser comme bureaux satellites pour les services publics f\u00e9d\u00e9raux et les services publics f\u00e9d\u00e9raux et de programmation.<\/p>\n<p>A l\u2019issue d\u2019une p\u00e9riode de test r\u00e9ussie, le projet est d\u00e9sormais pr\u00eat \u00e0 \u00eatre ouvert \u00e0 tous les services publics f\u00e9d\u00e9raux int\u00e9ress\u00e9es. Il veille entre autres \u00e0 un meilleur \u00e9quilibre entre la vie professionnelle et la vie priv\u00e9e des membres du personnel et joue \u00e9galement sur la probl\u00e8matique de la mobilit\u00e9. Travailler plus pr\u00e8s de chez soi diminue l\u2019empreinte \u00e9cologique des d\u00e9partements sur le plan du trajet domicile-travail. En outre, le travail en bureau satellite rapproche litt\u00e9ralement l\u2019administration du citoyen et des entreprises, ce qui peut \u00e0 nouveau avoir un effet positif sur la satisfaction du client.<\/p>\n<p>Dans le cadre de cette initiative de collaboration entre le ministre charg\u00e9 de la Fonction publique Steven Vandeput et le ministre charg\u00e9 de la R\u00e9gie des b\u00e2timents Jan Jambon, le Conseil des ministres charge la R\u00e9gie des b\u00e2timents de prendre des initiatives visant \u00e0 faire cro\u00eetre rapidement le nombre d\u2019utilisateurs des bureaux satellites et \u00e0 \u00e9quiper les bureaux satellites d\u2019une connexion internet. Cela permettra aux utilisateurs de travailler dans de bonnes conditions et de se connecter \u00e0 distance aux applications de leur service public. De plus, la R\u00e9gie des b\u00e2timents mettra un syst\u00e8me de r\u00e9servation simple \u00e0 utiliser \u00e0 la disposition des SPF participants via Fedweb et assumera le loyer et les co\u00fbts d\u2019entretien des bureaux satellites.<\/p>\n<p>Dans une premi\u00e8re phase, une centaine de places seront mises \u00e0 disposition. Une \u00e9valuation sera effectu\u00e9e apr\u00e8s un an, apr\u00e8s laquelle le nombre de places pourra \u00eatre \u00e9tendu.<\/p>\n<p>Source : Belga<\/p>\n","protected":false},"excerpt":{"rendered":"<p>Au terme d&rsquo;une p\u00e9riode test r\u00e9ussie, les ministres en charge de la fonction publique et de la r\u00e9gie des B\u00e2timents se sont accord\u00e9s sur le d\u00e9ploiement de nouveaux bureaux satellites \u00e0 destination des fonctionnaires f\u00e9d\u00e9raux. Avec un triple objectif en [&hellip;]<\/p>\n","protected":false},"author":2,"featured_media":0,"comment_status":"closed","ping_status":"open","sticky":false,"template":"","format":"standard","meta":[],"categories":[65,10],"tags":[908,392,136,370],"yoast_head":"<!-- This site is optimized with the Yoast SEO plugin v21.0 - https:\/\/yoast.com\/wordpress\/plugins\/seo\/ -->\n<title>Les services publics f\u00e9d\u00e9raux veulent multiplier le nombre de bureaux satellites disponibles. - Peoplesphere<\/title>\n<meta name=\"robots\" content=\"index, follow, max-snippet:-1, max-image-preview:large, max-video-preview:-1\" \/>\n<link rel=\"canonical\" href=\"https:\/\/peoplesphere.be\/fr\/les-services-publics-federaux-veulent-multiplier-le-nombre-de-bureaux-satellites-disponibles\/\" \/>\n<meta property=\"og:locale\" content=\"fr_FR\" \/>\n<meta property=\"og:type\" content=\"article\" \/>\n<meta property=\"og:title\" content=\"Les services publics f\u00e9d\u00e9raux veulent multiplier le nombre de bureaux satellites disponibles. - Peoplesphere\" \/>\n<meta property=\"og:description\" content=\"Au terme d&rsquo;une p\u00e9riode test r\u00e9ussie, les ministres en charge de la fonction publique et de la r\u00e9gie des B\u00e2timents se sont accord\u00e9s sur le d\u00e9ploiement de nouveaux bureaux satellites \u00e0 destination des fonctionnaires f\u00e9d\u00e9raux. Avec un triple objectif en [&hellip;]\" \/>\n<meta property=\"og:url\" content=\"https:\/\/peoplesphere.be\/fr\/les-services-publics-federaux-veulent-multiplier-le-nombre-de-bureaux-satellites-disponibles\/\" \/>\n<meta property=\"og:site_name\" content=\"Peoplesphere\" \/>\n<meta property=\"article:publisher\" content=\"https:\/\/www.facebook.com\/peoplesphere\" \/>\n<meta property=\"article:published_time\" content=\"2016-09-02T09:19:56+00:00\" \/>\n<meta property=\"og:image\" content=\"http:\/\/www.peoplesphere.be\/fr\/wp-content\/uploads\/2016\/07\/facebook-default-posting-1200x628px.jpg\" \/>\n<meta name=\"author\" content=\"Jean-Paul Erhard\" \/>\n<meta name=\"twitter:card\" content=\"summary_large_image\" \/>\n<meta name=\"twitter:creator\" content=\"@PeoplesphereMag\" \/>\n<meta name=\"twitter:site\" content=\"@PeoplesphereMag\" \/>\n<meta name=\"twitter:label1\" content=\"\u00c9crit par\" \/>\n\t<meta name=\"twitter:data1\" content=\"Jean-Paul Erhard\" \/>\n\t<meta name=\"twitter:label2\" content=\"Dur\u00e9e de lecture estim\u00e9e\" \/>\n\t<meta name=\"twitter:data2\" content=\"2 minutes\" \/>\n<script type=\"application\/ld+json\" class=\"yoast-schema-graph\">{\"@context\":\"https:\/\/schema.org\",\"@graph\":[{\"@type\":\"Article\",\"@id\":\"https:\/\/peoplesphere.be\/fr\/les-services-publics-federaux-veulent-multiplier-le-nombre-de-bureaux-satellites-disponibles\/#article\",\"isPartOf\":{\"@id\":\"https:\/\/peoplesphere.be\/fr\/les-services-publics-federaux-veulent-multiplier-le-nombre-de-bureaux-satellites-disponibles\/\"},\"author\":{\"name\":\"Jean-Paul Erhard\",\"@id\":\"https:\/\/peoplesphere.be\/fr\/#\/schema\/person\/7976225ff17988604334abb7b3536a7e\"},\"headline\":\"Les services publics f\u00e9d\u00e9raux veulent multiplier le nombre de bureaux satellites disponibles.\",\"datePublished\":\"2016-09-02T09:19:56+00:00\",\"dateModified\":\"2016-09-02T09:19:56+00:00\",\"mainEntityOfPage\":{\"@id\":\"https:\/\/peoplesphere.be\/fr\/les-services-publics-federaux-veulent-multiplier-le-nombre-de-bureaux-satellites-disponibles\/\"},\"wordCount\":411,\"publisher\":{\"@id\":\"https:\/\/peoplesphere.be\/fr\/#organization\"},\"keywords\":[\"bureaux satellites\",\"fonction publique\",\"mobilit\u00e9\",\"travail flexible\"],\"articleSection\":[\"Actualit\u00e9s\",\"Digital\"],\"inLanguage\":\"fr-FR\"},{\"@type\":\"WebPage\",\"@id\":\"https:\/\/peoplesphere.be\/fr\/les-services-publics-federaux-veulent-multiplier-le-nombre-de-bureaux-satellites-disponibles\/\",\"url\":\"https:\/\/peoplesphere.be\/fr\/les-services-publics-federaux-veulent-multiplier-le-nombre-de-bureaux-satellites-disponibles\/\",\"name\":\"Les services publics f\u00e9d\u00e9raux veulent multiplier le nombre de bureaux satellites disponibles. - Peoplesphere\",\"isPartOf\":{\"@id\":\"https:\/\/peoplesphere.be\/fr\/#website\"},\"datePublished\":\"2016-09-02T09:19:56+00:00\",\"dateModified\":\"2016-09-02T09:19:56+00:00\",\"breadcrumb\":{\"@id\":\"https:\/\/peoplesphere.be\/fr\/les-services-publics-federaux-veulent-multiplier-le-nombre-de-bureaux-satellites-disponibles\/#breadcrumb\"},\"inLanguage\":\"fr-FR\",\"potentialAction\":[{\"@type\":\"ReadAction\",\"target\":[\"https:\/\/peoplesphere.be\/fr\/les-services-publics-federaux-veulent-multiplier-le-nombre-de-bureaux-satellites-disponibles\/\"]}]},{\"@type\":\"BreadcrumbList\",\"@id\":\"https:\/\/peoplesphere.be\/fr\/les-services-publics-federaux-veulent-multiplier-le-nombre-de-bureaux-satellites-disponibles\/#breadcrumb\",\"itemListElement\":[{\"@type\":\"ListItem\",\"position\":1,\"name\":\"Accueil\",\"item\":\"https:\/\/peoplesphere.be\/fr\/\"},{\"@type\":\"ListItem\",\"position\":2,\"name\":\"Les services publics f\u00e9d\u00e9raux veulent multiplier le nombre de bureaux satellites disponibles.\"}]},{\"@type\":\"WebSite\",\"@id\":\"https:\/\/peoplesphere.be\/fr\/#website\",\"url\":\"https:\/\/peoplesphere.be\/fr\/\",\"name\":\"Peoplesphere\",\"description\":\"The People Managers Magazine\",\"publisher\":{\"@id\":\"https:\/\/peoplesphere.be\/fr\/#organization\"},\"potentialAction\":[{\"@type\":\"SearchAction\",\"target\":{\"@type\":\"EntryPoint\",\"urlTemplate\":\"https:\/\/peoplesphere.be\/fr\/?s={search_term_string}\"},\"query-input\":\"required name=search_term_string\"}],\"inLanguage\":\"fr-FR\"},{\"@type\":\"Organization\",\"@id\":\"https:\/\/peoplesphere.be\/fr\/#organization\",\"name\":\"Peoplesphere Company srl\",\"url\":\"https:\/\/peoplesphere.be\/fr\/\",\"logo\":{\"@type\":\"ImageObject\",\"inLanguage\":\"fr-FR\",\"@id\":\"https:\/\/peoplesphere.be\/fr\/#\/schema\/logo\/image\/\",\"url\":\"https:\/\/peoplesphere.be\/fr\/wp-content\/uploads\/2023\/07\/peoplesphere-lgo-new-generik.jpg\",\"contentUrl\":\"https:\/\/peoplesphere.be\/fr\/wp-content\/uploads\/2023\/07\/peoplesphere-lgo-new-generik.jpg\",\"width\":1031,\"height\":1479,\"caption\":\"Peoplesphere Company srl\"},\"image\":{\"@id\":\"https:\/\/peoplesphere.be\/fr\/#\/schema\/logo\/image\/\"},\"sameAs\":[\"https:\/\/www.facebook.com\/peoplesphere\",\"https:\/\/twitter.com\/PeoplesphereMag\",\"https:\/\/www.linkedin.com\/company\/7587361?trk\",\"http:\/\/youtube.com\/peoplesphere\"]},{\"@type\":\"Person\",\"@id\":\"https:\/\/peoplesphere.be\/fr\/#\/schema\/person\/7976225ff17988604334abb7b3536a7e\",\"name\":\"Jean-Paul Erhard\",\"image\":{\"@type\":\"ImageObject\",\"inLanguage\":\"fr-FR\",\"@id\":\"https:\/\/peoplesphere.be\/fr\/#\/schema\/person\/image\/\",\"url\":\"https:\/\/secure.gravatar.com\/avatar\/f941e681460179738071629a51574930?s=96&d=mm&r=g\",\"contentUrl\":\"https:\/\/secure.gravatar.com\/avatar\/f941e681460179738071629a51574930?s=96&d=mm&r=g\",\"caption\":\"Jean-Paul Erhard\"},\"url\":\"https:\/\/peoplesphere.be\/fr\/author\/jpe\/\"}]}<\/script>\n<!-- \/ Yoast SEO plugin. -->","yoast_head_json":{"title":"Les services publics f\u00e9d\u00e9raux veulent multiplier le nombre de bureaux satellites disponibles. - Peoplesphere","robots":{"index":"index","follow":"follow","max-snippet":"max-snippet:-1","max-image-preview":"max-image-preview:large","max-video-preview":"max-video-preview:-1"},"canonical":"https:\/\/peoplesphere.be\/fr\/les-services-publics-federaux-veulent-multiplier-le-nombre-de-bureaux-satellites-disponibles\/","og_locale":"fr_FR","og_type":"article","og_title":"Les services publics f\u00e9d\u00e9raux veulent multiplier le nombre de bureaux satellites disponibles. - Peoplesphere","og_description":"Au terme d&rsquo;une p\u00e9riode test r\u00e9ussie, les ministres en charge de la fonction publique et de la r\u00e9gie des B\u00e2timents se sont accord\u00e9s sur le d\u00e9ploiement de nouveaux bureaux satellites \u00e0 destination des fonctionnaires f\u00e9d\u00e9raux. Avec un triple objectif en [&hellip;]","og_url":"https:\/\/peoplesphere.be\/fr\/les-services-publics-federaux-veulent-multiplier-le-nombre-de-bureaux-satellites-disponibles\/","og_site_name":"Peoplesphere","article_publisher":"https:\/\/www.facebook.com\/peoplesphere","article_published_time":"2016-09-02T09:19:56+00:00","og_image":[{"url":"http:\/\/www.peoplesphere.be\/fr\/wp-content\/uploads\/2016\/07\/facebook-default-posting-1200x628px.jpg"}],"author":"Jean-Paul Erhard","twitter_card":"summary_large_image","twitter_creator":"@PeoplesphereMag","twitter_site":"@PeoplesphereMag","twitter_misc":{"\u00c9crit par":"Jean-Paul Erhard","Dur\u00e9e de lecture estim\u00e9e":"2 minutes"},"schema":{"@context":"https:\/\/schema.org","@graph":[{"@type":"Article","@id":"https:\/\/peoplesphere.be\/fr\/les-services-publics-federaux-veulent-multiplier-le-nombre-de-bureaux-satellites-disponibles\/#article","isPartOf":{"@id":"https:\/\/peoplesphere.be\/fr\/les-services-publics-federaux-veulent-multiplier-le-nombre-de-bureaux-satellites-disponibles\/"},"author":{"name":"Jean-Paul Erhard","@id":"https:\/\/peoplesphere.be\/fr\/#\/schema\/person\/7976225ff17988604334abb7b3536a7e"},"headline":"Les services publics f\u00e9d\u00e9raux veulent multiplier le nombre de bureaux satellites disponibles.","datePublished":"2016-09-02T09:19:56+00:00","dateModified":"2016-09-02T09:19:56+00:00","mainEntityOfPage":{"@id":"https:\/\/peoplesphere.be\/fr\/les-services-publics-federaux-veulent-multiplier-le-nombre-de-bureaux-satellites-disponibles\/"},"wordCount":411,"publisher":{"@id":"https:\/\/peoplesphere.be\/fr\/#organization"},"keywords":["bureaux satellites","fonction publique","mobilit\u00e9","travail flexible"],"articleSection":["Actualit\u00e9s","Digital"],"inLanguage":"fr-FR"},{"@type":"WebPage","@id":"https:\/\/peoplesphere.be\/fr\/les-services-publics-federaux-veulent-multiplier-le-nombre-de-bureaux-satellites-disponibles\/","url":"https:\/\/peoplesphere.be\/fr\/les-services-publics-federaux-veulent-multiplier-le-nombre-de-bureaux-satellites-disponibles\/","name":"Les services publics f\u00e9d\u00e9raux veulent multiplier le nombre de bureaux satellites disponibles. - Peoplesphere","isPartOf":{"@id":"https:\/\/peoplesphere.be\/fr\/#website"},"datePublished":"2016-09-02T09:19:56+00:00","dateModified":"2016-09-02T09:19:56+00:00","breadcrumb":{"@id":"https:\/\/peoplesphere.be\/fr\/les-services-publics-federaux-veulent-multiplier-le-nombre-de-bureaux-satellites-disponibles\/#breadcrumb"},"inLanguage":"fr-FR","potentialAction":[{"@type":"ReadAction","target":["https:\/\/peoplesphere.be\/fr\/les-services-publics-federaux-veulent-multiplier-le-nombre-de-bureaux-satellites-disponibles\/"]}]},{"@type":"BreadcrumbList","@id":"https:\/\/peoplesphere.be\/fr\/les-services-publics-federaux-veulent-multiplier-le-nombre-de-bureaux-satellites-disponibles\/#breadcrumb","itemListElement":[{"@type":"ListItem","position":1,"name":"Accueil","item":"https:\/\/peoplesphere.be\/fr\/"},{"@type":"ListItem","position":2,"name":"Les services publics f\u00e9d\u00e9raux veulent multiplier le nombre de bureaux satellites disponibles."}]},{"@type":"WebSite","@id":"https:\/\/peoplesphere.be\/fr\/#website","url":"https:\/\/peoplesphere.be\/fr\/","name":"Peoplesphere","description":"The People Managers Magazine","publisher":{"@id":"https:\/\/peoplesphere.be\/fr\/#organization"},"potentialAction":[{"@type":"SearchAction","target":{"@type":"EntryPoint","urlTemplate":"https:\/\/peoplesphere.be\/fr\/?s={search_term_string}"},"query-input":"required name=search_term_string"}],"inLanguage":"fr-FR"},{"@type":"Organization","@id":"https:\/\/peoplesphere.be\/fr\/#organization","name":"Peoplesphere Company srl","url":"https:\/\/peoplesphere.be\/fr\/","logo":{"@type":"ImageObject","inLanguage":"fr-FR","@id":"https:\/\/peoplesphere.be\/fr\/#\/schema\/logo\/image\/","url":"https:\/\/peoplesphere.be\/fr\/wp-content\/uploads\/2023\/07\/peoplesphere-lgo-new-generik.jpg","contentUrl":"https:\/\/peoplesphere.be\/fr\/wp-content\/uploads\/2023\/07\/peoplesphere-lgo-new-generik.jpg","width":1031,"height":1479,"caption":"Peoplesphere Company srl"},"image":{"@id":"https:\/\/peoplesphere.be\/fr\/#\/schema\/logo\/image\/"},"sameAs":["https:\/\/www.facebook.com\/peoplesphere","https:\/\/twitter.com\/PeoplesphereMag","https:\/\/www.linkedin.com\/company\/7587361?trk","http:\/\/youtube.com\/peoplesphere"]},{"@type":"Person","@id":"https:\/\/peoplesphere.be\/fr\/#\/schema\/person\/7976225ff17988604334abb7b3536a7e","name":"Jean-Paul Erhard","image":{"@type":"ImageObject","inLanguage":"fr-FR","@id":"https:\/\/peoplesphere.be\/fr\/#\/schema\/person\/image\/","url":"https:\/\/secure.gravatar.com\/avatar\/f941e681460179738071629a51574930?s=96&d=mm&r=g","contentUrl":"https:\/\/secure.gravatar.com\/avatar\/f941e681460179738071629a51574930?s=96&d=mm&r=g","caption":"Jean-Paul Erhard"},"url":"https:\/\/peoplesphere.be\/fr\/author\/jpe\/"}]}},"_links":{"self":[{"href":"https:\/\/peoplesphere.be\/fr\/wp-json\/wp\/v2\/posts\/3367"}],"collection":[{"href":"https:\/\/peoplesphere.be\/fr\/wp-json\/wp\/v2\/posts"}],"about":[{"href":"https:\/\/peoplesphere.be\/fr\/wp-json\/wp\/v2\/types\/post"}],"author":[{"embeddable":true,"href":"https:\/\/peoplesphere.be\/fr\/wp-json\/wp\/v2\/users\/2"}],"replies":[{"embeddable":true,"href":"https:\/\/peoplesphere.be\/fr\/wp-json\/wp\/v2\/comments?post=3367"}],"version-history":[{"count":1,"href":"https:\/\/peoplesphere.be\/fr\/wp-json\/wp\/v2\/posts\/3367\/revisions"}],"predecessor-version":[{"id":3368,"href":"https:\/\/peoplesphere.be\/fr\/wp-json\/wp\/v2\/posts\/3367\/revisions\/3368"}],"wp:attachment":[{"href":"https:\/\/peoplesphere.be\/fr\/wp-json\/wp\/v2\/media?parent=3367"}],"wp:term":[{"taxonomy":"category","embeddable":true,"href":"https:\/\/peoplesphere.be\/fr\/wp-json\/wp\/v2\/categories?post=3367"},{"taxonomy":"post_tag","embeddable":true,"href":"https:\/\/peoplesphere.be\/fr\/wp-json\/wp\/v2\/tags?post=3367"}],"curies":[{"name":"wp","href":"https:\/\/api.w.org\/{rel}","templated":true}]}}