









{"id":3431,"date":"2016-09-14T20:25:15","date_gmt":"2016-09-14T18:25:15","guid":{"rendered":"http:\/\/www.peoplesphere.be\/fr\/?p=3431"},"modified":"2016-09-14T20:26:19","modified_gmt":"2016-09-14T18:26:19","slug":"previsions-pour-2017-lemploi-augmentera-doucement","status":"publish","type":"post","link":"https:\/\/peoplesphere.be\/fr\/previsions-pour-2017-lemploi-augmentera-doucement\/","title":{"rendered":"Pr\u00e9visions pour 2017 : l&#8217;emploi augmentera&#8230; doucement."},"content":{"rendered":"<p>Le Bureau du Plan a publi\u00e9 ses premi\u00e8res pr\u00e9visions macro\u00e9conomiques pour l&rsquo;ann\u00e9e 2017. Celles-ci sont bas\u00e9es sur les chiffres du budget \u00e9conomique, transmis par l&rsquo;Institut des comptes nationaux au gouvernement dans le cadre de la pr\u00e9paration du budget f\u00e9d\u00e9ral pour l&rsquo;ann\u00e9e 2017.<!--more--><\/p>\n<p>Selon le Bureau du Plan donc, \u00ab\u00a0<em>la croissance de l\u2019\u00e9conomie belge pour l\u2019ann\u00e9e 2016 a \u00e9t\u00e9 revue \u00e0 la hausse par rapport aux perspectives de juin, suite aux bons r\u00e9sultats observ\u00e9s au deuxi\u00e8me trimestre. En revanche, la croissance du PIB belge de 2017 serait moins \u00e9lev\u00e9e en raison d\u2019un facteur externe, \u00e0 savoir l\u2019incertitude croissante au sein de l\u2019UE apr\u00e8s le vote en faveur du Brexit. Toutefois, l\u2019impact de ce facteur sur l\u2019activit\u00e9 \u00e9conomique dans la zone euro (et en Belgique) est difficile \u00e0 estimer \u00e0 l\u2019heure actuelle.\u00a0\u00bb<\/em><br \/>\nApr\u00e8s deux ann\u00e9es de croissance mod\u00e9r\u00e9e, l\u2019activit\u00e9 \u00e9conomique mondiale devrait l\u00e9g\u00e8rement se renforcer en 2017, sous l\u2019impulsion des \u00c9tats-Unis et des pays \u00e9mergents. En revanche, l\u2019activit\u00e9 \u00e9conomique dans la zone euro resterait atone d\u00e8s lors notamment qu\u2019un risque majeur \u00e9voqu\u00e9 dans l\u2019\u00e9dition de juin du budget \u00e9conomique, \u00e0 savoir le vote en faveur du Brexit, s\u2019est mat\u00e9rialis\u00e9 et a renforc\u00e9 les incertitudes. L\u2019impact effectif du Brexit sera fonction de plusieurs facteurs (tant \u00e9conomiques que politiques). Au sein de l\u2019Europe, divers indicateurs de confiance se sont sensiblement repli\u00e9s en ao\u00fbt, tout en demeurant \u00e0 ce jour \u00e0 un niveau relativement \u00e9lev\u00e9. Les incertitudes affecteraient principalement l\u2019\u00e9conomie britannique \u00e0 court terme, mais p\u00e8seraient aussi in\u00e9vitablement sur la croissance du PIB de la zone euro. Sur base des pr\u00e9visions consensus r\u00e9centes, cette derni\u00e8re fl\u00e9chirait de 1,5% en 2016 \u00e0 1,3% en 2017.<\/p>\n<p><strong><em>Quel impact sur l&#8217;emploi ?<\/em><\/strong><\/p>\n<p>Les mesures de r\u00e9duction du co\u00fbt du travail accroissent l\u2019intensit\u00e9 en travail de la croissance \u00e9conomique. <em>\u00ab\u00a0En d\u00e9pit d\u2019un recul persistant de l\u2019emploi dans l\u2019industrie manufacturi\u00e8re, l&#8217;emploi int\u00e9rieur total a cr\u00fb de 0,9% en 2015 (ce qui repr\u00e9sente un accroissement net de 41 400 emplois). En 2016 et 2017, l\u2019emploi total progresserait respectivement de 1% et 0,7%, ce qui repr\u00e9sente une cr\u00e9ation nette de pr\u00e8s de 77 000 emplois cumulativement pour les deux ann\u00e9es. L\u2019emploi salari\u00e9 dans le secteur marchand (principalement en 2016) est influenc\u00e9 favorablement par les mesures de r\u00e9duction du co\u00fbt du travail, ce qui, combin\u00e9 \u00e0 une croissance \u00e9conomique relativement stable, pourrait d\u00e9boucher sur la cr\u00e9ation nette de plus de 56 000 emplois sur l\u2019ensemble des deux ann\u00e9es. Au cours de cette m\u00eame p\u00e9riode, le nombre d\u2019ind\u00e9pendants pourrait cro\u00eetre de plus de 21 000 personnes, et ainsi progresser relativement plus nettement que l\u2019emploi salari\u00e9, comme au cours des quatre derni\u00e8res ann\u00e9es. En revanche, l\u2019emploi public compterait, en 2017, 900 personnes de moins qu\u2019en 2015.<\/em><\/p>\n<p><em>Vu l\u2019afflux moins nombreux qu\u2019escompt\u00e9 de demandeurs d\u2019asile au cours des derniers mois, la croissance de la population active a \u00e9t\u00e9 revue \u00e0 la baisse par rapport \u00e0 l\u2019\u00e9dition de juin du budget \u00e9conomique. Cette \u00e9volution, conjugu\u00e9e \u00e0 une progression plus soutenue de l\u2019emploi conduit \u00e0 revoir \u00e0 la baisse le ch\u00f4mage de 2016 et de 2017. Le nombre de ch\u00f4meurs (y compris les ch\u00f4meurs complets indemnis\u00e9s non demandeurs d&#8217;emploi) diminuerait sur l\u2019ensemble des deux ann\u00e9es de 36 000 unit\u00e9s. Le taux de ch\u00f4mage harmonis\u00e9 (d\u00e9finition Eurostat) passerait ainsi de 8,5% en 2015 \u00e0 8,2% en 2017.\u00a0\u00bb<\/em><\/p>\n","protected":false},"excerpt":{"rendered":"<p>Le Bureau du Plan a publi\u00e9 ses premi\u00e8res pr\u00e9visions macro\u00e9conomiques pour l&rsquo;ann\u00e9e 2017. Celles-ci sont bas\u00e9es sur les chiffres du budget \u00e9conomique, transmis par l&rsquo;Institut des comptes nationaux au gouvernement dans le cadre de la pr\u00e9paration du budget f\u00e9d\u00e9ral pour [&hellip;]<\/p>\n","protected":false},"author":2,"featured_media":0,"comment_status":"closed","ping_status":"open","sticky":false,"template":"","format":"standard","meta":[],"categories":[65,10],"tags":[926,92,338,11,811],"yoast_head":"<!-- This site is optimized with the Yoast SEO plugin v21.0 - https:\/\/yoast.com\/wordpress\/plugins\/seo\/ -->\n<title>Pr\u00e9visions pour 2017 : l&#039;emploi augmentera... doucement. - Peoplesphere<\/title>\n<meta name=\"robots\" content=\"index, follow, max-snippet:-1, max-image-preview:large, max-video-preview:-1\" \/>\n<link rel=\"canonical\" href=\"https:\/\/peoplesphere.be\/fr\/previsions-pour-2017-lemploi-augmentera-doucement\/\" \/>\n<meta property=\"og:locale\" content=\"fr_FR\" \/>\n<meta property=\"og:type\" content=\"article\" \/>\n<meta property=\"og:title\" content=\"Pr\u00e9visions pour 2017 : l&#039;emploi augmentera... doucement. - Peoplesphere\" \/>\n<meta property=\"og:description\" content=\"Le Bureau du Plan a publi\u00e9 ses premi\u00e8res pr\u00e9visions macro\u00e9conomiques pour l&rsquo;ann\u00e9e 2017. Celles-ci sont bas\u00e9es sur les chiffres du budget \u00e9conomique, transmis par l&rsquo;Institut des comptes nationaux au gouvernement dans le cadre de la pr\u00e9paration du budget f\u00e9d\u00e9ral pour [&hellip;]\" \/>\n<meta property=\"og:url\" content=\"https:\/\/peoplesphere.be\/fr\/previsions-pour-2017-lemploi-augmentera-doucement\/\" \/>\n<meta property=\"og:site_name\" content=\"Peoplesphere\" \/>\n<meta property=\"article:publisher\" content=\"https:\/\/www.facebook.com\/peoplesphere\" \/>\n<meta property=\"article:published_time\" content=\"2016-09-14T18:25:15+00:00\" \/>\n<meta property=\"article:modified_time\" content=\"2016-09-14T18:26:19+00:00\" \/>\n<meta property=\"og:image\" content=\"http:\/\/www.peoplesphere.be\/fr\/wp-content\/uploads\/2016\/07\/facebook-default-posting-1200x628px.jpg\" \/>\n<meta name=\"author\" content=\"Jean-Paul Erhard\" \/>\n<meta name=\"twitter:card\" content=\"summary_large_image\" \/>\n<meta name=\"twitter:creator\" content=\"@PeoplesphereMag\" \/>\n<meta name=\"twitter:site\" content=\"@PeoplesphereMag\" \/>\n<meta name=\"twitter:label1\" content=\"\u00c9crit par\" \/>\n\t<meta name=\"twitter:data1\" content=\"Jean-Paul Erhard\" \/>\n\t<meta name=\"twitter:label2\" content=\"Dur\u00e9e de lecture estim\u00e9e\" \/>\n\t<meta name=\"twitter:data2\" content=\"3 minutes\" \/>\n<script type=\"application\/ld+json\" class=\"yoast-schema-graph\">{\"@context\":\"https:\/\/schema.org\",\"@graph\":[{\"@type\":\"Article\",\"@id\":\"https:\/\/peoplesphere.be\/fr\/previsions-pour-2017-lemploi-augmentera-doucement\/#article\",\"isPartOf\":{\"@id\":\"https:\/\/peoplesphere.be\/fr\/previsions-pour-2017-lemploi-augmentera-doucement\/\"},\"author\":{\"name\":\"Jean-Paul Erhard\",\"@id\":\"https:\/\/peoplesphere.be\/fr\/#\/schema\/person\/7976225ff17988604334abb7b3536a7e\"},\"headline\":\"Pr\u00e9visions pour 2017 : l&#8217;emploi augmentera&#8230; doucement.\",\"datePublished\":\"2016-09-14T18:25:15+00:00\",\"dateModified\":\"2016-09-14T18:26:19+00:00\",\"mainEntityOfPage\":{\"@id\":\"https:\/\/peoplesphere.be\/fr\/previsions-pour-2017-lemploi-augmentera-doucement\/\"},\"wordCount\":587,\"publisher\":{\"@id\":\"https:\/\/peoplesphere.be\/fr\/#organization\"},\"keywords\":[\"bureau du plan\",\"ch\u00f4mage\",\"\u00e9conomie\",\"emploi\",\"pr\u00e9visions\"],\"articleSection\":[\"Actualit\u00e9s\",\"Digital\"],\"inLanguage\":\"fr-FR\"},{\"@type\":\"WebPage\",\"@id\":\"https:\/\/peoplesphere.be\/fr\/previsions-pour-2017-lemploi-augmentera-doucement\/\",\"url\":\"https:\/\/peoplesphere.be\/fr\/previsions-pour-2017-lemploi-augmentera-doucement\/\",\"name\":\"Pr\u00e9visions pour 2017 : l'emploi augmentera... doucement. - Peoplesphere\",\"isPartOf\":{\"@id\":\"https:\/\/peoplesphere.be\/fr\/#website\"},\"datePublished\":\"2016-09-14T18:25:15+00:00\",\"dateModified\":\"2016-09-14T18:26:19+00:00\",\"breadcrumb\":{\"@id\":\"https:\/\/peoplesphere.be\/fr\/previsions-pour-2017-lemploi-augmentera-doucement\/#breadcrumb\"},\"inLanguage\":\"fr-FR\",\"potentialAction\":[{\"@type\":\"ReadAction\",\"target\":[\"https:\/\/peoplesphere.be\/fr\/previsions-pour-2017-lemploi-augmentera-doucement\/\"]}]},{\"@type\":\"BreadcrumbList\",\"@id\":\"https:\/\/peoplesphere.be\/fr\/previsions-pour-2017-lemploi-augmentera-doucement\/#breadcrumb\",\"itemListElement\":[{\"@type\":\"ListItem\",\"position\":1,\"name\":\"Accueil\",\"item\":\"https:\/\/peoplesphere.be\/fr\/\"},{\"@type\":\"ListItem\",\"position\":2,\"name\":\"Pr\u00e9visions pour 2017 : l&#8217;emploi augmentera&#8230; doucement.\"}]},{\"@type\":\"WebSite\",\"@id\":\"https:\/\/peoplesphere.be\/fr\/#website\",\"url\":\"https:\/\/peoplesphere.be\/fr\/\",\"name\":\"Peoplesphere\",\"description\":\"The People Managers Magazine\",\"publisher\":{\"@id\":\"https:\/\/peoplesphere.be\/fr\/#organization\"},\"potentialAction\":[{\"@type\":\"SearchAction\",\"target\":{\"@type\":\"EntryPoint\",\"urlTemplate\":\"https:\/\/peoplesphere.be\/fr\/?s={search_term_string}\"},\"query-input\":\"required name=search_term_string\"}],\"inLanguage\":\"fr-FR\"},{\"@type\":\"Organization\",\"@id\":\"https:\/\/peoplesphere.be\/fr\/#organization\",\"name\":\"Peoplesphere Company srl\",\"url\":\"https:\/\/peoplesphere.be\/fr\/\",\"logo\":{\"@type\":\"ImageObject\",\"inLanguage\":\"fr-FR\",\"@id\":\"https:\/\/peoplesphere.be\/fr\/#\/schema\/logo\/image\/\",\"url\":\"https:\/\/peoplesphere.be\/fr\/wp-content\/uploads\/2023\/07\/peoplesphere-lgo-new-generik.jpg\",\"contentUrl\":\"https:\/\/peoplesphere.be\/fr\/wp-content\/uploads\/2023\/07\/peoplesphere-lgo-new-generik.jpg\",\"width\":1031,\"height\":1479,\"caption\":\"Peoplesphere Company srl\"},\"image\":{\"@id\":\"https:\/\/peoplesphere.be\/fr\/#\/schema\/logo\/image\/\"},\"sameAs\":[\"https:\/\/www.facebook.com\/peoplesphere\",\"https:\/\/twitter.com\/PeoplesphereMag\",\"https:\/\/www.linkedin.com\/company\/7587361?trk\",\"http:\/\/youtube.com\/peoplesphere\"]},{\"@type\":\"Person\",\"@id\":\"https:\/\/peoplesphere.be\/fr\/#\/schema\/person\/7976225ff17988604334abb7b3536a7e\",\"name\":\"Jean-Paul Erhard\",\"image\":{\"@type\":\"ImageObject\",\"inLanguage\":\"fr-FR\",\"@id\":\"https:\/\/peoplesphere.be\/fr\/#\/schema\/person\/image\/\",\"url\":\"https:\/\/secure.gravatar.com\/avatar\/f941e681460179738071629a51574930?s=96&d=mm&r=g\",\"contentUrl\":\"https:\/\/secure.gravatar.com\/avatar\/f941e681460179738071629a51574930?s=96&d=mm&r=g\",\"caption\":\"Jean-Paul Erhard\"},\"url\":\"https:\/\/peoplesphere.be\/fr\/author\/jpe\/\"}]}<\/script>\n<!-- \/ Yoast SEO plugin. -->","yoast_head_json":{"title":"Pr\u00e9visions pour 2017 : l'emploi augmentera... doucement. - Peoplesphere","robots":{"index":"index","follow":"follow","max-snippet":"max-snippet:-1","max-image-preview":"max-image-preview:large","max-video-preview":"max-video-preview:-1"},"canonical":"https:\/\/peoplesphere.be\/fr\/previsions-pour-2017-lemploi-augmentera-doucement\/","og_locale":"fr_FR","og_type":"article","og_title":"Pr\u00e9visions pour 2017 : l'emploi augmentera... doucement. - Peoplesphere","og_description":"Le Bureau du Plan a publi\u00e9 ses premi\u00e8res pr\u00e9visions macro\u00e9conomiques pour l&rsquo;ann\u00e9e 2017. Celles-ci sont bas\u00e9es sur les chiffres du budget \u00e9conomique, transmis par l&rsquo;Institut des comptes nationaux au gouvernement dans le cadre de la pr\u00e9paration du budget f\u00e9d\u00e9ral pour [&hellip;]","og_url":"https:\/\/peoplesphere.be\/fr\/previsions-pour-2017-lemploi-augmentera-doucement\/","og_site_name":"Peoplesphere","article_publisher":"https:\/\/www.facebook.com\/peoplesphere","article_published_time":"2016-09-14T18:25:15+00:00","article_modified_time":"2016-09-14T18:26:19+00:00","og_image":[{"url":"http:\/\/www.peoplesphere.be\/fr\/wp-content\/uploads\/2016\/07\/facebook-default-posting-1200x628px.jpg"}],"author":"Jean-Paul Erhard","twitter_card":"summary_large_image","twitter_creator":"@PeoplesphereMag","twitter_site":"@PeoplesphereMag","twitter_misc":{"\u00c9crit par":"Jean-Paul Erhard","Dur\u00e9e de lecture estim\u00e9e":"3 minutes"},"schema":{"@context":"https:\/\/schema.org","@graph":[{"@type":"Article","@id":"https:\/\/peoplesphere.be\/fr\/previsions-pour-2017-lemploi-augmentera-doucement\/#article","isPartOf":{"@id":"https:\/\/peoplesphere.be\/fr\/previsions-pour-2017-lemploi-augmentera-doucement\/"},"author":{"name":"Jean-Paul Erhard","@id":"https:\/\/peoplesphere.be\/fr\/#\/schema\/person\/7976225ff17988604334abb7b3536a7e"},"headline":"Pr\u00e9visions pour 2017 : l&#8217;emploi augmentera&#8230; doucement.","datePublished":"2016-09-14T18:25:15+00:00","dateModified":"2016-09-14T18:26:19+00:00","mainEntityOfPage":{"@id":"https:\/\/peoplesphere.be\/fr\/previsions-pour-2017-lemploi-augmentera-doucement\/"},"wordCount":587,"publisher":{"@id":"https:\/\/peoplesphere.be\/fr\/#organization"},"keywords":["bureau du plan","ch\u00f4mage","\u00e9conomie","emploi","pr\u00e9visions"],"articleSection":["Actualit\u00e9s","Digital"],"inLanguage":"fr-FR"},{"@type":"WebPage","@id":"https:\/\/peoplesphere.be\/fr\/previsions-pour-2017-lemploi-augmentera-doucement\/","url":"https:\/\/peoplesphere.be\/fr\/previsions-pour-2017-lemploi-augmentera-doucement\/","name":"Pr\u00e9visions pour 2017 : l'emploi augmentera... doucement. - Peoplesphere","isPartOf":{"@id":"https:\/\/peoplesphere.be\/fr\/#website"},"datePublished":"2016-09-14T18:25:15+00:00","dateModified":"2016-09-14T18:26:19+00:00","breadcrumb":{"@id":"https:\/\/peoplesphere.be\/fr\/previsions-pour-2017-lemploi-augmentera-doucement\/#breadcrumb"},"inLanguage":"fr-FR","potentialAction":[{"@type":"ReadAction","target":["https:\/\/peoplesphere.be\/fr\/previsions-pour-2017-lemploi-augmentera-doucement\/"]}]},{"@type":"BreadcrumbList","@id":"https:\/\/peoplesphere.be\/fr\/previsions-pour-2017-lemploi-augmentera-doucement\/#breadcrumb","itemListElement":[{"@type":"ListItem","position":1,"name":"Accueil","item":"https:\/\/peoplesphere.be\/fr\/"},{"@type":"ListItem","position":2,"name":"Pr\u00e9visions pour 2017 : l&#8217;emploi augmentera&#8230; doucement."}]},{"@type":"WebSite","@id":"https:\/\/peoplesphere.be\/fr\/#website","url":"https:\/\/peoplesphere.be\/fr\/","name":"Peoplesphere","description":"The People Managers Magazine","publisher":{"@id":"https:\/\/peoplesphere.be\/fr\/#organization"},"potentialAction":[{"@type":"SearchAction","target":{"@type":"EntryPoint","urlTemplate":"https:\/\/peoplesphere.be\/fr\/?s={search_term_string}"},"query-input":"required name=search_term_string"}],"inLanguage":"fr-FR"},{"@type":"Organization","@id":"https:\/\/peoplesphere.be\/fr\/#organization","name":"Peoplesphere Company srl","url":"https:\/\/peoplesphere.be\/fr\/","logo":{"@type":"ImageObject","inLanguage":"fr-FR","@id":"https:\/\/peoplesphere.be\/fr\/#\/schema\/logo\/image\/","url":"https:\/\/peoplesphere.be\/fr\/wp-content\/uploads\/2023\/07\/peoplesphere-lgo-new-generik.jpg","contentUrl":"https:\/\/peoplesphere.be\/fr\/wp-content\/uploads\/2023\/07\/peoplesphere-lgo-new-generik.jpg","width":1031,"height":1479,"caption":"Peoplesphere Company srl"},"image":{"@id":"https:\/\/peoplesphere.be\/fr\/#\/schema\/logo\/image\/"},"sameAs":["https:\/\/www.facebook.com\/peoplesphere","https:\/\/twitter.com\/PeoplesphereMag","https:\/\/www.linkedin.com\/company\/7587361?trk","http:\/\/youtube.com\/peoplesphere"]},{"@type":"Person","@id":"https:\/\/peoplesphere.be\/fr\/#\/schema\/person\/7976225ff17988604334abb7b3536a7e","name":"Jean-Paul Erhard","image":{"@type":"ImageObject","inLanguage":"fr-FR","@id":"https:\/\/peoplesphere.be\/fr\/#\/schema\/person\/image\/","url":"https:\/\/secure.gravatar.com\/avatar\/f941e681460179738071629a51574930?s=96&d=mm&r=g","contentUrl":"https:\/\/secure.gravatar.com\/avatar\/f941e681460179738071629a51574930?s=96&d=mm&r=g","caption":"Jean-Paul Erhard"},"url":"https:\/\/peoplesphere.be\/fr\/author\/jpe\/"}]}},"_links":{"self":[{"href":"https:\/\/peoplesphere.be\/fr\/wp-json\/wp\/v2\/posts\/3431"}],"collection":[{"href":"https:\/\/peoplesphere.be\/fr\/wp-json\/wp\/v2\/posts"}],"about":[{"href":"https:\/\/peoplesphere.be\/fr\/wp-json\/wp\/v2\/types\/post"}],"author":[{"embeddable":true,"href":"https:\/\/peoplesphere.be\/fr\/wp-json\/wp\/v2\/users\/2"}],"replies":[{"embeddable":true,"href":"https:\/\/peoplesphere.be\/fr\/wp-json\/wp\/v2\/comments?post=3431"}],"version-history":[{"count":2,"href":"https:\/\/peoplesphere.be\/fr\/wp-json\/wp\/v2\/posts\/3431\/revisions"}],"predecessor-version":[{"id":3433,"href":"https:\/\/peoplesphere.be\/fr\/wp-json\/wp\/v2\/posts\/3431\/revisions\/3433"}],"wp:attachment":[{"href":"https:\/\/peoplesphere.be\/fr\/wp-json\/wp\/v2\/media?parent=3431"}],"wp:term":[{"taxonomy":"category","embeddable":true,"href":"https:\/\/peoplesphere.be\/fr\/wp-json\/wp\/v2\/categories?post=3431"},{"taxonomy":"post_tag","embeddable":true,"href":"https:\/\/peoplesphere.be\/fr\/wp-json\/wp\/v2\/tags?post=3431"}],"curies":[{"name":"wp","href":"https:\/\/api.w.org\/{rel}","templated":true}]}}