









{"id":3501,"date":"2016-09-25T10:08:09","date_gmt":"2016-09-25T08:08:09","guid":{"rendered":"http:\/\/www.peoplesphere.be\/fr\/?p=3501"},"modified":"2016-09-25T10:08:09","modified_gmt":"2016-09-25T08:08:09","slug":"les-talents-ont-pris-le-pouvoir-sur-leurs-carrieres-mais-ils-ont-besoin-daide","status":"publish","type":"post","link":"https:\/\/peoplesphere.be\/fr\/les-talents-ont-pris-le-pouvoir-sur-leurs-carrieres-mais-ils-ont-besoin-daide\/","title":{"rendered":"\u00ab\u00a0Les talents ont pris le pouvoir sur leurs carri\u00e8res\u2026 mais ils ont besoin d\u2019aide.\u00a0\u00bb"},"content":{"rendered":"<p>Dans le cadre du dossier n\u00b0206 consacr\u00e9 \u00e0 l&rsquo;\u00e9mergence des flexi-carri\u00e8res et flexi-r\u00f4les dans l&rsquo;organisation, notre \u00e9quipe a tent\u00e9 de r\u00e9pondre \u00e0 plusieurs questions centrales : les freins \u00e0 la flexibilit\u00e9 sont-ils l&rsquo;expression d&rsquo;un probl\u00e8me syndical ou de mentalit\u00e9? Serons-nous demain tous des travailleurs multicartes? L&rsquo;\u00e9mergence des carri\u00e8res non-lin\u00e9aires est-elle une question g\u00e9n\u00e9rationnelle ou pas? S\u00e9bastien Delfosse, HR Director pour le groupe Manpower nous livre un regard ac\u00e9r\u00e9 sur le sujet.<!--more--><\/p>\n<p>Le secteur de l\u2019int\u00e9rim est r\u00e9guli\u00e8rement cit\u00e9 comme un des grands b\u00e9n\u00e9ficiaires des r\u00e9centes \u00e9volutions l\u00e9gislatives li\u00e9es au march\u00e9 du travail. Consid\u00e9r\u00e9 comme un des meilleurs vecteurs de flexibilit\u00e9, il n\u2019en est pas moins confront\u00e9, lui aussi, \u00e0 la probl\u00e9matique de carri\u00e8res de plus en plus difficiles \u00e0 suivre.<\/p>\n<p>S\u00e9bastien Delfosse occupe la fonction de DRH au sein de MapowerGroup apr\u00e8s un passage par le business qui lui offre une perspective \u00e0 360\u00b0 sur le march\u00e9 du travail.<br \/>\nJuriste de formation, il suit avec grande attention les nouvelles normes r\u00e9glementaires qui vont \u00e0 nouveau bousculer nos certitudes quant \u00e0 la gestion et au d\u00e9veloppement de nos talents. Consid\u00e8re-t-il lui aussi que la r\u00e9glementation est-elle toujours en retard sur la r\u00e9alit\u00e9 v\u00e9cue au sein de nos entreprises\u00a0?<br \/>\n\u00ab\u00a0<em>En fait, il faut nuancer en regardant la r\u00e9alit\u00e9 par secteur d\u2019activit\u00e9s. Dans les domaines o\u00f9 nous retrouvons les profils les plus qualifi\u00e9s, les entreprises travaillent davantage \u00e0 la carte en menant des n\u00e9gociations qui r\u00e9pondent aux besoins individuels. Dans ce contexte, la loi est relativement \u2018secondaire\u2019\u00a0: pourquoi s\u2019\u00e9vertuer \u00e0 comptabiliser les heures puisque \u00e7a n\u2019impacte pas la r\u00e9mun\u00e9ration\u00a0? Les organisations se r\u00e9gulent naturellement en fonction du rythme de l\u2019activit\u00e9 et des profils de leurs collaborateurs. Clairement, ces entreprises sont \u2018en avance\u2019 sur la norme r\u00e9glementaire en mati\u00e8re de flexibilit\u00e9. Par contre, si nous consid\u00e9rons les activit\u00e9s de production, c\u2019est bel et bien l\u2019application de la loi en vigueur qui est centrale. Ainsi, la question de l\u2019annualisation du temps de travail est vraiment importante. Dans une soci\u00e9t\u00e9 de services, nous sommes en train d\u2019explorer de nouveaux march\u00e9s (outsourcing IT et call center), la concertation sociale autour du travail de nuit et de la flexibilit\u00e9 est difficile. Les syndicats d\u00e9noncent la CCT comme un moyen de pression et il devient impossible d\u2019\u00e9voluer tant que la loi n\u2019est pas adapt\u00e9e. Dans ces cas-l\u00e0, les nouvelles dispositions du projet Peeters seront un r\u00e9el adjuvant m\u00eame s\u2019il faudra toujours passer par la phase de n\u00e9gociation avec les partenaires sociaux.\u00a0<\/em>\u00bb<\/p>\n<p>&#8230;<\/p>\n<p><strong><em>Eduqu\u00e9s pour fonctionner dans la soci\u00e9t\u00e9 de la r\u00e9ussite.<\/em><\/strong><\/p>\n<p>\u00ab\u00a0<em>Ils ne doutent de rien\u00a0!\u00a0<\/em>\u00bb Dot\u00e9es d\u2019une \u00e9norme confiance en leurs moyens, les jeunes g\u00e9n\u00e9rations aborderaient le march\u00e9 du travail de mani\u00e8re beaucoup plus d\u00e9tendue que leurs a\u00een\u00e9s\u00a0? L\u2019exp\u00e9rience double de S\u00e9bastien Delfosse \u2013 \u00e0 la fois en tant que DRH et gr\u00e2ce \u00e0 son passage au sein du business de l\u2019int\u00e9rim entre autres \u2013 est pr\u00e9cieuse. \u00ab<em>\u00a0Je ne pense pas qu\u2019ils soient plus confiants ou s\u00fbrs d\u2019eux-m\u00eames. Par contre, ils voient plus de possibilit\u00e9s que les g\u00e9n\u00e9rations pr\u00e9c\u00e9dentes. Ils sont simplement conscients du champ des possibles et d\u00e9veloppent en cons\u00e9quence de plus hautes ambitions. J\u2019entends aussi r\u00e9guli\u00e8rement que les jeunes sont mieux inform\u00e9s. L\u00e0 aussi, c\u2019est une perception que l\u2019on peut d\u00e9monter\u00a0: ils ont effectivement acc\u00e8s \u00e0 plus d\u2019informations mais font preuve d\u2019une faible capacit\u00e9 \u00e0 les filtrer.\u00a0\u00bb<\/em><\/p>\n<p>&#8230;<\/p>\n<p><strong><em>Lire plus ?<\/em><\/strong>\u00a0Cet article est paru dans le dossier consacr\u00e9 aux carri\u00e8res flexibles\u00a0de\u00a0l\u2019\u00e9dition print n\u00b0206 de Peoplesphere (FR).\u00a0Pour lire le dossier dans son int\u00e9gralit\u00e9, abonnez-vous au magazine (<a href=\"http:\/\/www.peoplesphere.be\/fr\/abo\/\">http:\/\/www.peoplesphere.be\/fr\/abo\/<\/a>) ou commandez votre \u00e9dition (print ou pdf \u2013 15 euros tvac) via email \u00e0 l\u2019adresse :\u00a0<a href=\"mailto:info@peoplesphere.be\">info@peoplesphere.be<\/a><\/p>\n","protected":false},"excerpt":{"rendered":"<p>Dans le cadre du dossier n\u00b0206 consacr\u00e9 \u00e0 l&rsquo;\u00e9mergence des flexi-carri\u00e8res et flexi-r\u00f4les dans l&rsquo;organisation, notre \u00e9quipe a tent\u00e9 de r\u00e9pondre \u00e0 plusieurs questions centrales : les freins \u00e0 la flexibilit\u00e9 sont-ils l&rsquo;expression d&rsquo;un probl\u00e8me syndical ou de mentalit\u00e9? Serons-nous [&hellip;]<\/p>\n","protected":false},"author":2,"featured_media":0,"comment_status":"closed","ping_status":"open","sticky":false,"template":"","format":"standard","meta":[],"categories":[62,2],"tags":[101,220,365,914,362,232,445],"yoast_head":"<!-- This site is optimized with the Yoast SEO plugin v21.0 - https:\/\/yoast.com\/wordpress\/plugins\/seo\/ -->\n<title>&quot;Les talents ont pris le pouvoir sur leurs carri\u00e8res\u2026 mais ils ont besoin d\u2019aide.&quot; - Peoplesphere<\/title>\n<meta name=\"robots\" content=\"index, follow, max-snippet:-1, max-image-preview:large, max-video-preview:-1\" \/>\n<link rel=\"canonical\" href=\"https:\/\/peoplesphere.be\/fr\/les-talents-ont-pris-le-pouvoir-sur-leurs-carrieres-mais-ils-ont-besoin-daide\/\" \/>\n<meta property=\"og:locale\" content=\"fr_FR\" \/>\n<meta property=\"og:type\" content=\"article\" \/>\n<meta property=\"og:title\" content=\"&quot;Les talents ont pris le pouvoir sur leurs carri\u00e8res\u2026 mais ils ont besoin d\u2019aide.&quot; - Peoplesphere\" \/>\n<meta property=\"og:description\" content=\"Dans le cadre du dossier n\u00b0206 consacr\u00e9 \u00e0 l&rsquo;\u00e9mergence des flexi-carri\u00e8res et flexi-r\u00f4les dans l&rsquo;organisation, notre \u00e9quipe a tent\u00e9 de r\u00e9pondre \u00e0 plusieurs questions centrales : les freins \u00e0 la flexibilit\u00e9 sont-ils l&rsquo;expression d&rsquo;un probl\u00e8me syndical ou de mentalit\u00e9? Serons-nous [&hellip;]\" \/>\n<meta property=\"og:url\" content=\"https:\/\/peoplesphere.be\/fr\/les-talents-ont-pris-le-pouvoir-sur-leurs-carrieres-mais-ils-ont-besoin-daide\/\" \/>\n<meta property=\"og:site_name\" content=\"Peoplesphere\" \/>\n<meta property=\"article:publisher\" content=\"https:\/\/www.facebook.com\/peoplesphere\" \/>\n<meta property=\"article:published_time\" content=\"2016-09-25T08:08:09+00:00\" \/>\n<meta property=\"og:image\" content=\"http:\/\/www.peoplesphere.be\/fr\/wp-content\/uploads\/2016\/07\/facebook-default-posting-1200x628px.jpg\" \/>\n<meta name=\"author\" content=\"Jean-Paul Erhard\" \/>\n<meta name=\"twitter:card\" content=\"summary_large_image\" \/>\n<meta name=\"twitter:creator\" content=\"@PeoplesphereMag\" \/>\n<meta name=\"twitter:site\" content=\"@PeoplesphereMag\" \/>\n<meta name=\"twitter:label1\" content=\"\u00c9crit par\" \/>\n\t<meta name=\"twitter:data1\" content=\"Jean-Paul Erhard\" \/>\n\t<meta name=\"twitter:label2\" content=\"Dur\u00e9e de lecture estim\u00e9e\" \/>\n\t<meta name=\"twitter:data2\" content=\"3 minutes\" \/>\n<script type=\"application\/ld+json\" class=\"yoast-schema-graph\">{\"@context\":\"https:\/\/schema.org\",\"@graph\":[{\"@type\":\"Article\",\"@id\":\"https:\/\/peoplesphere.be\/fr\/les-talents-ont-pris-le-pouvoir-sur-leurs-carrieres-mais-ils-ont-besoin-daide\/#article\",\"isPartOf\":{\"@id\":\"https:\/\/peoplesphere.be\/fr\/les-talents-ont-pris-le-pouvoir-sur-leurs-carrieres-mais-ils-ont-besoin-daide\/\"},\"author\":{\"name\":\"Jean-Paul Erhard\",\"@id\":\"https:\/\/peoplesphere.be\/fr\/#\/schema\/person\/7976225ff17988604334abb7b3536a7e\"},\"headline\":\"\u00ab\u00a0Les talents ont pris le pouvoir sur leurs carri\u00e8res\u2026 mais ils ont besoin d\u2019aide.\u00a0\u00bb\",\"datePublished\":\"2016-09-25T08:08:09+00:00\",\"dateModified\":\"2016-09-25T08:08:09+00:00\",\"mainEntityOfPage\":{\"@id\":\"https:\/\/peoplesphere.be\/fr\/les-talents-ont-pris-le-pouvoir-sur-leurs-carrieres-mais-ils-ont-besoin-daide\/\"},\"wordCount\":695,\"publisher\":{\"@id\":\"https:\/\/peoplesphere.be\/fr\/#organization\"},\"keywords\":[\"carri\u00e8res\",\"flexibilit\u00e9\",\"g\u00e9n\u00e9ration Y\",\"loi Peeters\",\"millenials\",\"people management\",\"talent management\"],\"articleSection\":[\"Articles\",\"Magazine\"],\"inLanguage\":\"fr-FR\"},{\"@type\":\"WebPage\",\"@id\":\"https:\/\/peoplesphere.be\/fr\/les-talents-ont-pris-le-pouvoir-sur-leurs-carrieres-mais-ils-ont-besoin-daide\/\",\"url\":\"https:\/\/peoplesphere.be\/fr\/les-talents-ont-pris-le-pouvoir-sur-leurs-carrieres-mais-ils-ont-besoin-daide\/\",\"name\":\"\\\"Les talents ont pris le pouvoir sur leurs carri\u00e8res\u2026 mais ils ont besoin d\u2019aide.\\\" - Peoplesphere\",\"isPartOf\":{\"@id\":\"https:\/\/peoplesphere.be\/fr\/#website\"},\"datePublished\":\"2016-09-25T08:08:09+00:00\",\"dateModified\":\"2016-09-25T08:08:09+00:00\",\"breadcrumb\":{\"@id\":\"https:\/\/peoplesphere.be\/fr\/les-talents-ont-pris-le-pouvoir-sur-leurs-carrieres-mais-ils-ont-besoin-daide\/#breadcrumb\"},\"inLanguage\":\"fr-FR\",\"potentialAction\":[{\"@type\":\"ReadAction\",\"target\":[\"https:\/\/peoplesphere.be\/fr\/les-talents-ont-pris-le-pouvoir-sur-leurs-carrieres-mais-ils-ont-besoin-daide\/\"]}]},{\"@type\":\"BreadcrumbList\",\"@id\":\"https:\/\/peoplesphere.be\/fr\/les-talents-ont-pris-le-pouvoir-sur-leurs-carrieres-mais-ils-ont-besoin-daide\/#breadcrumb\",\"itemListElement\":[{\"@type\":\"ListItem\",\"position\":1,\"name\":\"Accueil\",\"item\":\"https:\/\/peoplesphere.be\/fr\/\"},{\"@type\":\"ListItem\",\"position\":2,\"name\":\"\u00ab\u00a0Les talents ont pris le pouvoir sur leurs carri\u00e8res\u2026 mais ils ont besoin d\u2019aide.\u00a0\u00bb\"}]},{\"@type\":\"WebSite\",\"@id\":\"https:\/\/peoplesphere.be\/fr\/#website\",\"url\":\"https:\/\/peoplesphere.be\/fr\/\",\"name\":\"Peoplesphere\",\"description\":\"The People Managers Magazine\",\"publisher\":{\"@id\":\"https:\/\/peoplesphere.be\/fr\/#organization\"},\"potentialAction\":[{\"@type\":\"SearchAction\",\"target\":{\"@type\":\"EntryPoint\",\"urlTemplate\":\"https:\/\/peoplesphere.be\/fr\/?s={search_term_string}\"},\"query-input\":\"required name=search_term_string\"}],\"inLanguage\":\"fr-FR\"},{\"@type\":\"Organization\",\"@id\":\"https:\/\/peoplesphere.be\/fr\/#organization\",\"name\":\"Peoplesphere Company srl\",\"url\":\"https:\/\/peoplesphere.be\/fr\/\",\"logo\":{\"@type\":\"ImageObject\",\"inLanguage\":\"fr-FR\",\"@id\":\"https:\/\/peoplesphere.be\/fr\/#\/schema\/logo\/image\/\",\"url\":\"https:\/\/peoplesphere.be\/fr\/wp-content\/uploads\/2023\/07\/peoplesphere-lgo-new-generik.jpg\",\"contentUrl\":\"https:\/\/peoplesphere.be\/fr\/wp-content\/uploads\/2023\/07\/peoplesphere-lgo-new-generik.jpg\",\"width\":1031,\"height\":1479,\"caption\":\"Peoplesphere Company srl\"},\"image\":{\"@id\":\"https:\/\/peoplesphere.be\/fr\/#\/schema\/logo\/image\/\"},\"sameAs\":[\"https:\/\/www.facebook.com\/peoplesphere\",\"https:\/\/twitter.com\/PeoplesphereMag\",\"https:\/\/www.linkedin.com\/company\/7587361?trk\",\"http:\/\/youtube.com\/peoplesphere\"]},{\"@type\":\"Person\",\"@id\":\"https:\/\/peoplesphere.be\/fr\/#\/schema\/person\/7976225ff17988604334abb7b3536a7e\",\"name\":\"Jean-Paul Erhard\",\"image\":{\"@type\":\"ImageObject\",\"inLanguage\":\"fr-FR\",\"@id\":\"https:\/\/peoplesphere.be\/fr\/#\/schema\/person\/image\/\",\"url\":\"https:\/\/secure.gravatar.com\/avatar\/f941e681460179738071629a51574930?s=96&d=mm&r=g\",\"contentUrl\":\"https:\/\/secure.gravatar.com\/avatar\/f941e681460179738071629a51574930?s=96&d=mm&r=g\",\"caption\":\"Jean-Paul Erhard\"},\"url\":\"https:\/\/peoplesphere.be\/fr\/author\/jpe\/\"}]}<\/script>\n<!-- \/ Yoast SEO plugin. -->","yoast_head_json":{"title":"\"Les talents ont pris le pouvoir sur leurs carri\u00e8res\u2026 mais ils ont besoin d\u2019aide.\" - Peoplesphere","robots":{"index":"index","follow":"follow","max-snippet":"max-snippet:-1","max-image-preview":"max-image-preview:large","max-video-preview":"max-video-preview:-1"},"canonical":"https:\/\/peoplesphere.be\/fr\/les-talents-ont-pris-le-pouvoir-sur-leurs-carrieres-mais-ils-ont-besoin-daide\/","og_locale":"fr_FR","og_type":"article","og_title":"\"Les talents ont pris le pouvoir sur leurs carri\u00e8res\u2026 mais ils ont besoin d\u2019aide.\" - Peoplesphere","og_description":"Dans le cadre du dossier n\u00b0206 consacr\u00e9 \u00e0 l&rsquo;\u00e9mergence des flexi-carri\u00e8res et flexi-r\u00f4les dans l&rsquo;organisation, notre \u00e9quipe a tent\u00e9 de r\u00e9pondre \u00e0 plusieurs questions centrales : les freins \u00e0 la flexibilit\u00e9 sont-ils l&rsquo;expression d&rsquo;un probl\u00e8me syndical ou de mentalit\u00e9? Serons-nous [&hellip;]","og_url":"https:\/\/peoplesphere.be\/fr\/les-talents-ont-pris-le-pouvoir-sur-leurs-carrieres-mais-ils-ont-besoin-daide\/","og_site_name":"Peoplesphere","article_publisher":"https:\/\/www.facebook.com\/peoplesphere","article_published_time":"2016-09-25T08:08:09+00:00","og_image":[{"url":"http:\/\/www.peoplesphere.be\/fr\/wp-content\/uploads\/2016\/07\/facebook-default-posting-1200x628px.jpg"}],"author":"Jean-Paul Erhard","twitter_card":"summary_large_image","twitter_creator":"@PeoplesphereMag","twitter_site":"@PeoplesphereMag","twitter_misc":{"\u00c9crit par":"Jean-Paul Erhard","Dur\u00e9e de lecture estim\u00e9e":"3 minutes"},"schema":{"@context":"https:\/\/schema.org","@graph":[{"@type":"Article","@id":"https:\/\/peoplesphere.be\/fr\/les-talents-ont-pris-le-pouvoir-sur-leurs-carrieres-mais-ils-ont-besoin-daide\/#article","isPartOf":{"@id":"https:\/\/peoplesphere.be\/fr\/les-talents-ont-pris-le-pouvoir-sur-leurs-carrieres-mais-ils-ont-besoin-daide\/"},"author":{"name":"Jean-Paul Erhard","@id":"https:\/\/peoplesphere.be\/fr\/#\/schema\/person\/7976225ff17988604334abb7b3536a7e"},"headline":"\u00ab\u00a0Les talents ont pris le pouvoir sur leurs carri\u00e8res\u2026 mais ils ont besoin d\u2019aide.\u00a0\u00bb","datePublished":"2016-09-25T08:08:09+00:00","dateModified":"2016-09-25T08:08:09+00:00","mainEntityOfPage":{"@id":"https:\/\/peoplesphere.be\/fr\/les-talents-ont-pris-le-pouvoir-sur-leurs-carrieres-mais-ils-ont-besoin-daide\/"},"wordCount":695,"publisher":{"@id":"https:\/\/peoplesphere.be\/fr\/#organization"},"keywords":["carri\u00e8res","flexibilit\u00e9","g\u00e9n\u00e9ration Y","loi Peeters","millenials","people management","talent management"],"articleSection":["Articles","Magazine"],"inLanguage":"fr-FR"},{"@type":"WebPage","@id":"https:\/\/peoplesphere.be\/fr\/les-talents-ont-pris-le-pouvoir-sur-leurs-carrieres-mais-ils-ont-besoin-daide\/","url":"https:\/\/peoplesphere.be\/fr\/les-talents-ont-pris-le-pouvoir-sur-leurs-carrieres-mais-ils-ont-besoin-daide\/","name":"\"Les talents ont pris le pouvoir sur leurs carri\u00e8res\u2026 mais ils ont besoin d\u2019aide.\" - Peoplesphere","isPartOf":{"@id":"https:\/\/peoplesphere.be\/fr\/#website"},"datePublished":"2016-09-25T08:08:09+00:00","dateModified":"2016-09-25T08:08:09+00:00","breadcrumb":{"@id":"https:\/\/peoplesphere.be\/fr\/les-talents-ont-pris-le-pouvoir-sur-leurs-carrieres-mais-ils-ont-besoin-daide\/#breadcrumb"},"inLanguage":"fr-FR","potentialAction":[{"@type":"ReadAction","target":["https:\/\/peoplesphere.be\/fr\/les-talents-ont-pris-le-pouvoir-sur-leurs-carrieres-mais-ils-ont-besoin-daide\/"]}]},{"@type":"BreadcrumbList","@id":"https:\/\/peoplesphere.be\/fr\/les-talents-ont-pris-le-pouvoir-sur-leurs-carrieres-mais-ils-ont-besoin-daide\/#breadcrumb","itemListElement":[{"@type":"ListItem","position":1,"name":"Accueil","item":"https:\/\/peoplesphere.be\/fr\/"},{"@type":"ListItem","position":2,"name":"\u00ab\u00a0Les talents ont pris le pouvoir sur leurs carri\u00e8res\u2026 mais ils ont besoin d\u2019aide.\u00a0\u00bb"}]},{"@type":"WebSite","@id":"https:\/\/peoplesphere.be\/fr\/#website","url":"https:\/\/peoplesphere.be\/fr\/","name":"Peoplesphere","description":"The People Managers Magazine","publisher":{"@id":"https:\/\/peoplesphere.be\/fr\/#organization"},"potentialAction":[{"@type":"SearchAction","target":{"@type":"EntryPoint","urlTemplate":"https:\/\/peoplesphere.be\/fr\/?s={search_term_string}"},"query-input":"required name=search_term_string"}],"inLanguage":"fr-FR"},{"@type":"Organization","@id":"https:\/\/peoplesphere.be\/fr\/#organization","name":"Peoplesphere Company srl","url":"https:\/\/peoplesphere.be\/fr\/","logo":{"@type":"ImageObject","inLanguage":"fr-FR","@id":"https:\/\/peoplesphere.be\/fr\/#\/schema\/logo\/image\/","url":"https:\/\/peoplesphere.be\/fr\/wp-content\/uploads\/2023\/07\/peoplesphere-lgo-new-generik.jpg","contentUrl":"https:\/\/peoplesphere.be\/fr\/wp-content\/uploads\/2023\/07\/peoplesphere-lgo-new-generik.jpg","width":1031,"height":1479,"caption":"Peoplesphere Company srl"},"image":{"@id":"https:\/\/peoplesphere.be\/fr\/#\/schema\/logo\/image\/"},"sameAs":["https:\/\/www.facebook.com\/peoplesphere","https:\/\/twitter.com\/PeoplesphereMag","https:\/\/www.linkedin.com\/company\/7587361?trk","http:\/\/youtube.com\/peoplesphere"]},{"@type":"Person","@id":"https:\/\/peoplesphere.be\/fr\/#\/schema\/person\/7976225ff17988604334abb7b3536a7e","name":"Jean-Paul Erhard","image":{"@type":"ImageObject","inLanguage":"fr-FR","@id":"https:\/\/peoplesphere.be\/fr\/#\/schema\/person\/image\/","url":"https:\/\/secure.gravatar.com\/avatar\/f941e681460179738071629a51574930?s=96&d=mm&r=g","contentUrl":"https:\/\/secure.gravatar.com\/avatar\/f941e681460179738071629a51574930?s=96&d=mm&r=g","caption":"Jean-Paul Erhard"},"url":"https:\/\/peoplesphere.be\/fr\/author\/jpe\/"}]}},"_links":{"self":[{"href":"https:\/\/peoplesphere.be\/fr\/wp-json\/wp\/v2\/posts\/3501"}],"collection":[{"href":"https:\/\/peoplesphere.be\/fr\/wp-json\/wp\/v2\/posts"}],"about":[{"href":"https:\/\/peoplesphere.be\/fr\/wp-json\/wp\/v2\/types\/post"}],"author":[{"embeddable":true,"href":"https:\/\/peoplesphere.be\/fr\/wp-json\/wp\/v2\/users\/2"}],"replies":[{"embeddable":true,"href":"https:\/\/peoplesphere.be\/fr\/wp-json\/wp\/v2\/comments?post=3501"}],"version-history":[{"count":1,"href":"https:\/\/peoplesphere.be\/fr\/wp-json\/wp\/v2\/posts\/3501\/revisions"}],"predecessor-version":[{"id":3503,"href":"https:\/\/peoplesphere.be\/fr\/wp-json\/wp\/v2\/posts\/3501\/revisions\/3503"}],"wp:attachment":[{"href":"https:\/\/peoplesphere.be\/fr\/wp-json\/wp\/v2\/media?parent=3501"}],"wp:term":[{"taxonomy":"category","embeddable":true,"href":"https:\/\/peoplesphere.be\/fr\/wp-json\/wp\/v2\/categories?post=3501"},{"taxonomy":"post_tag","embeddable":true,"href":"https:\/\/peoplesphere.be\/fr\/wp-json\/wp\/v2\/tags?post=3501"}],"curies":[{"name":"wp","href":"https:\/\/api.w.org\/{rel}","templated":true}]}}