









{"id":3554,"date":"2016-10-06T07:27:29","date_gmt":"2016-10-06T05:27:29","guid":{"rendered":"http:\/\/www.peoplesphere.be\/fr\/?p=3554"},"modified":"2016-10-06T07:27:29","modified_gmt":"2016-10-06T05:27:29","slug":"locde-confirme-la-correlation-entre-exclusion-sociale-et-decrochage-scolaire","status":"publish","type":"post","link":"https:\/\/peoplesphere.be\/fr\/locde-confirme-la-correlation-entre-exclusion-sociale-et-decrochage-scolaire\/","title":{"rendered":"L&rsquo;OCDE confirme la corr\u00e9lation entre exclusion sociale et d\u00e9crochage scolaire."},"content":{"rendered":"<p>Une nouvelle \u00e9tude intitul\u00e9e &lsquo;Society at a Glance 2016&rsquo; publi\u00e9e par l&rsquo;OCDE d\u00e9montre \u00e0 nouveau la relation \u00e9troite entre le risque d&rsquo;exclusion sociale et la fin pr\u00e9m\u00e9dit\u00e9e du parcours scolaire. Les jeunes sous-form\u00e9s rencontrent chaque jour davantage de soucis dans leur recherche d&rsquo;un emploi, m\u00eame en phase de reprise \u00e9conomique.<!--more--><\/p>\n<p>Selon cette \u00e9tude, environ 40 millions de jeunes, soit 15% de la population \u00e2g\u00e9e entre 15 et 29 ans, sont d\u00e9sormais en dehors de tout syst\u00e8me scolaire et de toute fili\u00e8re de formation ou de mise \u00e0 l&#8217;emploi (ils sont d\u00e9sormais identifi\u00e9s via l&rsquo;acronyme NEET &#8211; Not in Education, Employment or Training). Deux tiers d&rsquo;entre eux ne sont m\u00eame pas \u00e0 la recherche d&rsquo;un job. 40% d&rsquo;entre eux ont v\u00e9cu ou sont sur le point de vivre une p\u00e9riode d&rsquo;inactivit\u00e9 de 4 ans en moyenne et la moiti\u00e9 de ceux-ci pr\u00e9sentent un risque majeur de d\u00e9couragement et d&rsquo;exclusion.<\/p>\n<p>Un dixi\u00e8me des emplois allou\u00e9s \u00e0 des travailleurs de moins de 30 ans ont \u00e9t\u00e9 d\u00e9truits par la crise. En Espagne, en Gr\u00e8ce et en Irlande, le nombre de jeunes travailleurs a \u00e9t\u00e9 r\u00e9duit de moiti\u00e9 entre 2007 et 2014. Selon l&rsquo;OCDE, le taux d&#8217;emploi jeune est en stagnation depuis 2010 et reste \u00e0 ce jour en-de\u00e7a de son niveau d&rsquo;avant crise.<\/p>\n<p>Le nombre de NEETs constitue aujourd&rsquo;hui un co\u00fbt important sur le plan macro-\u00e9conomique, estim\u00e9 entre 360 et 605 milliards de dollars US, soit entre 0,9 et 1,5% du BNP global de l&rsquo;OCDE.<\/p>\n<p>Les jeunes qui sortent du syst\u00e8me \u00e9ducatif \u00e0 l&rsquo;\u00e2ge de 16 ans, sans avoir termin\u00e9 leur cycle secondaire, repr\u00e9sentent plus de 30% de la population globale des NEETs.<br \/>\nStefano Scarpetta, Director Employment, Labour and Social Affairs de l&rsquo;OCDE remarque :<em> \u00ab\u00a0Il devient de plus en plus compliqu\u00e9 pour les jeunes sous-form\u00e9s de trouver un emploi. Si nous ne veillons pas \u00e0 leur offrir davantage de possibilit\u00e9s de mise \u00e0 l&#8217;emploi et de parcours de formation, nous nous dirigeons tout droit vers une soci\u00e9t\u00e9 de plus en plus cliv\u00e9e.\u00a0\u00bb<\/em><\/p>\n<p>L&rsquo;\u00e9tude rel\u00e8ve \u00e9galement une in\u00e9galit\u00e9 suppl\u00e9mentaire sur le plan du genre. Les jeunes femmes pr\u00e9sentent une probabilit\u00e9 1,4x sup\u00e9rieure de rentrer dans cette cat\u00e9gories. La maternit\u00e9 et les co\u00fbts \u00e9lev\u00e9s li\u00e9s \u00e0 l&rsquo;encadrement des jeunes enfants sont des barri\u00e8res r\u00e9elles \u00e0 l&#8217;emploi. Dans certains pays tels que les Etats-Unis, l&rsquo;Irlande, le Royaume Uni et la Nouvelle-Z\u00e9lande, ces co\u00fbts peuvent repr\u00e9senter jusqu&rsquo;\u00e0 la moiti\u00e9 du revenu net d&rsquo;un travailleur lambda.<\/p>\n<p>Plus d&rsquo;infos quant \u00e0 l&rsquo;\u00e9tude de l&rsquo;OCDE via http:\/\/www.oecd.org\/social\/society-at-a-glance-19991290.htm<br \/>\nCette \u00e9tude a \u00e9t\u00e9 r\u00e9alis\u00e9e dans les 35 pays de l&rsquo;OCDE et aussi en Argentine, au Br\u00e9sil, en Chine, en Inde, en Indon\u00e9sie, en Russie, en Arabie Saoudite et en Afrique du Sud.<\/p>\n","protected":false},"excerpt":{"rendered":"<p>Une nouvelle \u00e9tude intitul\u00e9e &lsquo;Society at a Glance 2016&rsquo; publi\u00e9e par l&rsquo;OCDE d\u00e9montre \u00e0 nouveau la relation \u00e9troite entre le risque d&rsquo;exclusion sociale et la fin pr\u00e9m\u00e9dit\u00e9e du parcours scolaire. Les jeunes sous-form\u00e9s rencontrent chaque jour davantage de soucis dans [&hellip;]<\/p>\n","protected":false},"author":2,"featured_media":0,"comment_status":"closed","ping_status":"open","sticky":false,"template":"","format":"standard","meta":[],"categories":[65,10],"tags":[49,11,48,966,772],"yoast_head":"<!-- This site is optimized with the Yoast SEO plugin v21.0 - https:\/\/yoast.com\/wordpress\/plugins\/seo\/ -->\n<title>L&#039;OCDE confirme la corr\u00e9lation entre exclusion sociale et d\u00e9crochage scolaire. - Peoplesphere<\/title>\n<meta name=\"robots\" content=\"index, follow, max-snippet:-1, max-image-preview:large, max-video-preview:-1\" \/>\n<link rel=\"canonical\" href=\"https:\/\/peoplesphere.be\/fr\/locde-confirme-la-correlation-entre-exclusion-sociale-et-decrochage-scolaire\/\" \/>\n<meta property=\"og:locale\" content=\"fr_FR\" \/>\n<meta property=\"og:type\" content=\"article\" \/>\n<meta property=\"og:title\" content=\"L&#039;OCDE confirme la corr\u00e9lation entre exclusion sociale et d\u00e9crochage scolaire. - Peoplesphere\" \/>\n<meta property=\"og:description\" content=\"Une nouvelle \u00e9tude intitul\u00e9e &lsquo;Society at a Glance 2016&rsquo; publi\u00e9e par l&rsquo;OCDE d\u00e9montre \u00e0 nouveau la relation \u00e9troite entre le risque d&rsquo;exclusion sociale et la fin pr\u00e9m\u00e9dit\u00e9e du parcours scolaire. Les jeunes sous-form\u00e9s rencontrent chaque jour davantage de soucis dans [&hellip;]\" \/>\n<meta property=\"og:url\" content=\"https:\/\/peoplesphere.be\/fr\/locde-confirme-la-correlation-entre-exclusion-sociale-et-decrochage-scolaire\/\" \/>\n<meta property=\"og:site_name\" content=\"Peoplesphere\" \/>\n<meta property=\"article:publisher\" content=\"https:\/\/www.facebook.com\/peoplesphere\" \/>\n<meta property=\"article:published_time\" content=\"2016-10-06T05:27:29+00:00\" \/>\n<meta property=\"og:image\" content=\"http:\/\/www.peoplesphere.be\/fr\/wp-content\/uploads\/2016\/07\/facebook-default-posting-1200x628px.jpg\" \/>\n<meta name=\"author\" content=\"Jean-Paul Erhard\" \/>\n<meta name=\"twitter:card\" content=\"summary_large_image\" \/>\n<meta name=\"twitter:creator\" content=\"@PeoplesphereMag\" \/>\n<meta name=\"twitter:site\" content=\"@PeoplesphereMag\" \/>\n<meta name=\"twitter:label1\" content=\"\u00c9crit par\" \/>\n\t<meta name=\"twitter:data1\" content=\"Jean-Paul Erhard\" \/>\n\t<meta name=\"twitter:label2\" content=\"Dur\u00e9e de lecture estim\u00e9e\" \/>\n\t<meta name=\"twitter:data2\" content=\"2 minutes\" \/>\n<script type=\"application\/ld+json\" class=\"yoast-schema-graph\">{\"@context\":\"https:\/\/schema.org\",\"@graph\":[{\"@type\":\"Article\",\"@id\":\"https:\/\/peoplesphere.be\/fr\/locde-confirme-la-correlation-entre-exclusion-sociale-et-decrochage-scolaire\/#article\",\"isPartOf\":{\"@id\":\"https:\/\/peoplesphere.be\/fr\/locde-confirme-la-correlation-entre-exclusion-sociale-et-decrochage-scolaire\/\"},\"author\":{\"name\":\"Jean-Paul Erhard\",\"@id\":\"https:\/\/peoplesphere.be\/fr\/#\/schema\/person\/7976225ff17988604334abb7b3536a7e\"},\"headline\":\"L&rsquo;OCDE confirme la corr\u00e9lation entre exclusion sociale et d\u00e9crochage scolaire.\",\"datePublished\":\"2016-10-06T05:27:29+00:00\",\"dateModified\":\"2016-10-06T05:27:29+00:00\",\"mainEntityOfPage\":{\"@id\":\"https:\/\/peoplesphere.be\/fr\/locde-confirme-la-correlation-entre-exclusion-sociale-et-decrochage-scolaire\/\"},\"wordCount\":484,\"publisher\":{\"@id\":\"https:\/\/peoplesphere.be\/fr\/#organization\"},\"keywords\":[\"Education\",\"emploi\",\"Formation\",\"NEET\",\"OCDE\"],\"articleSection\":[\"Actualit\u00e9s\",\"Digital\"],\"inLanguage\":\"fr-FR\"},{\"@type\":\"WebPage\",\"@id\":\"https:\/\/peoplesphere.be\/fr\/locde-confirme-la-correlation-entre-exclusion-sociale-et-decrochage-scolaire\/\",\"url\":\"https:\/\/peoplesphere.be\/fr\/locde-confirme-la-correlation-entre-exclusion-sociale-et-decrochage-scolaire\/\",\"name\":\"L'OCDE confirme la corr\u00e9lation entre exclusion sociale et d\u00e9crochage scolaire. - Peoplesphere\",\"isPartOf\":{\"@id\":\"https:\/\/peoplesphere.be\/fr\/#website\"},\"datePublished\":\"2016-10-06T05:27:29+00:00\",\"dateModified\":\"2016-10-06T05:27:29+00:00\",\"breadcrumb\":{\"@id\":\"https:\/\/peoplesphere.be\/fr\/locde-confirme-la-correlation-entre-exclusion-sociale-et-decrochage-scolaire\/#breadcrumb\"},\"inLanguage\":\"fr-FR\",\"potentialAction\":[{\"@type\":\"ReadAction\",\"target\":[\"https:\/\/peoplesphere.be\/fr\/locde-confirme-la-correlation-entre-exclusion-sociale-et-decrochage-scolaire\/\"]}]},{\"@type\":\"BreadcrumbList\",\"@id\":\"https:\/\/peoplesphere.be\/fr\/locde-confirme-la-correlation-entre-exclusion-sociale-et-decrochage-scolaire\/#breadcrumb\",\"itemListElement\":[{\"@type\":\"ListItem\",\"position\":1,\"name\":\"Accueil\",\"item\":\"https:\/\/peoplesphere.be\/fr\/\"},{\"@type\":\"ListItem\",\"position\":2,\"name\":\"L&rsquo;OCDE confirme la corr\u00e9lation entre exclusion sociale et d\u00e9crochage scolaire.\"}]},{\"@type\":\"WebSite\",\"@id\":\"https:\/\/peoplesphere.be\/fr\/#website\",\"url\":\"https:\/\/peoplesphere.be\/fr\/\",\"name\":\"Peoplesphere\",\"description\":\"The People Managers Magazine\",\"publisher\":{\"@id\":\"https:\/\/peoplesphere.be\/fr\/#organization\"},\"potentialAction\":[{\"@type\":\"SearchAction\",\"target\":{\"@type\":\"EntryPoint\",\"urlTemplate\":\"https:\/\/peoplesphere.be\/fr\/?s={search_term_string}\"},\"query-input\":\"required name=search_term_string\"}],\"inLanguage\":\"fr-FR\"},{\"@type\":\"Organization\",\"@id\":\"https:\/\/peoplesphere.be\/fr\/#organization\",\"name\":\"Peoplesphere Company srl\",\"url\":\"https:\/\/peoplesphere.be\/fr\/\",\"logo\":{\"@type\":\"ImageObject\",\"inLanguage\":\"fr-FR\",\"@id\":\"https:\/\/peoplesphere.be\/fr\/#\/schema\/logo\/image\/\",\"url\":\"https:\/\/peoplesphere.be\/fr\/wp-content\/uploads\/2023\/07\/peoplesphere-lgo-new-generik.jpg\",\"contentUrl\":\"https:\/\/peoplesphere.be\/fr\/wp-content\/uploads\/2023\/07\/peoplesphere-lgo-new-generik.jpg\",\"width\":1031,\"height\":1479,\"caption\":\"Peoplesphere Company srl\"},\"image\":{\"@id\":\"https:\/\/peoplesphere.be\/fr\/#\/schema\/logo\/image\/\"},\"sameAs\":[\"https:\/\/www.facebook.com\/peoplesphere\",\"https:\/\/twitter.com\/PeoplesphereMag\",\"https:\/\/www.linkedin.com\/company\/7587361?trk\",\"http:\/\/youtube.com\/peoplesphere\"]},{\"@type\":\"Person\",\"@id\":\"https:\/\/peoplesphere.be\/fr\/#\/schema\/person\/7976225ff17988604334abb7b3536a7e\",\"name\":\"Jean-Paul Erhard\",\"image\":{\"@type\":\"ImageObject\",\"inLanguage\":\"fr-FR\",\"@id\":\"https:\/\/peoplesphere.be\/fr\/#\/schema\/person\/image\/\",\"url\":\"https:\/\/secure.gravatar.com\/avatar\/f941e681460179738071629a51574930?s=96&d=mm&r=g\",\"contentUrl\":\"https:\/\/secure.gravatar.com\/avatar\/f941e681460179738071629a51574930?s=96&d=mm&r=g\",\"caption\":\"Jean-Paul Erhard\"},\"url\":\"https:\/\/peoplesphere.be\/fr\/author\/jpe\/\"}]}<\/script>\n<!-- \/ Yoast SEO plugin. -->","yoast_head_json":{"title":"L'OCDE confirme la corr\u00e9lation entre exclusion sociale et d\u00e9crochage scolaire. - Peoplesphere","robots":{"index":"index","follow":"follow","max-snippet":"max-snippet:-1","max-image-preview":"max-image-preview:large","max-video-preview":"max-video-preview:-1"},"canonical":"https:\/\/peoplesphere.be\/fr\/locde-confirme-la-correlation-entre-exclusion-sociale-et-decrochage-scolaire\/","og_locale":"fr_FR","og_type":"article","og_title":"L'OCDE confirme la corr\u00e9lation entre exclusion sociale et d\u00e9crochage scolaire. - Peoplesphere","og_description":"Une nouvelle \u00e9tude intitul\u00e9e &lsquo;Society at a Glance 2016&rsquo; publi\u00e9e par l&rsquo;OCDE d\u00e9montre \u00e0 nouveau la relation \u00e9troite entre le risque d&rsquo;exclusion sociale et la fin pr\u00e9m\u00e9dit\u00e9e du parcours scolaire. Les jeunes sous-form\u00e9s rencontrent chaque jour davantage de soucis dans [&hellip;]","og_url":"https:\/\/peoplesphere.be\/fr\/locde-confirme-la-correlation-entre-exclusion-sociale-et-decrochage-scolaire\/","og_site_name":"Peoplesphere","article_publisher":"https:\/\/www.facebook.com\/peoplesphere","article_published_time":"2016-10-06T05:27:29+00:00","og_image":[{"url":"http:\/\/www.peoplesphere.be\/fr\/wp-content\/uploads\/2016\/07\/facebook-default-posting-1200x628px.jpg"}],"author":"Jean-Paul Erhard","twitter_card":"summary_large_image","twitter_creator":"@PeoplesphereMag","twitter_site":"@PeoplesphereMag","twitter_misc":{"\u00c9crit par":"Jean-Paul Erhard","Dur\u00e9e de lecture estim\u00e9e":"2 minutes"},"schema":{"@context":"https:\/\/schema.org","@graph":[{"@type":"Article","@id":"https:\/\/peoplesphere.be\/fr\/locde-confirme-la-correlation-entre-exclusion-sociale-et-decrochage-scolaire\/#article","isPartOf":{"@id":"https:\/\/peoplesphere.be\/fr\/locde-confirme-la-correlation-entre-exclusion-sociale-et-decrochage-scolaire\/"},"author":{"name":"Jean-Paul Erhard","@id":"https:\/\/peoplesphere.be\/fr\/#\/schema\/person\/7976225ff17988604334abb7b3536a7e"},"headline":"L&rsquo;OCDE confirme la corr\u00e9lation entre exclusion sociale et d\u00e9crochage scolaire.","datePublished":"2016-10-06T05:27:29+00:00","dateModified":"2016-10-06T05:27:29+00:00","mainEntityOfPage":{"@id":"https:\/\/peoplesphere.be\/fr\/locde-confirme-la-correlation-entre-exclusion-sociale-et-decrochage-scolaire\/"},"wordCount":484,"publisher":{"@id":"https:\/\/peoplesphere.be\/fr\/#organization"},"keywords":["Education","emploi","Formation","NEET","OCDE"],"articleSection":["Actualit\u00e9s","Digital"],"inLanguage":"fr-FR"},{"@type":"WebPage","@id":"https:\/\/peoplesphere.be\/fr\/locde-confirme-la-correlation-entre-exclusion-sociale-et-decrochage-scolaire\/","url":"https:\/\/peoplesphere.be\/fr\/locde-confirme-la-correlation-entre-exclusion-sociale-et-decrochage-scolaire\/","name":"L'OCDE confirme la corr\u00e9lation entre exclusion sociale et d\u00e9crochage scolaire. - Peoplesphere","isPartOf":{"@id":"https:\/\/peoplesphere.be\/fr\/#website"},"datePublished":"2016-10-06T05:27:29+00:00","dateModified":"2016-10-06T05:27:29+00:00","breadcrumb":{"@id":"https:\/\/peoplesphere.be\/fr\/locde-confirme-la-correlation-entre-exclusion-sociale-et-decrochage-scolaire\/#breadcrumb"},"inLanguage":"fr-FR","potentialAction":[{"@type":"ReadAction","target":["https:\/\/peoplesphere.be\/fr\/locde-confirme-la-correlation-entre-exclusion-sociale-et-decrochage-scolaire\/"]}]},{"@type":"BreadcrumbList","@id":"https:\/\/peoplesphere.be\/fr\/locde-confirme-la-correlation-entre-exclusion-sociale-et-decrochage-scolaire\/#breadcrumb","itemListElement":[{"@type":"ListItem","position":1,"name":"Accueil","item":"https:\/\/peoplesphere.be\/fr\/"},{"@type":"ListItem","position":2,"name":"L&rsquo;OCDE confirme la corr\u00e9lation entre exclusion sociale et d\u00e9crochage scolaire."}]},{"@type":"WebSite","@id":"https:\/\/peoplesphere.be\/fr\/#website","url":"https:\/\/peoplesphere.be\/fr\/","name":"Peoplesphere","description":"The People Managers Magazine","publisher":{"@id":"https:\/\/peoplesphere.be\/fr\/#organization"},"potentialAction":[{"@type":"SearchAction","target":{"@type":"EntryPoint","urlTemplate":"https:\/\/peoplesphere.be\/fr\/?s={search_term_string}"},"query-input":"required name=search_term_string"}],"inLanguage":"fr-FR"},{"@type":"Organization","@id":"https:\/\/peoplesphere.be\/fr\/#organization","name":"Peoplesphere Company srl","url":"https:\/\/peoplesphere.be\/fr\/","logo":{"@type":"ImageObject","inLanguage":"fr-FR","@id":"https:\/\/peoplesphere.be\/fr\/#\/schema\/logo\/image\/","url":"https:\/\/peoplesphere.be\/fr\/wp-content\/uploads\/2023\/07\/peoplesphere-lgo-new-generik.jpg","contentUrl":"https:\/\/peoplesphere.be\/fr\/wp-content\/uploads\/2023\/07\/peoplesphere-lgo-new-generik.jpg","width":1031,"height":1479,"caption":"Peoplesphere Company srl"},"image":{"@id":"https:\/\/peoplesphere.be\/fr\/#\/schema\/logo\/image\/"},"sameAs":["https:\/\/www.facebook.com\/peoplesphere","https:\/\/twitter.com\/PeoplesphereMag","https:\/\/www.linkedin.com\/company\/7587361?trk","http:\/\/youtube.com\/peoplesphere"]},{"@type":"Person","@id":"https:\/\/peoplesphere.be\/fr\/#\/schema\/person\/7976225ff17988604334abb7b3536a7e","name":"Jean-Paul Erhard","image":{"@type":"ImageObject","inLanguage":"fr-FR","@id":"https:\/\/peoplesphere.be\/fr\/#\/schema\/person\/image\/","url":"https:\/\/secure.gravatar.com\/avatar\/f941e681460179738071629a51574930?s=96&d=mm&r=g","contentUrl":"https:\/\/secure.gravatar.com\/avatar\/f941e681460179738071629a51574930?s=96&d=mm&r=g","caption":"Jean-Paul Erhard"},"url":"https:\/\/peoplesphere.be\/fr\/author\/jpe\/"}]}},"_links":{"self":[{"href":"https:\/\/peoplesphere.be\/fr\/wp-json\/wp\/v2\/posts\/3554"}],"collection":[{"href":"https:\/\/peoplesphere.be\/fr\/wp-json\/wp\/v2\/posts"}],"about":[{"href":"https:\/\/peoplesphere.be\/fr\/wp-json\/wp\/v2\/types\/post"}],"author":[{"embeddable":true,"href":"https:\/\/peoplesphere.be\/fr\/wp-json\/wp\/v2\/users\/2"}],"replies":[{"embeddable":true,"href":"https:\/\/peoplesphere.be\/fr\/wp-json\/wp\/v2\/comments?post=3554"}],"version-history":[{"count":1,"href":"https:\/\/peoplesphere.be\/fr\/wp-json\/wp\/v2\/posts\/3554\/revisions"}],"predecessor-version":[{"id":3555,"href":"https:\/\/peoplesphere.be\/fr\/wp-json\/wp\/v2\/posts\/3554\/revisions\/3555"}],"wp:attachment":[{"href":"https:\/\/peoplesphere.be\/fr\/wp-json\/wp\/v2\/media?parent=3554"}],"wp:term":[{"taxonomy":"category","embeddable":true,"href":"https:\/\/peoplesphere.be\/fr\/wp-json\/wp\/v2\/categories?post=3554"},{"taxonomy":"post_tag","embeddable":true,"href":"https:\/\/peoplesphere.be\/fr\/wp-json\/wp\/v2\/tags?post=3554"}],"curies":[{"name":"wp","href":"https:\/\/api.w.org\/{rel}","templated":true}]}}