









{"id":3565,"date":"2016-10-07T14:59:08","date_gmt":"2016-10-07T12:59:08","guid":{"rendered":"http:\/\/www.peoplesphere.be\/fr\/?p=3565"},"modified":"2016-10-07T14:59:08","modified_gmt":"2016-10-07T12:59:08","slug":"les-patrons-wallons-exasperes-par-lagitation-organisee-par-les-syndicats","status":"publish","type":"post","link":"https:\/\/peoplesphere.be\/fr\/les-patrons-wallons-exasperes-par-lagitation-organisee-par-les-syndicats\/","title":{"rendered":"Les patrons wallons exasp\u00e9r\u00e9s par l&rsquo;agitation organis\u00e9e par les syndicats."},"content":{"rendered":"<p>Changement de ton du c\u00f4t\u00e9 de l&rsquo;Union Wallonne des Entreprises. Trop, c&rsquo;est trop. L&rsquo;accumulation des mouvements sociaux qui ralentissent l&rsquo;activit\u00e9 \u00e9conomique a eu raison de la r\u00e9serve de l&rsquo;UWE qui s&rsquo;exprime par le biais de son pr\u00e9sident et de ses pr\u00e9d\u00e9cesseurs. En int\u00e9gralit\u00e9 ci-apr\u00e8s la communication diffus\u00e9e \u00e0 l&rsquo;instant par les patrons wallons au-travers de leur organisation repr\u00e9sentative.<!--more--><\/p>\n<p><strong><em>\u00ab Agitation organis\u00e9e : trop, c\u2019est trop ! \u00bb<\/em><\/strong><br \/>\nLes derni\u00e8res ann\u00e9es ont vu se multiplier les gr\u00e8ves et les mouvements en tout genre. M\u00eame si la mont\u00e9e de la pr\u00e9carit\u00e9 suscite de l\u00e9gitimes interrogations, sans se prononcer sur le bien-fond\u00e9 de certains mouvements, arrive un moment o\u00f9 trop c\u2019est trop. Ce moment est venu.<\/p>\n<p>&#8211; Le droit au travail des non-gr\u00e9vistes est syst\u00e9matiquement bafou\u00e9;<br \/>\n&#8211; Des entreprises sont mises \u00e0 l\u2019arr\u00eat de force par des piquets de gr\u00e8ve;<br \/>\n&#8211; Des ind\u00e9pendants sont menac\u00e9s de repr\u00e9sailles s\u2019ils osent ouvrir leur commerce;<br \/>\n&#8211; Des voies publiques sont bloqu\u00e9es, ce qui emp\u00eache ou ralentit l\u2019intervention des services d\u2019urgence tels que pompiers ou ambulances;<br \/>\n&#8211; Dans les services publics strat\u00e9giques pour le fonctionnement de certaines entreprises ou de l\u2019\u00e9conomie en g\u00e9n\u00e9ral, des minorit\u00e9s abusent de leur position;<br \/>\n&#8211; L\u2019absence ou l\u2019impossibilit\u00e9 de contr\u00f4le, voire m\u00eame l\u2019exercice de rapports de forces permettent \u00e0 des gr\u00e9vistes \u201cde fait\u201d de se faire r\u00e9mun\u00e9rer normalement.<\/p>\n<p>Forts de leur capacit\u00e9 \u00e0 bloquer l\u2019ensemble du pays, en affirmant haut et clair leur volont\u00e9 de faire tomber un gouvernement d\u00e9mocratiquement \u00e9lu, les syndicats sortent de leur r\u00f4le.<\/p>\n<p>Il devient difficile d\u2019admettre l\u2019absence de r\u00e9action face \u00e0 la multiplication des entraves au fonctionnement normal de l\u2019\u00e9conomie. Tous devraient comprendre :<\/p>\n<p>&#8211; Que la g\u00e9n\u00e9ralisation de la semaine de quatre jours de mani\u00e8re uniforme et d\u00e9cid\u00e9e centralement est impossible, destructrice, et ne permettrait pas de cr\u00e9er les emplois dont nous avons tant besoin ;<br \/>\n&#8211; Que les dirigeants d\u2019entreprises ont besoin de leurs travailleurs, et que, de ce simple fait, ils ont tout int\u00e9r\u00eat \u00e0 les respecter;<br \/>\n&#8211; Qu\u2019on ne dirige pas une soci\u00e9t\u00e9 par d\u00e9cret et encore moins une entreprise en lui imposant une forme d\u2019organisation du travail;<br \/>\n&#8211; Qu\u2019on n\u2019attire pas les investisseurs en les mena\u00e7ant ni les entrepreneurs en limitant leur pouvoir de d\u00e9cision au sein de leur entreprise. La situation de la Wallonie ne le permet pas, notamment eu \u00e9gard \u00e0 son besoin d\u2019investissements \u00e9trangers. Elle n\u2019a pas non plus int\u00e9r\u00eat \u00e0 agrandir la fracture communautaire en prenant ce genre d\u2019initiatives.<\/p>\n<p>Il est plus que temps de r\u00e9agir, il en va de l\u2019avenir du pays et de l\u2019ensemble de ses habitants.<\/p>\n<p>A chacun son r\u00f4le: les dirigeants et les travailleurs au sein de l\u2019entreprise, l\u2019opposition parlementaire doit faire preuve de sens des responsabilit\u00e9s, et le gouvernement gouverner en veillant au respect de l\u2019int\u00e9r\u00eat g\u00e9n\u00e9ral. Et nous attendons des syndicats qu\u2019ils aident \u00e0 cr\u00e9er de l\u2019emploi et un climat propice \u00e0 l\u2019investissement, dans un syndicalisme de construction et non d\u2019opposition permanente.<\/p>\n<p>L\u2019encadrement du droit de gr\u00e8ve est dor\u00e9navant une priorit\u00e9. La Belgique est un des derniers pays \u00e0 ne pas l\u2019avoir compris. Dans les pays voisins, y compris ceux qui ont d\u00e9velopp\u00e9 une culture de concertation, diverses mesures sont d\u2019application ; il faut suivre la m\u00eame voie. La question de la personnalit\u00e9 juridique des syndicats doit \u00e9galement \u00eatre remise \u00e0 l\u2019ordre du jour.<\/p>\n<p>C\u2019est de cette mani\u00e8re que pourra se cr\u00e9er un climat dans lequel les entreprises wallonnes ont \u00e0 nouveau envie d\u2019embaucher et de se d\u00e9velopper.<\/p>\n<p><strong><em>Yves PRETE, Pr\u00e9sident de l\u2019UWE<\/em><\/strong><br \/>\n<strong><em> Jean-Fran\u00e7ois HERIS, Jean-Pierre DELWART, Eric DOMB, Jean-Jacques VERDICKT, Jean STEPHENNE, Philippe DELAUNOIS, anciens pr\u00e9sidents de l\u2019UWE<\/em><\/strong><\/p>\n","protected":false},"excerpt":{"rendered":"<p>Changement de ton du c\u00f4t\u00e9 de l&rsquo;Union Wallonne des Entreprises. Trop, c&rsquo;est trop. L&rsquo;accumulation des mouvements sociaux qui ralentissent l&rsquo;activit\u00e9 \u00e9conomique a eu raison de la r\u00e9serve de l&rsquo;UWE qui s&rsquo;exprime par le biais de son pr\u00e9sident et de ses [&hellip;]<\/p>\n","protected":false},"author":2,"featured_media":0,"comment_status":"closed","ping_status":"open","sticky":false,"template":"","format":"standard","meta":[],"categories":[1],"tags":[332,281,971,970,110,969],"yoast_head":"<!-- This site is optimized with the Yoast SEO plugin v21.0 - https:\/\/yoast.com\/wordpress\/plugins\/seo\/ -->\n<title>Les patrons wallons exasp\u00e9r\u00e9s par l&#039;agitation organis\u00e9e par les syndicats. - Peoplesphere<\/title>\n<meta name=\"robots\" content=\"index, follow, max-snippet:-1, max-image-preview:large, max-video-preview:-1\" \/>\n<link rel=\"canonical\" href=\"https:\/\/peoplesphere.be\/fr\/les-patrons-wallons-exasperes-par-lagitation-organisee-par-les-syndicats\/\" \/>\n<meta property=\"og:locale\" content=\"fr_FR\" \/>\n<meta property=\"og:type\" content=\"article\" \/>\n<meta property=\"og:title\" content=\"Les patrons wallons exasp\u00e9r\u00e9s par l&#039;agitation organis\u00e9e par les syndicats. - Peoplesphere\" \/>\n<meta property=\"og:description\" content=\"Changement de ton du c\u00f4t\u00e9 de l&rsquo;Union Wallonne des Entreprises. Trop, c&rsquo;est trop. L&rsquo;accumulation des mouvements sociaux qui ralentissent l&rsquo;activit\u00e9 \u00e9conomique a eu raison de la r\u00e9serve de l&rsquo;UWE qui s&rsquo;exprime par le biais de son pr\u00e9sident et de ses [&hellip;]\" \/>\n<meta property=\"og:url\" content=\"https:\/\/peoplesphere.be\/fr\/les-patrons-wallons-exasperes-par-lagitation-organisee-par-les-syndicats\/\" \/>\n<meta property=\"og:site_name\" content=\"Peoplesphere\" \/>\n<meta property=\"article:publisher\" content=\"https:\/\/www.facebook.com\/peoplesphere\" \/>\n<meta property=\"article:published_time\" content=\"2016-10-07T12:59:08+00:00\" \/>\n<meta property=\"og:image\" content=\"http:\/\/www.peoplesphere.be\/fr\/wp-content\/uploads\/2016\/07\/facebook-default-posting-1200x628px.jpg\" \/>\n<meta name=\"author\" content=\"Jean-Paul Erhard\" \/>\n<meta name=\"twitter:card\" content=\"summary_large_image\" \/>\n<meta name=\"twitter:creator\" content=\"@PeoplesphereMag\" \/>\n<meta name=\"twitter:site\" content=\"@PeoplesphereMag\" \/>\n<meta name=\"twitter:label1\" content=\"\u00c9crit par\" \/>\n\t<meta name=\"twitter:data1\" content=\"Jean-Paul Erhard\" \/>\n\t<meta name=\"twitter:label2\" content=\"Dur\u00e9e de lecture estim\u00e9e\" \/>\n\t<meta name=\"twitter:data2\" content=\"3 minutes\" \/>\n<script type=\"application\/ld+json\" class=\"yoast-schema-graph\">{\"@context\":\"https:\/\/schema.org\",\"@graph\":[{\"@type\":\"Article\",\"@id\":\"https:\/\/peoplesphere.be\/fr\/les-patrons-wallons-exasperes-par-lagitation-organisee-par-les-syndicats\/#article\",\"isPartOf\":{\"@id\":\"https:\/\/peoplesphere.be\/fr\/les-patrons-wallons-exasperes-par-lagitation-organisee-par-les-syndicats\/\"},\"author\":{\"name\":\"Jean-Paul Erhard\",\"@id\":\"https:\/\/peoplesphere.be\/fr\/#\/schema\/person\/7976225ff17988604334abb7b3536a7e\"},\"headline\":\"Les patrons wallons exasp\u00e9r\u00e9s par l&rsquo;agitation organis\u00e9e par les syndicats.\",\"datePublished\":\"2016-10-07T12:59:08+00:00\",\"dateModified\":\"2016-10-07T12:59:08+00:00\",\"mainEntityOfPage\":{\"@id\":\"https:\/\/peoplesphere.be\/fr\/les-patrons-wallons-exasperes-par-lagitation-organisee-par-les-syndicats\/\"},\"wordCount\":689,\"publisher\":{\"@id\":\"https:\/\/peoplesphere.be\/fr\/#organization\"},\"keywords\":[\"concertation sociale\",\"gr\u00e8ve\",\"mouvements sociaux\",\"patronat\",\"syndicats\",\"UWE\"],\"inLanguage\":\"fr-FR\"},{\"@type\":\"WebPage\",\"@id\":\"https:\/\/peoplesphere.be\/fr\/les-patrons-wallons-exasperes-par-lagitation-organisee-par-les-syndicats\/\",\"url\":\"https:\/\/peoplesphere.be\/fr\/les-patrons-wallons-exasperes-par-lagitation-organisee-par-les-syndicats\/\",\"name\":\"Les patrons wallons exasp\u00e9r\u00e9s par l'agitation organis\u00e9e par les syndicats. - Peoplesphere\",\"isPartOf\":{\"@id\":\"https:\/\/peoplesphere.be\/fr\/#website\"},\"datePublished\":\"2016-10-07T12:59:08+00:00\",\"dateModified\":\"2016-10-07T12:59:08+00:00\",\"breadcrumb\":{\"@id\":\"https:\/\/peoplesphere.be\/fr\/les-patrons-wallons-exasperes-par-lagitation-organisee-par-les-syndicats\/#breadcrumb\"},\"inLanguage\":\"fr-FR\",\"potentialAction\":[{\"@type\":\"ReadAction\",\"target\":[\"https:\/\/peoplesphere.be\/fr\/les-patrons-wallons-exasperes-par-lagitation-organisee-par-les-syndicats\/\"]}]},{\"@type\":\"BreadcrumbList\",\"@id\":\"https:\/\/peoplesphere.be\/fr\/les-patrons-wallons-exasperes-par-lagitation-organisee-par-les-syndicats\/#breadcrumb\",\"itemListElement\":[{\"@type\":\"ListItem\",\"position\":1,\"name\":\"Accueil\",\"item\":\"https:\/\/peoplesphere.be\/fr\/\"},{\"@type\":\"ListItem\",\"position\":2,\"name\":\"Les patrons wallons exasp\u00e9r\u00e9s par l&rsquo;agitation organis\u00e9e par les syndicats.\"}]},{\"@type\":\"WebSite\",\"@id\":\"https:\/\/peoplesphere.be\/fr\/#website\",\"url\":\"https:\/\/peoplesphere.be\/fr\/\",\"name\":\"Peoplesphere\",\"description\":\"The People Managers Magazine\",\"publisher\":{\"@id\":\"https:\/\/peoplesphere.be\/fr\/#organization\"},\"potentialAction\":[{\"@type\":\"SearchAction\",\"target\":{\"@type\":\"EntryPoint\",\"urlTemplate\":\"https:\/\/peoplesphere.be\/fr\/?s={search_term_string}\"},\"query-input\":\"required name=search_term_string\"}],\"inLanguage\":\"fr-FR\"},{\"@type\":\"Organization\",\"@id\":\"https:\/\/peoplesphere.be\/fr\/#organization\",\"name\":\"Peoplesphere Company srl\",\"url\":\"https:\/\/peoplesphere.be\/fr\/\",\"logo\":{\"@type\":\"ImageObject\",\"inLanguage\":\"fr-FR\",\"@id\":\"https:\/\/peoplesphere.be\/fr\/#\/schema\/logo\/image\/\",\"url\":\"https:\/\/peoplesphere.be\/fr\/wp-content\/uploads\/2023\/07\/peoplesphere-lgo-new-generik.jpg\",\"contentUrl\":\"https:\/\/peoplesphere.be\/fr\/wp-content\/uploads\/2023\/07\/peoplesphere-lgo-new-generik.jpg\",\"width\":1031,\"height\":1479,\"caption\":\"Peoplesphere Company srl\"},\"image\":{\"@id\":\"https:\/\/peoplesphere.be\/fr\/#\/schema\/logo\/image\/\"},\"sameAs\":[\"https:\/\/www.facebook.com\/peoplesphere\",\"https:\/\/twitter.com\/PeoplesphereMag\",\"https:\/\/www.linkedin.com\/company\/7587361?trk\",\"http:\/\/youtube.com\/peoplesphere\"]},{\"@type\":\"Person\",\"@id\":\"https:\/\/peoplesphere.be\/fr\/#\/schema\/person\/7976225ff17988604334abb7b3536a7e\",\"name\":\"Jean-Paul Erhard\",\"image\":{\"@type\":\"ImageObject\",\"inLanguage\":\"fr-FR\",\"@id\":\"https:\/\/peoplesphere.be\/fr\/#\/schema\/person\/image\/\",\"url\":\"https:\/\/secure.gravatar.com\/avatar\/f941e681460179738071629a51574930?s=96&d=mm&r=g\",\"contentUrl\":\"https:\/\/secure.gravatar.com\/avatar\/f941e681460179738071629a51574930?s=96&d=mm&r=g\",\"caption\":\"Jean-Paul Erhard\"},\"url\":\"https:\/\/peoplesphere.be\/fr\/author\/jpe\/\"}]}<\/script>\n<!-- \/ Yoast SEO plugin. -->","yoast_head_json":{"title":"Les patrons wallons exasp\u00e9r\u00e9s par l'agitation organis\u00e9e par les syndicats. - Peoplesphere","robots":{"index":"index","follow":"follow","max-snippet":"max-snippet:-1","max-image-preview":"max-image-preview:large","max-video-preview":"max-video-preview:-1"},"canonical":"https:\/\/peoplesphere.be\/fr\/les-patrons-wallons-exasperes-par-lagitation-organisee-par-les-syndicats\/","og_locale":"fr_FR","og_type":"article","og_title":"Les patrons wallons exasp\u00e9r\u00e9s par l'agitation organis\u00e9e par les syndicats. - Peoplesphere","og_description":"Changement de ton du c\u00f4t\u00e9 de l&rsquo;Union Wallonne des Entreprises. Trop, c&rsquo;est trop. L&rsquo;accumulation des mouvements sociaux qui ralentissent l&rsquo;activit\u00e9 \u00e9conomique a eu raison de la r\u00e9serve de l&rsquo;UWE qui s&rsquo;exprime par le biais de son pr\u00e9sident et de ses [&hellip;]","og_url":"https:\/\/peoplesphere.be\/fr\/les-patrons-wallons-exasperes-par-lagitation-organisee-par-les-syndicats\/","og_site_name":"Peoplesphere","article_publisher":"https:\/\/www.facebook.com\/peoplesphere","article_published_time":"2016-10-07T12:59:08+00:00","og_image":[{"url":"http:\/\/www.peoplesphere.be\/fr\/wp-content\/uploads\/2016\/07\/facebook-default-posting-1200x628px.jpg"}],"author":"Jean-Paul Erhard","twitter_card":"summary_large_image","twitter_creator":"@PeoplesphereMag","twitter_site":"@PeoplesphereMag","twitter_misc":{"\u00c9crit par":"Jean-Paul Erhard","Dur\u00e9e de lecture estim\u00e9e":"3 minutes"},"schema":{"@context":"https:\/\/schema.org","@graph":[{"@type":"Article","@id":"https:\/\/peoplesphere.be\/fr\/les-patrons-wallons-exasperes-par-lagitation-organisee-par-les-syndicats\/#article","isPartOf":{"@id":"https:\/\/peoplesphere.be\/fr\/les-patrons-wallons-exasperes-par-lagitation-organisee-par-les-syndicats\/"},"author":{"name":"Jean-Paul Erhard","@id":"https:\/\/peoplesphere.be\/fr\/#\/schema\/person\/7976225ff17988604334abb7b3536a7e"},"headline":"Les patrons wallons exasp\u00e9r\u00e9s par l&rsquo;agitation organis\u00e9e par les syndicats.","datePublished":"2016-10-07T12:59:08+00:00","dateModified":"2016-10-07T12:59:08+00:00","mainEntityOfPage":{"@id":"https:\/\/peoplesphere.be\/fr\/les-patrons-wallons-exasperes-par-lagitation-organisee-par-les-syndicats\/"},"wordCount":689,"publisher":{"@id":"https:\/\/peoplesphere.be\/fr\/#organization"},"keywords":["concertation sociale","gr\u00e8ve","mouvements sociaux","patronat","syndicats","UWE"],"inLanguage":"fr-FR"},{"@type":"WebPage","@id":"https:\/\/peoplesphere.be\/fr\/les-patrons-wallons-exasperes-par-lagitation-organisee-par-les-syndicats\/","url":"https:\/\/peoplesphere.be\/fr\/les-patrons-wallons-exasperes-par-lagitation-organisee-par-les-syndicats\/","name":"Les patrons wallons exasp\u00e9r\u00e9s par l'agitation organis\u00e9e par les syndicats. - Peoplesphere","isPartOf":{"@id":"https:\/\/peoplesphere.be\/fr\/#website"},"datePublished":"2016-10-07T12:59:08+00:00","dateModified":"2016-10-07T12:59:08+00:00","breadcrumb":{"@id":"https:\/\/peoplesphere.be\/fr\/les-patrons-wallons-exasperes-par-lagitation-organisee-par-les-syndicats\/#breadcrumb"},"inLanguage":"fr-FR","potentialAction":[{"@type":"ReadAction","target":["https:\/\/peoplesphere.be\/fr\/les-patrons-wallons-exasperes-par-lagitation-organisee-par-les-syndicats\/"]}]},{"@type":"BreadcrumbList","@id":"https:\/\/peoplesphere.be\/fr\/les-patrons-wallons-exasperes-par-lagitation-organisee-par-les-syndicats\/#breadcrumb","itemListElement":[{"@type":"ListItem","position":1,"name":"Accueil","item":"https:\/\/peoplesphere.be\/fr\/"},{"@type":"ListItem","position":2,"name":"Les patrons wallons exasp\u00e9r\u00e9s par l&rsquo;agitation organis\u00e9e par les syndicats."}]},{"@type":"WebSite","@id":"https:\/\/peoplesphere.be\/fr\/#website","url":"https:\/\/peoplesphere.be\/fr\/","name":"Peoplesphere","description":"The People Managers Magazine","publisher":{"@id":"https:\/\/peoplesphere.be\/fr\/#organization"},"potentialAction":[{"@type":"SearchAction","target":{"@type":"EntryPoint","urlTemplate":"https:\/\/peoplesphere.be\/fr\/?s={search_term_string}"},"query-input":"required name=search_term_string"}],"inLanguage":"fr-FR"},{"@type":"Organization","@id":"https:\/\/peoplesphere.be\/fr\/#organization","name":"Peoplesphere Company srl","url":"https:\/\/peoplesphere.be\/fr\/","logo":{"@type":"ImageObject","inLanguage":"fr-FR","@id":"https:\/\/peoplesphere.be\/fr\/#\/schema\/logo\/image\/","url":"https:\/\/peoplesphere.be\/fr\/wp-content\/uploads\/2023\/07\/peoplesphere-lgo-new-generik.jpg","contentUrl":"https:\/\/peoplesphere.be\/fr\/wp-content\/uploads\/2023\/07\/peoplesphere-lgo-new-generik.jpg","width":1031,"height":1479,"caption":"Peoplesphere Company srl"},"image":{"@id":"https:\/\/peoplesphere.be\/fr\/#\/schema\/logo\/image\/"},"sameAs":["https:\/\/www.facebook.com\/peoplesphere","https:\/\/twitter.com\/PeoplesphereMag","https:\/\/www.linkedin.com\/company\/7587361?trk","http:\/\/youtube.com\/peoplesphere"]},{"@type":"Person","@id":"https:\/\/peoplesphere.be\/fr\/#\/schema\/person\/7976225ff17988604334abb7b3536a7e","name":"Jean-Paul Erhard","image":{"@type":"ImageObject","inLanguage":"fr-FR","@id":"https:\/\/peoplesphere.be\/fr\/#\/schema\/person\/image\/","url":"https:\/\/secure.gravatar.com\/avatar\/f941e681460179738071629a51574930?s=96&d=mm&r=g","contentUrl":"https:\/\/secure.gravatar.com\/avatar\/f941e681460179738071629a51574930?s=96&d=mm&r=g","caption":"Jean-Paul Erhard"},"url":"https:\/\/peoplesphere.be\/fr\/author\/jpe\/"}]}},"_links":{"self":[{"href":"https:\/\/peoplesphere.be\/fr\/wp-json\/wp\/v2\/posts\/3565"}],"collection":[{"href":"https:\/\/peoplesphere.be\/fr\/wp-json\/wp\/v2\/posts"}],"about":[{"href":"https:\/\/peoplesphere.be\/fr\/wp-json\/wp\/v2\/types\/post"}],"author":[{"embeddable":true,"href":"https:\/\/peoplesphere.be\/fr\/wp-json\/wp\/v2\/users\/2"}],"replies":[{"embeddable":true,"href":"https:\/\/peoplesphere.be\/fr\/wp-json\/wp\/v2\/comments?post=3565"}],"version-history":[{"count":1,"href":"https:\/\/peoplesphere.be\/fr\/wp-json\/wp\/v2\/posts\/3565\/revisions"}],"predecessor-version":[{"id":3566,"href":"https:\/\/peoplesphere.be\/fr\/wp-json\/wp\/v2\/posts\/3565\/revisions\/3566"}],"wp:attachment":[{"href":"https:\/\/peoplesphere.be\/fr\/wp-json\/wp\/v2\/media?parent=3565"}],"wp:term":[{"taxonomy":"category","embeddable":true,"href":"https:\/\/peoplesphere.be\/fr\/wp-json\/wp\/v2\/categories?post=3565"},{"taxonomy":"post_tag","embeddable":true,"href":"https:\/\/peoplesphere.be\/fr\/wp-json\/wp\/v2\/tags?post=3565"}],"curies":[{"name":"wp","href":"https:\/\/api.w.org\/{rel}","templated":true}]}}