









{"id":3623,"date":"2016-10-28T15:15:52","date_gmt":"2016-10-28T13:15:52","guid":{"rendered":"http:\/\/www.peoplesphere.be\/fr\/?p=3623"},"modified":"2016-10-28T15:15:52","modified_gmt":"2016-10-28T13:15:52","slug":"les-interimaires-proteges-par-lapplication-interimwork-de-lonss","status":"publish","type":"post","link":"https:\/\/peoplesphere.be\/fr\/les-interimaires-proteges-par-lapplication-interimwork-de-lonss\/","title":{"rendered":"Les int\u00e9rimaires &lsquo;prot\u00e9g\u00e9s&rsquo; par l&rsquo;application Interim@work de l&rsquo;ONSS."},"content":{"rendered":"<p>Le portail de la s\u00e9curit\u00e9 sociale annonce la couleur : \u00ab\u00a0davantage de s\u00e9curit\u00e9 pour les travailleurs int\u00e9rimaires gr\u00e2ce \u00e0 une nouvelle application en ligne de l&rsquo;ONSS.\u00a0\u00bb Depuis le 1er octobre, ceux-ci peuvent en effet v\u00e9rifier la r\u00e9gularit\u00e9 de leur situation.<!--more--><\/p>\n<p>Le portail signale en effet : <em>\u00ab\u00a0Le service en ligne Interim@work est op\u00e9rationnel depuis le 1er octobre. Gr\u00e2ce \u00e0 ce service, les travailleurs int\u00e9rimaires pourront v\u00e9rifier s&rsquo;ils ont \u00e9t\u00e9 d\u00e9clar\u00e9s \u00e0 temps et correctement \u00e0 la s\u00e9curit\u00e9 sociale. Interim@work est une initiative de l&rsquo;Office national de s\u00e9curit\u00e9 sociale (ONSS).<\/em><\/p>\n<p><em>La nouvelle application s&rsquo;inscrit dans le cadre de la modernisation du travail int\u00e9rimaire lanc\u00e9e par le gouvernement f\u00e9d\u00e9ral en 2011 en concertation avec les partenaires sociaux. Un des grands axes du projet gouvernemental \u00e9tait de supprimer la \u00ab r\u00e8gle des 48 heures \u00bb, en vertu de laquelle un travailleur int\u00e9rimaire devait signer son contrat dans les deux jours ouvrables cons\u00e9cutifs au d\u00e9but de son job. Ce syst\u00e8me avait toutefois pour effet de placer le travailleur int\u00e9rimaire dans une situation d&rsquo;ins\u00e9curit\u00e9, avec un risque d&rsquo;abus qui n&rsquo;\u00e9tait pas exclu.\u00a0\u00bb<\/em><\/p>\n<p><strong><em>Quelles possibilit\u00e9s ?<\/em><\/strong><\/p>\n<p>Le site propose un service en ligne s\u00e9curis\u00e9. Pour y acc\u00e9der, vous devez vous connecter \u00e0 l&rsquo;aide de votre eID ou de votre token.Il offre alors les options suivantes :<\/p>\n<p>\u2022 consulter vos relations de travail de l\u2019ann\u00e9e courante, de l\u2019ann\u00e9e pass\u00e9e, et de l\u2019ann\u00e9e suivante dans un calendrier ou une liste;<br \/>\n\u2022 filtrer vos relations de travail par date, type, agence d\u2019int\u00e9rim et entreprise utilisatrice ;<br \/>\n\u2022 v\u00e9rifier si la bonne entreprise utilisatrice (l&rsquo;entreprise \u00e0 laquelle vous serez envoy\u00e9) est indiqu\u00e9e;<br \/>\n\u2022 exporter vos relations de travail en un aper\u00e7u imprimable. Vous pouvez t\u00e9l\u00e9charger, envoyer le document par e-mail depuis le service en ligne ou le faire envoyer vers votre eBox.<\/p>\n<p><em>Source : SPF S\u00e9curit\u00e9 Sociale.<\/em><\/p>\n<p>&nbsp;<\/p>\n","protected":false},"excerpt":{"rendered":"<p>Le portail de la s\u00e9curit\u00e9 sociale annonce la couleur : \u00ab\u00a0davantage de s\u00e9curit\u00e9 pour les travailleurs int\u00e9rimaires gr\u00e2ce \u00e0 une nouvelle application en ligne de l&rsquo;ONSS.\u00a0\u00bb Depuis le 1er octobre, ceux-ci peuvent en effet v\u00e9rifier la r\u00e9gularit\u00e9 de leur situation.<\/p>\n","protected":false},"author":2,"featured_media":0,"comment_status":"closed","ping_status":"open","sticky":false,"template":"","format":"standard","meta":[],"categories":[65,10],"tags":[402,1000,12,282,272,58],"yoast_head":"<!-- This site is optimized with the Yoast SEO plugin v21.0 - https:\/\/yoast.com\/wordpress\/plugins\/seo\/ -->\n<title>Les int\u00e9rimaires &#039;prot\u00e9g\u00e9s&#039; par l&#039;application Interim@work de l&#039;ONSS. - Peoplesphere<\/title>\n<meta name=\"robots\" content=\"index, follow, max-snippet:-1, max-image-preview:large, max-video-preview:-1\" \/>\n<link rel=\"canonical\" href=\"https:\/\/peoplesphere.be\/fr\/les-interimaires-proteges-par-lapplication-interimwork-de-lonss\/\" \/>\n<meta property=\"og:locale\" content=\"fr_FR\" \/>\n<meta property=\"og:type\" content=\"article\" \/>\n<meta property=\"og:title\" content=\"Les int\u00e9rimaires &#039;prot\u00e9g\u00e9s&#039; par l&#039;application Interim@work de l&#039;ONSS. - Peoplesphere\" \/>\n<meta property=\"og:description\" content=\"Le portail de la s\u00e9curit\u00e9 sociale annonce la couleur : \u00ab\u00a0davantage de s\u00e9curit\u00e9 pour les travailleurs int\u00e9rimaires gr\u00e2ce \u00e0 une nouvelle application en ligne de l&rsquo;ONSS.\u00a0\u00bb Depuis le 1er octobre, ceux-ci peuvent en effet v\u00e9rifier la r\u00e9gularit\u00e9 de leur situation.\" \/>\n<meta property=\"og:url\" content=\"https:\/\/peoplesphere.be\/fr\/les-interimaires-proteges-par-lapplication-interimwork-de-lonss\/\" \/>\n<meta property=\"og:site_name\" content=\"Peoplesphere\" \/>\n<meta property=\"article:publisher\" content=\"https:\/\/www.facebook.com\/peoplesphere\" \/>\n<meta property=\"article:published_time\" content=\"2016-10-28T13:15:52+00:00\" \/>\n<meta property=\"og:image\" content=\"http:\/\/www.peoplesphere.be\/fr\/wp-content\/uploads\/2016\/07\/facebook-default-posting-1200x628px.jpg\" \/>\n<meta name=\"author\" content=\"Jean-Paul Erhard\" \/>\n<meta name=\"twitter:card\" content=\"summary_large_image\" \/>\n<meta name=\"twitter:creator\" content=\"@PeoplesphereMag\" \/>\n<meta name=\"twitter:site\" content=\"@PeoplesphereMag\" \/>\n<meta name=\"twitter:label1\" content=\"\u00c9crit par\" \/>\n\t<meta name=\"twitter:data1\" content=\"Jean-Paul Erhard\" \/>\n\t<meta name=\"twitter:label2\" content=\"Dur\u00e9e de lecture estim\u00e9e\" \/>\n\t<meta name=\"twitter:data2\" content=\"2 minutes\" \/>\n<script type=\"application\/ld+json\" class=\"yoast-schema-graph\">{\"@context\":\"https:\/\/schema.org\",\"@graph\":[{\"@type\":\"Article\",\"@id\":\"https:\/\/peoplesphere.be\/fr\/les-interimaires-proteges-par-lapplication-interimwork-de-lonss\/#article\",\"isPartOf\":{\"@id\":\"https:\/\/peoplesphere.be\/fr\/les-interimaires-proteges-par-lapplication-interimwork-de-lonss\/\"},\"author\":{\"name\":\"Jean-Paul Erhard\",\"@id\":\"https:\/\/peoplesphere.be\/fr\/#\/schema\/person\/7976225ff17988604334abb7b3536a7e\"},\"headline\":\"Les int\u00e9rimaires &lsquo;prot\u00e9g\u00e9s&rsquo; par l&rsquo;application Interim@work de l&rsquo;ONSS.\",\"datePublished\":\"2016-10-28T13:15:52+00:00\",\"dateModified\":\"2016-10-28T13:15:52+00:00\",\"mainEntityOfPage\":{\"@id\":\"https:\/\/peoplesphere.be\/fr\/les-interimaires-proteges-par-lapplication-interimwork-de-lonss\/\"},\"wordCount\":337,\"publisher\":{\"@id\":\"https:\/\/peoplesphere.be\/fr\/#organization\"},\"keywords\":[\"conformit\u00e9\",\"dimona\",\"int\u00e9rim\",\"onss\",\"r\u00e9glementation\",\"s\u00e9curit\u00e9 sociale\"],\"articleSection\":[\"Actualit\u00e9s\",\"Digital\"],\"inLanguage\":\"fr-FR\"},{\"@type\":\"WebPage\",\"@id\":\"https:\/\/peoplesphere.be\/fr\/les-interimaires-proteges-par-lapplication-interimwork-de-lonss\/\",\"url\":\"https:\/\/peoplesphere.be\/fr\/les-interimaires-proteges-par-lapplication-interimwork-de-lonss\/\",\"name\":\"Les int\u00e9rimaires 'prot\u00e9g\u00e9s' par l'application Interim@work de l'ONSS. - Peoplesphere\",\"isPartOf\":{\"@id\":\"https:\/\/peoplesphere.be\/fr\/#website\"},\"datePublished\":\"2016-10-28T13:15:52+00:00\",\"dateModified\":\"2016-10-28T13:15:52+00:00\",\"breadcrumb\":{\"@id\":\"https:\/\/peoplesphere.be\/fr\/les-interimaires-proteges-par-lapplication-interimwork-de-lonss\/#breadcrumb\"},\"inLanguage\":\"fr-FR\",\"potentialAction\":[{\"@type\":\"ReadAction\",\"target\":[\"https:\/\/peoplesphere.be\/fr\/les-interimaires-proteges-par-lapplication-interimwork-de-lonss\/\"]}]},{\"@type\":\"BreadcrumbList\",\"@id\":\"https:\/\/peoplesphere.be\/fr\/les-interimaires-proteges-par-lapplication-interimwork-de-lonss\/#breadcrumb\",\"itemListElement\":[{\"@type\":\"ListItem\",\"position\":1,\"name\":\"Accueil\",\"item\":\"https:\/\/peoplesphere.be\/fr\/\"},{\"@type\":\"ListItem\",\"position\":2,\"name\":\"Les int\u00e9rimaires &lsquo;prot\u00e9g\u00e9s&rsquo; par l&rsquo;application Interim@work de l&rsquo;ONSS.\"}]},{\"@type\":\"WebSite\",\"@id\":\"https:\/\/peoplesphere.be\/fr\/#website\",\"url\":\"https:\/\/peoplesphere.be\/fr\/\",\"name\":\"Peoplesphere\",\"description\":\"The People Managers Magazine\",\"publisher\":{\"@id\":\"https:\/\/peoplesphere.be\/fr\/#organization\"},\"potentialAction\":[{\"@type\":\"SearchAction\",\"target\":{\"@type\":\"EntryPoint\",\"urlTemplate\":\"https:\/\/peoplesphere.be\/fr\/?s={search_term_string}\"},\"query-input\":\"required name=search_term_string\"}],\"inLanguage\":\"fr-FR\"},{\"@type\":\"Organization\",\"@id\":\"https:\/\/peoplesphere.be\/fr\/#organization\",\"name\":\"Peoplesphere Company srl\",\"url\":\"https:\/\/peoplesphere.be\/fr\/\",\"logo\":{\"@type\":\"ImageObject\",\"inLanguage\":\"fr-FR\",\"@id\":\"https:\/\/peoplesphere.be\/fr\/#\/schema\/logo\/image\/\",\"url\":\"https:\/\/peoplesphere.be\/fr\/wp-content\/uploads\/2023\/07\/peoplesphere-lgo-new-generik.jpg\",\"contentUrl\":\"https:\/\/peoplesphere.be\/fr\/wp-content\/uploads\/2023\/07\/peoplesphere-lgo-new-generik.jpg\",\"width\":1031,\"height\":1479,\"caption\":\"Peoplesphere Company srl\"},\"image\":{\"@id\":\"https:\/\/peoplesphere.be\/fr\/#\/schema\/logo\/image\/\"},\"sameAs\":[\"https:\/\/www.facebook.com\/peoplesphere\",\"https:\/\/twitter.com\/PeoplesphereMag\",\"https:\/\/www.linkedin.com\/company\/7587361?trk\",\"http:\/\/youtube.com\/peoplesphere\"]},{\"@type\":\"Person\",\"@id\":\"https:\/\/peoplesphere.be\/fr\/#\/schema\/person\/7976225ff17988604334abb7b3536a7e\",\"name\":\"Jean-Paul Erhard\",\"image\":{\"@type\":\"ImageObject\",\"inLanguage\":\"fr-FR\",\"@id\":\"https:\/\/peoplesphere.be\/fr\/#\/schema\/person\/image\/\",\"url\":\"https:\/\/secure.gravatar.com\/avatar\/f941e681460179738071629a51574930?s=96&d=mm&r=g\",\"contentUrl\":\"https:\/\/secure.gravatar.com\/avatar\/f941e681460179738071629a51574930?s=96&d=mm&r=g\",\"caption\":\"Jean-Paul Erhard\"},\"url\":\"https:\/\/peoplesphere.be\/fr\/author\/jpe\/\"}]}<\/script>\n<!-- \/ Yoast SEO plugin. -->","yoast_head_json":{"title":"Les int\u00e9rimaires 'prot\u00e9g\u00e9s' par l'application Interim@work de l'ONSS. - Peoplesphere","robots":{"index":"index","follow":"follow","max-snippet":"max-snippet:-1","max-image-preview":"max-image-preview:large","max-video-preview":"max-video-preview:-1"},"canonical":"https:\/\/peoplesphere.be\/fr\/les-interimaires-proteges-par-lapplication-interimwork-de-lonss\/","og_locale":"fr_FR","og_type":"article","og_title":"Les int\u00e9rimaires 'prot\u00e9g\u00e9s' par l'application Interim@work de l'ONSS. - Peoplesphere","og_description":"Le portail de la s\u00e9curit\u00e9 sociale annonce la couleur : \u00ab\u00a0davantage de s\u00e9curit\u00e9 pour les travailleurs int\u00e9rimaires gr\u00e2ce \u00e0 une nouvelle application en ligne de l&rsquo;ONSS.\u00a0\u00bb Depuis le 1er octobre, ceux-ci peuvent en effet v\u00e9rifier la r\u00e9gularit\u00e9 de leur situation.","og_url":"https:\/\/peoplesphere.be\/fr\/les-interimaires-proteges-par-lapplication-interimwork-de-lonss\/","og_site_name":"Peoplesphere","article_publisher":"https:\/\/www.facebook.com\/peoplesphere","article_published_time":"2016-10-28T13:15:52+00:00","og_image":[{"url":"http:\/\/www.peoplesphere.be\/fr\/wp-content\/uploads\/2016\/07\/facebook-default-posting-1200x628px.jpg"}],"author":"Jean-Paul Erhard","twitter_card":"summary_large_image","twitter_creator":"@PeoplesphereMag","twitter_site":"@PeoplesphereMag","twitter_misc":{"\u00c9crit par":"Jean-Paul Erhard","Dur\u00e9e de lecture estim\u00e9e":"2 minutes"},"schema":{"@context":"https:\/\/schema.org","@graph":[{"@type":"Article","@id":"https:\/\/peoplesphere.be\/fr\/les-interimaires-proteges-par-lapplication-interimwork-de-lonss\/#article","isPartOf":{"@id":"https:\/\/peoplesphere.be\/fr\/les-interimaires-proteges-par-lapplication-interimwork-de-lonss\/"},"author":{"name":"Jean-Paul Erhard","@id":"https:\/\/peoplesphere.be\/fr\/#\/schema\/person\/7976225ff17988604334abb7b3536a7e"},"headline":"Les int\u00e9rimaires &lsquo;prot\u00e9g\u00e9s&rsquo; par l&rsquo;application Interim@work de l&rsquo;ONSS.","datePublished":"2016-10-28T13:15:52+00:00","dateModified":"2016-10-28T13:15:52+00:00","mainEntityOfPage":{"@id":"https:\/\/peoplesphere.be\/fr\/les-interimaires-proteges-par-lapplication-interimwork-de-lonss\/"},"wordCount":337,"publisher":{"@id":"https:\/\/peoplesphere.be\/fr\/#organization"},"keywords":["conformit\u00e9","dimona","int\u00e9rim","onss","r\u00e9glementation","s\u00e9curit\u00e9 sociale"],"articleSection":["Actualit\u00e9s","Digital"],"inLanguage":"fr-FR"},{"@type":"WebPage","@id":"https:\/\/peoplesphere.be\/fr\/les-interimaires-proteges-par-lapplication-interimwork-de-lonss\/","url":"https:\/\/peoplesphere.be\/fr\/les-interimaires-proteges-par-lapplication-interimwork-de-lonss\/","name":"Les int\u00e9rimaires 'prot\u00e9g\u00e9s' par l'application Interim@work de l'ONSS. - Peoplesphere","isPartOf":{"@id":"https:\/\/peoplesphere.be\/fr\/#website"},"datePublished":"2016-10-28T13:15:52+00:00","dateModified":"2016-10-28T13:15:52+00:00","breadcrumb":{"@id":"https:\/\/peoplesphere.be\/fr\/les-interimaires-proteges-par-lapplication-interimwork-de-lonss\/#breadcrumb"},"inLanguage":"fr-FR","potentialAction":[{"@type":"ReadAction","target":["https:\/\/peoplesphere.be\/fr\/les-interimaires-proteges-par-lapplication-interimwork-de-lonss\/"]}]},{"@type":"BreadcrumbList","@id":"https:\/\/peoplesphere.be\/fr\/les-interimaires-proteges-par-lapplication-interimwork-de-lonss\/#breadcrumb","itemListElement":[{"@type":"ListItem","position":1,"name":"Accueil","item":"https:\/\/peoplesphere.be\/fr\/"},{"@type":"ListItem","position":2,"name":"Les int\u00e9rimaires &lsquo;prot\u00e9g\u00e9s&rsquo; par l&rsquo;application Interim@work de l&rsquo;ONSS."}]},{"@type":"WebSite","@id":"https:\/\/peoplesphere.be\/fr\/#website","url":"https:\/\/peoplesphere.be\/fr\/","name":"Peoplesphere","description":"The People Managers Magazine","publisher":{"@id":"https:\/\/peoplesphere.be\/fr\/#organization"},"potentialAction":[{"@type":"SearchAction","target":{"@type":"EntryPoint","urlTemplate":"https:\/\/peoplesphere.be\/fr\/?s={search_term_string}"},"query-input":"required name=search_term_string"}],"inLanguage":"fr-FR"},{"@type":"Organization","@id":"https:\/\/peoplesphere.be\/fr\/#organization","name":"Peoplesphere Company srl","url":"https:\/\/peoplesphere.be\/fr\/","logo":{"@type":"ImageObject","inLanguage":"fr-FR","@id":"https:\/\/peoplesphere.be\/fr\/#\/schema\/logo\/image\/","url":"https:\/\/peoplesphere.be\/fr\/wp-content\/uploads\/2023\/07\/peoplesphere-lgo-new-generik.jpg","contentUrl":"https:\/\/peoplesphere.be\/fr\/wp-content\/uploads\/2023\/07\/peoplesphere-lgo-new-generik.jpg","width":1031,"height":1479,"caption":"Peoplesphere Company srl"},"image":{"@id":"https:\/\/peoplesphere.be\/fr\/#\/schema\/logo\/image\/"},"sameAs":["https:\/\/www.facebook.com\/peoplesphere","https:\/\/twitter.com\/PeoplesphereMag","https:\/\/www.linkedin.com\/company\/7587361?trk","http:\/\/youtube.com\/peoplesphere"]},{"@type":"Person","@id":"https:\/\/peoplesphere.be\/fr\/#\/schema\/person\/7976225ff17988604334abb7b3536a7e","name":"Jean-Paul Erhard","image":{"@type":"ImageObject","inLanguage":"fr-FR","@id":"https:\/\/peoplesphere.be\/fr\/#\/schema\/person\/image\/","url":"https:\/\/secure.gravatar.com\/avatar\/f941e681460179738071629a51574930?s=96&d=mm&r=g","contentUrl":"https:\/\/secure.gravatar.com\/avatar\/f941e681460179738071629a51574930?s=96&d=mm&r=g","caption":"Jean-Paul Erhard"},"url":"https:\/\/peoplesphere.be\/fr\/author\/jpe\/"}]}},"_links":{"self":[{"href":"https:\/\/peoplesphere.be\/fr\/wp-json\/wp\/v2\/posts\/3623"}],"collection":[{"href":"https:\/\/peoplesphere.be\/fr\/wp-json\/wp\/v2\/posts"}],"about":[{"href":"https:\/\/peoplesphere.be\/fr\/wp-json\/wp\/v2\/types\/post"}],"author":[{"embeddable":true,"href":"https:\/\/peoplesphere.be\/fr\/wp-json\/wp\/v2\/users\/2"}],"replies":[{"embeddable":true,"href":"https:\/\/peoplesphere.be\/fr\/wp-json\/wp\/v2\/comments?post=3623"}],"version-history":[{"count":1,"href":"https:\/\/peoplesphere.be\/fr\/wp-json\/wp\/v2\/posts\/3623\/revisions"}],"predecessor-version":[{"id":3624,"href":"https:\/\/peoplesphere.be\/fr\/wp-json\/wp\/v2\/posts\/3623\/revisions\/3624"}],"wp:attachment":[{"href":"https:\/\/peoplesphere.be\/fr\/wp-json\/wp\/v2\/media?parent=3623"}],"wp:term":[{"taxonomy":"category","embeddable":true,"href":"https:\/\/peoplesphere.be\/fr\/wp-json\/wp\/v2\/categories?post=3623"},{"taxonomy":"post_tag","embeddable":true,"href":"https:\/\/peoplesphere.be\/fr\/wp-json\/wp\/v2\/tags?post=3623"}],"curies":[{"name":"wp","href":"https:\/\/api.w.org\/{rel}","templated":true}]}}