









{"id":3628,"date":"2016-10-30T12:58:10","date_gmt":"2016-10-30T10:58:10","guid":{"rendered":"http:\/\/www.peoplesphere.be\/fr\/?p=3628"},"modified":"2016-10-30T12:58:10","modified_gmt":"2016-10-30T10:58:10","slug":"le-principe-de-responsabilisation-dans-le-financement-de-la-securite-sociale-est-approuve","status":"publish","type":"post","link":"https:\/\/peoplesphere.be\/fr\/le-principe-de-responsabilisation-dans-le-financement-de-la-securite-sociale-est-approuve\/","title":{"rendered":"Le principe de responsabilisation dans le financement de la s\u00e9curit\u00e9 sociale est approuv\u00e9."},"content":{"rendered":"<p>Le Conseil des ministres a donn\u00e9 le feu vert au projet de loi de la Ministre des Affaires sociales Maggie De Block et du Ministre des PME et des Ind\u00e9pendants Willy Borsus. Le financement de la s\u00e9curit\u00e9 sociale est ainsi r\u00e9form\u00e9. Le suivi ou le monitoring des d\u00e9penses est sensiblement am\u00e9lior\u00e9 afin de pouvoir intervenir rapidement en cas de probl\u00e8mes. La cl\u00e9 de vo\u00fbte est la dotation d&rsquo;\u00e9quilibre, qui assure l\u2019\u00e9quilibre mais qui responsabilisera en m\u00eame temps tous les acteurs.<!--more-->Maggie De Block, Ministre des Affaires sociales : <em>\u00ab\u00a0Nous introduisons des crit\u00e8res ou questions auxquels le gouvernement devra pouvoir r\u00e9pondre avant que la dotation d&rsquo;\u00e9quilibre ne soit attribu\u00e9e. Nous devons nous assurer de pouvoir payer les allocations chaque jour. Mais c\u2019est aussi une question de gestion consciencieuse de l\u2019argent de nos contribuables.\u00a0\u00bb<\/em><\/p>\n<p><strong><em>Financement alternatif<\/em><\/strong><\/p>\n<p>Lors de la sixi\u00e8me r\u00e9forme de l&rsquo;Etat, un certain nombre de comp\u00e9tences ont \u00e9t\u00e9 transf\u00e9r\u00e9es aux entit\u00e9s f\u00e9d\u00e9r\u00e9es, mais les moyens financiers de la plupart des comp\u00e9tences restent encore dans le giron du Gouvernement f\u00e9d\u00e9ral. Un m\u00e9canisme provisoire a jusqu&rsquo;\u00e0 pr\u00e9sent apport\u00e9 une solution. Les Ministres De Block et Borsus ont mis sur la table un nouveau syst\u00e8me de financement, simple, transparent et durable pour l&rsquo;avenir.<\/p>\n<p>Willy Borsus, Ministre des Classes moyennes, des Ind\u00e9pendants et des PME : <em>\u00ab\u00a0Je suis heureux de disposer d\u00e9sormais d&rsquo;un syst\u00e8me plus transparent, plus clair et qui r\u00e9ponde aux attentes des partenaires sociaux. De plus, nous pouvons \u00e0 pr\u00e9sent compter sur un financement structurel de la s\u00e9curit\u00e9 sociale qui permet de r\u00e9pondre aux objectifs du gouvernement, notamment ceux du taxshift. Par ailleurs, on a inscrit dans la loi la cl\u00e9 de r\u00e9partition 1\/9, ce qui renforce et garantit \u00e0 long terme le statut social des Ind\u00e9pendants.\u00a0\u00bb<\/em><\/p>\n<p>On met fin aux flux complexes de financement. A partir de 2017, le financement alternatif sera principalement constitu\u00e9 des recettes provenant de la TVA et du pr\u00e9compte mobilier.<br \/>\nAvec le financement alternatif, on veut compenser la baisse des recettes r\u00e9sultant du taxshift (diminution des cotisations sociales).<\/p>\n<p>Mais le gouvernement tiendra en m\u00eame temps compte dans cette compensation de l\u2019effet retour : comme plus de jobs sont cr\u00e9\u00e9s gr\u00e2ce au taxshift, les cotisations sociales vont tout de m\u00eame augmenter et les d\u00e9penses en mati\u00e8re de ch\u00f4mage vont diminuer. La compensation sera donc inf\u00e9rieure \u00e0 la diminution des recettes.<\/p>\n<p><strong><em>Dotation d\u2019\u00e9quilibre<\/em><\/strong><\/p>\n<p>L\u2019\u00e9quilibre financier de chaque syst\u00e8me de s\u00e9curit\u00e9 sociale sera garanti gr\u00e2ce \u00e0 la dotation d\u2019\u00e9quilibre qui sera \u00e0 nouveau introduite pour combler les d\u00e9ficits \u00e9ventuels. Une s\u00e9rie de conditions ou en d\u2019autres termes un m\u00e9canisme de responsabilisation, sera li\u00e9e \u00e0 cette dotation d&rsquo;\u00e9quilibre.<\/p>\n<p>Si un d\u00e9ficit se pr\u00e9sente, le Gouvernement examinera les questions suivantes et prendra \u00e9ventuellement des mesures suppl\u00e9mentaires :<br \/>\n&#8211; Les mesures contre la fraude sociale ont-elles \u00e9t\u00e9 prises?<br \/>\n&#8211; Des mesures contre un usage impropre de la s\u00e9curit\u00e9 sociale ont-elles \u00e9t\u00e9 prises?<br \/>\n&#8211; A concurrence de quel montant la s\u00e9curit\u00e9 sociale contribue-t-elle aux objectifs budg\u00e9taires g\u00e9n\u00e9raux impos\u00e9s afin de respecter les directives europ\u00e9ennes?<br \/>\n&#8211; Accord social: si les accords sociaux ne sont pas budg\u00e9tairement neutres, on pourrait demander aux partenaires sociaux de proposer des mesures pour compenser le d\u00e9ficit.<br \/>\n&#8211; Les mesures prises par le gouvernement pour la s\u00e9curit\u00e9 sociale, ont-elles \u00e9t\u00e9 ex\u00e9cut\u00e9es?<br \/>\n&#8211; Est-il possible d&rsquo;expliquer l&rsquo;augmentation des d\u00e9penses par certains effets de volume, comme par exemple un plus grand nombre de pensionn\u00e9s ou de personnes invalides?<\/p>\n<p>Pour les deux derniers points, le Gouvernement est assist\u00e9 par les experts d&rsquo;une nouvelle commission : la Commission Finances et Budget (CFB). Ces experts font partie des institutions concern\u00e9es.<br \/>\nPour \u00e9viter de gros d\u00e9rapages et pour pouvoir intervenir rapidement, cette commission examinera mensuellement si des d\u00e9ficits se pr\u00e9sentent ou risquent de se pr\u00e9senter. La commission demandera des pr\u00e9cisions et des ajustements ou des mesures aux comit\u00e9s de gestion des institutions des secteurs concern\u00e9s. Les partenaires sociaux sont repr\u00e9sent\u00e9s dans ces comit\u00e9s de gestion.<\/p>\n<p>La dotation classique de l\u2019Etat f\u00e9d\u00e9ral (= montant nominal ind\u00e9pendant de la conjoncture) reste inchang\u00e9e \u00e0 court terme. Le Gouvernement pr\u00e9voit un nouveau m\u00e9canisme pour l&rsquo;avenir. Cette dotation pourrait augmenter pour couvrir une partie des co\u00fbts du vieillissement, mais si deux conditions sont remplies (l&rsquo;\u00e2ge effectif de la retraite doit augmenter et la croissance \u00e9conomique doit \u00eatre suffisante).<\/p>\n<p><em>Source : Cabinet du Ministre W. Borsus<\/em><\/p>\n<p>&nbsp;<\/p>\n","protected":false},"excerpt":{"rendered":"<p>Le Conseil des ministres a donn\u00e9 le feu vert au projet de loi de la Ministre des Affaires sociales Maggie De Block et du Ministre des PME et des Ind\u00e9pendants Willy Borsus. Le financement de la s\u00e9curit\u00e9 sociale est ainsi [&hellip;]<\/p>\n","protected":false},"author":2,"featured_media":0,"comment_status":"closed","ping_status":"open","sticky":false,"template":"","format":"standard","meta":[],"categories":[65,10],"tags":[1001,278,58],"yoast_head":"<!-- This site is optimized with the Yoast SEO plugin v21.0 - https:\/\/yoast.com\/wordpress\/plugins\/seo\/ -->\n<title>Le principe de responsabilisation dans le financement de la s\u00e9curit\u00e9 sociale est approuv\u00e9. - Peoplesphere<\/title>\n<meta name=\"robots\" content=\"index, follow, max-snippet:-1, max-image-preview:large, max-video-preview:-1\" \/>\n<link rel=\"canonical\" href=\"https:\/\/peoplesphere.be\/fr\/le-principe-de-responsabilisation-dans-le-financement-de-la-securite-sociale-est-approuve\/\" \/>\n<meta property=\"og:locale\" content=\"fr_FR\" \/>\n<meta property=\"og:type\" content=\"article\" \/>\n<meta property=\"og:title\" content=\"Le principe de responsabilisation dans le financement de la s\u00e9curit\u00e9 sociale est approuv\u00e9. - Peoplesphere\" \/>\n<meta property=\"og:description\" content=\"Le Conseil des ministres a donn\u00e9 le feu vert au projet de loi de la Ministre des Affaires sociales Maggie De Block et du Ministre des PME et des Ind\u00e9pendants Willy Borsus. Le financement de la s\u00e9curit\u00e9 sociale est ainsi [&hellip;]\" \/>\n<meta property=\"og:url\" content=\"https:\/\/peoplesphere.be\/fr\/le-principe-de-responsabilisation-dans-le-financement-de-la-securite-sociale-est-approuve\/\" \/>\n<meta property=\"og:site_name\" content=\"Peoplesphere\" \/>\n<meta property=\"article:publisher\" content=\"https:\/\/www.facebook.com\/peoplesphere\" \/>\n<meta property=\"article:published_time\" content=\"2016-10-30T10:58:10+00:00\" \/>\n<meta property=\"og:image\" content=\"http:\/\/www.peoplesphere.be\/fr\/wp-content\/uploads\/2016\/07\/facebook-default-posting-1200x628px.jpg\" \/>\n<meta name=\"author\" content=\"Jean-Paul Erhard\" \/>\n<meta name=\"twitter:card\" content=\"summary_large_image\" \/>\n<meta name=\"twitter:creator\" content=\"@PeoplesphereMag\" \/>\n<meta name=\"twitter:site\" content=\"@PeoplesphereMag\" \/>\n<meta name=\"twitter:label1\" content=\"\u00c9crit par\" \/>\n\t<meta name=\"twitter:data1\" content=\"Jean-Paul Erhard\" \/>\n\t<meta name=\"twitter:label2\" content=\"Dur\u00e9e de lecture estim\u00e9e\" \/>\n\t<meta name=\"twitter:data2\" content=\"4 minutes\" \/>\n<script type=\"application\/ld+json\" class=\"yoast-schema-graph\">{\"@context\":\"https:\/\/schema.org\",\"@graph\":[{\"@type\":\"Article\",\"@id\":\"https:\/\/peoplesphere.be\/fr\/le-principe-de-responsabilisation-dans-le-financement-de-la-securite-sociale-est-approuve\/#article\",\"isPartOf\":{\"@id\":\"https:\/\/peoplesphere.be\/fr\/le-principe-de-responsabilisation-dans-le-financement-de-la-securite-sociale-est-approuve\/\"},\"author\":{\"name\":\"Jean-Paul Erhard\",\"@id\":\"https:\/\/peoplesphere.be\/fr\/#\/schema\/person\/7976225ff17988604334abb7b3536a7e\"},\"headline\":\"Le principe de responsabilisation dans le financement de la s\u00e9curit\u00e9 sociale est approuv\u00e9.\",\"datePublished\":\"2016-10-30T10:58:10+00:00\",\"dateModified\":\"2016-10-30T10:58:10+00:00\",\"mainEntityOfPage\":{\"@id\":\"https:\/\/peoplesphere.be\/fr\/le-principe-de-responsabilisation-dans-le-financement-de-la-securite-sociale-est-approuve\/\"},\"wordCount\":802,\"publisher\":{\"@id\":\"https:\/\/peoplesphere.be\/fr\/#organization\"},\"keywords\":[\"financement\",\"fraude sociale\",\"s\u00e9curit\u00e9 sociale\"],\"articleSection\":[\"Actualit\u00e9s\",\"Digital\"],\"inLanguage\":\"fr-FR\"},{\"@type\":\"WebPage\",\"@id\":\"https:\/\/peoplesphere.be\/fr\/le-principe-de-responsabilisation-dans-le-financement-de-la-securite-sociale-est-approuve\/\",\"url\":\"https:\/\/peoplesphere.be\/fr\/le-principe-de-responsabilisation-dans-le-financement-de-la-securite-sociale-est-approuve\/\",\"name\":\"Le principe de responsabilisation dans le financement de la s\u00e9curit\u00e9 sociale est approuv\u00e9. - Peoplesphere\",\"isPartOf\":{\"@id\":\"https:\/\/peoplesphere.be\/fr\/#website\"},\"datePublished\":\"2016-10-30T10:58:10+00:00\",\"dateModified\":\"2016-10-30T10:58:10+00:00\",\"breadcrumb\":{\"@id\":\"https:\/\/peoplesphere.be\/fr\/le-principe-de-responsabilisation-dans-le-financement-de-la-securite-sociale-est-approuve\/#breadcrumb\"},\"inLanguage\":\"fr-FR\",\"potentialAction\":[{\"@type\":\"ReadAction\",\"target\":[\"https:\/\/peoplesphere.be\/fr\/le-principe-de-responsabilisation-dans-le-financement-de-la-securite-sociale-est-approuve\/\"]}]},{\"@type\":\"BreadcrumbList\",\"@id\":\"https:\/\/peoplesphere.be\/fr\/le-principe-de-responsabilisation-dans-le-financement-de-la-securite-sociale-est-approuve\/#breadcrumb\",\"itemListElement\":[{\"@type\":\"ListItem\",\"position\":1,\"name\":\"Accueil\",\"item\":\"https:\/\/peoplesphere.be\/fr\/\"},{\"@type\":\"ListItem\",\"position\":2,\"name\":\"Le principe de responsabilisation dans le financement de la s\u00e9curit\u00e9 sociale est approuv\u00e9.\"}]},{\"@type\":\"WebSite\",\"@id\":\"https:\/\/peoplesphere.be\/fr\/#website\",\"url\":\"https:\/\/peoplesphere.be\/fr\/\",\"name\":\"Peoplesphere\",\"description\":\"The People Managers Magazine\",\"publisher\":{\"@id\":\"https:\/\/peoplesphere.be\/fr\/#organization\"},\"potentialAction\":[{\"@type\":\"SearchAction\",\"target\":{\"@type\":\"EntryPoint\",\"urlTemplate\":\"https:\/\/peoplesphere.be\/fr\/?s={search_term_string}\"},\"query-input\":\"required name=search_term_string\"}],\"inLanguage\":\"fr-FR\"},{\"@type\":\"Organization\",\"@id\":\"https:\/\/peoplesphere.be\/fr\/#organization\",\"name\":\"Peoplesphere Company srl\",\"url\":\"https:\/\/peoplesphere.be\/fr\/\",\"logo\":{\"@type\":\"ImageObject\",\"inLanguage\":\"fr-FR\",\"@id\":\"https:\/\/peoplesphere.be\/fr\/#\/schema\/logo\/image\/\",\"url\":\"https:\/\/peoplesphere.be\/fr\/wp-content\/uploads\/2023\/07\/peoplesphere-lgo-new-generik.jpg\",\"contentUrl\":\"https:\/\/peoplesphere.be\/fr\/wp-content\/uploads\/2023\/07\/peoplesphere-lgo-new-generik.jpg\",\"width\":1031,\"height\":1479,\"caption\":\"Peoplesphere Company srl\"},\"image\":{\"@id\":\"https:\/\/peoplesphere.be\/fr\/#\/schema\/logo\/image\/\"},\"sameAs\":[\"https:\/\/www.facebook.com\/peoplesphere\",\"https:\/\/twitter.com\/PeoplesphereMag\",\"https:\/\/www.linkedin.com\/company\/7587361?trk\",\"http:\/\/youtube.com\/peoplesphere\"]},{\"@type\":\"Person\",\"@id\":\"https:\/\/peoplesphere.be\/fr\/#\/schema\/person\/7976225ff17988604334abb7b3536a7e\",\"name\":\"Jean-Paul Erhard\",\"image\":{\"@type\":\"ImageObject\",\"inLanguage\":\"fr-FR\",\"@id\":\"https:\/\/peoplesphere.be\/fr\/#\/schema\/person\/image\/\",\"url\":\"https:\/\/secure.gravatar.com\/avatar\/f941e681460179738071629a51574930?s=96&d=mm&r=g\",\"contentUrl\":\"https:\/\/secure.gravatar.com\/avatar\/f941e681460179738071629a51574930?s=96&d=mm&r=g\",\"caption\":\"Jean-Paul Erhard\"},\"url\":\"https:\/\/peoplesphere.be\/fr\/author\/jpe\/\"}]}<\/script>\n<!-- \/ Yoast SEO plugin. -->","yoast_head_json":{"title":"Le principe de responsabilisation dans le financement de la s\u00e9curit\u00e9 sociale est approuv\u00e9. - Peoplesphere","robots":{"index":"index","follow":"follow","max-snippet":"max-snippet:-1","max-image-preview":"max-image-preview:large","max-video-preview":"max-video-preview:-1"},"canonical":"https:\/\/peoplesphere.be\/fr\/le-principe-de-responsabilisation-dans-le-financement-de-la-securite-sociale-est-approuve\/","og_locale":"fr_FR","og_type":"article","og_title":"Le principe de responsabilisation dans le financement de la s\u00e9curit\u00e9 sociale est approuv\u00e9. - Peoplesphere","og_description":"Le Conseil des ministres a donn\u00e9 le feu vert au projet de loi de la Ministre des Affaires sociales Maggie De Block et du Ministre des PME et des Ind\u00e9pendants Willy Borsus. Le financement de la s\u00e9curit\u00e9 sociale est ainsi [&hellip;]","og_url":"https:\/\/peoplesphere.be\/fr\/le-principe-de-responsabilisation-dans-le-financement-de-la-securite-sociale-est-approuve\/","og_site_name":"Peoplesphere","article_publisher":"https:\/\/www.facebook.com\/peoplesphere","article_published_time":"2016-10-30T10:58:10+00:00","og_image":[{"url":"http:\/\/www.peoplesphere.be\/fr\/wp-content\/uploads\/2016\/07\/facebook-default-posting-1200x628px.jpg"}],"author":"Jean-Paul Erhard","twitter_card":"summary_large_image","twitter_creator":"@PeoplesphereMag","twitter_site":"@PeoplesphereMag","twitter_misc":{"\u00c9crit par":"Jean-Paul Erhard","Dur\u00e9e de lecture estim\u00e9e":"4 minutes"},"schema":{"@context":"https:\/\/schema.org","@graph":[{"@type":"Article","@id":"https:\/\/peoplesphere.be\/fr\/le-principe-de-responsabilisation-dans-le-financement-de-la-securite-sociale-est-approuve\/#article","isPartOf":{"@id":"https:\/\/peoplesphere.be\/fr\/le-principe-de-responsabilisation-dans-le-financement-de-la-securite-sociale-est-approuve\/"},"author":{"name":"Jean-Paul Erhard","@id":"https:\/\/peoplesphere.be\/fr\/#\/schema\/person\/7976225ff17988604334abb7b3536a7e"},"headline":"Le principe de responsabilisation dans le financement de la s\u00e9curit\u00e9 sociale est approuv\u00e9.","datePublished":"2016-10-30T10:58:10+00:00","dateModified":"2016-10-30T10:58:10+00:00","mainEntityOfPage":{"@id":"https:\/\/peoplesphere.be\/fr\/le-principe-de-responsabilisation-dans-le-financement-de-la-securite-sociale-est-approuve\/"},"wordCount":802,"publisher":{"@id":"https:\/\/peoplesphere.be\/fr\/#organization"},"keywords":["financement","fraude sociale","s\u00e9curit\u00e9 sociale"],"articleSection":["Actualit\u00e9s","Digital"],"inLanguage":"fr-FR"},{"@type":"WebPage","@id":"https:\/\/peoplesphere.be\/fr\/le-principe-de-responsabilisation-dans-le-financement-de-la-securite-sociale-est-approuve\/","url":"https:\/\/peoplesphere.be\/fr\/le-principe-de-responsabilisation-dans-le-financement-de-la-securite-sociale-est-approuve\/","name":"Le principe de responsabilisation dans le financement de la s\u00e9curit\u00e9 sociale est approuv\u00e9. - Peoplesphere","isPartOf":{"@id":"https:\/\/peoplesphere.be\/fr\/#website"},"datePublished":"2016-10-30T10:58:10+00:00","dateModified":"2016-10-30T10:58:10+00:00","breadcrumb":{"@id":"https:\/\/peoplesphere.be\/fr\/le-principe-de-responsabilisation-dans-le-financement-de-la-securite-sociale-est-approuve\/#breadcrumb"},"inLanguage":"fr-FR","potentialAction":[{"@type":"ReadAction","target":["https:\/\/peoplesphere.be\/fr\/le-principe-de-responsabilisation-dans-le-financement-de-la-securite-sociale-est-approuve\/"]}]},{"@type":"BreadcrumbList","@id":"https:\/\/peoplesphere.be\/fr\/le-principe-de-responsabilisation-dans-le-financement-de-la-securite-sociale-est-approuve\/#breadcrumb","itemListElement":[{"@type":"ListItem","position":1,"name":"Accueil","item":"https:\/\/peoplesphere.be\/fr\/"},{"@type":"ListItem","position":2,"name":"Le principe de responsabilisation dans le financement de la s\u00e9curit\u00e9 sociale est approuv\u00e9."}]},{"@type":"WebSite","@id":"https:\/\/peoplesphere.be\/fr\/#website","url":"https:\/\/peoplesphere.be\/fr\/","name":"Peoplesphere","description":"The People Managers Magazine","publisher":{"@id":"https:\/\/peoplesphere.be\/fr\/#organization"},"potentialAction":[{"@type":"SearchAction","target":{"@type":"EntryPoint","urlTemplate":"https:\/\/peoplesphere.be\/fr\/?s={search_term_string}"},"query-input":"required name=search_term_string"}],"inLanguage":"fr-FR"},{"@type":"Organization","@id":"https:\/\/peoplesphere.be\/fr\/#organization","name":"Peoplesphere Company srl","url":"https:\/\/peoplesphere.be\/fr\/","logo":{"@type":"ImageObject","inLanguage":"fr-FR","@id":"https:\/\/peoplesphere.be\/fr\/#\/schema\/logo\/image\/","url":"https:\/\/peoplesphere.be\/fr\/wp-content\/uploads\/2023\/07\/peoplesphere-lgo-new-generik.jpg","contentUrl":"https:\/\/peoplesphere.be\/fr\/wp-content\/uploads\/2023\/07\/peoplesphere-lgo-new-generik.jpg","width":1031,"height":1479,"caption":"Peoplesphere Company srl"},"image":{"@id":"https:\/\/peoplesphere.be\/fr\/#\/schema\/logo\/image\/"},"sameAs":["https:\/\/www.facebook.com\/peoplesphere","https:\/\/twitter.com\/PeoplesphereMag","https:\/\/www.linkedin.com\/company\/7587361?trk","http:\/\/youtube.com\/peoplesphere"]},{"@type":"Person","@id":"https:\/\/peoplesphere.be\/fr\/#\/schema\/person\/7976225ff17988604334abb7b3536a7e","name":"Jean-Paul Erhard","image":{"@type":"ImageObject","inLanguage":"fr-FR","@id":"https:\/\/peoplesphere.be\/fr\/#\/schema\/person\/image\/","url":"https:\/\/secure.gravatar.com\/avatar\/f941e681460179738071629a51574930?s=96&d=mm&r=g","contentUrl":"https:\/\/secure.gravatar.com\/avatar\/f941e681460179738071629a51574930?s=96&d=mm&r=g","caption":"Jean-Paul Erhard"},"url":"https:\/\/peoplesphere.be\/fr\/author\/jpe\/"}]}},"_links":{"self":[{"href":"https:\/\/peoplesphere.be\/fr\/wp-json\/wp\/v2\/posts\/3628"}],"collection":[{"href":"https:\/\/peoplesphere.be\/fr\/wp-json\/wp\/v2\/posts"}],"about":[{"href":"https:\/\/peoplesphere.be\/fr\/wp-json\/wp\/v2\/types\/post"}],"author":[{"embeddable":true,"href":"https:\/\/peoplesphere.be\/fr\/wp-json\/wp\/v2\/users\/2"}],"replies":[{"embeddable":true,"href":"https:\/\/peoplesphere.be\/fr\/wp-json\/wp\/v2\/comments?post=3628"}],"version-history":[{"count":1,"href":"https:\/\/peoplesphere.be\/fr\/wp-json\/wp\/v2\/posts\/3628\/revisions"}],"predecessor-version":[{"id":3629,"href":"https:\/\/peoplesphere.be\/fr\/wp-json\/wp\/v2\/posts\/3628\/revisions\/3629"}],"wp:attachment":[{"href":"https:\/\/peoplesphere.be\/fr\/wp-json\/wp\/v2\/media?parent=3628"}],"wp:term":[{"taxonomy":"category","embeddable":true,"href":"https:\/\/peoplesphere.be\/fr\/wp-json\/wp\/v2\/categories?post=3628"},{"taxonomy":"post_tag","embeddable":true,"href":"https:\/\/peoplesphere.be\/fr\/wp-json\/wp\/v2\/tags?post=3628"}],"curies":[{"name":"wp","href":"https:\/\/api.w.org\/{rel}","templated":true}]}}