









{"id":3654,"date":"2016-11-09T15:51:42","date_gmt":"2016-11-09T13:51:42","guid":{"rendered":"http:\/\/www.peoplesphere.be\/fr\/?p=3654"},"modified":"2016-11-10T06:19:58","modified_gmt":"2016-11-10T04:19:58","slug":"adp-academy-liege-2016-renforcements-croises-entre-lenseignement-et-lentreprise-le-24-novembre-2016","status":"publish","type":"post","link":"https:\/\/peoplesphere.be\/fr\/adp-academy-liege-2016-renforcements-croises-entre-lenseignement-et-lentreprise-le-24-novembre-2016\/","title":{"rendered":"ADP Academy Li\u00e8ge 2016 : renforcements crois\u00e9s entre l&rsquo;enseignement et l&rsquo;entreprise le 24 novembre 2016."},"content":{"rendered":"<p>Le second colloque ADP Li\u00e8ge 2016 change de nom et devient \u00ab\u00a0ADP Academy Li\u00e8ge 2016\u00a0\u00bb. Sous l&rsquo;intitul\u00e9 \u00ab\u00a0Partage de connaissances entre Enseignement &amp; Travail : renforcements crois\u00e9s\u00a0\u00bb, les membres de l&rsquo;ADP Li\u00e8ge se r\u00e9uniront le 24 novembre 2016, de 12h \u00e0 18h30 au Cercle de Wallonie de Li\u00e8ge, en pr\u00e9sence de Monsieur Jean-Claude Marcourt, Vice-Pr\u00e9sident du Gouvernement Wallon et de la F\u00e9d\u00e9ration Wallonie-Bruxelles, Ministre de l&rsquo;Economie, de l&rsquo;Industrie, et de l&rsquo;Enseignement sup\u00e9rieur.<!--more--><\/p>\n<p>Les deux grands types d&rsquo;organisations humaines dans lesquelles nous \u00e9voluons durant notre vie, l&rsquo;\u00e9cole puis l&rsquo;entreprise, sont des leviers d\u00e9terminants face \u00e0 l&rsquo;\u00e9norme d\u00e9fi du red\u00e9ploiement de la Wallonie.<\/p>\n<p>D&rsquo;une part, le partage de connaissances et d&rsquo;exp\u00e9rience entre l&rsquo;\u00e9conomie et l&rsquo;enseignement dans le domaine des ressources humaines est d\u00e9terminante. D&rsquo;autre part, elle est d&rsquo;autre part une source d&rsquo;inspiration in\u00e9puisable pour la pratique quotidienne des RH.<\/p>\n<p>Lors d&rsquo;un apr\u00e8s-midi dynamique et convivial, inspirez-vous des meilleurs travaux de fin d&rsquo;\u00e9tudes des facult\u00e9s universitaires et hautes \u00e9coles, r\u00e9seautez entre professionnels, \u00e9changez avec Monsieur le Ministre Jean-Claude Marcourt, et votez pour le Prix ADP Li\u00e8ge 2016 !<\/p>\n<p>Participation aux frais : 150\u20ac (non-membres) ; 100\u20ac (membres ADP&rsquo;s Wallonie &amp; Bruxelles ; membres Cercle de Wallonie ; parrain\u00e9(s) par un membre ADP Li\u00e8ge ou un Sponsor partenaire) ; 50\u20ac (enseignants) ; 20\u20ac (\u00e9tudiants).<\/p>\n<p>Le montant est \u00e0 verser ANTICIPATIVEMENT sur le compte BE46 0680 4057 6036 de l\u2019ADP &#8211; avec mention : \u00abColloque ADP 24.11.16 : NOM et pr\u00e9nom\u00bb. Toute inscription enregistr\u00e9e et qui n\u2019est pas annul\u00e9e 24 heures avant la manifestation est due.<\/p>\n<p>Inscription via :\u00a0<a href=\"http:\/\/www.adp-liege.be\/fr\/inscription\">http:\/\/www.adp-liege.be\/fr\/inscription<\/a><\/p>\n","protected":false},"excerpt":{"rendered":"<p>Le second colloque ADP Li\u00e8ge 2016 change de nom et devient \u00ab\u00a0ADP Academy Li\u00e8ge 2016\u00a0\u00bb. Sous l&rsquo;intitul\u00e9 \u00ab\u00a0Partage de connaissances entre Enseignement &amp; Travail : renforcements crois\u00e9s\u00a0\u00bb, les membres de l&rsquo;ADP Li\u00e8ge se r\u00e9uniront le 24 novembre 2016, de 12h [&hellip;]<\/p>\n","protected":false},"author":2,"featured_media":0,"comment_status":"closed","ping_status":"open","sticky":false,"template":"","format":"standard","meta":[],"categories":[67,8],"tags":[274,361,467,984],"yoast_head":"<!-- This site is optimized with the Yoast SEO plugin v21.0 - https:\/\/yoast.com\/wordpress\/plugins\/seo\/ -->\n<title>ADP Academy Li\u00e8ge 2016 : renforcements crois\u00e9s entre l&#039;enseignement et l&#039;entreprise le 24 novembre 2016. - Peoplesphere<\/title>\n<meta name=\"robots\" content=\"index, follow, max-snippet:-1, max-image-preview:large, max-video-preview:-1\" \/>\n<link rel=\"canonical\" href=\"https:\/\/peoplesphere.be\/fr\/adp-academy-liege-2016-renforcements-croises-entre-lenseignement-et-lentreprise-le-24-novembre-2016\/\" \/>\n<meta property=\"og:locale\" content=\"fr_FR\" \/>\n<meta property=\"og:type\" content=\"article\" \/>\n<meta property=\"og:title\" content=\"ADP Academy Li\u00e8ge 2016 : renforcements crois\u00e9s entre l&#039;enseignement et l&#039;entreprise le 24 novembre 2016. - Peoplesphere\" \/>\n<meta property=\"og:description\" content=\"Le second colloque ADP Li\u00e8ge 2016 change de nom et devient \u00ab\u00a0ADP Academy Li\u00e8ge 2016\u00a0\u00bb. Sous l&rsquo;intitul\u00e9 \u00ab\u00a0Partage de connaissances entre Enseignement &amp; Travail : renforcements crois\u00e9s\u00a0\u00bb, les membres de l&rsquo;ADP Li\u00e8ge se r\u00e9uniront le 24 novembre 2016, de 12h [&hellip;]\" \/>\n<meta property=\"og:url\" content=\"https:\/\/peoplesphere.be\/fr\/adp-academy-liege-2016-renforcements-croises-entre-lenseignement-et-lentreprise-le-24-novembre-2016\/\" \/>\n<meta property=\"og:site_name\" content=\"Peoplesphere\" \/>\n<meta property=\"article:publisher\" content=\"https:\/\/www.facebook.com\/peoplesphere\" \/>\n<meta property=\"article:published_time\" content=\"2016-11-09T13:51:42+00:00\" \/>\n<meta property=\"article:modified_time\" content=\"2016-11-10T04:19:58+00:00\" \/>\n<meta property=\"og:image\" content=\"http:\/\/www.peoplesphere.be\/fr\/wp-content\/uploads\/2016\/07\/facebook-default-posting-1200x628px.jpg\" \/>\n<meta name=\"author\" content=\"Jean-Paul Erhard\" \/>\n<meta name=\"twitter:card\" content=\"summary_large_image\" \/>\n<meta name=\"twitter:creator\" content=\"@PeoplesphereMag\" \/>\n<meta name=\"twitter:site\" content=\"@PeoplesphereMag\" \/>\n<meta name=\"twitter:label1\" content=\"\u00c9crit par\" \/>\n\t<meta name=\"twitter:data1\" content=\"Jean-Paul Erhard\" \/>\n\t<meta name=\"twitter:label2\" content=\"Dur\u00e9e de lecture estim\u00e9e\" \/>\n\t<meta name=\"twitter:data2\" content=\"1 minute\" \/>\n<script type=\"application\/ld+json\" class=\"yoast-schema-graph\">{\"@context\":\"https:\/\/schema.org\",\"@graph\":[{\"@type\":\"Article\",\"@id\":\"https:\/\/peoplesphere.be\/fr\/adp-academy-liege-2016-renforcements-croises-entre-lenseignement-et-lentreprise-le-24-novembre-2016\/#article\",\"isPartOf\":{\"@id\":\"https:\/\/peoplesphere.be\/fr\/adp-academy-liege-2016-renforcements-croises-entre-lenseignement-et-lentreprise-le-24-novembre-2016\/\"},\"author\":{\"name\":\"Jean-Paul Erhard\",\"@id\":\"https:\/\/peoplesphere.be\/fr\/#\/schema\/person\/7976225ff17988604334abb7b3536a7e\"},\"headline\":\"ADP Academy Li\u00e8ge 2016 : renforcements crois\u00e9s entre l&rsquo;enseignement et l&rsquo;entreprise le 24 novembre 2016.\",\"datePublished\":\"2016-11-09T13:51:42+00:00\",\"dateModified\":\"2016-11-10T04:19:58+00:00\",\"mainEntityOfPage\":{\"@id\":\"https:\/\/peoplesphere.be\/fr\/adp-academy-liege-2016-renforcements-croises-entre-lenseignement-et-lentreprise-le-24-novembre-2016\/\"},\"wordCount\":277,\"publisher\":{\"@id\":\"https:\/\/peoplesphere.be\/fr\/#organization\"},\"keywords\":[\"ADP Li\u00e8ge\",\"colloque\",\"enseignement\",\"partage de connaissances\"],\"articleSection\":[\"Calendrier\",\"Events\"],\"inLanguage\":\"fr-FR\"},{\"@type\":\"WebPage\",\"@id\":\"https:\/\/peoplesphere.be\/fr\/adp-academy-liege-2016-renforcements-croises-entre-lenseignement-et-lentreprise-le-24-novembre-2016\/\",\"url\":\"https:\/\/peoplesphere.be\/fr\/adp-academy-liege-2016-renforcements-croises-entre-lenseignement-et-lentreprise-le-24-novembre-2016\/\",\"name\":\"ADP Academy Li\u00e8ge 2016 : renforcements crois\u00e9s entre l'enseignement et l'entreprise le 24 novembre 2016. - Peoplesphere\",\"isPartOf\":{\"@id\":\"https:\/\/peoplesphere.be\/fr\/#website\"},\"datePublished\":\"2016-11-09T13:51:42+00:00\",\"dateModified\":\"2016-11-10T04:19:58+00:00\",\"breadcrumb\":{\"@id\":\"https:\/\/peoplesphere.be\/fr\/adp-academy-liege-2016-renforcements-croises-entre-lenseignement-et-lentreprise-le-24-novembre-2016\/#breadcrumb\"},\"inLanguage\":\"fr-FR\",\"potentialAction\":[{\"@type\":\"ReadAction\",\"target\":[\"https:\/\/peoplesphere.be\/fr\/adp-academy-liege-2016-renforcements-croises-entre-lenseignement-et-lentreprise-le-24-novembre-2016\/\"]}]},{\"@type\":\"BreadcrumbList\",\"@id\":\"https:\/\/peoplesphere.be\/fr\/adp-academy-liege-2016-renforcements-croises-entre-lenseignement-et-lentreprise-le-24-novembre-2016\/#breadcrumb\",\"itemListElement\":[{\"@type\":\"ListItem\",\"position\":1,\"name\":\"Accueil\",\"item\":\"https:\/\/peoplesphere.be\/fr\/\"},{\"@type\":\"ListItem\",\"position\":2,\"name\":\"ADP Academy Li\u00e8ge 2016 : renforcements crois\u00e9s entre l&rsquo;enseignement et l&rsquo;entreprise le 24 novembre 2016.\"}]},{\"@type\":\"WebSite\",\"@id\":\"https:\/\/peoplesphere.be\/fr\/#website\",\"url\":\"https:\/\/peoplesphere.be\/fr\/\",\"name\":\"Peoplesphere\",\"description\":\"The People Managers Magazine\",\"publisher\":{\"@id\":\"https:\/\/peoplesphere.be\/fr\/#organization\"},\"potentialAction\":[{\"@type\":\"SearchAction\",\"target\":{\"@type\":\"EntryPoint\",\"urlTemplate\":\"https:\/\/peoplesphere.be\/fr\/?s={search_term_string}\"},\"query-input\":\"required name=search_term_string\"}],\"inLanguage\":\"fr-FR\"},{\"@type\":\"Organization\",\"@id\":\"https:\/\/peoplesphere.be\/fr\/#organization\",\"name\":\"Peoplesphere Company srl\",\"url\":\"https:\/\/peoplesphere.be\/fr\/\",\"logo\":{\"@type\":\"ImageObject\",\"inLanguage\":\"fr-FR\",\"@id\":\"https:\/\/peoplesphere.be\/fr\/#\/schema\/logo\/image\/\",\"url\":\"https:\/\/peoplesphere.be\/fr\/wp-content\/uploads\/2023\/07\/peoplesphere-lgo-new-generik.jpg\",\"contentUrl\":\"https:\/\/peoplesphere.be\/fr\/wp-content\/uploads\/2023\/07\/peoplesphere-lgo-new-generik.jpg\",\"width\":1031,\"height\":1479,\"caption\":\"Peoplesphere Company srl\"},\"image\":{\"@id\":\"https:\/\/peoplesphere.be\/fr\/#\/schema\/logo\/image\/\"},\"sameAs\":[\"https:\/\/www.facebook.com\/peoplesphere\",\"https:\/\/twitter.com\/PeoplesphereMag\",\"https:\/\/www.linkedin.com\/company\/7587361?trk\",\"http:\/\/youtube.com\/peoplesphere\"]},{\"@type\":\"Person\",\"@id\":\"https:\/\/peoplesphere.be\/fr\/#\/schema\/person\/7976225ff17988604334abb7b3536a7e\",\"name\":\"Jean-Paul Erhard\",\"image\":{\"@type\":\"ImageObject\",\"inLanguage\":\"fr-FR\",\"@id\":\"https:\/\/peoplesphere.be\/fr\/#\/schema\/person\/image\/\",\"url\":\"https:\/\/secure.gravatar.com\/avatar\/f941e681460179738071629a51574930?s=96&d=mm&r=g\",\"contentUrl\":\"https:\/\/secure.gravatar.com\/avatar\/f941e681460179738071629a51574930?s=96&d=mm&r=g\",\"caption\":\"Jean-Paul Erhard\"},\"url\":\"https:\/\/peoplesphere.be\/fr\/author\/jpe\/\"}]}<\/script>\n<!-- \/ Yoast SEO plugin. -->","yoast_head_json":{"title":"ADP Academy Li\u00e8ge 2016 : renforcements crois\u00e9s entre l'enseignement et l'entreprise le 24 novembre 2016. - Peoplesphere","robots":{"index":"index","follow":"follow","max-snippet":"max-snippet:-1","max-image-preview":"max-image-preview:large","max-video-preview":"max-video-preview:-1"},"canonical":"https:\/\/peoplesphere.be\/fr\/adp-academy-liege-2016-renforcements-croises-entre-lenseignement-et-lentreprise-le-24-novembre-2016\/","og_locale":"fr_FR","og_type":"article","og_title":"ADP Academy Li\u00e8ge 2016 : renforcements crois\u00e9s entre l'enseignement et l'entreprise le 24 novembre 2016. - Peoplesphere","og_description":"Le second colloque ADP Li\u00e8ge 2016 change de nom et devient \u00ab\u00a0ADP Academy Li\u00e8ge 2016\u00a0\u00bb. Sous l&rsquo;intitul\u00e9 \u00ab\u00a0Partage de connaissances entre Enseignement &amp; Travail : renforcements crois\u00e9s\u00a0\u00bb, les membres de l&rsquo;ADP Li\u00e8ge se r\u00e9uniront le 24 novembre 2016, de 12h [&hellip;]","og_url":"https:\/\/peoplesphere.be\/fr\/adp-academy-liege-2016-renforcements-croises-entre-lenseignement-et-lentreprise-le-24-novembre-2016\/","og_site_name":"Peoplesphere","article_publisher":"https:\/\/www.facebook.com\/peoplesphere","article_published_time":"2016-11-09T13:51:42+00:00","article_modified_time":"2016-11-10T04:19:58+00:00","og_image":[{"url":"http:\/\/www.peoplesphere.be\/fr\/wp-content\/uploads\/2016\/07\/facebook-default-posting-1200x628px.jpg"}],"author":"Jean-Paul Erhard","twitter_card":"summary_large_image","twitter_creator":"@PeoplesphereMag","twitter_site":"@PeoplesphereMag","twitter_misc":{"\u00c9crit par":"Jean-Paul Erhard","Dur\u00e9e de lecture estim\u00e9e":"1 minute"},"schema":{"@context":"https:\/\/schema.org","@graph":[{"@type":"Article","@id":"https:\/\/peoplesphere.be\/fr\/adp-academy-liege-2016-renforcements-croises-entre-lenseignement-et-lentreprise-le-24-novembre-2016\/#article","isPartOf":{"@id":"https:\/\/peoplesphere.be\/fr\/adp-academy-liege-2016-renforcements-croises-entre-lenseignement-et-lentreprise-le-24-novembre-2016\/"},"author":{"name":"Jean-Paul Erhard","@id":"https:\/\/peoplesphere.be\/fr\/#\/schema\/person\/7976225ff17988604334abb7b3536a7e"},"headline":"ADP Academy Li\u00e8ge 2016 : renforcements crois\u00e9s entre l&rsquo;enseignement et l&rsquo;entreprise le 24 novembre 2016.","datePublished":"2016-11-09T13:51:42+00:00","dateModified":"2016-11-10T04:19:58+00:00","mainEntityOfPage":{"@id":"https:\/\/peoplesphere.be\/fr\/adp-academy-liege-2016-renforcements-croises-entre-lenseignement-et-lentreprise-le-24-novembre-2016\/"},"wordCount":277,"publisher":{"@id":"https:\/\/peoplesphere.be\/fr\/#organization"},"keywords":["ADP Li\u00e8ge","colloque","enseignement","partage de connaissances"],"articleSection":["Calendrier","Events"],"inLanguage":"fr-FR"},{"@type":"WebPage","@id":"https:\/\/peoplesphere.be\/fr\/adp-academy-liege-2016-renforcements-croises-entre-lenseignement-et-lentreprise-le-24-novembre-2016\/","url":"https:\/\/peoplesphere.be\/fr\/adp-academy-liege-2016-renforcements-croises-entre-lenseignement-et-lentreprise-le-24-novembre-2016\/","name":"ADP Academy Li\u00e8ge 2016 : renforcements crois\u00e9s entre l'enseignement et l'entreprise le 24 novembre 2016. - Peoplesphere","isPartOf":{"@id":"https:\/\/peoplesphere.be\/fr\/#website"},"datePublished":"2016-11-09T13:51:42+00:00","dateModified":"2016-11-10T04:19:58+00:00","breadcrumb":{"@id":"https:\/\/peoplesphere.be\/fr\/adp-academy-liege-2016-renforcements-croises-entre-lenseignement-et-lentreprise-le-24-novembre-2016\/#breadcrumb"},"inLanguage":"fr-FR","potentialAction":[{"@type":"ReadAction","target":["https:\/\/peoplesphere.be\/fr\/adp-academy-liege-2016-renforcements-croises-entre-lenseignement-et-lentreprise-le-24-novembre-2016\/"]}]},{"@type":"BreadcrumbList","@id":"https:\/\/peoplesphere.be\/fr\/adp-academy-liege-2016-renforcements-croises-entre-lenseignement-et-lentreprise-le-24-novembre-2016\/#breadcrumb","itemListElement":[{"@type":"ListItem","position":1,"name":"Accueil","item":"https:\/\/peoplesphere.be\/fr\/"},{"@type":"ListItem","position":2,"name":"ADP Academy Li\u00e8ge 2016 : renforcements crois\u00e9s entre l&rsquo;enseignement et l&rsquo;entreprise le 24 novembre 2016."}]},{"@type":"WebSite","@id":"https:\/\/peoplesphere.be\/fr\/#website","url":"https:\/\/peoplesphere.be\/fr\/","name":"Peoplesphere","description":"The People Managers Magazine","publisher":{"@id":"https:\/\/peoplesphere.be\/fr\/#organization"},"potentialAction":[{"@type":"SearchAction","target":{"@type":"EntryPoint","urlTemplate":"https:\/\/peoplesphere.be\/fr\/?s={search_term_string}"},"query-input":"required name=search_term_string"}],"inLanguage":"fr-FR"},{"@type":"Organization","@id":"https:\/\/peoplesphere.be\/fr\/#organization","name":"Peoplesphere Company srl","url":"https:\/\/peoplesphere.be\/fr\/","logo":{"@type":"ImageObject","inLanguage":"fr-FR","@id":"https:\/\/peoplesphere.be\/fr\/#\/schema\/logo\/image\/","url":"https:\/\/peoplesphere.be\/fr\/wp-content\/uploads\/2023\/07\/peoplesphere-lgo-new-generik.jpg","contentUrl":"https:\/\/peoplesphere.be\/fr\/wp-content\/uploads\/2023\/07\/peoplesphere-lgo-new-generik.jpg","width":1031,"height":1479,"caption":"Peoplesphere Company srl"},"image":{"@id":"https:\/\/peoplesphere.be\/fr\/#\/schema\/logo\/image\/"},"sameAs":["https:\/\/www.facebook.com\/peoplesphere","https:\/\/twitter.com\/PeoplesphereMag","https:\/\/www.linkedin.com\/company\/7587361?trk","http:\/\/youtube.com\/peoplesphere"]},{"@type":"Person","@id":"https:\/\/peoplesphere.be\/fr\/#\/schema\/person\/7976225ff17988604334abb7b3536a7e","name":"Jean-Paul Erhard","image":{"@type":"ImageObject","inLanguage":"fr-FR","@id":"https:\/\/peoplesphere.be\/fr\/#\/schema\/person\/image\/","url":"https:\/\/secure.gravatar.com\/avatar\/f941e681460179738071629a51574930?s=96&d=mm&r=g","contentUrl":"https:\/\/secure.gravatar.com\/avatar\/f941e681460179738071629a51574930?s=96&d=mm&r=g","caption":"Jean-Paul Erhard"},"url":"https:\/\/peoplesphere.be\/fr\/author\/jpe\/"}]}},"_links":{"self":[{"href":"https:\/\/peoplesphere.be\/fr\/wp-json\/wp\/v2\/posts\/3654"}],"collection":[{"href":"https:\/\/peoplesphere.be\/fr\/wp-json\/wp\/v2\/posts"}],"about":[{"href":"https:\/\/peoplesphere.be\/fr\/wp-json\/wp\/v2\/types\/post"}],"author":[{"embeddable":true,"href":"https:\/\/peoplesphere.be\/fr\/wp-json\/wp\/v2\/users\/2"}],"replies":[{"embeddable":true,"href":"https:\/\/peoplesphere.be\/fr\/wp-json\/wp\/v2\/comments?post=3654"}],"version-history":[{"count":2,"href":"https:\/\/peoplesphere.be\/fr\/wp-json\/wp\/v2\/posts\/3654\/revisions"}],"predecessor-version":[{"id":3661,"href":"https:\/\/peoplesphere.be\/fr\/wp-json\/wp\/v2\/posts\/3654\/revisions\/3661"}],"wp:attachment":[{"href":"https:\/\/peoplesphere.be\/fr\/wp-json\/wp\/v2\/media?parent=3654"}],"wp:term":[{"taxonomy":"category","embeddable":true,"href":"https:\/\/peoplesphere.be\/fr\/wp-json\/wp\/v2\/categories?post=3654"},{"taxonomy":"post_tag","embeddable":true,"href":"https:\/\/peoplesphere.be\/fr\/wp-json\/wp\/v2\/tags?post=3654"}],"curies":[{"name":"wp","href":"https:\/\/api.w.org\/{rel}","templated":true}]}}