









{"id":3701,"date":"2016-11-24T07:23:12","date_gmt":"2016-11-24T05:23:12","guid":{"rendered":"http:\/\/www.peoplesphere.be\/fr\/?p=3701"},"modified":"2016-11-24T07:23:12","modified_gmt":"2016-11-24T05:23:12","slug":"erosion-des-classes-moyennes-en-europe-prendre-conscience-de-la-realite-des-travailleurs","status":"publish","type":"post","link":"https:\/\/peoplesphere.be\/fr\/erosion-des-classes-moyennes-en-europe-prendre-conscience-de-la-realite-des-travailleurs\/","title":{"rendered":"Erosion des classes moyennes en Europe: prendre conscience de la r\u00e9alit\u00e9 des travailleurs."},"content":{"rendered":"<p>L&rsquo;Organisation Internationale du Travail s&rsquo;est pench\u00e9e sur l&rsquo;\u00e9volution des classes moyennes en Europe. La r\u00e9alit\u00e9 sociale ne peut laisser nos entreprises indiff\u00e9rentes face \u00e0 la mont\u00e9e de la pauvret\u00e9 au sein-m\u00eame de la population active. Malheureusement, les \u00e9tudes confirment la tendance, m\u00eame si la Belgique, la France, le Luxembourg et les Pays-Bas sont relativement \u00e9pargn\u00e9s.<!--more--><\/p>\n<p>Selon le nouveau volume \u00ab\u00a0Europe\u2019s Disappearing Middle Class? Evidence from the World of Work\u00a0\u00bb (Les classes moyennes en Europe en voie de disparition? Evidences en provenance du monde du travail), En Europe, la classe moyenne a diminu\u00e9 de 2,3 pour cent entre 2004 et 2011 et, selon les derni\u00e8res donn\u00e9es disponibles, la chute s\u2019est poursuivie au-del\u00e0, indique une nouvelle \u00e9tude comparative de l\u2019OIT.<\/p>\n<p>Le d\u00e9clin est encore plus marqu\u00e9 dans des pays comme l\u2019Allemagne et la Gr\u00e8ce. L\u2019\u00e9tude est co\u00e9dit\u00e9e par l\u2019OIT et Edward Elgar Publishing dans le cadre d\u2019un projet financ\u00e9 par la Commission europ\u00e9enne.<\/p>\n<p>La classe moyenne de base \u2013 qui regroupe ceux qui ont un revenu situ\u00e9 entre 80 et 120 pour cent du revenu m\u00e9dian \u2013 repr\u00e9sente de 23 \u00e0 40 pour cent des m\u00e9nages dans l\u2019Union europ\u00e9enne.<\/p>\n<p>La plus forte classe moyenne se trouve toujours au Danemark et en Su\u00e8de (avec 40 pour cent et 39 pour cent respectivement), tandis que la Lettonie (23 pour cent) et la Lituanie (24 pour cent) sont en bas de tableau.<\/p>\n<p><em>\u00ab\u00a0Les pays dot\u00e9s d\u2019une forte classe moyenne se caract\u00e9risent par un plus grand nombre d\u2019adultes actifs au sein des m\u00e9nages et par une augmentation du nombre de m\u00e9nages \u00e0 double revenu\u00a0\u00bb<\/em>, explique Daniel Vaughan-Whitehead, \u00e9conomiste principal \u00e0 l\u2019OIT, qui a r\u00e9dig\u00e9 ce volume.<\/p>\n<p>A titre d\u2019exemple, la croissance rapide de la classe moyenne en Espagne depuis les ann\u00e9es 1980 s\u2019explique principalement par la hausse spectaculaire de la participation des femmes au march\u00e9 du travail.<\/p>\n<p><em>\u00ab\u00a0Ce qui signifie aussi qu\u2019un seul revenu ne suffit plus \u00e0 se maintenir dans la classe moyenne. Dans certains cas, des professions comme celles d\u2019enseignant et de m\u00e9decin, que l\u2019on associe habituellement \u00e0 la classe moyenne et qui emploient g\u00e9n\u00e9ralement des femmes, ne font plus partie des cat\u00e9gories \u00e0 revenu interm\u00e9diaire<\/em>\u00ab\u00a0, ajoute M. Vaughan-Whitehead.<\/p>\n<p><strong><em>Rel\u00e9gu\u00e9s \u00e0 des revenus plus faibles<\/em><\/strong><\/p>\n<p>L\u2019\u00e9tude montre aussi que le revenu m\u00e9dian autour duquel nous d\u00e9finissons la classe moyenne a diminu\u00e9 pendant la crise \u00e9conomique et financi\u00e8re, surtout entre 2008 et 2011.<\/p>\n<p>Toutefois, l\u2019\u00e9rosion de la classe moyenne \u00e9tait d\u00e9j\u00e0 visible avant la crise dans plusieurs pays, en particulier en Allemagne (-3 pour cent par an) mais aussi au Luxembourg, aux Pays-Bas, en Gr\u00e8ce, au Royaume-Uni et m\u00eame au Danemark. Les travailleurs de ces pays ont souvent \u00e9t\u00e9 rel\u00e9gu\u00e9s dans les cat\u00e9gories \u00e0 faible revenu.<\/p>\n<p>Les cat\u00e9gories de la classe moyenne ont souffert des r\u00e9percussions de la crise sur le monde du travail dans des pays comme la Gr\u00e8ce, l\u2019Espagne, l\u2019Estonie, Chypre et le Portugal. Si la classe moyenne augmentait en Espagne avant la crise, elle s\u2019est contract\u00e9e depuis le d\u00e9but de la crise. De la m\u00eame mani\u00e8re, la croissance de la classe moyenne que l\u2019on observait dans les pays d\u2019Europe centrale et orientale a \u00e9t\u00e9 interrompue par la crise.<\/p>\n<p><strong><em>Des r\u00e9ponses politiques adapt\u00e9es doivent \u00eatre apport\u00e9es.<\/em><\/strong><\/p>\n<p>L\u2019\u00e9rosion des classes moyennes dans le monde du travail r\u00e9sulte d\u2019un faisceau de facteurs dont l\u2019importance relative varie en fonction des contextes nationaux. Dans certains pays, les bas revenus et la baisse de l\u2019emploi dans le secteur public \u2013 qui touchent davantage l\u2019activit\u00e9 des femmes dans ce secteur \u2013 ont abouti \u00e0 un d\u00e9clin de la classe moyenne. Dans d\u2019autres pays, l\u2019\u00e9migration de certaines cat\u00e9gories de travailleurs et de professions a jou\u00e9 un r\u00f4le majeur. La moindre qualit\u00e9 des emplois et la croissance des secteurs \u00e0 bas salaires ont \u00e9t\u00e9 des facteurs d\u00e9terminants, tout comme l\u2019affaiblissement progressif des m\u00e9canismes de n\u00e9gociation collective. A l\u2019inverse, des relations professionnelles stables \u2013 que l\u2019on peut observer aux Pays-Bas, en Su\u00e8de, en Belgique et en France \u2013 ont permis de mieux pr\u00e9server la classe moyenne dans ces pays.<\/p>\n<p>L\u2019ouvrage contient des chapitres consacr\u00e9s \u00e0 l\u2019Allemagne, aux Etats baltes, \u00e0 la Belgique, l\u2019Espagne, la France, la Gr\u00e8ce, la Hongrie, l\u2019Irlande, l\u2019Italie, les Pays-Bas, le Portugal, le Royaume-Uni et la Su\u00e8de.<\/p>\n<p><em>\u00ab\u00a0L\u2019\u00e9rosion des classes moyennes est pr\u00e9occupante \u2013 surtout parce qu\u2019elle frappe les jeunes plus que tous les autres, creusant ainsi un foss\u00e9 entre les g\u00e9n\u00e9rations en mati\u00e8re de revenu. L\u2019aggravation des in\u00e9galit\u00e9s et l\u2019\u00e9rosion progressive de la classe moyenne exige par cons\u00e9quent que l\u2019on adopte des mesures strat\u00e9giques afin d\u2019enrayer cette tendance. Cela permettrait non seulement d\u2019am\u00e9liorer le niveau de vie mais aussi de stimuler une croissance \u00e9conomique durable\u00a0\u00bb<\/em>, conclut Heinz Koller, Sous-Directeur g\u00e9n\u00e9ral de l\u2019OIT et Directeur r\u00e9gional pour l\u2019Europe et l\u2019Asie centrale.<\/p>\n<p><em>Source : Organisation Internationale du Travail<\/em><\/p>\n","protected":false},"excerpt":{"rendered":"<p>L&rsquo;Organisation Internationale du Travail s&rsquo;est pench\u00e9e sur l&rsquo;\u00e9volution des classes moyennes en Europe. La r\u00e9alit\u00e9 sociale ne peut laisser nos entreprises indiff\u00e9rentes face \u00e0 la mont\u00e9e de la pauvret\u00e9 au sein-m\u00eame de la population active. Malheureusement, les \u00e9tudes confirment la [&hellip;]<\/p>\n","protected":false},"author":2,"featured_media":0,"comment_status":"closed","ping_status":"open","sticky":false,"template":"","format":"standard","meta":[],"categories":[65,10],"tags":[1045,1046,584,30,1047,898],"yoast_head":"<!-- This site is optimized with the Yoast SEO plugin v21.0 - https:\/\/yoast.com\/wordpress\/plugins\/seo\/ -->\n<title>Erosion des classes moyennes en Europe: prendre conscience de la r\u00e9alit\u00e9 des travailleurs. - Peoplesphere<\/title>\n<meta name=\"robots\" content=\"index, follow, max-snippet:-1, max-image-preview:large, max-video-preview:-1\" \/>\n<link rel=\"canonical\" href=\"https:\/\/peoplesphere.be\/fr\/erosion-des-classes-moyennes-en-europe-prendre-conscience-de-la-realite-des-travailleurs\/\" \/>\n<meta property=\"og:locale\" content=\"fr_FR\" \/>\n<meta property=\"og:type\" content=\"article\" \/>\n<meta property=\"og:title\" content=\"Erosion des classes moyennes en Europe: prendre conscience de la r\u00e9alit\u00e9 des travailleurs. - Peoplesphere\" \/>\n<meta property=\"og:description\" content=\"L&rsquo;Organisation Internationale du Travail s&rsquo;est pench\u00e9e sur l&rsquo;\u00e9volution des classes moyennes en Europe. La r\u00e9alit\u00e9 sociale ne peut laisser nos entreprises indiff\u00e9rentes face \u00e0 la mont\u00e9e de la pauvret\u00e9 au sein-m\u00eame de la population active. Malheureusement, les \u00e9tudes confirment la [&hellip;]\" \/>\n<meta property=\"og:url\" content=\"https:\/\/peoplesphere.be\/fr\/erosion-des-classes-moyennes-en-europe-prendre-conscience-de-la-realite-des-travailleurs\/\" \/>\n<meta property=\"og:site_name\" content=\"Peoplesphere\" \/>\n<meta property=\"article:publisher\" content=\"https:\/\/www.facebook.com\/peoplesphere\" \/>\n<meta property=\"article:published_time\" content=\"2016-11-24T05:23:12+00:00\" \/>\n<meta property=\"og:image\" content=\"http:\/\/www.peoplesphere.be\/fr\/wp-content\/uploads\/2016\/07\/facebook-default-posting-1200x628px.jpg\" \/>\n<meta name=\"author\" content=\"Jean-Paul Erhard\" \/>\n<meta name=\"twitter:card\" content=\"summary_large_image\" \/>\n<meta name=\"twitter:creator\" content=\"@PeoplesphereMag\" \/>\n<meta name=\"twitter:site\" content=\"@PeoplesphereMag\" \/>\n<meta name=\"twitter:label1\" content=\"\u00c9crit par\" \/>\n\t<meta name=\"twitter:data1\" content=\"Jean-Paul Erhard\" \/>\n\t<meta name=\"twitter:label2\" content=\"Dur\u00e9e de lecture estim\u00e9e\" \/>\n\t<meta name=\"twitter:data2\" content=\"4 minutes\" \/>\n<script type=\"application\/ld+json\" class=\"yoast-schema-graph\">{\"@context\":\"https:\/\/schema.org\",\"@graph\":[{\"@type\":\"Article\",\"@id\":\"https:\/\/peoplesphere.be\/fr\/erosion-des-classes-moyennes-en-europe-prendre-conscience-de-la-realite-des-travailleurs\/#article\",\"isPartOf\":{\"@id\":\"https:\/\/peoplesphere.be\/fr\/erosion-des-classes-moyennes-en-europe-prendre-conscience-de-la-realite-des-travailleurs\/\"},\"author\":{\"name\":\"Jean-Paul Erhard\",\"@id\":\"https:\/\/peoplesphere.be\/fr\/#\/schema\/person\/7976225ff17988604334abb7b3536a7e\"},\"headline\":\"Erosion des classes moyennes en Europe: prendre conscience de la r\u00e9alit\u00e9 des travailleurs.\",\"datePublished\":\"2016-11-24T05:23:12+00:00\",\"dateModified\":\"2016-11-24T05:23:12+00:00\",\"mainEntityOfPage\":{\"@id\":\"https:\/\/peoplesphere.be\/fr\/erosion-des-classes-moyennes-en-europe-prendre-conscience-de-la-realite-des-travailleurs\/\"},\"wordCount\":881,\"publisher\":{\"@id\":\"https:\/\/peoplesphere.be\/fr\/#organization\"},\"keywords\":[\"classes moyennes\",\"niveau de vie\",\"OIT\",\"r\u00e9mun\u00e9ration\",\"revenu\",\"travail\"],\"articleSection\":[\"Actualit\u00e9s\",\"Digital\"],\"inLanguage\":\"fr-FR\"},{\"@type\":\"WebPage\",\"@id\":\"https:\/\/peoplesphere.be\/fr\/erosion-des-classes-moyennes-en-europe-prendre-conscience-de-la-realite-des-travailleurs\/\",\"url\":\"https:\/\/peoplesphere.be\/fr\/erosion-des-classes-moyennes-en-europe-prendre-conscience-de-la-realite-des-travailleurs\/\",\"name\":\"Erosion des classes moyennes en Europe: prendre conscience de la r\u00e9alit\u00e9 des travailleurs. - Peoplesphere\",\"isPartOf\":{\"@id\":\"https:\/\/peoplesphere.be\/fr\/#website\"},\"datePublished\":\"2016-11-24T05:23:12+00:00\",\"dateModified\":\"2016-11-24T05:23:12+00:00\",\"breadcrumb\":{\"@id\":\"https:\/\/peoplesphere.be\/fr\/erosion-des-classes-moyennes-en-europe-prendre-conscience-de-la-realite-des-travailleurs\/#breadcrumb\"},\"inLanguage\":\"fr-FR\",\"potentialAction\":[{\"@type\":\"ReadAction\",\"target\":[\"https:\/\/peoplesphere.be\/fr\/erosion-des-classes-moyennes-en-europe-prendre-conscience-de-la-realite-des-travailleurs\/\"]}]},{\"@type\":\"BreadcrumbList\",\"@id\":\"https:\/\/peoplesphere.be\/fr\/erosion-des-classes-moyennes-en-europe-prendre-conscience-de-la-realite-des-travailleurs\/#breadcrumb\",\"itemListElement\":[{\"@type\":\"ListItem\",\"position\":1,\"name\":\"Accueil\",\"item\":\"https:\/\/peoplesphere.be\/fr\/\"},{\"@type\":\"ListItem\",\"position\":2,\"name\":\"Erosion des classes moyennes en Europe: prendre conscience de la r\u00e9alit\u00e9 des travailleurs.\"}]},{\"@type\":\"WebSite\",\"@id\":\"https:\/\/peoplesphere.be\/fr\/#website\",\"url\":\"https:\/\/peoplesphere.be\/fr\/\",\"name\":\"Peoplesphere\",\"description\":\"The People Managers Magazine\",\"publisher\":{\"@id\":\"https:\/\/peoplesphere.be\/fr\/#organization\"},\"potentialAction\":[{\"@type\":\"SearchAction\",\"target\":{\"@type\":\"EntryPoint\",\"urlTemplate\":\"https:\/\/peoplesphere.be\/fr\/?s={search_term_string}\"},\"query-input\":\"required name=search_term_string\"}],\"inLanguage\":\"fr-FR\"},{\"@type\":\"Organization\",\"@id\":\"https:\/\/peoplesphere.be\/fr\/#organization\",\"name\":\"Peoplesphere Company srl\",\"url\":\"https:\/\/peoplesphere.be\/fr\/\",\"logo\":{\"@type\":\"ImageObject\",\"inLanguage\":\"fr-FR\",\"@id\":\"https:\/\/peoplesphere.be\/fr\/#\/schema\/logo\/image\/\",\"url\":\"https:\/\/peoplesphere.be\/fr\/wp-content\/uploads\/2023\/07\/peoplesphere-lgo-new-generik.jpg\",\"contentUrl\":\"https:\/\/peoplesphere.be\/fr\/wp-content\/uploads\/2023\/07\/peoplesphere-lgo-new-generik.jpg\",\"width\":1031,\"height\":1479,\"caption\":\"Peoplesphere Company srl\"},\"image\":{\"@id\":\"https:\/\/peoplesphere.be\/fr\/#\/schema\/logo\/image\/\"},\"sameAs\":[\"https:\/\/www.facebook.com\/peoplesphere\",\"https:\/\/twitter.com\/PeoplesphereMag\",\"https:\/\/www.linkedin.com\/company\/7587361?trk\",\"http:\/\/youtube.com\/peoplesphere\"]},{\"@type\":\"Person\",\"@id\":\"https:\/\/peoplesphere.be\/fr\/#\/schema\/person\/7976225ff17988604334abb7b3536a7e\",\"name\":\"Jean-Paul Erhard\",\"image\":{\"@type\":\"ImageObject\",\"inLanguage\":\"fr-FR\",\"@id\":\"https:\/\/peoplesphere.be\/fr\/#\/schema\/person\/image\/\",\"url\":\"https:\/\/secure.gravatar.com\/avatar\/f941e681460179738071629a51574930?s=96&d=mm&r=g\",\"contentUrl\":\"https:\/\/secure.gravatar.com\/avatar\/f941e681460179738071629a51574930?s=96&d=mm&r=g\",\"caption\":\"Jean-Paul Erhard\"},\"url\":\"https:\/\/peoplesphere.be\/fr\/author\/jpe\/\"}]}<\/script>\n<!-- \/ Yoast SEO plugin. -->","yoast_head_json":{"title":"Erosion des classes moyennes en Europe: prendre conscience de la r\u00e9alit\u00e9 des travailleurs. - Peoplesphere","robots":{"index":"index","follow":"follow","max-snippet":"max-snippet:-1","max-image-preview":"max-image-preview:large","max-video-preview":"max-video-preview:-1"},"canonical":"https:\/\/peoplesphere.be\/fr\/erosion-des-classes-moyennes-en-europe-prendre-conscience-de-la-realite-des-travailleurs\/","og_locale":"fr_FR","og_type":"article","og_title":"Erosion des classes moyennes en Europe: prendre conscience de la r\u00e9alit\u00e9 des travailleurs. - Peoplesphere","og_description":"L&rsquo;Organisation Internationale du Travail s&rsquo;est pench\u00e9e sur l&rsquo;\u00e9volution des classes moyennes en Europe. La r\u00e9alit\u00e9 sociale ne peut laisser nos entreprises indiff\u00e9rentes face \u00e0 la mont\u00e9e de la pauvret\u00e9 au sein-m\u00eame de la population active. Malheureusement, les \u00e9tudes confirment la [&hellip;]","og_url":"https:\/\/peoplesphere.be\/fr\/erosion-des-classes-moyennes-en-europe-prendre-conscience-de-la-realite-des-travailleurs\/","og_site_name":"Peoplesphere","article_publisher":"https:\/\/www.facebook.com\/peoplesphere","article_published_time":"2016-11-24T05:23:12+00:00","og_image":[{"url":"http:\/\/www.peoplesphere.be\/fr\/wp-content\/uploads\/2016\/07\/facebook-default-posting-1200x628px.jpg"}],"author":"Jean-Paul Erhard","twitter_card":"summary_large_image","twitter_creator":"@PeoplesphereMag","twitter_site":"@PeoplesphereMag","twitter_misc":{"\u00c9crit par":"Jean-Paul Erhard","Dur\u00e9e de lecture estim\u00e9e":"4 minutes"},"schema":{"@context":"https:\/\/schema.org","@graph":[{"@type":"Article","@id":"https:\/\/peoplesphere.be\/fr\/erosion-des-classes-moyennes-en-europe-prendre-conscience-de-la-realite-des-travailleurs\/#article","isPartOf":{"@id":"https:\/\/peoplesphere.be\/fr\/erosion-des-classes-moyennes-en-europe-prendre-conscience-de-la-realite-des-travailleurs\/"},"author":{"name":"Jean-Paul Erhard","@id":"https:\/\/peoplesphere.be\/fr\/#\/schema\/person\/7976225ff17988604334abb7b3536a7e"},"headline":"Erosion des classes moyennes en Europe: prendre conscience de la r\u00e9alit\u00e9 des travailleurs.","datePublished":"2016-11-24T05:23:12+00:00","dateModified":"2016-11-24T05:23:12+00:00","mainEntityOfPage":{"@id":"https:\/\/peoplesphere.be\/fr\/erosion-des-classes-moyennes-en-europe-prendre-conscience-de-la-realite-des-travailleurs\/"},"wordCount":881,"publisher":{"@id":"https:\/\/peoplesphere.be\/fr\/#organization"},"keywords":["classes moyennes","niveau de vie","OIT","r\u00e9mun\u00e9ration","revenu","travail"],"articleSection":["Actualit\u00e9s","Digital"],"inLanguage":"fr-FR"},{"@type":"WebPage","@id":"https:\/\/peoplesphere.be\/fr\/erosion-des-classes-moyennes-en-europe-prendre-conscience-de-la-realite-des-travailleurs\/","url":"https:\/\/peoplesphere.be\/fr\/erosion-des-classes-moyennes-en-europe-prendre-conscience-de-la-realite-des-travailleurs\/","name":"Erosion des classes moyennes en Europe: prendre conscience de la r\u00e9alit\u00e9 des travailleurs. - Peoplesphere","isPartOf":{"@id":"https:\/\/peoplesphere.be\/fr\/#website"},"datePublished":"2016-11-24T05:23:12+00:00","dateModified":"2016-11-24T05:23:12+00:00","breadcrumb":{"@id":"https:\/\/peoplesphere.be\/fr\/erosion-des-classes-moyennes-en-europe-prendre-conscience-de-la-realite-des-travailleurs\/#breadcrumb"},"inLanguage":"fr-FR","potentialAction":[{"@type":"ReadAction","target":["https:\/\/peoplesphere.be\/fr\/erosion-des-classes-moyennes-en-europe-prendre-conscience-de-la-realite-des-travailleurs\/"]}]},{"@type":"BreadcrumbList","@id":"https:\/\/peoplesphere.be\/fr\/erosion-des-classes-moyennes-en-europe-prendre-conscience-de-la-realite-des-travailleurs\/#breadcrumb","itemListElement":[{"@type":"ListItem","position":1,"name":"Accueil","item":"https:\/\/peoplesphere.be\/fr\/"},{"@type":"ListItem","position":2,"name":"Erosion des classes moyennes en Europe: prendre conscience de la r\u00e9alit\u00e9 des travailleurs."}]},{"@type":"WebSite","@id":"https:\/\/peoplesphere.be\/fr\/#website","url":"https:\/\/peoplesphere.be\/fr\/","name":"Peoplesphere","description":"The People Managers Magazine","publisher":{"@id":"https:\/\/peoplesphere.be\/fr\/#organization"},"potentialAction":[{"@type":"SearchAction","target":{"@type":"EntryPoint","urlTemplate":"https:\/\/peoplesphere.be\/fr\/?s={search_term_string}"},"query-input":"required name=search_term_string"}],"inLanguage":"fr-FR"},{"@type":"Organization","@id":"https:\/\/peoplesphere.be\/fr\/#organization","name":"Peoplesphere Company srl","url":"https:\/\/peoplesphere.be\/fr\/","logo":{"@type":"ImageObject","inLanguage":"fr-FR","@id":"https:\/\/peoplesphere.be\/fr\/#\/schema\/logo\/image\/","url":"https:\/\/peoplesphere.be\/fr\/wp-content\/uploads\/2023\/07\/peoplesphere-lgo-new-generik.jpg","contentUrl":"https:\/\/peoplesphere.be\/fr\/wp-content\/uploads\/2023\/07\/peoplesphere-lgo-new-generik.jpg","width":1031,"height":1479,"caption":"Peoplesphere Company srl"},"image":{"@id":"https:\/\/peoplesphere.be\/fr\/#\/schema\/logo\/image\/"},"sameAs":["https:\/\/www.facebook.com\/peoplesphere","https:\/\/twitter.com\/PeoplesphereMag","https:\/\/www.linkedin.com\/company\/7587361?trk","http:\/\/youtube.com\/peoplesphere"]},{"@type":"Person","@id":"https:\/\/peoplesphere.be\/fr\/#\/schema\/person\/7976225ff17988604334abb7b3536a7e","name":"Jean-Paul Erhard","image":{"@type":"ImageObject","inLanguage":"fr-FR","@id":"https:\/\/peoplesphere.be\/fr\/#\/schema\/person\/image\/","url":"https:\/\/secure.gravatar.com\/avatar\/f941e681460179738071629a51574930?s=96&d=mm&r=g","contentUrl":"https:\/\/secure.gravatar.com\/avatar\/f941e681460179738071629a51574930?s=96&d=mm&r=g","caption":"Jean-Paul Erhard"},"url":"https:\/\/peoplesphere.be\/fr\/author\/jpe\/"}]}},"_links":{"self":[{"href":"https:\/\/peoplesphere.be\/fr\/wp-json\/wp\/v2\/posts\/3701"}],"collection":[{"href":"https:\/\/peoplesphere.be\/fr\/wp-json\/wp\/v2\/posts"}],"about":[{"href":"https:\/\/peoplesphere.be\/fr\/wp-json\/wp\/v2\/types\/post"}],"author":[{"embeddable":true,"href":"https:\/\/peoplesphere.be\/fr\/wp-json\/wp\/v2\/users\/2"}],"replies":[{"embeddable":true,"href":"https:\/\/peoplesphere.be\/fr\/wp-json\/wp\/v2\/comments?post=3701"}],"version-history":[{"count":1,"href":"https:\/\/peoplesphere.be\/fr\/wp-json\/wp\/v2\/posts\/3701\/revisions"}],"predecessor-version":[{"id":3702,"href":"https:\/\/peoplesphere.be\/fr\/wp-json\/wp\/v2\/posts\/3701\/revisions\/3702"}],"wp:attachment":[{"href":"https:\/\/peoplesphere.be\/fr\/wp-json\/wp\/v2\/media?parent=3701"}],"wp:term":[{"taxonomy":"category","embeddable":true,"href":"https:\/\/peoplesphere.be\/fr\/wp-json\/wp\/v2\/categories?post=3701"},{"taxonomy":"post_tag","embeddable":true,"href":"https:\/\/peoplesphere.be\/fr\/wp-json\/wp\/v2\/tags?post=3701"}],"curies":[{"name":"wp","href":"https:\/\/api.w.org\/{rel}","templated":true}]}}