









{"id":3714,"date":"2016-11-28T14:07:03","date_gmt":"2016-11-28T12:07:03","guid":{"rendered":"http:\/\/www.peoplesphere.be\/fr\/?p=3714"},"modified":"2016-11-28T14:07:03","modified_gmt":"2016-11-28T12:07:03","slug":"le-secteur-de-linterim-en-route-vers-de-nouveaux-sommets","status":"publish","type":"post","link":"https:\/\/peoplesphere.be\/fr\/le-secteur-de-linterim-en-route-vers-de-nouveaux-sommets\/","title":{"rendered":"Le secteur de l&rsquo;int\u00e9rim en route vers de nouveaux sommets."},"content":{"rendered":"<p>L&rsquo;int\u00e9rim va bien, voire tr\u00e8s bien m\u00eame! Les chiffres du mois d&rsquo;octobre 2016 sont dop\u00e9s par une forte croissance des prestations du personnel ouvrier ainsi que par un pic spectaculaire du c\u00f4t\u00e9 wallon. Quelques chiffres r\u00e9jouissants donc !<!--more--><\/p>\n<p>Au mois d\u2019octobre 2016, le nombre d\u2019heures d\u2019int\u00e9rim prest\u00e9es a augment\u00e9 de +1,41% par rapport au mois pr\u00e9c\u00e9dent (en donn\u00e9es corrig\u00e9es des variations saisonni\u00e8res et des effets de calendrier). Cette hausse r\u00e9sulte d\u2019une \u00e9volution positive dans les deux segments : le nombre d\u2019heures prest\u00e9es a augment\u00e9 de +1,70% du c\u00f4t\u00e9 des ouvriers et de +1,04% du c\u00f4t\u00e9 des employ\u00e9s.<\/p>\n<p>Par rapport au mois d\u2019octobre de l\u2019ann\u00e9e pr\u00e9c\u00e9dente, le secteur de l\u2019int\u00e9rim affiche une croissance globale de +7,28% (contre +5,75% en septembre 2016). Ce chiffre r\u00e9sulte d\u2019une augmentation de +8,24% dans le segment des ouvriers et de +5,95% dans le segment des employ\u00e9s.<\/p>\n<p>L\u2019indice Federgon a atteint 265,9 points en octobre 2016 contre 262,2 points en septembre. Cet indice rend compte du niveau de l\u2019activit\u00e9 au cours du mois \u00e9tudi\u00e9 par rapport au mois de janvier 1995 (base 100), en chiffres d\u00e9saisonnalis\u00e9s.<\/p>\n<p><em>Source : Federgon<\/em><\/p>\n","protected":false},"excerpt":{"rendered":"<p>L&rsquo;int\u00e9rim va bien, voire tr\u00e8s bien m\u00eame! Les chiffres du mois d&rsquo;octobre 2016 sont dop\u00e9s par une forte croissance des prestations du personnel ouvrier ainsi que par un pic spectaculaire du c\u00f4t\u00e9 wallon. Quelques chiffres r\u00e9jouissants donc !<\/p>\n","protected":false},"author":2,"featured_media":0,"comment_status":"closed","ping_status":"open","sticky":false,"template":"","format":"standard","meta":[],"categories":[65,10],"tags":[198,12,124,44],"yoast_head":"<!-- This site is optimized with the Yoast SEO plugin v21.0 - https:\/\/yoast.com\/wordpress\/plugins\/seo\/ -->\n<title>Le secteur de l&#039;int\u00e9rim en route vers de nouveaux sommets. - Peoplesphere<\/title>\n<meta name=\"robots\" content=\"index, follow, max-snippet:-1, max-image-preview:large, max-video-preview:-1\" \/>\n<link rel=\"canonical\" href=\"https:\/\/peoplesphere.be\/fr\/le-secteur-de-linterim-en-route-vers-de-nouveaux-sommets\/\" \/>\n<meta property=\"og:locale\" content=\"fr_FR\" \/>\n<meta property=\"og:type\" content=\"article\" \/>\n<meta property=\"og:title\" content=\"Le secteur de l&#039;int\u00e9rim en route vers de nouveaux sommets. - Peoplesphere\" \/>\n<meta property=\"og:description\" content=\"L&rsquo;int\u00e9rim va bien, voire tr\u00e8s bien m\u00eame! Les chiffres du mois d&rsquo;octobre 2016 sont dop\u00e9s par une forte croissance des prestations du personnel ouvrier ainsi que par un pic spectaculaire du c\u00f4t\u00e9 wallon. Quelques chiffres r\u00e9jouissants donc !\" \/>\n<meta property=\"og:url\" content=\"https:\/\/peoplesphere.be\/fr\/le-secteur-de-linterim-en-route-vers-de-nouveaux-sommets\/\" \/>\n<meta property=\"og:site_name\" content=\"Peoplesphere\" \/>\n<meta property=\"article:publisher\" content=\"https:\/\/www.facebook.com\/peoplesphere\" \/>\n<meta property=\"article:published_time\" content=\"2016-11-28T12:07:03+00:00\" \/>\n<meta property=\"og:image\" content=\"http:\/\/www.peoplesphere.be\/fr\/wp-content\/uploads\/2016\/07\/facebook-default-posting-1200x628px.jpg\" \/>\n<meta name=\"author\" content=\"Jean-Paul Erhard\" \/>\n<meta name=\"twitter:card\" content=\"summary_large_image\" \/>\n<meta name=\"twitter:creator\" content=\"@PeoplesphereMag\" \/>\n<meta name=\"twitter:site\" content=\"@PeoplesphereMag\" \/>\n<meta name=\"twitter:label1\" content=\"\u00c9crit par\" \/>\n\t<meta name=\"twitter:data1\" content=\"Jean-Paul Erhard\" \/>\n\t<meta name=\"twitter:label2\" content=\"Dur\u00e9e de lecture estim\u00e9e\" \/>\n\t<meta name=\"twitter:data2\" content=\"1 minute\" \/>\n<script type=\"application\/ld+json\" class=\"yoast-schema-graph\">{\"@context\":\"https:\/\/schema.org\",\"@graph\":[{\"@type\":\"Article\",\"@id\":\"https:\/\/peoplesphere.be\/fr\/le-secteur-de-linterim-en-route-vers-de-nouveaux-sommets\/#article\",\"isPartOf\":{\"@id\":\"https:\/\/peoplesphere.be\/fr\/le-secteur-de-linterim-en-route-vers-de-nouveaux-sommets\/\"},\"author\":{\"name\":\"Jean-Paul Erhard\",\"@id\":\"https:\/\/peoplesphere.be\/fr\/#\/schema\/person\/7976225ff17988604334abb7b3536a7e\"},\"headline\":\"Le secteur de l&rsquo;int\u00e9rim en route vers de nouveaux sommets.\",\"datePublished\":\"2016-11-28T12:07:03+00:00\",\"dateModified\":\"2016-11-28T12:07:03+00:00\",\"mainEntityOfPage\":{\"@id\":\"https:\/\/peoplesphere.be\/fr\/le-secteur-de-linterim-en-route-vers-de-nouveaux-sommets\/\"},\"wordCount\":212,\"publisher\":{\"@id\":\"https:\/\/peoplesphere.be\/fr\/#organization\"},\"keywords\":[\"federgon\",\"int\u00e9rim\",\"reprise\",\"Statistiques\"],\"articleSection\":[\"Actualit\u00e9s\",\"Digital\"],\"inLanguage\":\"fr-FR\"},{\"@type\":\"WebPage\",\"@id\":\"https:\/\/peoplesphere.be\/fr\/le-secteur-de-linterim-en-route-vers-de-nouveaux-sommets\/\",\"url\":\"https:\/\/peoplesphere.be\/fr\/le-secteur-de-linterim-en-route-vers-de-nouveaux-sommets\/\",\"name\":\"Le secteur de l'int\u00e9rim en route vers de nouveaux sommets. - Peoplesphere\",\"isPartOf\":{\"@id\":\"https:\/\/peoplesphere.be\/fr\/#website\"},\"datePublished\":\"2016-11-28T12:07:03+00:00\",\"dateModified\":\"2016-11-28T12:07:03+00:00\",\"breadcrumb\":{\"@id\":\"https:\/\/peoplesphere.be\/fr\/le-secteur-de-linterim-en-route-vers-de-nouveaux-sommets\/#breadcrumb\"},\"inLanguage\":\"fr-FR\",\"potentialAction\":[{\"@type\":\"ReadAction\",\"target\":[\"https:\/\/peoplesphere.be\/fr\/le-secteur-de-linterim-en-route-vers-de-nouveaux-sommets\/\"]}]},{\"@type\":\"BreadcrumbList\",\"@id\":\"https:\/\/peoplesphere.be\/fr\/le-secteur-de-linterim-en-route-vers-de-nouveaux-sommets\/#breadcrumb\",\"itemListElement\":[{\"@type\":\"ListItem\",\"position\":1,\"name\":\"Accueil\",\"item\":\"https:\/\/peoplesphere.be\/fr\/\"},{\"@type\":\"ListItem\",\"position\":2,\"name\":\"Le secteur de l&rsquo;int\u00e9rim en route vers de nouveaux sommets.\"}]},{\"@type\":\"WebSite\",\"@id\":\"https:\/\/peoplesphere.be\/fr\/#website\",\"url\":\"https:\/\/peoplesphere.be\/fr\/\",\"name\":\"Peoplesphere\",\"description\":\"The People Managers Magazine\",\"publisher\":{\"@id\":\"https:\/\/peoplesphere.be\/fr\/#organization\"},\"potentialAction\":[{\"@type\":\"SearchAction\",\"target\":{\"@type\":\"EntryPoint\",\"urlTemplate\":\"https:\/\/peoplesphere.be\/fr\/?s={search_term_string}\"},\"query-input\":\"required name=search_term_string\"}],\"inLanguage\":\"fr-FR\"},{\"@type\":\"Organization\",\"@id\":\"https:\/\/peoplesphere.be\/fr\/#organization\",\"name\":\"Peoplesphere Company srl\",\"url\":\"https:\/\/peoplesphere.be\/fr\/\",\"logo\":{\"@type\":\"ImageObject\",\"inLanguage\":\"fr-FR\",\"@id\":\"https:\/\/peoplesphere.be\/fr\/#\/schema\/logo\/image\/\",\"url\":\"https:\/\/peoplesphere.be\/fr\/wp-content\/uploads\/2023\/07\/peoplesphere-lgo-new-generik.jpg\",\"contentUrl\":\"https:\/\/peoplesphere.be\/fr\/wp-content\/uploads\/2023\/07\/peoplesphere-lgo-new-generik.jpg\",\"width\":1031,\"height\":1479,\"caption\":\"Peoplesphere Company srl\"},\"image\":{\"@id\":\"https:\/\/peoplesphere.be\/fr\/#\/schema\/logo\/image\/\"},\"sameAs\":[\"https:\/\/www.facebook.com\/peoplesphere\",\"https:\/\/twitter.com\/PeoplesphereMag\",\"https:\/\/www.linkedin.com\/company\/7587361?trk\",\"http:\/\/youtube.com\/peoplesphere\"]},{\"@type\":\"Person\",\"@id\":\"https:\/\/peoplesphere.be\/fr\/#\/schema\/person\/7976225ff17988604334abb7b3536a7e\",\"name\":\"Jean-Paul Erhard\",\"image\":{\"@type\":\"ImageObject\",\"inLanguage\":\"fr-FR\",\"@id\":\"https:\/\/peoplesphere.be\/fr\/#\/schema\/person\/image\/\",\"url\":\"https:\/\/secure.gravatar.com\/avatar\/f941e681460179738071629a51574930?s=96&d=mm&r=g\",\"contentUrl\":\"https:\/\/secure.gravatar.com\/avatar\/f941e681460179738071629a51574930?s=96&d=mm&r=g\",\"caption\":\"Jean-Paul Erhard\"},\"url\":\"https:\/\/peoplesphere.be\/fr\/author\/jpe\/\"}]}<\/script>\n<!-- \/ Yoast SEO plugin. -->","yoast_head_json":{"title":"Le secteur de l'int\u00e9rim en route vers de nouveaux sommets. - Peoplesphere","robots":{"index":"index","follow":"follow","max-snippet":"max-snippet:-1","max-image-preview":"max-image-preview:large","max-video-preview":"max-video-preview:-1"},"canonical":"https:\/\/peoplesphere.be\/fr\/le-secteur-de-linterim-en-route-vers-de-nouveaux-sommets\/","og_locale":"fr_FR","og_type":"article","og_title":"Le secteur de l'int\u00e9rim en route vers de nouveaux sommets. - Peoplesphere","og_description":"L&rsquo;int\u00e9rim va bien, voire tr\u00e8s bien m\u00eame! Les chiffres du mois d&rsquo;octobre 2016 sont dop\u00e9s par une forte croissance des prestations du personnel ouvrier ainsi que par un pic spectaculaire du c\u00f4t\u00e9 wallon. Quelques chiffres r\u00e9jouissants donc !","og_url":"https:\/\/peoplesphere.be\/fr\/le-secteur-de-linterim-en-route-vers-de-nouveaux-sommets\/","og_site_name":"Peoplesphere","article_publisher":"https:\/\/www.facebook.com\/peoplesphere","article_published_time":"2016-11-28T12:07:03+00:00","og_image":[{"url":"http:\/\/www.peoplesphere.be\/fr\/wp-content\/uploads\/2016\/07\/facebook-default-posting-1200x628px.jpg"}],"author":"Jean-Paul Erhard","twitter_card":"summary_large_image","twitter_creator":"@PeoplesphereMag","twitter_site":"@PeoplesphereMag","twitter_misc":{"\u00c9crit par":"Jean-Paul Erhard","Dur\u00e9e de lecture estim\u00e9e":"1 minute"},"schema":{"@context":"https:\/\/schema.org","@graph":[{"@type":"Article","@id":"https:\/\/peoplesphere.be\/fr\/le-secteur-de-linterim-en-route-vers-de-nouveaux-sommets\/#article","isPartOf":{"@id":"https:\/\/peoplesphere.be\/fr\/le-secteur-de-linterim-en-route-vers-de-nouveaux-sommets\/"},"author":{"name":"Jean-Paul Erhard","@id":"https:\/\/peoplesphere.be\/fr\/#\/schema\/person\/7976225ff17988604334abb7b3536a7e"},"headline":"Le secteur de l&rsquo;int\u00e9rim en route vers de nouveaux sommets.","datePublished":"2016-11-28T12:07:03+00:00","dateModified":"2016-11-28T12:07:03+00:00","mainEntityOfPage":{"@id":"https:\/\/peoplesphere.be\/fr\/le-secteur-de-linterim-en-route-vers-de-nouveaux-sommets\/"},"wordCount":212,"publisher":{"@id":"https:\/\/peoplesphere.be\/fr\/#organization"},"keywords":["federgon","int\u00e9rim","reprise","Statistiques"],"articleSection":["Actualit\u00e9s","Digital"],"inLanguage":"fr-FR"},{"@type":"WebPage","@id":"https:\/\/peoplesphere.be\/fr\/le-secteur-de-linterim-en-route-vers-de-nouveaux-sommets\/","url":"https:\/\/peoplesphere.be\/fr\/le-secteur-de-linterim-en-route-vers-de-nouveaux-sommets\/","name":"Le secteur de l'int\u00e9rim en route vers de nouveaux sommets. - Peoplesphere","isPartOf":{"@id":"https:\/\/peoplesphere.be\/fr\/#website"},"datePublished":"2016-11-28T12:07:03+00:00","dateModified":"2016-11-28T12:07:03+00:00","breadcrumb":{"@id":"https:\/\/peoplesphere.be\/fr\/le-secteur-de-linterim-en-route-vers-de-nouveaux-sommets\/#breadcrumb"},"inLanguage":"fr-FR","potentialAction":[{"@type":"ReadAction","target":["https:\/\/peoplesphere.be\/fr\/le-secteur-de-linterim-en-route-vers-de-nouveaux-sommets\/"]}]},{"@type":"BreadcrumbList","@id":"https:\/\/peoplesphere.be\/fr\/le-secteur-de-linterim-en-route-vers-de-nouveaux-sommets\/#breadcrumb","itemListElement":[{"@type":"ListItem","position":1,"name":"Accueil","item":"https:\/\/peoplesphere.be\/fr\/"},{"@type":"ListItem","position":2,"name":"Le secteur de l&rsquo;int\u00e9rim en route vers de nouveaux sommets."}]},{"@type":"WebSite","@id":"https:\/\/peoplesphere.be\/fr\/#website","url":"https:\/\/peoplesphere.be\/fr\/","name":"Peoplesphere","description":"The People Managers Magazine","publisher":{"@id":"https:\/\/peoplesphere.be\/fr\/#organization"},"potentialAction":[{"@type":"SearchAction","target":{"@type":"EntryPoint","urlTemplate":"https:\/\/peoplesphere.be\/fr\/?s={search_term_string}"},"query-input":"required name=search_term_string"}],"inLanguage":"fr-FR"},{"@type":"Organization","@id":"https:\/\/peoplesphere.be\/fr\/#organization","name":"Peoplesphere Company srl","url":"https:\/\/peoplesphere.be\/fr\/","logo":{"@type":"ImageObject","inLanguage":"fr-FR","@id":"https:\/\/peoplesphere.be\/fr\/#\/schema\/logo\/image\/","url":"https:\/\/peoplesphere.be\/fr\/wp-content\/uploads\/2023\/07\/peoplesphere-lgo-new-generik.jpg","contentUrl":"https:\/\/peoplesphere.be\/fr\/wp-content\/uploads\/2023\/07\/peoplesphere-lgo-new-generik.jpg","width":1031,"height":1479,"caption":"Peoplesphere Company srl"},"image":{"@id":"https:\/\/peoplesphere.be\/fr\/#\/schema\/logo\/image\/"},"sameAs":["https:\/\/www.facebook.com\/peoplesphere","https:\/\/twitter.com\/PeoplesphereMag","https:\/\/www.linkedin.com\/company\/7587361?trk","http:\/\/youtube.com\/peoplesphere"]},{"@type":"Person","@id":"https:\/\/peoplesphere.be\/fr\/#\/schema\/person\/7976225ff17988604334abb7b3536a7e","name":"Jean-Paul Erhard","image":{"@type":"ImageObject","inLanguage":"fr-FR","@id":"https:\/\/peoplesphere.be\/fr\/#\/schema\/person\/image\/","url":"https:\/\/secure.gravatar.com\/avatar\/f941e681460179738071629a51574930?s=96&d=mm&r=g","contentUrl":"https:\/\/secure.gravatar.com\/avatar\/f941e681460179738071629a51574930?s=96&d=mm&r=g","caption":"Jean-Paul Erhard"},"url":"https:\/\/peoplesphere.be\/fr\/author\/jpe\/"}]}},"_links":{"self":[{"href":"https:\/\/peoplesphere.be\/fr\/wp-json\/wp\/v2\/posts\/3714"}],"collection":[{"href":"https:\/\/peoplesphere.be\/fr\/wp-json\/wp\/v2\/posts"}],"about":[{"href":"https:\/\/peoplesphere.be\/fr\/wp-json\/wp\/v2\/types\/post"}],"author":[{"embeddable":true,"href":"https:\/\/peoplesphere.be\/fr\/wp-json\/wp\/v2\/users\/2"}],"replies":[{"embeddable":true,"href":"https:\/\/peoplesphere.be\/fr\/wp-json\/wp\/v2\/comments?post=3714"}],"version-history":[{"count":1,"href":"https:\/\/peoplesphere.be\/fr\/wp-json\/wp\/v2\/posts\/3714\/revisions"}],"predecessor-version":[{"id":3715,"href":"https:\/\/peoplesphere.be\/fr\/wp-json\/wp\/v2\/posts\/3714\/revisions\/3715"}],"wp:attachment":[{"href":"https:\/\/peoplesphere.be\/fr\/wp-json\/wp\/v2\/media?parent=3714"}],"wp:term":[{"taxonomy":"category","embeddable":true,"href":"https:\/\/peoplesphere.be\/fr\/wp-json\/wp\/v2\/categories?post=3714"},{"taxonomy":"post_tag","embeddable":true,"href":"https:\/\/peoplesphere.be\/fr\/wp-json\/wp\/v2\/tags?post=3714"}],"curies":[{"name":"wp","href":"https:\/\/api.w.org\/{rel}","templated":true}]}}