









{"id":3761,"date":"2016-12-13T06:54:37","date_gmt":"2016-12-13T04:54:37","guid":{"rendered":"http:\/\/www.peoplesphere.be\/fr\/?p=3761"},"modified":"2016-12-13T06:54:37","modified_gmt":"2016-12-13T04:54:37","slug":"perspectives-de-recrutement-la-confiance-au-plus-haut-avant-dentamer-2017","status":"publish","type":"post","link":"https:\/\/peoplesphere.be\/fr\/perspectives-de-recrutement-la-confiance-au-plus-haut-avant-dentamer-2017\/","title":{"rendered":"Perspectives de recrutement : la confiance au plus haut avant d&rsquo;entamer 2017."},"content":{"rendered":"<p>Les demandeurs d&#8217;emploi doivent attendre le d\u00e9but de l&rsquo;ann\u00e9e 2017 avec impatience&#8230; Selon le Barom\u00e8tre ManpowerGroup publi\u00e9 ce jour, les employeurs belges font preuve d\u2019un regain d\u2019optimisme dans leurs intentions de recrutement. Pr\u00e8s d\u2019un employeur sur dix (9%) pr\u00e9voit de renforcer ses effectifs d\u2019ici la fin du mois de mars 2017, tandis que 3% d\u2019entre eux envisagent de les r\u00e9duire. 88% des employeurs pr\u00e9voient de maintenir leur masse salariale au m\u00eame niveau. Il s\u2019agit de la pr\u00e9vision la plus optimiste depuis le 3e trimestre 2011.<!--more--><\/p>\n<p><em>\u201cMalgr\u00e9 les incertitudes li\u00e9es au contexte international \u2013 le vote en faveur du Brexit, l\u2019\u00e9lection d\u2019un nouveau pr\u00e9sident aux \u00c9tats-Unis (l\u2019enqu\u00eate a \u00e9t\u00e9 men\u00e9e du 19 octobre au 1er novembre) ou les prochaines \u00e9ch\u00e9ances \u00e9lectorales en France et en Allemagne \u2013 , les employeurs belges semblent regarder l\u2019avenir en 2017 avec une confiance renforc\u00e9e<\/em>\u201d commente Philippe Lacroix, Managing Director de ManpowerGroup Belux. <em>\u201cAu cours de ces derniers mois, plusieurs indicateurs sont pass\u00e9s dans le vert en Belgique. L\u2019int\u00e9rim a enregistr\u00e9 une progression constante, en hausse de pr\u00e8s de 7% fin octobre par rapport \u00e0 l\u2019an dernier, retrouvant presque son niveau d\u2019avant la crise de 2008. Il n\u2019est d\u00e8s lors pas \u00e9tonnant de trouver davantage d\u2019employeurs pr\u00eats \u00e0 cr\u00e9er de nouveaux emplois au cours des prochains mois, m\u00eame s\u2019ils comptent garder un oeil vigilant sur l\u2019\u00e9volution du march\u00e9 et int\u00e9grer davantage de flexibilit\u00e9 dans leur mode de gestion des ressources humaines\u201d.<\/em><\/p>\n<p><strong><em>Une tendance vraiment nationale.<\/em><\/strong><\/p>\n<p>La Pr\u00e9vision Nette d\u2019Emploi est positive dans les trois r\u00e9gions du pays : +6 \u00e0 Bruxelles et en Flandre, +3 en Wallonie. A Bruxelles (+6), les employeurs n\u2019ont plus montr\u00e9 un tel niveau d\u2019optimisme depuis presque deux ans. L\u2019indice ManpowerGroup gagne 7 points en comparaison trimestrielle et 5 points en comparaison annuelle. L\u2019activit\u00e9 de recrutement devrait \u00e9galement s\u2019intensifier en Flandre (+6), en hausse de 3 points par rapport au 4e trimestre 2016 et de 6 points par rapport au 1er trimestre 2016. Les employeurs se montrent plus prudents en Wallonie (+3), m\u00eame si la Pr\u00e9vision Nette d\u2019Emploi gagne 2 points d\u2019un trimestre et d\u2019une ann\u00e9e sur l\u2019autre.<\/p>\n<p><strong><em>Optimisme dans la plupart des secteurs, sauf\u00a0dans l\u2019Horeca.<\/em><\/strong><\/p>\n<p>Les employeurs de neuf des dix secteurs sond\u00e9s pr\u00e9voient de renforcer leurs effectifs au cours du 1er trimestre 2017. Dans le secteur de la Finance, de l\u2019assurance, de l\u2019immobilier et des services aux entreprises (+12), la Pr\u00e9vision Nette d\u2019Emploi atteint son niveau le plus \u00e9lev\u00e9 depuis le 2e trimestre 2012.<em> \u201cCe n\u2019est sans doute pas dans le secteur des banques et de l\u2019assurance qu\u2019il faut trouver l\u2019explication de cette pr\u00e9vision optimiste \u2013 au vu de l\u2019actualit\u00e9 sociale r\u00e9cente et des transformations et d\u00e9fis que doit relever ce secteur \u2013 mais plut\u00f4t dans le secteur des services aux entreprises, notamment celles li\u00e9es au num\u00e9rique ou aux nouvelles technologies qui recrutent en permanence de nouveaux profils\u201d<\/em>.<\/p>\n<p>Les intentions de recrutement sont \u00e9galement tr\u00e8s favorables dans les secteurs de l\u2019Electricit\u00e9 gaz et eau (+9), des Services publics, l\u2019\u00e9ducation, la sant\u00e9 et les services collectifs (+8, la pr\u00e9vision la plus optimiste depuis presque 6 ans) ou de l\u2019Agriculture et de la p\u00eache (+7, au plus haut depuis 10 ans) . La Pr\u00e9vision Nette d\u2019Emploi affiche la valeur prudente de +3 dans trois secteurs : la Construction, le Commerce de gros et de d\u00e9tail et l\u2019Industrie manufacturi\u00e8re. Enfin, l\u2019emploi devrait peu \u00e9voluer dans les secteurs des Industries Extractives, ainsi que du secteur du Transport et de la logistique (tous deux \u00e0 +1), tandis qu\u2019il devrait r\u00e9gresser l\u00e9g\u00e8rement dans le secteur de l\u2019Horeca (-2, pr\u00e9vision la plus faible depuis le 2e trimestre 2014).<\/p>\n<p><strong><em>Une confiance renforc\u00e9e\u00a0chez les employeurs de toute taille.<\/em><\/strong><\/p>\n<p>Les employeurs de tous les quatre segments d\u2019entreprise \u00e9tudi\u00e9s selon la taille de leurs effectifs anticipent une activit\u00e9 de recrutement positive au cours du prochain trimestre. Pour le 1er trimestre 2017, ce sont les employeurs des grandes entreprises (\u2265 250 travailleurs) et des moyennes entreprises (50-249 travailleurs) qui rapportent les Pr\u00e9visions Nettes d\u2019Emploi les plus favorables, +19 (hausse de 7 points en comparaison trimestrielle) et +18 (hausse de 11 points en comparaison trimestrielle) respectivement. Les intentions de recrutement sont \u00e9galement en progression dans les petites entreprises (10-49 travailleurs) : +11, hausse de 10 points en comparaison trimestrielle. En revanche, les employeurs des micro-entreprises (&lt; 10 travailleurs) se montrent plus prudents (+3).<\/p>\n<p>A l\u2019\u00e9chelle mondiale, les intentions de recrutement sont positives dans 40 des 43 pays et territoires sond\u00e9s. Seuls les employeurs br\u00e9siliens (-9) et suisses (-2) s\u2019attendent \u00e0 une baisse de leurs effectifs au cours du 1er trimestre 2017. Par rapport au trimestre pr\u00e9c\u00e9dent trimestre et au premier trimestre 2016, les perspectives sont h\u00e9t\u00e9rog\u00e8nes. Les intentions d\u2019embauche progressent dans 19 des 43 pays et territoires en comparaison trimestrielle mais fl\u00e9chissent dans 17 autres et restent inchang\u00e9es dans les sept derniers.\u00a0Dans 23 des 25 pays de la r\u00e9gion Europe, Moyen-Orient et Afrique (EMEA), les employeurs pr\u00e9voient d&rsquo;accro\u00eetre leurs effectifs \u00e0 des degr\u00e9s divers au cours des trois mois \u00e0 venir.<\/p>\n<p><em>Source ; ManpowerGroup<\/em><\/p>\n","protected":false},"excerpt":{"rendered":"<p>Les demandeurs d&#8217;emploi doivent attendre le d\u00e9but de l&rsquo;ann\u00e9e 2017 avec impatience&#8230; Selon le Barom\u00e8tre ManpowerGroup publi\u00e9 ce jour, les employeurs belges font preuve d\u2019un regain d\u2019optimisme dans leurs intentions de recrutement. Pr\u00e8s d\u2019un employeur sur dix (9%) pr\u00e9voit de [&hellip;]<\/p>\n","protected":false},"author":2,"featured_media":0,"comment_status":"closed","ping_status":"open","sticky":false,"template":"","format":"standard","meta":[],"categories":[65,10],"tags":[11,371,72,666],"yoast_head":"<!-- This site is optimized with the Yoast SEO plugin v21.0 - https:\/\/yoast.com\/wordpress\/plugins\/seo\/ -->\n<title>Perspectives de recrutement : la confiance au plus haut avant d&#039;entamer 2017. - Peoplesphere<\/title>\n<meta name=\"robots\" content=\"index, follow, max-snippet:-1, max-image-preview:large, max-video-preview:-1\" \/>\n<link rel=\"canonical\" href=\"https:\/\/peoplesphere.be\/fr\/perspectives-de-recrutement-la-confiance-au-plus-haut-avant-dentamer-2017\/\" \/>\n<meta property=\"og:locale\" content=\"fr_FR\" \/>\n<meta property=\"og:type\" content=\"article\" \/>\n<meta property=\"og:title\" content=\"Perspectives de recrutement : la confiance au plus haut avant d&#039;entamer 2017. - Peoplesphere\" \/>\n<meta property=\"og:description\" content=\"Les demandeurs d&#8217;emploi doivent attendre le d\u00e9but de l&rsquo;ann\u00e9e 2017 avec impatience&#8230; Selon le Barom\u00e8tre ManpowerGroup publi\u00e9 ce jour, les employeurs belges font preuve d\u2019un regain d\u2019optimisme dans leurs intentions de recrutement. Pr\u00e8s d\u2019un employeur sur dix (9%) pr\u00e9voit de [&hellip;]\" \/>\n<meta property=\"og:url\" content=\"https:\/\/peoplesphere.be\/fr\/perspectives-de-recrutement-la-confiance-au-plus-haut-avant-dentamer-2017\/\" \/>\n<meta property=\"og:site_name\" content=\"Peoplesphere\" \/>\n<meta property=\"article:publisher\" content=\"https:\/\/www.facebook.com\/peoplesphere\" \/>\n<meta property=\"article:published_time\" content=\"2016-12-13T04:54:37+00:00\" \/>\n<meta property=\"og:image\" content=\"http:\/\/www.peoplesphere.be\/fr\/wp-content\/uploads\/2016\/07\/facebook-default-posting-1200x628px.jpg\" \/>\n<meta name=\"author\" content=\"Jean-Paul Erhard\" \/>\n<meta name=\"twitter:card\" content=\"summary_large_image\" \/>\n<meta name=\"twitter:creator\" content=\"@PeoplesphereMag\" \/>\n<meta name=\"twitter:site\" content=\"@PeoplesphereMag\" \/>\n<meta name=\"twitter:label1\" content=\"\u00c9crit par\" \/>\n\t<meta name=\"twitter:data1\" content=\"Jean-Paul Erhard\" \/>\n\t<meta name=\"twitter:label2\" content=\"Dur\u00e9e de lecture estim\u00e9e\" \/>\n\t<meta name=\"twitter:data2\" content=\"4 minutes\" \/>\n<script type=\"application\/ld+json\" class=\"yoast-schema-graph\">{\"@context\":\"https:\/\/schema.org\",\"@graph\":[{\"@type\":\"Article\",\"@id\":\"https:\/\/peoplesphere.be\/fr\/perspectives-de-recrutement-la-confiance-au-plus-haut-avant-dentamer-2017\/#article\",\"isPartOf\":{\"@id\":\"https:\/\/peoplesphere.be\/fr\/perspectives-de-recrutement-la-confiance-au-plus-haut-avant-dentamer-2017\/\"},\"author\":{\"name\":\"Jean-Paul Erhard\",\"@id\":\"https:\/\/peoplesphere.be\/fr\/#\/schema\/person\/7976225ff17988604334abb7b3536a7e\"},\"headline\":\"Perspectives de recrutement : la confiance au plus haut avant d&rsquo;entamer 2017.\",\"datePublished\":\"2016-12-13T04:54:37+00:00\",\"dateModified\":\"2016-12-13T04:54:37+00:00\",\"mainEntityOfPage\":{\"@id\":\"https:\/\/peoplesphere.be\/fr\/perspectives-de-recrutement-la-confiance-au-plus-haut-avant-dentamer-2017\/\"},\"wordCount\":876,\"publisher\":{\"@id\":\"https:\/\/peoplesphere.be\/fr\/#organization\"},\"keywords\":[\"emploi\",\"manpowergroup\",\"recrutement\",\"talent acquisition\"],\"articleSection\":[\"Actualit\u00e9s\",\"Digital\"],\"inLanguage\":\"fr-FR\"},{\"@type\":\"WebPage\",\"@id\":\"https:\/\/peoplesphere.be\/fr\/perspectives-de-recrutement-la-confiance-au-plus-haut-avant-dentamer-2017\/\",\"url\":\"https:\/\/peoplesphere.be\/fr\/perspectives-de-recrutement-la-confiance-au-plus-haut-avant-dentamer-2017\/\",\"name\":\"Perspectives de recrutement : la confiance au plus haut avant d'entamer 2017. - Peoplesphere\",\"isPartOf\":{\"@id\":\"https:\/\/peoplesphere.be\/fr\/#website\"},\"datePublished\":\"2016-12-13T04:54:37+00:00\",\"dateModified\":\"2016-12-13T04:54:37+00:00\",\"breadcrumb\":{\"@id\":\"https:\/\/peoplesphere.be\/fr\/perspectives-de-recrutement-la-confiance-au-plus-haut-avant-dentamer-2017\/#breadcrumb\"},\"inLanguage\":\"fr-FR\",\"potentialAction\":[{\"@type\":\"ReadAction\",\"target\":[\"https:\/\/peoplesphere.be\/fr\/perspectives-de-recrutement-la-confiance-au-plus-haut-avant-dentamer-2017\/\"]}]},{\"@type\":\"BreadcrumbList\",\"@id\":\"https:\/\/peoplesphere.be\/fr\/perspectives-de-recrutement-la-confiance-au-plus-haut-avant-dentamer-2017\/#breadcrumb\",\"itemListElement\":[{\"@type\":\"ListItem\",\"position\":1,\"name\":\"Accueil\",\"item\":\"https:\/\/peoplesphere.be\/fr\/\"},{\"@type\":\"ListItem\",\"position\":2,\"name\":\"Perspectives de recrutement : la confiance au plus haut avant d&rsquo;entamer 2017.\"}]},{\"@type\":\"WebSite\",\"@id\":\"https:\/\/peoplesphere.be\/fr\/#website\",\"url\":\"https:\/\/peoplesphere.be\/fr\/\",\"name\":\"Peoplesphere\",\"description\":\"The People Managers Magazine\",\"publisher\":{\"@id\":\"https:\/\/peoplesphere.be\/fr\/#organization\"},\"potentialAction\":[{\"@type\":\"SearchAction\",\"target\":{\"@type\":\"EntryPoint\",\"urlTemplate\":\"https:\/\/peoplesphere.be\/fr\/?s={search_term_string}\"},\"query-input\":\"required name=search_term_string\"}],\"inLanguage\":\"fr-FR\"},{\"@type\":\"Organization\",\"@id\":\"https:\/\/peoplesphere.be\/fr\/#organization\",\"name\":\"Peoplesphere Company srl\",\"url\":\"https:\/\/peoplesphere.be\/fr\/\",\"logo\":{\"@type\":\"ImageObject\",\"inLanguage\":\"fr-FR\",\"@id\":\"https:\/\/peoplesphere.be\/fr\/#\/schema\/logo\/image\/\",\"url\":\"https:\/\/peoplesphere.be\/fr\/wp-content\/uploads\/2023\/07\/peoplesphere-lgo-new-generik.jpg\",\"contentUrl\":\"https:\/\/peoplesphere.be\/fr\/wp-content\/uploads\/2023\/07\/peoplesphere-lgo-new-generik.jpg\",\"width\":1031,\"height\":1479,\"caption\":\"Peoplesphere Company srl\"},\"image\":{\"@id\":\"https:\/\/peoplesphere.be\/fr\/#\/schema\/logo\/image\/\"},\"sameAs\":[\"https:\/\/www.facebook.com\/peoplesphere\",\"https:\/\/twitter.com\/PeoplesphereMag\",\"https:\/\/www.linkedin.com\/company\/7587361?trk\",\"http:\/\/youtube.com\/peoplesphere\"]},{\"@type\":\"Person\",\"@id\":\"https:\/\/peoplesphere.be\/fr\/#\/schema\/person\/7976225ff17988604334abb7b3536a7e\",\"name\":\"Jean-Paul Erhard\",\"image\":{\"@type\":\"ImageObject\",\"inLanguage\":\"fr-FR\",\"@id\":\"https:\/\/peoplesphere.be\/fr\/#\/schema\/person\/image\/\",\"url\":\"https:\/\/secure.gravatar.com\/avatar\/f941e681460179738071629a51574930?s=96&d=mm&r=g\",\"contentUrl\":\"https:\/\/secure.gravatar.com\/avatar\/f941e681460179738071629a51574930?s=96&d=mm&r=g\",\"caption\":\"Jean-Paul Erhard\"},\"url\":\"https:\/\/peoplesphere.be\/fr\/author\/jpe\/\"}]}<\/script>\n<!-- \/ Yoast SEO plugin. -->","yoast_head_json":{"title":"Perspectives de recrutement : la confiance au plus haut avant d'entamer 2017. - Peoplesphere","robots":{"index":"index","follow":"follow","max-snippet":"max-snippet:-1","max-image-preview":"max-image-preview:large","max-video-preview":"max-video-preview:-1"},"canonical":"https:\/\/peoplesphere.be\/fr\/perspectives-de-recrutement-la-confiance-au-plus-haut-avant-dentamer-2017\/","og_locale":"fr_FR","og_type":"article","og_title":"Perspectives de recrutement : la confiance au plus haut avant d'entamer 2017. - Peoplesphere","og_description":"Les demandeurs d&#8217;emploi doivent attendre le d\u00e9but de l&rsquo;ann\u00e9e 2017 avec impatience&#8230; Selon le Barom\u00e8tre ManpowerGroup publi\u00e9 ce jour, les employeurs belges font preuve d\u2019un regain d\u2019optimisme dans leurs intentions de recrutement. Pr\u00e8s d\u2019un employeur sur dix (9%) pr\u00e9voit de [&hellip;]","og_url":"https:\/\/peoplesphere.be\/fr\/perspectives-de-recrutement-la-confiance-au-plus-haut-avant-dentamer-2017\/","og_site_name":"Peoplesphere","article_publisher":"https:\/\/www.facebook.com\/peoplesphere","article_published_time":"2016-12-13T04:54:37+00:00","og_image":[{"url":"http:\/\/www.peoplesphere.be\/fr\/wp-content\/uploads\/2016\/07\/facebook-default-posting-1200x628px.jpg"}],"author":"Jean-Paul Erhard","twitter_card":"summary_large_image","twitter_creator":"@PeoplesphereMag","twitter_site":"@PeoplesphereMag","twitter_misc":{"\u00c9crit par":"Jean-Paul Erhard","Dur\u00e9e de lecture estim\u00e9e":"4 minutes"},"schema":{"@context":"https:\/\/schema.org","@graph":[{"@type":"Article","@id":"https:\/\/peoplesphere.be\/fr\/perspectives-de-recrutement-la-confiance-au-plus-haut-avant-dentamer-2017\/#article","isPartOf":{"@id":"https:\/\/peoplesphere.be\/fr\/perspectives-de-recrutement-la-confiance-au-plus-haut-avant-dentamer-2017\/"},"author":{"name":"Jean-Paul Erhard","@id":"https:\/\/peoplesphere.be\/fr\/#\/schema\/person\/7976225ff17988604334abb7b3536a7e"},"headline":"Perspectives de recrutement : la confiance au plus haut avant d&rsquo;entamer 2017.","datePublished":"2016-12-13T04:54:37+00:00","dateModified":"2016-12-13T04:54:37+00:00","mainEntityOfPage":{"@id":"https:\/\/peoplesphere.be\/fr\/perspectives-de-recrutement-la-confiance-au-plus-haut-avant-dentamer-2017\/"},"wordCount":876,"publisher":{"@id":"https:\/\/peoplesphere.be\/fr\/#organization"},"keywords":["emploi","manpowergroup","recrutement","talent acquisition"],"articleSection":["Actualit\u00e9s","Digital"],"inLanguage":"fr-FR"},{"@type":"WebPage","@id":"https:\/\/peoplesphere.be\/fr\/perspectives-de-recrutement-la-confiance-au-plus-haut-avant-dentamer-2017\/","url":"https:\/\/peoplesphere.be\/fr\/perspectives-de-recrutement-la-confiance-au-plus-haut-avant-dentamer-2017\/","name":"Perspectives de recrutement : la confiance au plus haut avant d'entamer 2017. - Peoplesphere","isPartOf":{"@id":"https:\/\/peoplesphere.be\/fr\/#website"},"datePublished":"2016-12-13T04:54:37+00:00","dateModified":"2016-12-13T04:54:37+00:00","breadcrumb":{"@id":"https:\/\/peoplesphere.be\/fr\/perspectives-de-recrutement-la-confiance-au-plus-haut-avant-dentamer-2017\/#breadcrumb"},"inLanguage":"fr-FR","potentialAction":[{"@type":"ReadAction","target":["https:\/\/peoplesphere.be\/fr\/perspectives-de-recrutement-la-confiance-au-plus-haut-avant-dentamer-2017\/"]}]},{"@type":"BreadcrumbList","@id":"https:\/\/peoplesphere.be\/fr\/perspectives-de-recrutement-la-confiance-au-plus-haut-avant-dentamer-2017\/#breadcrumb","itemListElement":[{"@type":"ListItem","position":1,"name":"Accueil","item":"https:\/\/peoplesphere.be\/fr\/"},{"@type":"ListItem","position":2,"name":"Perspectives de recrutement : la confiance au plus haut avant d&rsquo;entamer 2017."}]},{"@type":"WebSite","@id":"https:\/\/peoplesphere.be\/fr\/#website","url":"https:\/\/peoplesphere.be\/fr\/","name":"Peoplesphere","description":"The People Managers Magazine","publisher":{"@id":"https:\/\/peoplesphere.be\/fr\/#organization"},"potentialAction":[{"@type":"SearchAction","target":{"@type":"EntryPoint","urlTemplate":"https:\/\/peoplesphere.be\/fr\/?s={search_term_string}"},"query-input":"required name=search_term_string"}],"inLanguage":"fr-FR"},{"@type":"Organization","@id":"https:\/\/peoplesphere.be\/fr\/#organization","name":"Peoplesphere Company srl","url":"https:\/\/peoplesphere.be\/fr\/","logo":{"@type":"ImageObject","inLanguage":"fr-FR","@id":"https:\/\/peoplesphere.be\/fr\/#\/schema\/logo\/image\/","url":"https:\/\/peoplesphere.be\/fr\/wp-content\/uploads\/2023\/07\/peoplesphere-lgo-new-generik.jpg","contentUrl":"https:\/\/peoplesphere.be\/fr\/wp-content\/uploads\/2023\/07\/peoplesphere-lgo-new-generik.jpg","width":1031,"height":1479,"caption":"Peoplesphere Company srl"},"image":{"@id":"https:\/\/peoplesphere.be\/fr\/#\/schema\/logo\/image\/"},"sameAs":["https:\/\/www.facebook.com\/peoplesphere","https:\/\/twitter.com\/PeoplesphereMag","https:\/\/www.linkedin.com\/company\/7587361?trk","http:\/\/youtube.com\/peoplesphere"]},{"@type":"Person","@id":"https:\/\/peoplesphere.be\/fr\/#\/schema\/person\/7976225ff17988604334abb7b3536a7e","name":"Jean-Paul Erhard","image":{"@type":"ImageObject","inLanguage":"fr-FR","@id":"https:\/\/peoplesphere.be\/fr\/#\/schema\/person\/image\/","url":"https:\/\/secure.gravatar.com\/avatar\/f941e681460179738071629a51574930?s=96&d=mm&r=g","contentUrl":"https:\/\/secure.gravatar.com\/avatar\/f941e681460179738071629a51574930?s=96&d=mm&r=g","caption":"Jean-Paul Erhard"},"url":"https:\/\/peoplesphere.be\/fr\/author\/jpe\/"}]}},"_links":{"self":[{"href":"https:\/\/peoplesphere.be\/fr\/wp-json\/wp\/v2\/posts\/3761"}],"collection":[{"href":"https:\/\/peoplesphere.be\/fr\/wp-json\/wp\/v2\/posts"}],"about":[{"href":"https:\/\/peoplesphere.be\/fr\/wp-json\/wp\/v2\/types\/post"}],"author":[{"embeddable":true,"href":"https:\/\/peoplesphere.be\/fr\/wp-json\/wp\/v2\/users\/2"}],"replies":[{"embeddable":true,"href":"https:\/\/peoplesphere.be\/fr\/wp-json\/wp\/v2\/comments?post=3761"}],"version-history":[{"count":1,"href":"https:\/\/peoplesphere.be\/fr\/wp-json\/wp\/v2\/posts\/3761\/revisions"}],"predecessor-version":[{"id":3762,"href":"https:\/\/peoplesphere.be\/fr\/wp-json\/wp\/v2\/posts\/3761\/revisions\/3762"}],"wp:attachment":[{"href":"https:\/\/peoplesphere.be\/fr\/wp-json\/wp\/v2\/media?parent=3761"}],"wp:term":[{"taxonomy":"category","embeddable":true,"href":"https:\/\/peoplesphere.be\/fr\/wp-json\/wp\/v2\/categories?post=3761"},{"taxonomy":"post_tag","embeddable":true,"href":"https:\/\/peoplesphere.be\/fr\/wp-json\/wp\/v2\/tags?post=3761"}],"curies":[{"name":"wp","href":"https:\/\/api.w.org\/{rel}","templated":true}]}}