









{"id":3767,"date":"2016-12-14T12:46:07","date_gmt":"2016-12-14T10:46:07","guid":{"rendered":"http:\/\/www.peoplesphere.be\/fr\/?p=3767"},"modified":"2016-12-14T12:46:07","modified_gmt":"2016-12-14T10:46:07","slug":"une-plateforme-de-recrutement-dediee-au-secteur-de-lautomobile","status":"publish","type":"post","link":"https:\/\/peoplesphere.be\/fr\/une-plateforme-de-recrutement-dediee-au-secteur-de-lautomobile\/","title":{"rendered":"Une plateforme de recrutement d\u00e9di\u00e9e au secteur de l&rsquo;automobile."},"content":{"rendered":"<p>Une nouvelle plateforme sectorielle de recrutement, une! La FEBIAC, Educam et Traxio ont cr\u00e9\u00e9 ensemble une plateforme (mobilityjobs.be) destin\u00e9es au secteur automobile. Les partenaires confirment la tendance \u00e0 la sp\u00e9cialisation afin d&rsquo;am\u00e9liorer la s\u00e9lectivit\u00e9 du recrutement.<!--more--><\/p>\n<p>Recruter\u00a0un m\u00e9canicien, un vendeur, un directeur de l&rsquo;apr\u00e8s-vente, un magasinier ou d&rsquo;autres professionnels du secteur automobile? La plateforme propose de toucher rapidement et directement ce groupe-cible gr\u00e2ce \u00e0 une plateforme performante en termes d&rsquo;offres d&#8217;emploi dans l&rsquo;automobile.<\/p>\n<p>L&rsquo;argumentaire pr\u00e9sident \u00e0 la naissance de Mobilityjobs.be repose \u00e0 la fois sur la simplicit\u00e9 et sur les prix&#8230;<\/p>\n<p>\u2699 Une port\u00e9e performante: des visiteurs int\u00e9ressants du monde de l&rsquo;automobile et de l&rsquo;apr\u00e8s-vente;<br \/>\n\u2699 Des fonctions de recherche pratiques: les personnes \u00e0 la recherche d&rsquo;un emploi vous trouvent rapidement;<br \/>\n\u2699 Une banque de CV actualis\u00e9e: vous screenez les candidats quand vous le voulez;<br \/>\n\u2699 Service de placement gratuit: nous r\u00e9digeons votre offre d&#8217;emploi;<br \/>\n\u2699 Des tarifs tr\u00e8s int\u00e9ressants et des formules pour maximiser vos r\u00e9sultats;<br \/>\n\u2699 Approche cross-m\u00e9dia: votre offre d&#8217;emploi est aussi envoy\u00e9e \u00e0 80.000 adresses e-mail et est promue dans des p\u00e9riodiques.<\/p>\n","protected":false},"excerpt":{"rendered":"<p>Une nouvelle plateforme sectorielle de recrutement, une! La FEBIAC, Educam et Traxio ont cr\u00e9\u00e9 ensemble une plateforme (mobilityjobs.be) destin\u00e9es au secteur automobile. Les partenaires confirment la tendance \u00e0 la sp\u00e9cialisation afin d&rsquo;am\u00e9liorer la s\u00e9lectivit\u00e9 du recrutement.<\/p>\n","protected":false},"author":2,"featured_media":0,"comment_status":"closed","ping_status":"open","sticky":false,"template":"","format":"standard","meta":[],"categories":[65,10],"tags":[1076,72,666],"yoast_head":"<!-- This site is optimized with the Yoast SEO plugin v21.0 - https:\/\/yoast.com\/wordpress\/plugins\/seo\/ -->\n<title>Une plateforme de recrutement d\u00e9di\u00e9e au secteur de l&#039;automobile. - Peoplesphere<\/title>\n<meta name=\"robots\" content=\"index, follow, max-snippet:-1, max-image-preview:large, max-video-preview:-1\" \/>\n<link rel=\"canonical\" href=\"https:\/\/peoplesphere.be\/fr\/une-plateforme-de-recrutement-dediee-au-secteur-de-lautomobile\/\" \/>\n<meta property=\"og:locale\" content=\"fr_FR\" \/>\n<meta property=\"og:type\" content=\"article\" \/>\n<meta property=\"og:title\" content=\"Une plateforme de recrutement d\u00e9di\u00e9e au secteur de l&#039;automobile. - Peoplesphere\" \/>\n<meta property=\"og:description\" content=\"Une nouvelle plateforme sectorielle de recrutement, une! La FEBIAC, Educam et Traxio ont cr\u00e9\u00e9 ensemble une plateforme (mobilityjobs.be) destin\u00e9es au secteur automobile. Les partenaires confirment la tendance \u00e0 la sp\u00e9cialisation afin d&rsquo;am\u00e9liorer la s\u00e9lectivit\u00e9 du recrutement.\" \/>\n<meta property=\"og:url\" content=\"https:\/\/peoplesphere.be\/fr\/une-plateforme-de-recrutement-dediee-au-secteur-de-lautomobile\/\" \/>\n<meta property=\"og:site_name\" content=\"Peoplesphere\" \/>\n<meta property=\"article:publisher\" content=\"https:\/\/www.facebook.com\/peoplesphere\" \/>\n<meta property=\"article:published_time\" content=\"2016-12-14T10:46:07+00:00\" \/>\n<meta property=\"og:image\" content=\"http:\/\/www.peoplesphere.be\/fr\/wp-content\/uploads\/2016\/07\/facebook-default-posting-1200x628px.jpg\" \/>\n<meta name=\"author\" content=\"Jean-Paul Erhard\" \/>\n<meta name=\"twitter:card\" content=\"summary_large_image\" \/>\n<meta name=\"twitter:creator\" content=\"@PeoplesphereMag\" \/>\n<meta name=\"twitter:site\" content=\"@PeoplesphereMag\" \/>\n<meta name=\"twitter:label1\" content=\"\u00c9crit par\" \/>\n\t<meta name=\"twitter:data1\" content=\"Jean-Paul Erhard\" \/>\n\t<meta name=\"twitter:label2\" content=\"Dur\u00e9e de lecture estim\u00e9e\" \/>\n\t<meta name=\"twitter:data2\" content=\"1 minute\" \/>\n<script type=\"application\/ld+json\" class=\"yoast-schema-graph\">{\"@context\":\"https:\/\/schema.org\",\"@graph\":[{\"@type\":\"Article\",\"@id\":\"https:\/\/peoplesphere.be\/fr\/une-plateforme-de-recrutement-dediee-au-secteur-de-lautomobile\/#article\",\"isPartOf\":{\"@id\":\"https:\/\/peoplesphere.be\/fr\/une-plateforme-de-recrutement-dediee-au-secteur-de-lautomobile\/\"},\"author\":{\"name\":\"Jean-Paul Erhard\",\"@id\":\"https:\/\/peoplesphere.be\/fr\/#\/schema\/person\/7976225ff17988604334abb7b3536a7e\"},\"headline\":\"Une plateforme de recrutement d\u00e9di\u00e9e au secteur de l&rsquo;automobile.\",\"datePublished\":\"2016-12-14T10:46:07+00:00\",\"dateModified\":\"2016-12-14T10:46:07+00:00\",\"mainEntityOfPage\":{\"@id\":\"https:\/\/peoplesphere.be\/fr\/une-plateforme-de-recrutement-dediee-au-secteur-de-lautomobile\/\"},\"wordCount\":196,\"publisher\":{\"@id\":\"https:\/\/peoplesphere.be\/fr\/#organization\"},\"keywords\":[\"automobile\",\"recrutement\",\"talent acquisition\"],\"articleSection\":[\"Actualit\u00e9s\",\"Digital\"],\"inLanguage\":\"fr-FR\"},{\"@type\":\"WebPage\",\"@id\":\"https:\/\/peoplesphere.be\/fr\/une-plateforme-de-recrutement-dediee-au-secteur-de-lautomobile\/\",\"url\":\"https:\/\/peoplesphere.be\/fr\/une-plateforme-de-recrutement-dediee-au-secteur-de-lautomobile\/\",\"name\":\"Une plateforme de recrutement d\u00e9di\u00e9e au secteur de l'automobile. - Peoplesphere\",\"isPartOf\":{\"@id\":\"https:\/\/peoplesphere.be\/fr\/#website\"},\"datePublished\":\"2016-12-14T10:46:07+00:00\",\"dateModified\":\"2016-12-14T10:46:07+00:00\",\"breadcrumb\":{\"@id\":\"https:\/\/peoplesphere.be\/fr\/une-plateforme-de-recrutement-dediee-au-secteur-de-lautomobile\/#breadcrumb\"},\"inLanguage\":\"fr-FR\",\"potentialAction\":[{\"@type\":\"ReadAction\",\"target\":[\"https:\/\/peoplesphere.be\/fr\/une-plateforme-de-recrutement-dediee-au-secteur-de-lautomobile\/\"]}]},{\"@type\":\"BreadcrumbList\",\"@id\":\"https:\/\/peoplesphere.be\/fr\/une-plateforme-de-recrutement-dediee-au-secteur-de-lautomobile\/#breadcrumb\",\"itemListElement\":[{\"@type\":\"ListItem\",\"position\":1,\"name\":\"Accueil\",\"item\":\"https:\/\/peoplesphere.be\/fr\/\"},{\"@type\":\"ListItem\",\"position\":2,\"name\":\"Une plateforme de recrutement d\u00e9di\u00e9e au secteur de l&rsquo;automobile.\"}]},{\"@type\":\"WebSite\",\"@id\":\"https:\/\/peoplesphere.be\/fr\/#website\",\"url\":\"https:\/\/peoplesphere.be\/fr\/\",\"name\":\"Peoplesphere\",\"description\":\"The People Managers Magazine\",\"publisher\":{\"@id\":\"https:\/\/peoplesphere.be\/fr\/#organization\"},\"potentialAction\":[{\"@type\":\"SearchAction\",\"target\":{\"@type\":\"EntryPoint\",\"urlTemplate\":\"https:\/\/peoplesphere.be\/fr\/?s={search_term_string}\"},\"query-input\":\"required name=search_term_string\"}],\"inLanguage\":\"fr-FR\"},{\"@type\":\"Organization\",\"@id\":\"https:\/\/peoplesphere.be\/fr\/#organization\",\"name\":\"Peoplesphere Company srl\",\"url\":\"https:\/\/peoplesphere.be\/fr\/\",\"logo\":{\"@type\":\"ImageObject\",\"inLanguage\":\"fr-FR\",\"@id\":\"https:\/\/peoplesphere.be\/fr\/#\/schema\/logo\/image\/\",\"url\":\"https:\/\/peoplesphere.be\/fr\/wp-content\/uploads\/2023\/07\/peoplesphere-lgo-new-generik.jpg\",\"contentUrl\":\"https:\/\/peoplesphere.be\/fr\/wp-content\/uploads\/2023\/07\/peoplesphere-lgo-new-generik.jpg\",\"width\":1031,\"height\":1479,\"caption\":\"Peoplesphere Company srl\"},\"image\":{\"@id\":\"https:\/\/peoplesphere.be\/fr\/#\/schema\/logo\/image\/\"},\"sameAs\":[\"https:\/\/www.facebook.com\/peoplesphere\",\"https:\/\/twitter.com\/PeoplesphereMag\",\"https:\/\/www.linkedin.com\/company\/7587361?trk\",\"http:\/\/youtube.com\/peoplesphere\"]},{\"@type\":\"Person\",\"@id\":\"https:\/\/peoplesphere.be\/fr\/#\/schema\/person\/7976225ff17988604334abb7b3536a7e\",\"name\":\"Jean-Paul Erhard\",\"image\":{\"@type\":\"ImageObject\",\"inLanguage\":\"fr-FR\",\"@id\":\"https:\/\/peoplesphere.be\/fr\/#\/schema\/person\/image\/\",\"url\":\"https:\/\/secure.gravatar.com\/avatar\/f941e681460179738071629a51574930?s=96&d=mm&r=g\",\"contentUrl\":\"https:\/\/secure.gravatar.com\/avatar\/f941e681460179738071629a51574930?s=96&d=mm&r=g\",\"caption\":\"Jean-Paul Erhard\"},\"url\":\"https:\/\/peoplesphere.be\/fr\/author\/jpe\/\"}]}<\/script>\n<!-- \/ Yoast SEO plugin. -->","yoast_head_json":{"title":"Une plateforme de recrutement d\u00e9di\u00e9e au secteur de l'automobile. - Peoplesphere","robots":{"index":"index","follow":"follow","max-snippet":"max-snippet:-1","max-image-preview":"max-image-preview:large","max-video-preview":"max-video-preview:-1"},"canonical":"https:\/\/peoplesphere.be\/fr\/une-plateforme-de-recrutement-dediee-au-secteur-de-lautomobile\/","og_locale":"fr_FR","og_type":"article","og_title":"Une plateforme de recrutement d\u00e9di\u00e9e au secteur de l'automobile. - Peoplesphere","og_description":"Une nouvelle plateforme sectorielle de recrutement, une! La FEBIAC, Educam et Traxio ont cr\u00e9\u00e9 ensemble une plateforme (mobilityjobs.be) destin\u00e9es au secteur automobile. Les partenaires confirment la tendance \u00e0 la sp\u00e9cialisation afin d&rsquo;am\u00e9liorer la s\u00e9lectivit\u00e9 du recrutement.","og_url":"https:\/\/peoplesphere.be\/fr\/une-plateforme-de-recrutement-dediee-au-secteur-de-lautomobile\/","og_site_name":"Peoplesphere","article_publisher":"https:\/\/www.facebook.com\/peoplesphere","article_published_time":"2016-12-14T10:46:07+00:00","og_image":[{"url":"http:\/\/www.peoplesphere.be\/fr\/wp-content\/uploads\/2016\/07\/facebook-default-posting-1200x628px.jpg"}],"author":"Jean-Paul Erhard","twitter_card":"summary_large_image","twitter_creator":"@PeoplesphereMag","twitter_site":"@PeoplesphereMag","twitter_misc":{"\u00c9crit par":"Jean-Paul Erhard","Dur\u00e9e de lecture estim\u00e9e":"1 minute"},"schema":{"@context":"https:\/\/schema.org","@graph":[{"@type":"Article","@id":"https:\/\/peoplesphere.be\/fr\/une-plateforme-de-recrutement-dediee-au-secteur-de-lautomobile\/#article","isPartOf":{"@id":"https:\/\/peoplesphere.be\/fr\/une-plateforme-de-recrutement-dediee-au-secteur-de-lautomobile\/"},"author":{"name":"Jean-Paul Erhard","@id":"https:\/\/peoplesphere.be\/fr\/#\/schema\/person\/7976225ff17988604334abb7b3536a7e"},"headline":"Une plateforme de recrutement d\u00e9di\u00e9e au secteur de l&rsquo;automobile.","datePublished":"2016-12-14T10:46:07+00:00","dateModified":"2016-12-14T10:46:07+00:00","mainEntityOfPage":{"@id":"https:\/\/peoplesphere.be\/fr\/une-plateforme-de-recrutement-dediee-au-secteur-de-lautomobile\/"},"wordCount":196,"publisher":{"@id":"https:\/\/peoplesphere.be\/fr\/#organization"},"keywords":["automobile","recrutement","talent acquisition"],"articleSection":["Actualit\u00e9s","Digital"],"inLanguage":"fr-FR"},{"@type":"WebPage","@id":"https:\/\/peoplesphere.be\/fr\/une-plateforme-de-recrutement-dediee-au-secteur-de-lautomobile\/","url":"https:\/\/peoplesphere.be\/fr\/une-plateforme-de-recrutement-dediee-au-secteur-de-lautomobile\/","name":"Une plateforme de recrutement d\u00e9di\u00e9e au secteur de l'automobile. - Peoplesphere","isPartOf":{"@id":"https:\/\/peoplesphere.be\/fr\/#website"},"datePublished":"2016-12-14T10:46:07+00:00","dateModified":"2016-12-14T10:46:07+00:00","breadcrumb":{"@id":"https:\/\/peoplesphere.be\/fr\/une-plateforme-de-recrutement-dediee-au-secteur-de-lautomobile\/#breadcrumb"},"inLanguage":"fr-FR","potentialAction":[{"@type":"ReadAction","target":["https:\/\/peoplesphere.be\/fr\/une-plateforme-de-recrutement-dediee-au-secteur-de-lautomobile\/"]}]},{"@type":"BreadcrumbList","@id":"https:\/\/peoplesphere.be\/fr\/une-plateforme-de-recrutement-dediee-au-secteur-de-lautomobile\/#breadcrumb","itemListElement":[{"@type":"ListItem","position":1,"name":"Accueil","item":"https:\/\/peoplesphere.be\/fr\/"},{"@type":"ListItem","position":2,"name":"Une plateforme de recrutement d\u00e9di\u00e9e au secteur de l&rsquo;automobile."}]},{"@type":"WebSite","@id":"https:\/\/peoplesphere.be\/fr\/#website","url":"https:\/\/peoplesphere.be\/fr\/","name":"Peoplesphere","description":"The People Managers Magazine","publisher":{"@id":"https:\/\/peoplesphere.be\/fr\/#organization"},"potentialAction":[{"@type":"SearchAction","target":{"@type":"EntryPoint","urlTemplate":"https:\/\/peoplesphere.be\/fr\/?s={search_term_string}"},"query-input":"required name=search_term_string"}],"inLanguage":"fr-FR"},{"@type":"Organization","@id":"https:\/\/peoplesphere.be\/fr\/#organization","name":"Peoplesphere Company srl","url":"https:\/\/peoplesphere.be\/fr\/","logo":{"@type":"ImageObject","inLanguage":"fr-FR","@id":"https:\/\/peoplesphere.be\/fr\/#\/schema\/logo\/image\/","url":"https:\/\/peoplesphere.be\/fr\/wp-content\/uploads\/2023\/07\/peoplesphere-lgo-new-generik.jpg","contentUrl":"https:\/\/peoplesphere.be\/fr\/wp-content\/uploads\/2023\/07\/peoplesphere-lgo-new-generik.jpg","width":1031,"height":1479,"caption":"Peoplesphere Company srl"},"image":{"@id":"https:\/\/peoplesphere.be\/fr\/#\/schema\/logo\/image\/"},"sameAs":["https:\/\/www.facebook.com\/peoplesphere","https:\/\/twitter.com\/PeoplesphereMag","https:\/\/www.linkedin.com\/company\/7587361?trk","http:\/\/youtube.com\/peoplesphere"]},{"@type":"Person","@id":"https:\/\/peoplesphere.be\/fr\/#\/schema\/person\/7976225ff17988604334abb7b3536a7e","name":"Jean-Paul Erhard","image":{"@type":"ImageObject","inLanguage":"fr-FR","@id":"https:\/\/peoplesphere.be\/fr\/#\/schema\/person\/image\/","url":"https:\/\/secure.gravatar.com\/avatar\/f941e681460179738071629a51574930?s=96&d=mm&r=g","contentUrl":"https:\/\/secure.gravatar.com\/avatar\/f941e681460179738071629a51574930?s=96&d=mm&r=g","caption":"Jean-Paul Erhard"},"url":"https:\/\/peoplesphere.be\/fr\/author\/jpe\/"}]}},"_links":{"self":[{"href":"https:\/\/peoplesphere.be\/fr\/wp-json\/wp\/v2\/posts\/3767"}],"collection":[{"href":"https:\/\/peoplesphere.be\/fr\/wp-json\/wp\/v2\/posts"}],"about":[{"href":"https:\/\/peoplesphere.be\/fr\/wp-json\/wp\/v2\/types\/post"}],"author":[{"embeddable":true,"href":"https:\/\/peoplesphere.be\/fr\/wp-json\/wp\/v2\/users\/2"}],"replies":[{"embeddable":true,"href":"https:\/\/peoplesphere.be\/fr\/wp-json\/wp\/v2\/comments?post=3767"}],"version-history":[{"count":1,"href":"https:\/\/peoplesphere.be\/fr\/wp-json\/wp\/v2\/posts\/3767\/revisions"}],"predecessor-version":[{"id":3768,"href":"https:\/\/peoplesphere.be\/fr\/wp-json\/wp\/v2\/posts\/3767\/revisions\/3768"}],"wp:attachment":[{"href":"https:\/\/peoplesphere.be\/fr\/wp-json\/wp\/v2\/media?parent=3767"}],"wp:term":[{"taxonomy":"category","embeddable":true,"href":"https:\/\/peoplesphere.be\/fr\/wp-json\/wp\/v2\/categories?post=3767"},{"taxonomy":"post_tag","embeddable":true,"href":"https:\/\/peoplesphere.be\/fr\/wp-json\/wp\/v2\/tags?post=3767"}],"curies":[{"name":"wp","href":"https:\/\/api.w.org\/{rel}","templated":true}]}}