









{"id":3774,"date":"2016-12-15T07:22:43","date_gmt":"2016-12-15T05:22:43","guid":{"rendered":"http:\/\/www.peoplesphere.be\/fr\/?p=3774"},"modified":"2016-12-15T07:22:43","modified_gmt":"2016-12-15T05:22:43","slug":"accord-interprofessionnel-2017-dans-quel-contexte-le-groupe-des-10-entame-t-il-les-negociations","status":"publish","type":"post","link":"https:\/\/peoplesphere.be\/fr\/accord-interprofessionnel-2017-dans-quel-contexte-le-groupe-des-10-entame-t-il-les-negociations\/","title":{"rendered":"Accord interprofessionnel 2017 : dans quel contexte le groupe des 10 entame-t-il les n\u00e9gociations?"},"content":{"rendered":"<p>La norme salariale pour 2017 et au-del\u00e0 est en cours de discussion. La mod\u00e9ration salariale en vigueur depuis 2014 va-t-elle se poursuivre ou allons-nous au contraire assister \u00e0 une forme de &lsquo;rel\u00e2chement&rsquo; en la mati\u00e8re. Le contexte dans lequel les discussions ont \u00e9t\u00e9 entam\u00e9es est surtout marqu\u00e9 par un d\u00e9saccord quant \u00e0 l&rsquo;efficacit\u00e9 des mesures gouvernementales vis-\u00e0-vis de la cr\u00e9ation d&#8217;emploi.<!--more--><\/p>\n<p>La F\u00e9d\u00e9ration des Entreprises de Belgique presse pour un accord interprofessionnel avant la fin de l&rsquo;ann\u00e9e, ce qui peut sembler pr\u00e9cipit\u00e9.<em> \u00ab\u00a0Sur la table du Groupe des 10, une norme salariale qui d\u00e9terminera la marge maximale d\u2019augmentation des co\u00fbts salariaux pour les deux prochaines ann\u00e9es. Une marge qui n\u2019est pas anodine pour les employeurs belges. Car nous exportons beaucoup vers l\u2019\u00e9tranger : si nos co\u00fbts salariaux augmentent plus rapidement que ceux de nos voisins, la comp\u00e9titivit\u00e9 de notre \u00e9conomie diminue, ce qui a un impact n\u00e9gatif sur l\u2019emploi, qui commence \u00e0 peine \u00e0 reprendre des couleurs.\u00a0\u00bb<\/em><\/p>\n<p>Elle se r\u00e9jouit de l&rsquo;orientation des diff\u00e9rentes mesures gouvernementales qui ont permis de r\u00e9sorber une partie du handicap salarial que nous observons vis-\u00e0-vis des pays voisins : <em>\u00ab\u00a0\u00c0 la fin de cette ann\u00e9e, notre handicap des co\u00fbts salariaux sera presque revenu \u00e0 son niveau de 1996. Ce qui signifie qu&rsquo;en termes de co\u00fbts effectifs, nous sommes encore environ 10% plus chers que nos pays voisins: une heure de travail co\u00fbte chez nous 43 euros, contre 39 euro en moyenne chez nos voisins. C\u2019est pourquoi une r\u00e9forme de la norme salariale est indispensable aujourd\u2019hui pour les emplois de demain.\u00a0\u00bb <\/em><\/p>\n<p>En pr\u00e9lude aux n\u00e9gociations de l&rsquo;AIP, la Banque Nationale pr\u00e9dit une cr\u00e9ation d&#8217;emploi de 120.000 unit\u00e9s pour les trois prochaines ann\u00e9es. A quelle condition ? Il faut pour cela que les co\u00fbts salariaux restent sous contr\u00f4le. La FEB pr\u00e9vient d&rsquo;ailleurs :\u00a0<em>\u00ab\u00a0Il ne faudrait donc pas que la timide reprise entam\u00e9e il y a peu soit sap\u00e9e quelques mois plus tard par un nouveau d\u00e9rapage \u201cirresponsable\u00a0\u00bb de nos co\u00fbts salariaux. La FEB ne le permettra pas. D\u00e8s que les chiffres du Conseil central de l\u2019\u00e9conomie (CCE) seront connus, nous prendrons nos responsabilit\u00e9s dans l\u2019int\u00e9r\u00eat des entreprises et nous n\u2019accepterons pas de nouveau d\u00e9rapage.\u00a0\u00bb<\/em><\/p>\n<p>Toutefois, il y a d\u00e9bat quant \u00e0 l&rsquo;impact r\u00e9el des dispositifs de mod\u00e9ration salariale sur la cr\u00e9ation d&#8217;emplois. L&rsquo;Institut pour le D\u00e9veloppement durable a r\u00e9agi aux annonces du gouvernement et de la BNB sur ce sujet :\u00a0<em>\u00ab\u00a0L&#8217;emploi a proportionnellement augment\u00e9 plus durant les 541 jours sans gouvernement en 2010-2011 (entre la d\u00e9mission du Gouvernement Leterme II et la mise en place du Gouvernement Di Rupo), soit + 13.900 cr\u00e9ations nettes d&#8217;emplois en moyenne par trimestre contre + 13.100, pour un taux de croissance du PIB quasiment identique. Restons donc prudents avant d&rsquo;en attribuer le m\u00e9rite aux mesures prises par l&rsquo;actuel gouvernement f\u00e9d\u00e9ral.\u00a0\u00bb<\/em><\/p>\n<p>L&rsquo;Institut rappelle encore: <em>\u00ab\u00a0Enfin, les cr\u00e9ations d&#8217;emplois nettes annonc\u00e9es par la BNB ne tiennent pas compte de l&rsquo;impact n\u00e9gatif sur l&rsquo;activit\u00e9 et donc l&#8217;emploi qu&rsquo;auront les mesures budg\u00e9taires \u00e0 prendre si le gouvernement belge entend respecter son engagement d&rsquo;un retour \u00e0 l&rsquo;\u00e9quilibre en 2018. On peut supposer que, si tel devait \u00eatre le cas, les cr\u00e9ations nettes d&#8217;emplois tomberaient nettement en de\u00e7\u00e0 de 10.000 emplois par trimestre d&rsquo;ici la fin de la l\u00e9gislature.\u00a0\u00bb<\/em><\/p>\n<p>Une approche syst\u00e9mique est absolument n\u00e9cessaire. Il y a fort \u00e0 parier que les d\u00e9bats ne pourront \u00eatre cl\u00f4tur\u00e9s avant la fin de cette ann\u00e9e, compte tenu du scepticisme des partenaires sociaux quant au &lsquo;Travail faisable&rsquo; (voir \u00e0 ce sujet l&rsquo;avis du CNT d\u00e9taill\u00e9 ici:<a href=\"http:\/\/www.peoplesphere.be\/fr\/pourquoi-le-conseil-national-du-travail-a-t-il-recale-le-projet-de-loi-travail-faisable\/\">\u00a0http:\/\/www.peoplesphere.be\/fr\/pourquoi-le-conseil-national-du-travail-a-t-il-recale-le-projet-de-loi-travail-faisable\/<\/a>)\u00a0et aux revendications r\u00e9p\u00e9t\u00e9es visant \u00e0 laisser du temps \u00e0 la concertation sociale.<\/p>\n","protected":false},"excerpt":{"rendered":"<p>La norme salariale pour 2017 et au-del\u00e0 est en cours de discussion. La mod\u00e9ration salariale en vigueur depuis 2014 va-t-elle se poursuivre ou allons-nous au contraire assister \u00e0 une forme de &lsquo;rel\u00e2chement&rsquo; en la mati\u00e8re. Le contexte dans lequel les [&hellip;]<\/p>\n","protected":false},"author":2,"featured_media":0,"comment_status":"closed","ping_status":"open","sticky":false,"template":"","format":"standard","meta":[],"categories":[65,10],"tags":[1082,1081,406,1083,1084,157,108],"yoast_head":"<!-- This site is optimized with the Yoast SEO plugin v21.0 - https:\/\/yoast.com\/wordpress\/plugins\/seo\/ -->\n<title>Accord interprofessionnel 2017 : dans quel contexte le groupe des 10 entame-t-il les n\u00e9gociations? - Peoplesphere<\/title>\n<meta name=\"robots\" content=\"index, follow, max-snippet:-1, max-image-preview:large, max-video-preview:-1\" \/>\n<link rel=\"canonical\" href=\"https:\/\/peoplesphere.be\/fr\/accord-interprofessionnel-2017-dans-quel-contexte-le-groupe-des-10-entame-t-il-les-negociations\/\" \/>\n<meta property=\"og:locale\" content=\"fr_FR\" \/>\n<meta property=\"og:type\" content=\"article\" \/>\n<meta property=\"og:title\" content=\"Accord interprofessionnel 2017 : dans quel contexte le groupe des 10 entame-t-il les n\u00e9gociations? - Peoplesphere\" \/>\n<meta property=\"og:description\" content=\"La norme salariale pour 2017 et au-del\u00e0 est en cours de discussion. La mod\u00e9ration salariale en vigueur depuis 2014 va-t-elle se poursuivre ou allons-nous au contraire assister \u00e0 une forme de &lsquo;rel\u00e2chement&rsquo; en la mati\u00e8re. Le contexte dans lequel les [&hellip;]\" \/>\n<meta property=\"og:url\" content=\"https:\/\/peoplesphere.be\/fr\/accord-interprofessionnel-2017-dans-quel-contexte-le-groupe-des-10-entame-t-il-les-negociations\/\" \/>\n<meta property=\"og:site_name\" content=\"Peoplesphere\" \/>\n<meta property=\"article:publisher\" content=\"https:\/\/www.facebook.com\/peoplesphere\" \/>\n<meta property=\"article:published_time\" content=\"2016-12-15T05:22:43+00:00\" \/>\n<meta property=\"og:image\" content=\"http:\/\/www.peoplesphere.be\/fr\/wp-content\/uploads\/2016\/07\/facebook-default-posting-1200x628px.jpg\" \/>\n<meta name=\"author\" content=\"Jean-Paul Erhard\" \/>\n<meta name=\"twitter:card\" content=\"summary_large_image\" \/>\n<meta name=\"twitter:creator\" content=\"@PeoplesphereMag\" \/>\n<meta name=\"twitter:site\" content=\"@PeoplesphereMag\" \/>\n<meta name=\"twitter:label1\" content=\"\u00c9crit par\" \/>\n\t<meta name=\"twitter:data1\" content=\"Jean-Paul Erhard\" \/>\n\t<meta name=\"twitter:label2\" content=\"Dur\u00e9e de lecture estim\u00e9e\" \/>\n\t<meta name=\"twitter:data2\" content=\"3 minutes\" \/>\n<script type=\"application\/ld+json\" class=\"yoast-schema-graph\">{\"@context\":\"https:\/\/schema.org\",\"@graph\":[{\"@type\":\"Article\",\"@id\":\"https:\/\/peoplesphere.be\/fr\/accord-interprofessionnel-2017-dans-quel-contexte-le-groupe-des-10-entame-t-il-les-negociations\/#article\",\"isPartOf\":{\"@id\":\"https:\/\/peoplesphere.be\/fr\/accord-interprofessionnel-2017-dans-quel-contexte-le-groupe-des-10-entame-t-il-les-negociations\/\"},\"author\":{\"name\":\"Jean-Paul Erhard\",\"@id\":\"https:\/\/peoplesphere.be\/fr\/#\/schema\/person\/7976225ff17988604334abb7b3536a7e\"},\"headline\":\"Accord interprofessionnel 2017 : dans quel contexte le groupe des 10 entame-t-il les n\u00e9gociations?\",\"datePublished\":\"2016-12-15T05:22:43+00:00\",\"dateModified\":\"2016-12-15T05:22:43+00:00\",\"mainEntityOfPage\":{\"@id\":\"https:\/\/peoplesphere.be\/fr\/accord-interprofessionnel-2017-dans-quel-contexte-le-groupe-des-10-entame-t-il-les-negociations\/\"},\"wordCount\":658,\"publisher\":{\"@id\":\"https:\/\/peoplesphere.be\/fr\/#organization\"},\"keywords\":[\"accord interprofessionnel\",\"AIP\",\"groupe des 10\",\"mod\u00e9ration\",\"norme salariale\",\"partenaires sociaux\",\"salaires\"],\"articleSection\":[\"Actualit\u00e9s\",\"Digital\"],\"inLanguage\":\"fr-FR\"},{\"@type\":\"WebPage\",\"@id\":\"https:\/\/peoplesphere.be\/fr\/accord-interprofessionnel-2017-dans-quel-contexte-le-groupe-des-10-entame-t-il-les-negociations\/\",\"url\":\"https:\/\/peoplesphere.be\/fr\/accord-interprofessionnel-2017-dans-quel-contexte-le-groupe-des-10-entame-t-il-les-negociations\/\",\"name\":\"Accord interprofessionnel 2017 : dans quel contexte le groupe des 10 entame-t-il les n\u00e9gociations? - Peoplesphere\",\"isPartOf\":{\"@id\":\"https:\/\/peoplesphere.be\/fr\/#website\"},\"datePublished\":\"2016-12-15T05:22:43+00:00\",\"dateModified\":\"2016-12-15T05:22:43+00:00\",\"breadcrumb\":{\"@id\":\"https:\/\/peoplesphere.be\/fr\/accord-interprofessionnel-2017-dans-quel-contexte-le-groupe-des-10-entame-t-il-les-negociations\/#breadcrumb\"},\"inLanguage\":\"fr-FR\",\"potentialAction\":[{\"@type\":\"ReadAction\",\"target\":[\"https:\/\/peoplesphere.be\/fr\/accord-interprofessionnel-2017-dans-quel-contexte-le-groupe-des-10-entame-t-il-les-negociations\/\"]}]},{\"@type\":\"BreadcrumbList\",\"@id\":\"https:\/\/peoplesphere.be\/fr\/accord-interprofessionnel-2017-dans-quel-contexte-le-groupe-des-10-entame-t-il-les-negociations\/#breadcrumb\",\"itemListElement\":[{\"@type\":\"ListItem\",\"position\":1,\"name\":\"Accueil\",\"item\":\"https:\/\/peoplesphere.be\/fr\/\"},{\"@type\":\"ListItem\",\"position\":2,\"name\":\"Accord interprofessionnel 2017 : dans quel contexte le groupe des 10 entame-t-il les n\u00e9gociations?\"}]},{\"@type\":\"WebSite\",\"@id\":\"https:\/\/peoplesphere.be\/fr\/#website\",\"url\":\"https:\/\/peoplesphere.be\/fr\/\",\"name\":\"Peoplesphere\",\"description\":\"The People Managers Magazine\",\"publisher\":{\"@id\":\"https:\/\/peoplesphere.be\/fr\/#organization\"},\"potentialAction\":[{\"@type\":\"SearchAction\",\"target\":{\"@type\":\"EntryPoint\",\"urlTemplate\":\"https:\/\/peoplesphere.be\/fr\/?s={search_term_string}\"},\"query-input\":\"required name=search_term_string\"}],\"inLanguage\":\"fr-FR\"},{\"@type\":\"Organization\",\"@id\":\"https:\/\/peoplesphere.be\/fr\/#organization\",\"name\":\"Peoplesphere Company srl\",\"url\":\"https:\/\/peoplesphere.be\/fr\/\",\"logo\":{\"@type\":\"ImageObject\",\"inLanguage\":\"fr-FR\",\"@id\":\"https:\/\/peoplesphere.be\/fr\/#\/schema\/logo\/image\/\",\"url\":\"https:\/\/peoplesphere.be\/fr\/wp-content\/uploads\/2023\/07\/peoplesphere-lgo-new-generik.jpg\",\"contentUrl\":\"https:\/\/peoplesphere.be\/fr\/wp-content\/uploads\/2023\/07\/peoplesphere-lgo-new-generik.jpg\",\"width\":1031,\"height\":1479,\"caption\":\"Peoplesphere Company srl\"},\"image\":{\"@id\":\"https:\/\/peoplesphere.be\/fr\/#\/schema\/logo\/image\/\"},\"sameAs\":[\"https:\/\/www.facebook.com\/peoplesphere\",\"https:\/\/twitter.com\/PeoplesphereMag\",\"https:\/\/www.linkedin.com\/company\/7587361?trk\",\"http:\/\/youtube.com\/peoplesphere\"]},{\"@type\":\"Person\",\"@id\":\"https:\/\/peoplesphere.be\/fr\/#\/schema\/person\/7976225ff17988604334abb7b3536a7e\",\"name\":\"Jean-Paul Erhard\",\"image\":{\"@type\":\"ImageObject\",\"inLanguage\":\"fr-FR\",\"@id\":\"https:\/\/peoplesphere.be\/fr\/#\/schema\/person\/image\/\",\"url\":\"https:\/\/secure.gravatar.com\/avatar\/f941e681460179738071629a51574930?s=96&d=mm&r=g\",\"contentUrl\":\"https:\/\/secure.gravatar.com\/avatar\/f941e681460179738071629a51574930?s=96&d=mm&r=g\",\"caption\":\"Jean-Paul Erhard\"},\"url\":\"https:\/\/peoplesphere.be\/fr\/author\/jpe\/\"}]}<\/script>\n<!-- \/ Yoast SEO plugin. -->","yoast_head_json":{"title":"Accord interprofessionnel 2017 : dans quel contexte le groupe des 10 entame-t-il les n\u00e9gociations? - Peoplesphere","robots":{"index":"index","follow":"follow","max-snippet":"max-snippet:-1","max-image-preview":"max-image-preview:large","max-video-preview":"max-video-preview:-1"},"canonical":"https:\/\/peoplesphere.be\/fr\/accord-interprofessionnel-2017-dans-quel-contexte-le-groupe-des-10-entame-t-il-les-negociations\/","og_locale":"fr_FR","og_type":"article","og_title":"Accord interprofessionnel 2017 : dans quel contexte le groupe des 10 entame-t-il les n\u00e9gociations? - Peoplesphere","og_description":"La norme salariale pour 2017 et au-del\u00e0 est en cours de discussion. La mod\u00e9ration salariale en vigueur depuis 2014 va-t-elle se poursuivre ou allons-nous au contraire assister \u00e0 une forme de &lsquo;rel\u00e2chement&rsquo; en la mati\u00e8re. Le contexte dans lequel les [&hellip;]","og_url":"https:\/\/peoplesphere.be\/fr\/accord-interprofessionnel-2017-dans-quel-contexte-le-groupe-des-10-entame-t-il-les-negociations\/","og_site_name":"Peoplesphere","article_publisher":"https:\/\/www.facebook.com\/peoplesphere","article_published_time":"2016-12-15T05:22:43+00:00","og_image":[{"url":"http:\/\/www.peoplesphere.be\/fr\/wp-content\/uploads\/2016\/07\/facebook-default-posting-1200x628px.jpg"}],"author":"Jean-Paul Erhard","twitter_card":"summary_large_image","twitter_creator":"@PeoplesphereMag","twitter_site":"@PeoplesphereMag","twitter_misc":{"\u00c9crit par":"Jean-Paul Erhard","Dur\u00e9e de lecture estim\u00e9e":"3 minutes"},"schema":{"@context":"https:\/\/schema.org","@graph":[{"@type":"Article","@id":"https:\/\/peoplesphere.be\/fr\/accord-interprofessionnel-2017-dans-quel-contexte-le-groupe-des-10-entame-t-il-les-negociations\/#article","isPartOf":{"@id":"https:\/\/peoplesphere.be\/fr\/accord-interprofessionnel-2017-dans-quel-contexte-le-groupe-des-10-entame-t-il-les-negociations\/"},"author":{"name":"Jean-Paul Erhard","@id":"https:\/\/peoplesphere.be\/fr\/#\/schema\/person\/7976225ff17988604334abb7b3536a7e"},"headline":"Accord interprofessionnel 2017 : dans quel contexte le groupe des 10 entame-t-il les n\u00e9gociations?","datePublished":"2016-12-15T05:22:43+00:00","dateModified":"2016-12-15T05:22:43+00:00","mainEntityOfPage":{"@id":"https:\/\/peoplesphere.be\/fr\/accord-interprofessionnel-2017-dans-quel-contexte-le-groupe-des-10-entame-t-il-les-negociations\/"},"wordCount":658,"publisher":{"@id":"https:\/\/peoplesphere.be\/fr\/#organization"},"keywords":["accord interprofessionnel","AIP","groupe des 10","mod\u00e9ration","norme salariale","partenaires sociaux","salaires"],"articleSection":["Actualit\u00e9s","Digital"],"inLanguage":"fr-FR"},{"@type":"WebPage","@id":"https:\/\/peoplesphere.be\/fr\/accord-interprofessionnel-2017-dans-quel-contexte-le-groupe-des-10-entame-t-il-les-negociations\/","url":"https:\/\/peoplesphere.be\/fr\/accord-interprofessionnel-2017-dans-quel-contexte-le-groupe-des-10-entame-t-il-les-negociations\/","name":"Accord interprofessionnel 2017 : dans quel contexte le groupe des 10 entame-t-il les n\u00e9gociations? - Peoplesphere","isPartOf":{"@id":"https:\/\/peoplesphere.be\/fr\/#website"},"datePublished":"2016-12-15T05:22:43+00:00","dateModified":"2016-12-15T05:22:43+00:00","breadcrumb":{"@id":"https:\/\/peoplesphere.be\/fr\/accord-interprofessionnel-2017-dans-quel-contexte-le-groupe-des-10-entame-t-il-les-negociations\/#breadcrumb"},"inLanguage":"fr-FR","potentialAction":[{"@type":"ReadAction","target":["https:\/\/peoplesphere.be\/fr\/accord-interprofessionnel-2017-dans-quel-contexte-le-groupe-des-10-entame-t-il-les-negociations\/"]}]},{"@type":"BreadcrumbList","@id":"https:\/\/peoplesphere.be\/fr\/accord-interprofessionnel-2017-dans-quel-contexte-le-groupe-des-10-entame-t-il-les-negociations\/#breadcrumb","itemListElement":[{"@type":"ListItem","position":1,"name":"Accueil","item":"https:\/\/peoplesphere.be\/fr\/"},{"@type":"ListItem","position":2,"name":"Accord interprofessionnel 2017 : dans quel contexte le groupe des 10 entame-t-il les n\u00e9gociations?"}]},{"@type":"WebSite","@id":"https:\/\/peoplesphere.be\/fr\/#website","url":"https:\/\/peoplesphere.be\/fr\/","name":"Peoplesphere","description":"The People Managers Magazine","publisher":{"@id":"https:\/\/peoplesphere.be\/fr\/#organization"},"potentialAction":[{"@type":"SearchAction","target":{"@type":"EntryPoint","urlTemplate":"https:\/\/peoplesphere.be\/fr\/?s={search_term_string}"},"query-input":"required name=search_term_string"}],"inLanguage":"fr-FR"},{"@type":"Organization","@id":"https:\/\/peoplesphere.be\/fr\/#organization","name":"Peoplesphere Company srl","url":"https:\/\/peoplesphere.be\/fr\/","logo":{"@type":"ImageObject","inLanguage":"fr-FR","@id":"https:\/\/peoplesphere.be\/fr\/#\/schema\/logo\/image\/","url":"https:\/\/peoplesphere.be\/fr\/wp-content\/uploads\/2023\/07\/peoplesphere-lgo-new-generik.jpg","contentUrl":"https:\/\/peoplesphere.be\/fr\/wp-content\/uploads\/2023\/07\/peoplesphere-lgo-new-generik.jpg","width":1031,"height":1479,"caption":"Peoplesphere Company srl"},"image":{"@id":"https:\/\/peoplesphere.be\/fr\/#\/schema\/logo\/image\/"},"sameAs":["https:\/\/www.facebook.com\/peoplesphere","https:\/\/twitter.com\/PeoplesphereMag","https:\/\/www.linkedin.com\/company\/7587361?trk","http:\/\/youtube.com\/peoplesphere"]},{"@type":"Person","@id":"https:\/\/peoplesphere.be\/fr\/#\/schema\/person\/7976225ff17988604334abb7b3536a7e","name":"Jean-Paul Erhard","image":{"@type":"ImageObject","inLanguage":"fr-FR","@id":"https:\/\/peoplesphere.be\/fr\/#\/schema\/person\/image\/","url":"https:\/\/secure.gravatar.com\/avatar\/f941e681460179738071629a51574930?s=96&d=mm&r=g","contentUrl":"https:\/\/secure.gravatar.com\/avatar\/f941e681460179738071629a51574930?s=96&d=mm&r=g","caption":"Jean-Paul Erhard"},"url":"https:\/\/peoplesphere.be\/fr\/author\/jpe\/"}]}},"_links":{"self":[{"href":"https:\/\/peoplesphere.be\/fr\/wp-json\/wp\/v2\/posts\/3774"}],"collection":[{"href":"https:\/\/peoplesphere.be\/fr\/wp-json\/wp\/v2\/posts"}],"about":[{"href":"https:\/\/peoplesphere.be\/fr\/wp-json\/wp\/v2\/types\/post"}],"author":[{"embeddable":true,"href":"https:\/\/peoplesphere.be\/fr\/wp-json\/wp\/v2\/users\/2"}],"replies":[{"embeddable":true,"href":"https:\/\/peoplesphere.be\/fr\/wp-json\/wp\/v2\/comments?post=3774"}],"version-history":[{"count":1,"href":"https:\/\/peoplesphere.be\/fr\/wp-json\/wp\/v2\/posts\/3774\/revisions"}],"predecessor-version":[{"id":3775,"href":"https:\/\/peoplesphere.be\/fr\/wp-json\/wp\/v2\/posts\/3774\/revisions\/3775"}],"wp:attachment":[{"href":"https:\/\/peoplesphere.be\/fr\/wp-json\/wp\/v2\/media?parent=3774"}],"wp:term":[{"taxonomy":"category","embeddable":true,"href":"https:\/\/peoplesphere.be\/fr\/wp-json\/wp\/v2\/categories?post=3774"},{"taxonomy":"post_tag","embeddable":true,"href":"https:\/\/peoplesphere.be\/fr\/wp-json\/wp\/v2\/tags?post=3774"}],"curies":[{"name":"wp","href":"https:\/\/api.w.org\/{rel}","templated":true}]}}