









{"id":3790,"date":"2016-12-19T15:38:36","date_gmt":"2016-12-19T13:38:36","guid":{"rendered":"http:\/\/www.peoplesphere.be\/fr\/?p=3790"},"modified":"2016-12-19T15:38:36","modified_gmt":"2016-12-19T13:38:36","slug":"regionalisation-le-mouvement-se-poursuit-avec-le-transfert-dagents-de-lonem","status":"publish","type":"post","link":"https:\/\/peoplesphere.be\/fr\/regionalisation-le-mouvement-se-poursuit-avec-le-transfert-dagents-de-lonem\/","title":{"rendered":"R\u00e9gionalisation : le mouvement se poursuit avec le transfert d&rsquo;agents de l&rsquo;ONEM."},"content":{"rendered":"<p>Sur proposition du Premier ministre Charles Michel et du ministre de l&rsquo;Emploi Kris Peeters, le Conseil des ministres a approuv\u00e9 trois projets d&rsquo;arr\u00eat\u00e9 royal relatifs au transfert de membres du personnel de l&rsquo;Office national de l&#8217;emploi (ONEM) vers la R\u00e9gion flamande et la R\u00e9gion wallonne.<!--more--><\/p>\n<p>Suite \u00e0 la sixi\u00e8me r\u00e9forme de l&rsquo;Etat, des services sont transf\u00e9r\u00e9s int\u00e9gralement ou partiellement aux gouvernements des r\u00e9gions et des communaut\u00e9s. En ce qui concerne l\u2019ONEM, ce transfert est r\u00e9gl\u00e9 par l\u2019arr\u00eat\u00e9 royal du 4 septembre 2014 d\u00e9terminant les modalit\u00e9s de transfert des membres du personnel de l\u2019ONEM aux r\u00e9gions, aux communaut\u00e9s et \u00e0 la Commission communautaire commune.<\/p>\n<p>Deux projets d&rsquo;arr\u00eat\u00e9 royal r\u00e8glent le transfert de personnel vers la R\u00e9gion flamande pour :<\/p>\n<p>\u2022 les membres du personnel de l\u2019ONEM qui exercent la mission \u00ab\u00a0coordination ALE\u00a0\u00bb<br \/>\n\u2022 les membres du personnel de l\u2019ONEM d\u00e9tach\u00e9s dans les agences locales pour l&#8217;emploi dans les communes<\/p>\n<p>Un projet d&rsquo;arr\u00eat\u00e9 royal r\u00e8gle le transfert de personnel vers la R\u00e9gion wallonne pour :<\/p>\n<p>\u2022 les membres du personnel de l&rsquo;ONEM qui exercent la mission \u00ab\u00a0interruption de carri\u00e8re\u00a0\u00bb<\/p>\n<p>Les projets peuvent \u00eatre soumis \u00e0 la signature du Roi.<\/p>\n<p><em>Source : SPF Chancellerie du Premier Ministre.<\/em><\/p>\n","protected":false},"excerpt":{"rendered":"<p>Sur proposition du Premier ministre Charles Michel et du ministre de l&rsquo;Emploi Kris Peeters, le Conseil des ministres a approuv\u00e9 trois projets d&rsquo;arr\u00eat\u00e9 royal relatifs au transfert de membres du personnel de l&rsquo;Office national de l&#8217;emploi (ONEM) vers la R\u00e9gion [&hellip;]<\/p>\n","protected":false},"author":2,"featured_media":0,"comment_status":"closed","ping_status":"open","sticky":false,"template":"","format":"standard","meta":[],"categories":[65,10],"tags":[397,716],"yoast_head":"<!-- This site is optimized with the Yoast SEO plugin v21.0 - https:\/\/yoast.com\/wordpress\/plugins\/seo\/ -->\n<title>R\u00e9gionalisation : le mouvement se poursuit avec le transfert d&#039;agents de l&#039;ONEM. - Peoplesphere<\/title>\n<meta name=\"robots\" content=\"index, follow, max-snippet:-1, max-image-preview:large, max-video-preview:-1\" \/>\n<link rel=\"canonical\" href=\"https:\/\/peoplesphere.be\/fr\/regionalisation-le-mouvement-se-poursuit-avec-le-transfert-dagents-de-lonem\/\" \/>\n<meta property=\"og:locale\" content=\"fr_FR\" \/>\n<meta property=\"og:type\" content=\"article\" \/>\n<meta property=\"og:title\" content=\"R\u00e9gionalisation : le mouvement se poursuit avec le transfert d&#039;agents de l&#039;ONEM. - Peoplesphere\" \/>\n<meta property=\"og:description\" content=\"Sur proposition du Premier ministre Charles Michel et du ministre de l&rsquo;Emploi Kris Peeters, le Conseil des ministres a approuv\u00e9 trois projets d&rsquo;arr\u00eat\u00e9 royal relatifs au transfert de membres du personnel de l&rsquo;Office national de l&#8217;emploi (ONEM) vers la R\u00e9gion [&hellip;]\" \/>\n<meta property=\"og:url\" content=\"https:\/\/peoplesphere.be\/fr\/regionalisation-le-mouvement-se-poursuit-avec-le-transfert-dagents-de-lonem\/\" \/>\n<meta property=\"og:site_name\" content=\"Peoplesphere\" \/>\n<meta property=\"article:publisher\" content=\"https:\/\/www.facebook.com\/peoplesphere\" \/>\n<meta property=\"article:published_time\" content=\"2016-12-19T13:38:36+00:00\" \/>\n<meta property=\"og:image\" content=\"http:\/\/www.peoplesphere.be\/fr\/wp-content\/uploads\/2016\/07\/facebook-default-posting-1200x628px.jpg\" \/>\n<meta name=\"author\" content=\"Jean-Paul Erhard\" \/>\n<meta name=\"twitter:card\" content=\"summary_large_image\" \/>\n<meta name=\"twitter:creator\" content=\"@PeoplesphereMag\" \/>\n<meta name=\"twitter:site\" content=\"@PeoplesphereMag\" \/>\n<meta name=\"twitter:label1\" content=\"\u00c9crit par\" \/>\n\t<meta name=\"twitter:data1\" content=\"Jean-Paul Erhard\" \/>\n\t<meta name=\"twitter:label2\" content=\"Dur\u00e9e de lecture estim\u00e9e\" \/>\n\t<meta name=\"twitter:data2\" content=\"1 minute\" \/>\n<script type=\"application\/ld+json\" class=\"yoast-schema-graph\">{\"@context\":\"https:\/\/schema.org\",\"@graph\":[{\"@type\":\"Article\",\"@id\":\"https:\/\/peoplesphere.be\/fr\/regionalisation-le-mouvement-se-poursuit-avec-le-transfert-dagents-de-lonem\/#article\",\"isPartOf\":{\"@id\":\"https:\/\/peoplesphere.be\/fr\/regionalisation-le-mouvement-se-poursuit-avec-le-transfert-dagents-de-lonem\/\"},\"author\":{\"name\":\"Jean-Paul Erhard\",\"@id\":\"https:\/\/peoplesphere.be\/fr\/#\/schema\/person\/7976225ff17988604334abb7b3536a7e\"},\"headline\":\"R\u00e9gionalisation : le mouvement se poursuit avec le transfert d&rsquo;agents de l&rsquo;ONEM.\",\"datePublished\":\"2016-12-19T13:38:36+00:00\",\"dateModified\":\"2016-12-19T13:38:36+00:00\",\"mainEntityOfPage\":{\"@id\":\"https:\/\/peoplesphere.be\/fr\/regionalisation-le-mouvement-se-poursuit-avec-le-transfert-dagents-de-lonem\/\"},\"wordCount\":225,\"publisher\":{\"@id\":\"https:\/\/peoplesphere.be\/fr\/#organization\"},\"keywords\":[\"ONEM\",\"r\u00e9gionalisation\"],\"articleSection\":[\"Actualit\u00e9s\",\"Digital\"],\"inLanguage\":\"fr-FR\"},{\"@type\":\"WebPage\",\"@id\":\"https:\/\/peoplesphere.be\/fr\/regionalisation-le-mouvement-se-poursuit-avec-le-transfert-dagents-de-lonem\/\",\"url\":\"https:\/\/peoplesphere.be\/fr\/regionalisation-le-mouvement-se-poursuit-avec-le-transfert-dagents-de-lonem\/\",\"name\":\"R\u00e9gionalisation : le mouvement se poursuit avec le transfert d'agents de l'ONEM. - Peoplesphere\",\"isPartOf\":{\"@id\":\"https:\/\/peoplesphere.be\/fr\/#website\"},\"datePublished\":\"2016-12-19T13:38:36+00:00\",\"dateModified\":\"2016-12-19T13:38:36+00:00\",\"breadcrumb\":{\"@id\":\"https:\/\/peoplesphere.be\/fr\/regionalisation-le-mouvement-se-poursuit-avec-le-transfert-dagents-de-lonem\/#breadcrumb\"},\"inLanguage\":\"fr-FR\",\"potentialAction\":[{\"@type\":\"ReadAction\",\"target\":[\"https:\/\/peoplesphere.be\/fr\/regionalisation-le-mouvement-se-poursuit-avec-le-transfert-dagents-de-lonem\/\"]}]},{\"@type\":\"BreadcrumbList\",\"@id\":\"https:\/\/peoplesphere.be\/fr\/regionalisation-le-mouvement-se-poursuit-avec-le-transfert-dagents-de-lonem\/#breadcrumb\",\"itemListElement\":[{\"@type\":\"ListItem\",\"position\":1,\"name\":\"Accueil\",\"item\":\"https:\/\/peoplesphere.be\/fr\/\"},{\"@type\":\"ListItem\",\"position\":2,\"name\":\"R\u00e9gionalisation : le mouvement se poursuit avec le transfert d&rsquo;agents de l&rsquo;ONEM.\"}]},{\"@type\":\"WebSite\",\"@id\":\"https:\/\/peoplesphere.be\/fr\/#website\",\"url\":\"https:\/\/peoplesphere.be\/fr\/\",\"name\":\"Peoplesphere\",\"description\":\"The People Managers Magazine\",\"publisher\":{\"@id\":\"https:\/\/peoplesphere.be\/fr\/#organization\"},\"potentialAction\":[{\"@type\":\"SearchAction\",\"target\":{\"@type\":\"EntryPoint\",\"urlTemplate\":\"https:\/\/peoplesphere.be\/fr\/?s={search_term_string}\"},\"query-input\":\"required name=search_term_string\"}],\"inLanguage\":\"fr-FR\"},{\"@type\":\"Organization\",\"@id\":\"https:\/\/peoplesphere.be\/fr\/#organization\",\"name\":\"Peoplesphere Company srl\",\"url\":\"https:\/\/peoplesphere.be\/fr\/\",\"logo\":{\"@type\":\"ImageObject\",\"inLanguage\":\"fr-FR\",\"@id\":\"https:\/\/peoplesphere.be\/fr\/#\/schema\/logo\/image\/\",\"url\":\"https:\/\/peoplesphere.be\/fr\/wp-content\/uploads\/2023\/07\/peoplesphere-lgo-new-generik.jpg\",\"contentUrl\":\"https:\/\/peoplesphere.be\/fr\/wp-content\/uploads\/2023\/07\/peoplesphere-lgo-new-generik.jpg\",\"width\":1031,\"height\":1479,\"caption\":\"Peoplesphere Company srl\"},\"image\":{\"@id\":\"https:\/\/peoplesphere.be\/fr\/#\/schema\/logo\/image\/\"},\"sameAs\":[\"https:\/\/www.facebook.com\/peoplesphere\",\"https:\/\/twitter.com\/PeoplesphereMag\",\"https:\/\/www.linkedin.com\/company\/7587361?trk\",\"http:\/\/youtube.com\/peoplesphere\"]},{\"@type\":\"Person\",\"@id\":\"https:\/\/peoplesphere.be\/fr\/#\/schema\/person\/7976225ff17988604334abb7b3536a7e\",\"name\":\"Jean-Paul Erhard\",\"image\":{\"@type\":\"ImageObject\",\"inLanguage\":\"fr-FR\",\"@id\":\"https:\/\/peoplesphere.be\/fr\/#\/schema\/person\/image\/\",\"url\":\"https:\/\/secure.gravatar.com\/avatar\/f941e681460179738071629a51574930?s=96&d=mm&r=g\",\"contentUrl\":\"https:\/\/secure.gravatar.com\/avatar\/f941e681460179738071629a51574930?s=96&d=mm&r=g\",\"caption\":\"Jean-Paul Erhard\"},\"url\":\"https:\/\/peoplesphere.be\/fr\/author\/jpe\/\"}]}<\/script>\n<!-- \/ Yoast SEO plugin. -->","yoast_head_json":{"title":"R\u00e9gionalisation : le mouvement se poursuit avec le transfert d'agents de l'ONEM. - Peoplesphere","robots":{"index":"index","follow":"follow","max-snippet":"max-snippet:-1","max-image-preview":"max-image-preview:large","max-video-preview":"max-video-preview:-1"},"canonical":"https:\/\/peoplesphere.be\/fr\/regionalisation-le-mouvement-se-poursuit-avec-le-transfert-dagents-de-lonem\/","og_locale":"fr_FR","og_type":"article","og_title":"R\u00e9gionalisation : le mouvement se poursuit avec le transfert d'agents de l'ONEM. - Peoplesphere","og_description":"Sur proposition du Premier ministre Charles Michel et du ministre de l&rsquo;Emploi Kris Peeters, le Conseil des ministres a approuv\u00e9 trois projets d&rsquo;arr\u00eat\u00e9 royal relatifs au transfert de membres du personnel de l&rsquo;Office national de l&#8217;emploi (ONEM) vers la R\u00e9gion [&hellip;]","og_url":"https:\/\/peoplesphere.be\/fr\/regionalisation-le-mouvement-se-poursuit-avec-le-transfert-dagents-de-lonem\/","og_site_name":"Peoplesphere","article_publisher":"https:\/\/www.facebook.com\/peoplesphere","article_published_time":"2016-12-19T13:38:36+00:00","og_image":[{"url":"http:\/\/www.peoplesphere.be\/fr\/wp-content\/uploads\/2016\/07\/facebook-default-posting-1200x628px.jpg"}],"author":"Jean-Paul Erhard","twitter_card":"summary_large_image","twitter_creator":"@PeoplesphereMag","twitter_site":"@PeoplesphereMag","twitter_misc":{"\u00c9crit par":"Jean-Paul Erhard","Dur\u00e9e de lecture estim\u00e9e":"1 minute"},"schema":{"@context":"https:\/\/schema.org","@graph":[{"@type":"Article","@id":"https:\/\/peoplesphere.be\/fr\/regionalisation-le-mouvement-se-poursuit-avec-le-transfert-dagents-de-lonem\/#article","isPartOf":{"@id":"https:\/\/peoplesphere.be\/fr\/regionalisation-le-mouvement-se-poursuit-avec-le-transfert-dagents-de-lonem\/"},"author":{"name":"Jean-Paul Erhard","@id":"https:\/\/peoplesphere.be\/fr\/#\/schema\/person\/7976225ff17988604334abb7b3536a7e"},"headline":"R\u00e9gionalisation : le mouvement se poursuit avec le transfert d&rsquo;agents de l&rsquo;ONEM.","datePublished":"2016-12-19T13:38:36+00:00","dateModified":"2016-12-19T13:38:36+00:00","mainEntityOfPage":{"@id":"https:\/\/peoplesphere.be\/fr\/regionalisation-le-mouvement-se-poursuit-avec-le-transfert-dagents-de-lonem\/"},"wordCount":225,"publisher":{"@id":"https:\/\/peoplesphere.be\/fr\/#organization"},"keywords":["ONEM","r\u00e9gionalisation"],"articleSection":["Actualit\u00e9s","Digital"],"inLanguage":"fr-FR"},{"@type":"WebPage","@id":"https:\/\/peoplesphere.be\/fr\/regionalisation-le-mouvement-se-poursuit-avec-le-transfert-dagents-de-lonem\/","url":"https:\/\/peoplesphere.be\/fr\/regionalisation-le-mouvement-se-poursuit-avec-le-transfert-dagents-de-lonem\/","name":"R\u00e9gionalisation : le mouvement se poursuit avec le transfert d'agents de l'ONEM. - Peoplesphere","isPartOf":{"@id":"https:\/\/peoplesphere.be\/fr\/#website"},"datePublished":"2016-12-19T13:38:36+00:00","dateModified":"2016-12-19T13:38:36+00:00","breadcrumb":{"@id":"https:\/\/peoplesphere.be\/fr\/regionalisation-le-mouvement-se-poursuit-avec-le-transfert-dagents-de-lonem\/#breadcrumb"},"inLanguage":"fr-FR","potentialAction":[{"@type":"ReadAction","target":["https:\/\/peoplesphere.be\/fr\/regionalisation-le-mouvement-se-poursuit-avec-le-transfert-dagents-de-lonem\/"]}]},{"@type":"BreadcrumbList","@id":"https:\/\/peoplesphere.be\/fr\/regionalisation-le-mouvement-se-poursuit-avec-le-transfert-dagents-de-lonem\/#breadcrumb","itemListElement":[{"@type":"ListItem","position":1,"name":"Accueil","item":"https:\/\/peoplesphere.be\/fr\/"},{"@type":"ListItem","position":2,"name":"R\u00e9gionalisation : le mouvement se poursuit avec le transfert d&rsquo;agents de l&rsquo;ONEM."}]},{"@type":"WebSite","@id":"https:\/\/peoplesphere.be\/fr\/#website","url":"https:\/\/peoplesphere.be\/fr\/","name":"Peoplesphere","description":"The People Managers Magazine","publisher":{"@id":"https:\/\/peoplesphere.be\/fr\/#organization"},"potentialAction":[{"@type":"SearchAction","target":{"@type":"EntryPoint","urlTemplate":"https:\/\/peoplesphere.be\/fr\/?s={search_term_string}"},"query-input":"required name=search_term_string"}],"inLanguage":"fr-FR"},{"@type":"Organization","@id":"https:\/\/peoplesphere.be\/fr\/#organization","name":"Peoplesphere Company srl","url":"https:\/\/peoplesphere.be\/fr\/","logo":{"@type":"ImageObject","inLanguage":"fr-FR","@id":"https:\/\/peoplesphere.be\/fr\/#\/schema\/logo\/image\/","url":"https:\/\/peoplesphere.be\/fr\/wp-content\/uploads\/2023\/07\/peoplesphere-lgo-new-generik.jpg","contentUrl":"https:\/\/peoplesphere.be\/fr\/wp-content\/uploads\/2023\/07\/peoplesphere-lgo-new-generik.jpg","width":1031,"height":1479,"caption":"Peoplesphere Company srl"},"image":{"@id":"https:\/\/peoplesphere.be\/fr\/#\/schema\/logo\/image\/"},"sameAs":["https:\/\/www.facebook.com\/peoplesphere","https:\/\/twitter.com\/PeoplesphereMag","https:\/\/www.linkedin.com\/company\/7587361?trk","http:\/\/youtube.com\/peoplesphere"]},{"@type":"Person","@id":"https:\/\/peoplesphere.be\/fr\/#\/schema\/person\/7976225ff17988604334abb7b3536a7e","name":"Jean-Paul Erhard","image":{"@type":"ImageObject","inLanguage":"fr-FR","@id":"https:\/\/peoplesphere.be\/fr\/#\/schema\/person\/image\/","url":"https:\/\/secure.gravatar.com\/avatar\/f941e681460179738071629a51574930?s=96&d=mm&r=g","contentUrl":"https:\/\/secure.gravatar.com\/avatar\/f941e681460179738071629a51574930?s=96&d=mm&r=g","caption":"Jean-Paul Erhard"},"url":"https:\/\/peoplesphere.be\/fr\/author\/jpe\/"}]}},"_links":{"self":[{"href":"https:\/\/peoplesphere.be\/fr\/wp-json\/wp\/v2\/posts\/3790"}],"collection":[{"href":"https:\/\/peoplesphere.be\/fr\/wp-json\/wp\/v2\/posts"}],"about":[{"href":"https:\/\/peoplesphere.be\/fr\/wp-json\/wp\/v2\/types\/post"}],"author":[{"embeddable":true,"href":"https:\/\/peoplesphere.be\/fr\/wp-json\/wp\/v2\/users\/2"}],"replies":[{"embeddable":true,"href":"https:\/\/peoplesphere.be\/fr\/wp-json\/wp\/v2\/comments?post=3790"}],"version-history":[{"count":1,"href":"https:\/\/peoplesphere.be\/fr\/wp-json\/wp\/v2\/posts\/3790\/revisions"}],"predecessor-version":[{"id":3791,"href":"https:\/\/peoplesphere.be\/fr\/wp-json\/wp\/v2\/posts\/3790\/revisions\/3791"}],"wp:attachment":[{"href":"https:\/\/peoplesphere.be\/fr\/wp-json\/wp\/v2\/media?parent=3790"}],"wp:term":[{"taxonomy":"category","embeddable":true,"href":"https:\/\/peoplesphere.be\/fr\/wp-json\/wp\/v2\/categories?post=3790"},{"taxonomy":"post_tag","embeddable":true,"href":"https:\/\/peoplesphere.be\/fr\/wp-json\/wp\/v2\/tags?post=3790"}],"curies":[{"name":"wp","href":"https:\/\/api.w.org\/{rel}","templated":true}]}}