









{"id":3794,"date":"2016-12-20T14:23:45","date_gmt":"2016-12-20T12:23:45","guid":{"rendered":"http:\/\/www.peoplesphere.be\/fr\/?p=3794"},"modified":"2016-12-20T14:23:45","modified_gmt":"2016-12-20T12:23:45","slug":"les-freins-a-la-croissance-des-pme-le-cout-du-travail-et-les-problematiques-rh","status":"publish","type":"post","link":"https:\/\/peoplesphere.be\/fr\/les-freins-a-la-croissance-des-pme-le-cout-du-travail-et-les-problematiques-rh\/","title":{"rendered":"Les freins \u00e0 la croissance des PME? Le co\u00fbt du travail&#8230; et les probl\u00e9matiques RH."},"content":{"rendered":"<p>Les PME en Belgique francophone sont trop petites : neuf salari\u00e9s en moyenne contre onze en Flandre. Si chacune d&rsquo;entre elles engageait deux personnes, le probl\u00e8me du ch\u00f4mage serait r\u00e9solu. Mais pourquoi les PME wallonnes et bruxelloises ne grandissent-elles pas ? Bon nombre de r\u00e9ponses concernent directement le People Management&#8230;<!--more--><\/p>\n<p>L&rsquo;UCM a interrog\u00e9 400 chefs de PME francophones pour conna\u00eetre les \u00e9l\u00e9ments d\u00e9terminants et les freins \u00e0 la croissance. Les r\u00e9ponses permettent de casser un certain nombre de pr\u00e9jug\u00e9s.<\/p>\n<p>Tout d&rsquo;abord, l&rsquo;envie de grandir est bien pr\u00e9sente : 71 % des chefs de PME souhaitent cro\u00eetre en termes de chiffre d&rsquo;affaires ou d&#8217;emplois dans les trois prochaines ann\u00e9es. Les trois principales raisons sont dans l&rsquo;ordre : saisir les opportunit\u00e9s qui se pr\u00e9sentent, gagner plus et d\u00e9velopper sa passion.<\/p>\n<p>Les freins principaux \u00e0 la croissance sont sans surprise le co\u00fbt du travail, la fiscalit\u00e9 excessive et les charges administratives. L&rsquo;enqu\u00eate confirme en effet que les PME paient beaucoup d&rsquo;imp\u00f4ts : plus d&rsquo;une sur deux (53 %) est tax\u00e9e \u00e0 plus de 30 %. La charge administrative li\u00e9e aux obligations fiscales et parafiscales est \u00e9galement tr\u00e8s lourde et consid\u00e9r\u00e9e comme une entrave \u00e0 la croissance.<\/p>\n<p>En ce qui concerne l&#8217;emploi, une PME sur deux envisage une croissance dans les trois ans. Le recrutement se fait principalement par le bouche \u00e0 oreille, mais le r\u00f4le des op\u00e9rateurs publics (Forem ou Actiris) est tr\u00e8s important. Les chefs de PME sont pr\u00e9occup\u00e9s par la motivation plut\u00f4t que par les comp\u00e9tences. Leur grande crainte est l&rsquo;absent\u00e9isme. Le co\u00fbt des licenciements et l&rsquo;absence de p\u00e9riode d&rsquo;essai sont des freins \u00e0 l&#8217;embauche.<br \/>\nPlus de trois chefs de PME sur quatre (75,7 %) consid\u00e8rent la formation du personnel comme un investissement et accordent plus de trois jours de formation par an \u00e0 leurs salari\u00e9s.<\/p>\n<p>L&rsquo;enqu\u00eate indique encore que pr\u00e8s de 50 % du chiffre d&rsquo;affaires des PME est issu de produits ou services innovants. Un \u00e9l\u00e9ment tr\u00e8s interpellant est le fait que 72 % des chefs de petites entreprises n&rsquo;ont sollicit\u00e9 aucune aide publique, principalement par manque d&rsquo;information.<\/p>\n<p>Vu le poids que les PME repr\u00e9sentent en Wallonie et \u00e0 Bruxelles dans l&rsquo;\u00e9conomie et l&#8217;emploi et vu leur volont\u00e9 de cro\u00eetre clairement affich\u00e9e, l&rsquo;UCM va diffuser cette \u00e9tude aupr\u00e8s des responsables des diff\u00e9rents gouvernements. Elle va approfondir les diverses th\u00e9matiques et d\u00e9poser des demandes concr\u00e8tes.<\/p>\n<p><em>Source : UCM<\/em><\/p>\n","protected":false},"excerpt":{"rendered":"<p>Les PME en Belgique francophone sont trop petites : neuf salari\u00e9s en moyenne contre onze en Flandre. Si chacune d&rsquo;entre elles engageait deux personnes, le probl\u00e8me du ch\u00f4mage serait r\u00e9solu. Mais pourquoi les PME wallonnes et bruxelloises ne grandissent-elles pas [&hellip;]<\/p>\n","protected":false},"author":2,"featured_media":0,"comment_status":"closed","ping_status":"open","sticky":false,"template":"","format":"standard","meta":[],"categories":[65,10],"tags":[145,152,11,208,48,72,1094],"yoast_head":"<!-- This site is optimized with the Yoast SEO plugin v21.0 - https:\/\/yoast.com\/wordpress\/plugins\/seo\/ -->\n<title>Les freins \u00e0 la croissance des PME? Le co\u00fbt du travail... et les probl\u00e9matiques RH. - Peoplesphere<\/title>\n<meta name=\"robots\" content=\"index, follow, max-snippet:-1, max-image-preview:large, max-video-preview:-1\" \/>\n<link rel=\"canonical\" href=\"https:\/\/peoplesphere.be\/fr\/les-freins-a-la-croissance-des-pme-le-cout-du-travail-et-les-problematiques-rh\/\" \/>\n<meta property=\"og:locale\" content=\"fr_FR\" \/>\n<meta property=\"og:type\" content=\"article\" \/>\n<meta property=\"og:title\" content=\"Les freins \u00e0 la croissance des PME? Le co\u00fbt du travail... et les probl\u00e9matiques RH. - Peoplesphere\" \/>\n<meta property=\"og:description\" content=\"Les PME en Belgique francophone sont trop petites : neuf salari\u00e9s en moyenne contre onze en Flandre. Si chacune d&rsquo;entre elles engageait deux personnes, le probl\u00e8me du ch\u00f4mage serait r\u00e9solu. Mais pourquoi les PME wallonnes et bruxelloises ne grandissent-elles pas [&hellip;]\" \/>\n<meta property=\"og:url\" content=\"https:\/\/peoplesphere.be\/fr\/les-freins-a-la-croissance-des-pme-le-cout-du-travail-et-les-problematiques-rh\/\" \/>\n<meta property=\"og:site_name\" content=\"Peoplesphere\" \/>\n<meta property=\"article:publisher\" content=\"https:\/\/www.facebook.com\/peoplesphere\" \/>\n<meta property=\"article:published_time\" content=\"2016-12-20T12:23:45+00:00\" \/>\n<meta property=\"og:image\" content=\"http:\/\/www.peoplesphere.be\/fr\/wp-content\/uploads\/2016\/07\/facebook-default-posting-1200x628px.jpg\" \/>\n<meta name=\"author\" content=\"Jean-Paul Erhard\" \/>\n<meta name=\"twitter:card\" content=\"summary_large_image\" \/>\n<meta name=\"twitter:creator\" content=\"@PeoplesphereMag\" \/>\n<meta name=\"twitter:site\" content=\"@PeoplesphereMag\" \/>\n<meta name=\"twitter:label1\" content=\"\u00c9crit par\" \/>\n\t<meta name=\"twitter:data1\" content=\"Jean-Paul Erhard\" \/>\n\t<meta name=\"twitter:label2\" content=\"Dur\u00e9e de lecture estim\u00e9e\" \/>\n\t<meta name=\"twitter:data2\" content=\"2 minutes\" \/>\n<script type=\"application\/ld+json\" class=\"yoast-schema-graph\">{\"@context\":\"https:\/\/schema.org\",\"@graph\":[{\"@type\":\"Article\",\"@id\":\"https:\/\/peoplesphere.be\/fr\/les-freins-a-la-croissance-des-pme-le-cout-du-travail-et-les-problematiques-rh\/#article\",\"isPartOf\":{\"@id\":\"https:\/\/peoplesphere.be\/fr\/les-freins-a-la-croissance-des-pme-le-cout-du-travail-et-les-problematiques-rh\/\"},\"author\":{\"name\":\"Jean-Paul Erhard\",\"@id\":\"https:\/\/peoplesphere.be\/fr\/#\/schema\/person\/7976225ff17988604334abb7b3536a7e\"},\"headline\":\"Les freins \u00e0 la croissance des PME? Le co\u00fbt du travail&#8230; et les probl\u00e9matiques RH.\",\"datePublished\":\"2016-12-20T12:23:45+00:00\",\"dateModified\":\"2016-12-20T12:23:45+00:00\",\"mainEntityOfPage\":{\"@id\":\"https:\/\/peoplesphere.be\/fr\/les-freins-a-la-croissance-des-pme-le-cout-du-travail-et-les-problematiques-rh\/\"},\"wordCount\":427,\"publisher\":{\"@id\":\"https:\/\/peoplesphere.be\/fr\/#organization\"},\"keywords\":[\"absent\u00e9isme\",\"croissance\",\"emploi\",\"engagement\",\"Formation\",\"recrutement\",\"subsides\"],\"articleSection\":[\"Actualit\u00e9s\",\"Digital\"],\"inLanguage\":\"fr-FR\"},{\"@type\":\"WebPage\",\"@id\":\"https:\/\/peoplesphere.be\/fr\/les-freins-a-la-croissance-des-pme-le-cout-du-travail-et-les-problematiques-rh\/\",\"url\":\"https:\/\/peoplesphere.be\/fr\/les-freins-a-la-croissance-des-pme-le-cout-du-travail-et-les-problematiques-rh\/\",\"name\":\"Les freins \u00e0 la croissance des PME? Le co\u00fbt du travail... et les probl\u00e9matiques RH. - Peoplesphere\",\"isPartOf\":{\"@id\":\"https:\/\/peoplesphere.be\/fr\/#website\"},\"datePublished\":\"2016-12-20T12:23:45+00:00\",\"dateModified\":\"2016-12-20T12:23:45+00:00\",\"breadcrumb\":{\"@id\":\"https:\/\/peoplesphere.be\/fr\/les-freins-a-la-croissance-des-pme-le-cout-du-travail-et-les-problematiques-rh\/#breadcrumb\"},\"inLanguage\":\"fr-FR\",\"potentialAction\":[{\"@type\":\"ReadAction\",\"target\":[\"https:\/\/peoplesphere.be\/fr\/les-freins-a-la-croissance-des-pme-le-cout-du-travail-et-les-problematiques-rh\/\"]}]},{\"@type\":\"BreadcrumbList\",\"@id\":\"https:\/\/peoplesphere.be\/fr\/les-freins-a-la-croissance-des-pme-le-cout-du-travail-et-les-problematiques-rh\/#breadcrumb\",\"itemListElement\":[{\"@type\":\"ListItem\",\"position\":1,\"name\":\"Accueil\",\"item\":\"https:\/\/peoplesphere.be\/fr\/\"},{\"@type\":\"ListItem\",\"position\":2,\"name\":\"Les freins \u00e0 la croissance des PME? Le co\u00fbt du travail&#8230; et les probl\u00e9matiques RH.\"}]},{\"@type\":\"WebSite\",\"@id\":\"https:\/\/peoplesphere.be\/fr\/#website\",\"url\":\"https:\/\/peoplesphere.be\/fr\/\",\"name\":\"Peoplesphere\",\"description\":\"The People Managers Magazine\",\"publisher\":{\"@id\":\"https:\/\/peoplesphere.be\/fr\/#organization\"},\"potentialAction\":[{\"@type\":\"SearchAction\",\"target\":{\"@type\":\"EntryPoint\",\"urlTemplate\":\"https:\/\/peoplesphere.be\/fr\/?s={search_term_string}\"},\"query-input\":\"required name=search_term_string\"}],\"inLanguage\":\"fr-FR\"},{\"@type\":\"Organization\",\"@id\":\"https:\/\/peoplesphere.be\/fr\/#organization\",\"name\":\"Peoplesphere Company srl\",\"url\":\"https:\/\/peoplesphere.be\/fr\/\",\"logo\":{\"@type\":\"ImageObject\",\"inLanguage\":\"fr-FR\",\"@id\":\"https:\/\/peoplesphere.be\/fr\/#\/schema\/logo\/image\/\",\"url\":\"https:\/\/peoplesphere.be\/fr\/wp-content\/uploads\/2023\/07\/peoplesphere-lgo-new-generik.jpg\",\"contentUrl\":\"https:\/\/peoplesphere.be\/fr\/wp-content\/uploads\/2023\/07\/peoplesphere-lgo-new-generik.jpg\",\"width\":1031,\"height\":1479,\"caption\":\"Peoplesphere Company srl\"},\"image\":{\"@id\":\"https:\/\/peoplesphere.be\/fr\/#\/schema\/logo\/image\/\"},\"sameAs\":[\"https:\/\/www.facebook.com\/peoplesphere\",\"https:\/\/twitter.com\/PeoplesphereMag\",\"https:\/\/www.linkedin.com\/company\/7587361?trk\",\"http:\/\/youtube.com\/peoplesphere\"]},{\"@type\":\"Person\",\"@id\":\"https:\/\/peoplesphere.be\/fr\/#\/schema\/person\/7976225ff17988604334abb7b3536a7e\",\"name\":\"Jean-Paul Erhard\",\"image\":{\"@type\":\"ImageObject\",\"inLanguage\":\"fr-FR\",\"@id\":\"https:\/\/peoplesphere.be\/fr\/#\/schema\/person\/image\/\",\"url\":\"https:\/\/secure.gravatar.com\/avatar\/f941e681460179738071629a51574930?s=96&d=mm&r=g\",\"contentUrl\":\"https:\/\/secure.gravatar.com\/avatar\/f941e681460179738071629a51574930?s=96&d=mm&r=g\",\"caption\":\"Jean-Paul Erhard\"},\"url\":\"https:\/\/peoplesphere.be\/fr\/author\/jpe\/\"}]}<\/script>\n<!-- \/ Yoast SEO plugin. -->","yoast_head_json":{"title":"Les freins \u00e0 la croissance des PME? Le co\u00fbt du travail... et les probl\u00e9matiques RH. - Peoplesphere","robots":{"index":"index","follow":"follow","max-snippet":"max-snippet:-1","max-image-preview":"max-image-preview:large","max-video-preview":"max-video-preview:-1"},"canonical":"https:\/\/peoplesphere.be\/fr\/les-freins-a-la-croissance-des-pme-le-cout-du-travail-et-les-problematiques-rh\/","og_locale":"fr_FR","og_type":"article","og_title":"Les freins \u00e0 la croissance des PME? Le co\u00fbt du travail... et les probl\u00e9matiques RH. - Peoplesphere","og_description":"Les PME en Belgique francophone sont trop petites : neuf salari\u00e9s en moyenne contre onze en Flandre. Si chacune d&rsquo;entre elles engageait deux personnes, le probl\u00e8me du ch\u00f4mage serait r\u00e9solu. Mais pourquoi les PME wallonnes et bruxelloises ne grandissent-elles pas [&hellip;]","og_url":"https:\/\/peoplesphere.be\/fr\/les-freins-a-la-croissance-des-pme-le-cout-du-travail-et-les-problematiques-rh\/","og_site_name":"Peoplesphere","article_publisher":"https:\/\/www.facebook.com\/peoplesphere","article_published_time":"2016-12-20T12:23:45+00:00","og_image":[{"url":"http:\/\/www.peoplesphere.be\/fr\/wp-content\/uploads\/2016\/07\/facebook-default-posting-1200x628px.jpg"}],"author":"Jean-Paul Erhard","twitter_card":"summary_large_image","twitter_creator":"@PeoplesphereMag","twitter_site":"@PeoplesphereMag","twitter_misc":{"\u00c9crit par":"Jean-Paul Erhard","Dur\u00e9e de lecture estim\u00e9e":"2 minutes"},"schema":{"@context":"https:\/\/schema.org","@graph":[{"@type":"Article","@id":"https:\/\/peoplesphere.be\/fr\/les-freins-a-la-croissance-des-pme-le-cout-du-travail-et-les-problematiques-rh\/#article","isPartOf":{"@id":"https:\/\/peoplesphere.be\/fr\/les-freins-a-la-croissance-des-pme-le-cout-du-travail-et-les-problematiques-rh\/"},"author":{"name":"Jean-Paul Erhard","@id":"https:\/\/peoplesphere.be\/fr\/#\/schema\/person\/7976225ff17988604334abb7b3536a7e"},"headline":"Les freins \u00e0 la croissance des PME? Le co\u00fbt du travail&#8230; et les probl\u00e9matiques RH.","datePublished":"2016-12-20T12:23:45+00:00","dateModified":"2016-12-20T12:23:45+00:00","mainEntityOfPage":{"@id":"https:\/\/peoplesphere.be\/fr\/les-freins-a-la-croissance-des-pme-le-cout-du-travail-et-les-problematiques-rh\/"},"wordCount":427,"publisher":{"@id":"https:\/\/peoplesphere.be\/fr\/#organization"},"keywords":["absent\u00e9isme","croissance","emploi","engagement","Formation","recrutement","subsides"],"articleSection":["Actualit\u00e9s","Digital"],"inLanguage":"fr-FR"},{"@type":"WebPage","@id":"https:\/\/peoplesphere.be\/fr\/les-freins-a-la-croissance-des-pme-le-cout-du-travail-et-les-problematiques-rh\/","url":"https:\/\/peoplesphere.be\/fr\/les-freins-a-la-croissance-des-pme-le-cout-du-travail-et-les-problematiques-rh\/","name":"Les freins \u00e0 la croissance des PME? Le co\u00fbt du travail... et les probl\u00e9matiques RH. - Peoplesphere","isPartOf":{"@id":"https:\/\/peoplesphere.be\/fr\/#website"},"datePublished":"2016-12-20T12:23:45+00:00","dateModified":"2016-12-20T12:23:45+00:00","breadcrumb":{"@id":"https:\/\/peoplesphere.be\/fr\/les-freins-a-la-croissance-des-pme-le-cout-du-travail-et-les-problematiques-rh\/#breadcrumb"},"inLanguage":"fr-FR","potentialAction":[{"@type":"ReadAction","target":["https:\/\/peoplesphere.be\/fr\/les-freins-a-la-croissance-des-pme-le-cout-du-travail-et-les-problematiques-rh\/"]}]},{"@type":"BreadcrumbList","@id":"https:\/\/peoplesphere.be\/fr\/les-freins-a-la-croissance-des-pme-le-cout-du-travail-et-les-problematiques-rh\/#breadcrumb","itemListElement":[{"@type":"ListItem","position":1,"name":"Accueil","item":"https:\/\/peoplesphere.be\/fr\/"},{"@type":"ListItem","position":2,"name":"Les freins \u00e0 la croissance des PME? Le co\u00fbt du travail&#8230; et les probl\u00e9matiques RH."}]},{"@type":"WebSite","@id":"https:\/\/peoplesphere.be\/fr\/#website","url":"https:\/\/peoplesphere.be\/fr\/","name":"Peoplesphere","description":"The People Managers Magazine","publisher":{"@id":"https:\/\/peoplesphere.be\/fr\/#organization"},"potentialAction":[{"@type":"SearchAction","target":{"@type":"EntryPoint","urlTemplate":"https:\/\/peoplesphere.be\/fr\/?s={search_term_string}"},"query-input":"required name=search_term_string"}],"inLanguage":"fr-FR"},{"@type":"Organization","@id":"https:\/\/peoplesphere.be\/fr\/#organization","name":"Peoplesphere Company srl","url":"https:\/\/peoplesphere.be\/fr\/","logo":{"@type":"ImageObject","inLanguage":"fr-FR","@id":"https:\/\/peoplesphere.be\/fr\/#\/schema\/logo\/image\/","url":"https:\/\/peoplesphere.be\/fr\/wp-content\/uploads\/2023\/07\/peoplesphere-lgo-new-generik.jpg","contentUrl":"https:\/\/peoplesphere.be\/fr\/wp-content\/uploads\/2023\/07\/peoplesphere-lgo-new-generik.jpg","width":1031,"height":1479,"caption":"Peoplesphere Company srl"},"image":{"@id":"https:\/\/peoplesphere.be\/fr\/#\/schema\/logo\/image\/"},"sameAs":["https:\/\/www.facebook.com\/peoplesphere","https:\/\/twitter.com\/PeoplesphereMag","https:\/\/www.linkedin.com\/company\/7587361?trk","http:\/\/youtube.com\/peoplesphere"]},{"@type":"Person","@id":"https:\/\/peoplesphere.be\/fr\/#\/schema\/person\/7976225ff17988604334abb7b3536a7e","name":"Jean-Paul Erhard","image":{"@type":"ImageObject","inLanguage":"fr-FR","@id":"https:\/\/peoplesphere.be\/fr\/#\/schema\/person\/image\/","url":"https:\/\/secure.gravatar.com\/avatar\/f941e681460179738071629a51574930?s=96&d=mm&r=g","contentUrl":"https:\/\/secure.gravatar.com\/avatar\/f941e681460179738071629a51574930?s=96&d=mm&r=g","caption":"Jean-Paul Erhard"},"url":"https:\/\/peoplesphere.be\/fr\/author\/jpe\/"}]}},"_links":{"self":[{"href":"https:\/\/peoplesphere.be\/fr\/wp-json\/wp\/v2\/posts\/3794"}],"collection":[{"href":"https:\/\/peoplesphere.be\/fr\/wp-json\/wp\/v2\/posts"}],"about":[{"href":"https:\/\/peoplesphere.be\/fr\/wp-json\/wp\/v2\/types\/post"}],"author":[{"embeddable":true,"href":"https:\/\/peoplesphere.be\/fr\/wp-json\/wp\/v2\/users\/2"}],"replies":[{"embeddable":true,"href":"https:\/\/peoplesphere.be\/fr\/wp-json\/wp\/v2\/comments?post=3794"}],"version-history":[{"count":1,"href":"https:\/\/peoplesphere.be\/fr\/wp-json\/wp\/v2\/posts\/3794\/revisions"}],"predecessor-version":[{"id":3795,"href":"https:\/\/peoplesphere.be\/fr\/wp-json\/wp\/v2\/posts\/3794\/revisions\/3795"}],"wp:attachment":[{"href":"https:\/\/peoplesphere.be\/fr\/wp-json\/wp\/v2\/media?parent=3794"}],"wp:term":[{"taxonomy":"category","embeddable":true,"href":"https:\/\/peoplesphere.be\/fr\/wp-json\/wp\/v2\/categories?post=3794"},{"taxonomy":"post_tag","embeddable":true,"href":"https:\/\/peoplesphere.be\/fr\/wp-json\/wp\/v2\/tags?post=3794"}],"curies":[{"name":"wp","href":"https:\/\/api.w.org\/{rel}","templated":true}]}}